{"id":72222,"date":"2023-10-25T10:18:14","date_gmt":"2023-10-25T10:18:14","guid":{"rendered":"https:\/\/www.ull.es\/portal\/noticias\/?p=72222"},"modified":"2023-10-25T10:18:29","modified_gmt":"2023-10-25T10:18:29","slug":"taco-muestra-arucas-modelo-comunitario","status":"publish","type":"post","link":"https:\/\/www.ull.es\/portal\/noticias\/2023\/taco-muestra-arucas-modelo-comunitario\/","title":{"rendered":"Taco muestra a vecinos de Arucas su modelo comunitario basado en la confluencia de organizaciones diversas"},"content":{"rendered":"<p>M\u00e1s de medio centenar de personas del municipio de Arucas (Gran Canaria) ha participado en la visita de estudios realizada recientemente a distintos barrios de Taco, promovida por su concejal\u00eda de Participaci\u00f3n Ciudadana con el concurso de la alcald\u00eda, y organizada por la Universidad de La Laguna y el Ayuntamiento de San Crist\u00f3bal de La Laguna en el marco del proyecto Comunidad. Su objetivo ha sido analizar el modelo de trabajo comunitario desarrollado en los barrios meridionales del municipio lagunero tras la aplicaci\u00f3n del Plan Urban y el desarrollo del proyecto de Intervenci\u00f3n Comunitaria Intercultural ICI-Taco, ahora transformado en Comunidad.<\/p>\n<p>A trav\u00e9s de un itinerario planificado que parti\u00f3 de El Polvor\u00edn, la delegaci\u00f3n aruquense conoci\u00f3 distintos aspectos de la realidad del distrito 3 del municipio lagunero y la respuesta que se ha venido ofreciendo en clave comunitaria, implicando a m\u00faltiples organizaciones y entidades locales junto a su ayuntamiento y la instituci\u00f3n acad\u00e9mica.<\/p>\n<p>Los centros ciudadanos de San Luis Gonzaga y San Mat\u00edas, junto al IES San Mat\u00edas, concentraron la atenci\u00f3n de quienes participaron. All\u00ed se pudieron compartir distintas experiencias y proyectos como \u2018BarriODS\u2019, que actualmente se est\u00e1 desarrollando en el barrio de Ba\u00f1aderos en Arucas. Tambi\u00e9n se pudo conocer la dilatada trayectoria de Barrios por el Empleo en el sector meridional de San Crist\u00f3bal de La Laguna, iniciativa financiada por el Cabildo de Tenerife.<\/p>\n<p><a href=\"https:\/\/www.ull.es\/portal\/noticias\/wp-content\/uploads\/sites\/13\/2023\/10\/visita-arucas-taco-02.jpg\" target=\"_blank\" rel=\"noopener\" target=\"_blank\" rel=\"noopener\"><img decoding=\"async\" loading=\"lazy\" class=\"alignleft wp-image-72224 size-medium\" src=\"https:\/\/www.ull.es\/portal\/noticias\/wp-content\/uploads\/sites\/13\/2023\/10\/visita-arucas-taco-02-300x180.jpg\" alt=\"\" width=\"300\" height=\"180\" srcset=\"https:\/\/www.ull.es\/portal\/noticias\/wp-content\/uploads\/sites\/13\/2023\/10\/visita-arucas-taco-02-300x180.jpg 300w, https:\/\/www.ull.es\/portal\/noticias\/wp-content\/uploads\/sites\/13\/2023\/10\/visita-arucas-taco-02-1024x614.jpg 1024w, https:\/\/www.ull.es\/portal\/noticias\/wp-content\/uploads\/sites\/13\/2023\/10\/visita-arucas-taco-02-768x460.jpg 768w, https:\/\/www.ull.es\/portal\/noticias\/wp-content\/uploads\/sites\/13\/2023\/10\/visita-arucas-taco-02-375x225.jpg 375w, https:\/\/www.ull.es\/portal\/noticias\/wp-content\/uploads\/sites\/13\/2023\/10\/visita-arucas-taco-02-750x449.jpg 750w, https:\/\/www.ull.es\/portal\/noticias\/wp-content\/uploads\/sites\/13\/2023\/10\/visita-arucas-taco-02-1140x683.jpg 1140w, https:\/\/www.ull.es\/portal\/noticias\/wp-content\/uploads\/sites\/13\/2023\/10\/visita-arucas-taco-02.jpg 1200w\" sizes=\"(max-width: 300px) 100vw, 300px\" \/><\/a>Una de las visitas que despert\u00f3 mayor inter\u00e9s fue la realizada al IES San Mat\u00edas, donde su alumnado y profesorado explicaron el proyecto Museo Educa Yacimiento Barranco del Muerto, recorriendo su centro de interpretaci\u00f3n. Es una iniciativa que ha sido posible gracias a la colaboraci\u00f3n con el Cabildo de Tenerife y el Ayuntamiento de San Crist\u00f3bal de La Laguna. En el mismo emplazamiento tambi\u00e9n se pudo conocer la experiencia de ciencia ciudadana que se est\u00e1 desarrollando en el marco del proyecto de investigaci\u00f3n cient\u00edfica \u2018ParticipaBarrio\u2019, liderado por la Universidad de Valencia y con la participaci\u00f3n de otros centros acad\u00e9micos, entre ellas La Laguna.<\/p>\n<p>En San Luis Gonzaga la atenci\u00f3n principal se centr\u00f3 en los proyectos Comunidad y \u2018BarriODS\u2019, puesto que comparten muchos elementos comunes y se han retroalimentado desde el inicio del segundo, que se aplica en el conjunto del archipi\u00e9lago a partir de la financiaci\u00f3n del Gobierno de Canarias. Asimismo, se explic\u00f3 el funcionamiento de un centro ciudadano y sus potencialidades en cuanto a la promoci\u00f3n del enfoque comunitario del desarrollo local.<\/p>\n<p>En San Mat\u00edas, la vecindad pudo exponer las caracter\u00edsticas principales del barrio y su g\u00e9nesis fruto de intensos procesos de inmigraci\u00f3n, que han conformado un enclave altamente diverso donde se cuidan las relaciones vecinales. All\u00ed se comparti\u00f3 la experiencia de su coordinadora de colectivos, entidades, recursos y proyectos que se desarrollan en la localidad.<\/p>\n<p>Las personas participantes valoraron de forma muy positiva la visita, destacando la implicaci\u00f3n de la ciudadan\u00eda de Taco y la uni\u00f3n de los colectivos, el ayuntamiento y la universidad para \u201centender la comunidad. Tambi\u00e9n fue apreciado \u201cel compromiso, implicaci\u00f3n y dedicaci\u00f3n del personal t\u00e9cnico y profesional de distintos sectores, que han logrado sumarse a la consecuci\u00f3n de un objetivo com\u00fan\u201d.<\/p>\n","protected":false},"excerpt":{"rendered":"<p>M\u00e1s de medio centenar de personas del municipio de Arucas (Gran Canaria) ha participado en la visita de estudios realizada&#8230;<\/p>\n","protected":false},"author":21,"featured_media":72223,"comment_status":"closed","ping_status":"closed","sticky":false,"template":"","format":"standard","meta":{"inline_featured_image":false,"footnotes":""},"categories":[345,348,2765],"tags":[621,6498,8908,5703,10404,2438],"acf":[],"yoast_head":"<!-- This site is optimized with the Yoast SEO plugin v21.3 - https:\/\/yoast.com\/wordpress\/plugins\/seo\/ -->\n<title>Taco muestra a vecinos de Arucas su modelo comunitario<\/title>\n<meta name=\"description\" content=\"La delegaci\u00f3n aruquense conoci\u00f3 diferentes iniciativas de desarrollo comunitario activas en Taco con apoyo de la ULL y otras instituciones.\" \/>\n<meta name=\"robots\" content=\"index, follow, max-snippet:-1, max-image-preview:large, max-video-preview:-1\" \/>\n<link rel=\"canonical\" href=\"https:\/\/www.ull.es\/portal\/noticias\/2023\/taco-muestra-arucas-modelo-comunitario\/\" \/>\n<meta property=\"og:locale\" content=\"es_ES\" \/>\n<meta property=\"og:type\" content=\"article\" \/>\n<meta property=\"og:title\" content=\"Taco muestra a vecinos de Arucas su modelo comunitario\" \/>\n<meta property=\"og:description\" content=\"La delegaci\u00f3n aruquense conoci\u00f3 diferentes iniciativas de desarrollo comunitario activas en Taco con apoyo de la ULL y otras instituciones.\" \/>\n<meta property=\"og:url\" content=\"https:\/\/www.ull.es\/portal\/noticias\/2023\/taco-muestra-arucas-modelo-comunitario\/\" \/>\n<meta property=\"og:site_name\" content=\"ULL - Noticias\" \/>\n<meta property=\"article:publisher\" content=\"https:\/\/www.facebook.com\/universidaddelalaguna\/\" \/>\n<meta property=\"article:published_time\" content=\"2023-10-25T10:18:14+00:00\" \/>\n<meta property=\"article:modified_time\" content=\"2023-10-25T10:18:29+00:00\" \/>\n<meta property=\"og:image\" content=\"https:\/\/www.ull.es\/portal\/noticias\/wp-content\/uploads\/sites\/13\/2023\/10\/visita-arucas-taco-01.jpg\" \/>\n\t<meta property=\"og:image:width\" content=\"1200\" \/>\n\t<meta property=\"og:image:height\" content=\"800\" \/>\n\t<meta property=\"og:image:type\" content=\"image\/jpeg\" \/>\n<meta name=\"author\" content=\"prensa2\" \/>\n<meta name=\"twitter:card\" content=\"summary_large_image\" \/>\n<meta name=\"twitter:creator\" content=\"@CanalULL\" \/>\n<meta name=\"twitter:site\" content=\"@CanalULL\" \/>\n<meta name=\"twitter:label1\" content=\"Escrito por\" \/>\n\t<meta name=\"twitter:data1\" content=\"prensa2\" \/>\n\t<meta name=\"twitter:label2\" content=\"Tiempo de lectura\" \/>\n\t<meta name=\"twitter:data2\" content=\"3 minutos\" \/>\n<script type=\"application\/ld+json\" class=\"yoast-schema-graph\">{\"@context\":\"https:\/\/schema.org\",\"@graph\":[{\"@type\":\"WebPage\",\"@id\":\"https:\/\/www.ull.es\/portal\/noticias\/2023\/taco-muestra-arucas-modelo-comunitario\/\",\"url\":\"https:\/\/www.ull.es\/portal\/noticias\/2023\/taco-muestra-arucas-modelo-comunitario\/\",\"name\":\"Taco muestra a vecinos de Arucas su modelo comunitario\",\"isPartOf\":{\"@id\":\"https:\/\/www.ull.es\/portal\/noticias\/#website\"},\"datePublished\":\"2023-10-25T10:18:14+00:00\",\"dateModified\":\"2023-10-25T10:18:29+00:00\",\"author\":{\"@id\":\"https:\/\/www.ull.es\/portal\/noticias\/#\/schema\/person\/c3b2aa857797592927a03740d6664376\"},\"description\":\"La delegaci\u00f3n aruquense conoci\u00f3 diferentes iniciativas de desarrollo comunitario activas en Taco con apoyo de la ULL y otras instituciones.\",\"breadcrumb\":{\"@id\":\"https:\/\/www.ull.es\/portal\/noticias\/2023\/taco-muestra-arucas-modelo-comunitario\/#breadcrumb\"},\"inLanguage\":\"es\",\"potentialAction\":[{\"@type\":\"ReadAction\",\"target\":[\"https:\/\/www.ull.es\/portal\/noticias\/2023\/taco-muestra-arucas-modelo-comunitario\/\"]}]},{\"@type\":\"BreadcrumbList\",\"@id\":\"https:\/\/www.ull.es\/portal\/noticias\/2023\/taco-muestra-arucas-modelo-comunitario\/#breadcrumb\",\"itemListElement\":[{\"@type\":\"ListItem\",\"position\":1,\"name\":\"Portada\",\"item\":\"https:\/\/www.ull.es\/portal\/noticias\/\"},{\"@type\":\"ListItem\",\"position\":2,\"name\":\"Taco muestra a vecinos de Arucas su modelo comunitario basado en la confluencia de organizaciones diversas\"}]},{\"@type\":\"WebSite\",\"@id\":\"https:\/\/www.ull.es\/portal\/noticias\/#website\",\"url\":\"https:\/\/www.ull.es\/portal\/noticias\/\",\"name\":\"ULL - Noticias\",\"description\":\"\",\"potentialAction\":[{\"@type\":\"SearchAction\",\"target\":{\"@type\":\"EntryPoint\",\"urlTemplate\":\"https:\/\/www.ull.es\/portal\/noticias\/?s={search_term_string}\"},\"query-input\":\"required name=search_term_string\"}],\"inLanguage\":\"es\"},{\"@type\":\"Person\",\"@id\":\"https:\/\/www.ull.es\/portal\/noticias\/#\/schema\/person\/c3b2aa857797592927a03740d6664376\",\"name\":\"prensa2\",\"image\":{\"@type\":\"ImageObject\",\"inLanguage\":\"es\",\"@id\":\"https:\/\/www.ull.es\/portal\/noticias\/#\/schema\/person\/image\/\",\"url\":\"https:\/\/secure.gravatar.com\/avatar\/b58f310a5de5feb33d1e026d2493f23c?s=96&d=mm&r=g\",\"contentUrl\":\"https:\/\/secure.gravatar.com\/avatar\/b58f310a5de5feb33d1e026d2493f23c?s=96&d=mm&r=g\",\"caption\":\"prensa2\"},\"url\":\"https:\/\/www.ull.es\/portal\/noticias\/author\/prensa2\/\"}]}<\/script>\n<!-- \/ Yoast SEO plugin. -->","yoast_head_json":{"title":"Taco muestra a vecinos de Arucas su modelo comunitario","description":"La delegaci\u00f3n aruquense conoci\u00f3 diferentes iniciativas de desarrollo comunitario activas en Taco con apoyo de la ULL y otras instituciones.","robots":{"index":"index","follow":"follow","max-snippet":"max-snippet:-1","max-image-preview":"max-image-preview:large","max-video-preview":"max-video-preview:-1"},"canonical":"https:\/\/www.ull.es\/portal\/noticias\/2023\/taco-muestra-arucas-modelo-comunitario\/","og_locale":"es_ES","og_type":"article","og_title":"Taco muestra a vecinos de Arucas su modelo comunitario","og_description":"La delegaci\u00f3n aruquense conoci\u00f3 diferentes iniciativas de desarrollo comunitario activas en Taco con apoyo de la ULL y otras instituciones.","og_url":"https:\/\/www.ull.es\/portal\/noticias\/2023\/taco-muestra-arucas-modelo-comunitario\/","og_site_name":"ULL - Noticias","article_publisher":"https:\/\/www.facebook.com\/universidaddelalaguna\/","article_published_time":"2023-10-25T10:18:14+00:00","article_modified_time":"2023-10-25T10:18:29+00:00","og_image":[{"width":1200,"height":800,"url":"https:\/\/www.ull.es\/portal\/noticias\/wp-content\/uploads\/sites\/13\/2023\/10\/visita-arucas-taco-01.jpg","type":"image\/jpeg"}],"author":"prensa2","twitter_card":"summary_large_image","twitter_creator":"@CanalULL","twitter_site":"@CanalULL","twitter_misc":{"Escrito por":"prensa2","Tiempo de lectura":"3 minutos"},"schema":{"@context":"https:\/\/schema.org","@graph":[{"@type":"WebPage","@id":"https:\/\/www.ull.es\/portal\/noticias\/2023\/taco-muestra-arucas-modelo-comunitario\/","url":"https:\/\/www.ull.es\/portal\/noticias\/2023\/taco-muestra-arucas-modelo-comunitario\/","name":"Taco muestra a vecinos de Arucas su modelo comunitario","isPartOf":{"@id":"https:\/\/www.ull.es\/portal\/noticias\/#website"},"datePublished":"2023-10-25T10:18:14+00:00","dateModified":"2023-10-25T10:18:29+00:00","author":{"@id":"https:\/\/www.ull.es\/portal\/noticias\/#\/schema\/person\/c3b2aa857797592927a03740d6664376"},"description":"La delegaci\u00f3n aruquense conoci\u00f3 diferentes iniciativas de desarrollo comunitario activas en Taco con apoyo de la ULL y otras instituciones.","breadcrumb":{"@id":"https:\/\/www.ull.es\/portal\/noticias\/2023\/taco-muestra-arucas-modelo-comunitario\/#breadcrumb"},"inLanguage":"es","potentialAction":[{"@type":"ReadAction","target":["https:\/\/www.ull.es\/portal\/noticias\/2023\/taco-muestra-arucas-modelo-comunitario\/"]}]},{"@type":"BreadcrumbList","@id":"https:\/\/www.ull.es\/portal\/noticias\/2023\/taco-muestra-arucas-modelo-comunitario\/#breadcrumb","itemListElement":[{"@type":"ListItem","position":1,"name":"Portada","item":"https:\/\/www.ull.es\/portal\/noticias\/"},{"@type":"ListItem","position":2,"name":"Taco muestra a vecinos de Arucas su modelo comunitario basado en la confluencia de organizaciones diversas"}]},{"@type":"WebSite","@id":"https:\/\/www.ull.es\/portal\/noticias\/#website","url":"https:\/\/www.ull.es\/portal\/noticias\/","name":"ULL - Noticias","description":"","potentialAction":[{"@type":"SearchAction","target":{"@type":"EntryPoint","urlTemplate":"https:\/\/www.ull.es\/portal\/noticias\/?s={search_term_string}"},"query-input":"required name=search_term_string"}],"inLanguage":"es"},{"@type":"Person","@id":"https:\/\/www.ull.es\/portal\/noticias\/#\/schema\/person\/c3b2aa857797592927a03740d6664376","name":"prensa2","image":{"@type":"ImageObject","inLanguage":"es","@id":"https:\/\/www.ull.es\/portal\/noticias\/#\/schema\/person\/image\/","url":"https:\/\/secure.gravatar.com\/avatar\/b58f310a5de5feb33d1e026d2493f23c?s=96&d=mm&r=g","contentUrl":"https:\/\/secure.gravatar.com\/avatar\/b58f310a5de5feb33d1e026d2493f23c?s=96&d=mm&r=g","caption":"prensa2"},"url":"https:\/\/www.ull.es\/portal\/noticias\/author\/prensa2\/"}]}},"primary_category":{"id":345,"name":"Destacado","slug":"destacado","link":"https:\/\/www.ull.es\/portal\/noticias\/category\/destacado\/"},"featured_image_thumbnail_url":"https:\/\/www.ull.es\/portal\/noticias\/wp-content\/uploads\/sites\/13\/2023\/10\/visita-arucas-taco-01-300x200.jpg","_links":{"self":[{"href":"https:\/\/www.ull.es\/portal\/noticias\/wp-json\/wp\/v2\/posts\/72222"}],"collection":[{"href":"https:\/\/www.ull.es\/portal\/noticias\/wp-json\/wp\/v2\/posts"}],"about":[{"href":"https:\/\/www.ull.es\/portal\/noticias\/wp-json\/wp\/v2\/types\/post"}],"author":[{"embeddable":true,"href":"https:\/\/www.ull.es\/portal\/noticias\/wp-json\/wp\/v2\/users\/21"}],"replies":[{"embeddable":true,"href":"https:\/\/www.ull.es\/portal\/noticias\/wp-json\/wp\/v2\/comments?post=72222"}],"version-history":[{"count":1,"href":"https:\/\/www.ull.es\/portal\/noticias\/wp-json\/wp\/v2\/posts\/72222\/revisions"}],"predecessor-version":[{"id":72225,"href":"https:\/\/www.ull.es\/portal\/noticias\/wp-json\/wp\/v2\/posts\/72222\/revisions\/72225"}],"wp:featuredmedia":[{"embeddable":true,"href":"https:\/\/www.ull.es\/portal\/noticias\/wp-json\/wp\/v2\/media\/72223"}],"wp:attachment":[{"href":"https:\/\/www.ull.es\/portal\/noticias\/wp-json\/wp\/v2\/media?parent=72222"}],"wp:term":[{"taxonomy":"category","embeddable":true,"href":"https:\/\/www.ull.es\/portal\/noticias\/wp-json\/wp\/v2\/categories?post=72222"},{"taxonomy":"post_tag","embeddable":true,"href":"https:\/\/www.ull.es\/portal\/noticias\/wp-json\/wp\/v2\/tags?post=72222"}],"curies":[{"name":"wp","href":"https:\/\/api.w.org\/{rel}","templated":true}]}}