{"id":72302,"date":"2023-10-30T09:10:32","date_gmt":"2023-10-30T09:10:32","guid":{"rendered":"https:\/\/www.ull.es\/portal\/noticias\/?p=72302"},"modified":"2023-10-30T09:14:40","modified_gmt":"2023-10-30T09:14:40","slug":"el-consulado-de-mexico-y-la-universidad-de-la-laguna-mantienen-y-amplian-sus-lazos-de-hermandad-para-lograr-mejorar-en-materia-de-internacionalizacion-y-cooperacion-al-desarrollo","status":"publish","type":"post","link":"https:\/\/www.ull.es\/portal\/noticias\/2023\/el-consulado-de-mexico-y-la-universidad-de-la-laguna-mantienen-y-amplian-sus-lazos-de-hermandad-para-lograr-mejorar-en-materia-de-internacionalizacion-y-cooperacion-al-desarrollo\/","title":{"rendered":"El consulado de M\u00e9xico y la Universidad de La Laguna mantienen y ampl\u00edan sus lazos de hermandad para lograr mejorar en materia de internacionalizaci\u00f3n y cooperaci\u00f3n al desarrollo"},"content":{"rendered":"<div>\n<p>El viernes 27 de octubre, se mantuvo una reuni\u00f3n entre la Vicerrectora de Internacionalizaci\u00f3n y Cooperaci\u00f3n de la Universidad de La Laguna con Isa\u00edas G. Noguez Tonoco, c\u00f3nsul de M\u00e9xico en Espa\u00f1a y \u00c1ngela Bacas, c\u00f3nsul de M\u00e9xico en Canarias.<\/p>\n<p>Este encuentro tuvo por objeto dos cuestiones fundamentales, la primera mejorar la movilidad internacional del alumnado de La Laguna a universidades p\u00fablicas <wbr \/>mexicanas. Con tal prop\u00f3sito, durante el mes de diciembre, el c\u00f3nsul acudir\u00e1 a las aulas de la instituci\u00f3n acad\u00e9mica para transmitirle al alumnado lagunero las ventajas de estudiar o hacer sus pr\u00e1cticas en dicho pa\u00eds. Y en segundo lugar, iniciar proyectos de cooperaci\u00f3n al desarrollo con M\u00e9xico en el marco de los ODS y derechos humanos.<\/p>\n<\/div>\n<div>\n<p><a href=\"https:\/\/www.ull.es\/portal\/noticias\/wp-content\/uploads\/sites\/13\/2023\/10\/IMG-20231027-WA0005.jpg\" target=\"_blank\" rel=\"noopener\"><img decoding=\"async\" loading=\"lazy\" class=\"alignleft wp-image-72305 size-medium\" src=\"https:\/\/www.ull.es\/portal\/noticias\/wp-content\/uploads\/sites\/13\/2023\/10\/IMG-20231027-WA0005-225x300.jpg\" alt=\"\" width=\"225\" height=\"300\" srcset=\"https:\/\/www.ull.es\/portal\/noticias\/wp-content\/uploads\/sites\/13\/2023\/10\/IMG-20231027-WA0005-225x300.jpg 225w, https:\/\/www.ull.es\/portal\/noticias\/wp-content\/uploads\/sites\/13\/2023\/10\/IMG-20231027-WA0005-375x500.jpg 375w, https:\/\/www.ull.es\/portal\/noticias\/wp-content\/uploads\/sites\/13\/2023\/10\/IMG-20231027-WA0005-750x1000.jpg 750w, https:\/\/www.ull.es\/portal\/noticias\/wp-content\/uploads\/sites\/13\/2023\/10\/IMG-20231027-WA0005.jpg 768w\" sizes=\"(max-width: 225px) 100vw, 225px\" \/><\/a>Ambas entidades pusieron de manifiesto su inter\u00e9s y compromiso para aunar sus esfuerzos y lograr estos relevantes prop\u00f3sitos.<\/p>\n<p>As\u00ed mismo, se record\u00f3 la importancia de las actividades que se desarrollar\u00e1n por el consultado en la ciudad de La Laguna bajo el t\u00edtulo <a href=\"https:\/\/www.aytolalaguna.es\/actualidad\/noticias\/La-Laguna-y-Mexico-intercambian-cultura-y-tradiciones-por-el-Dia-de-muertos-noche-de-finados\/\" target=\"_blank\" rel=\"noopener\" target=\"_blank\" rel=\"noopener\">\u00abD\u00eda de muertos, noche de finados\u00bb<\/a> junto con el Ayuntamiento de San Crist\u00f3bal de La Laguna, cuyo d\u00eda central se celebrar\u00e1 el 4 de noviembre. En el que las calles de La Laguna volver\u00e1n a llenarse de colorido, m\u00fasica, simbolog\u00eda y tradici\u00f3n para acoger un desfile de catrinas, en el que podr\u00e1 participar toda la familia, y que estar\u00e1 amenizado por el Mariachi Mencey Azteca, acompa\u00f1ado por el cuerpo de baile Yacamb\u00fa.<\/p>\n<\/div>\n","protected":false},"excerpt":{"rendered":"<p>El viernes 27 de octubre, se mantuvo una reuni\u00f3n entre la Vicerrectora de Internacionalizaci\u00f3n y Cooperaci\u00f3n de la Universidad de&#8230;<\/p>\n","protected":false},"author":65,"featured_media":72303,"comment_status":"closed","ping_status":"closed","sticky":false,"template":"","format":"standard","meta":{"inline_featured_image":false,"footnotes":""},"categories":[349],"tags":[],"acf":[],"yoast_head":"<!-- This site is optimized with the Yoast SEO plugin v21.3 - https:\/\/yoast.com\/wordpress\/plugins\/seo\/ -->\n<title>El consulado de M\u00e9xico y la Universidad de La Laguna mantienen y ampl\u00edan sus lazos de hermandad para lograr mejorar en materia de internacionalizaci\u00f3n y cooperaci\u00f3n al desarrollo - ULL - Noticias<\/title>\n<meta name=\"robots\" content=\"index, follow, max-snippet:-1, max-image-preview:large, max-video-preview:-1\" \/>\n<link rel=\"canonical\" href=\"https:\/\/www.ull.es\/portal\/noticias\/2023\/el-consulado-de-mexico-y-la-universidad-de-la-laguna-mantienen-y-amplian-sus-lazos-de-hermandad-para-lograr-mejorar-en-materia-de-internacionalizacion-y-cooperacion-al-desarrollo\/\" \/>\n<meta property=\"og:locale\" content=\"es_ES\" \/>\n<meta property=\"og:type\" content=\"article\" \/>\n<meta property=\"og:title\" content=\"El consulado de M\u00e9xico y la Universidad de La Laguna mantienen y ampl\u00edan sus lazos de hermandad para lograr mejorar en materia de internacionalizaci\u00f3n y cooperaci\u00f3n al desarrollo - ULL - Noticias\" \/>\n<meta property=\"og:description\" content=\"El viernes 27 de octubre, se mantuvo una reuni\u00f3n entre la Vicerrectora de Internacionalizaci\u00f3n y Cooperaci\u00f3n de la Universidad de...\" \/>\n<meta property=\"og:url\" content=\"https:\/\/www.ull.es\/portal\/noticias\/2023\/el-consulado-de-mexico-y-la-universidad-de-la-laguna-mantienen-y-amplian-sus-lazos-de-hermandad-para-lograr-mejorar-en-materia-de-internacionalizacion-y-cooperacion-al-desarrollo\/\" \/>\n<meta property=\"og:site_name\" content=\"ULL - Noticias\" \/>\n<meta property=\"article:publisher\" content=\"https:\/\/www.facebook.com\/universidaddelalaguna\/\" \/>\n<meta property=\"article:published_time\" content=\"2023-10-30T09:10:32+00:00\" \/>\n<meta property=\"article:modified_time\" content=\"2023-10-30T09:14:40+00:00\" \/>\n<meta property=\"og:image\" content=\"https:\/\/www.ull.es\/portal\/noticias\/wp-content\/uploads\/sites\/13\/2023\/10\/IMG-20231027-WA0007-1.jpg\" \/>\n\t<meta property=\"og:image:width\" content=\"1024\" \/>\n\t<meta property=\"og:image:height\" content=\"768\" \/>\n\t<meta property=\"og:image:type\" content=\"image\/jpeg\" \/>\n<meta name=\"author\" content=\"gcom4\" \/>\n<meta name=\"twitter:card\" content=\"summary_large_image\" \/>\n<meta name=\"twitter:creator\" content=\"@CanalULL\" \/>\n<meta name=\"twitter:site\" content=\"@CanalULL\" \/>\n<meta name=\"twitter:label1\" content=\"Escrito por\" \/>\n\t<meta name=\"twitter:data1\" content=\"gcom4\" \/>\n\t<meta name=\"twitter:label2\" content=\"Tiempo de lectura\" \/>\n\t<meta name=\"twitter:data2\" content=\"2 minutos\" \/>\n<script type=\"application\/ld+json\" class=\"yoast-schema-graph\">{\"@context\":\"https:\/\/schema.org\",\"@graph\":[{\"@type\":\"WebPage\",\"@id\":\"https:\/\/www.ull.es\/portal\/noticias\/2023\/el-consulado-de-mexico-y-la-universidad-de-la-laguna-mantienen-y-amplian-sus-lazos-de-hermandad-para-lograr-mejorar-en-materia-de-internacionalizacion-y-cooperacion-al-desarrollo\/\",\"url\":\"https:\/\/www.ull.es\/portal\/noticias\/2023\/el-consulado-de-mexico-y-la-universidad-de-la-laguna-mantienen-y-amplian-sus-lazos-de-hermandad-para-lograr-mejorar-en-materia-de-internacionalizacion-y-cooperacion-al-desarrollo\/\",\"name\":\"El consulado de M\u00e9xico y la Universidad de La Laguna mantienen y ampl\u00edan sus lazos de hermandad para lograr mejorar en materia de internacionalizaci\u00f3n y cooperaci\u00f3n al desarrollo - ULL - Noticias\",\"isPartOf\":{\"@id\":\"https:\/\/www.ull.es\/portal\/noticias\/#website\"},\"datePublished\":\"2023-10-30T09:10:32+00:00\",\"dateModified\":\"2023-10-30T09:14:40+00:00\",\"author\":{\"@id\":\"https:\/\/www.ull.es\/portal\/noticias\/#\/schema\/person\/9924518fb1ad37d4428e7b5d6f311773\"},\"breadcrumb\":{\"@id\":\"https:\/\/www.ull.es\/portal\/noticias\/2023\/el-consulado-de-mexico-y-la-universidad-de-la-laguna-mantienen-y-amplian-sus-lazos-de-hermandad-para-lograr-mejorar-en-materia-de-internacionalizacion-y-cooperacion-al-desarrollo\/#breadcrumb\"},\"inLanguage\":\"es\",\"potentialAction\":[{\"@type\":\"ReadAction\",\"target\":[\"https:\/\/www.ull.es\/portal\/noticias\/2023\/el-consulado-de-mexico-y-la-universidad-de-la-laguna-mantienen-y-amplian-sus-lazos-de-hermandad-para-lograr-mejorar-en-materia-de-internacionalizacion-y-cooperacion-al-desarrollo\/\"]}]},{\"@type\":\"BreadcrumbList\",\"@id\":\"https:\/\/www.ull.es\/portal\/noticias\/2023\/el-consulado-de-mexico-y-la-universidad-de-la-laguna-mantienen-y-amplian-sus-lazos-de-hermandad-para-lograr-mejorar-en-materia-de-internacionalizacion-y-cooperacion-al-desarrollo\/#breadcrumb\",\"itemListElement\":[{\"@type\":\"ListItem\",\"position\":1,\"name\":\"Portada\",\"item\":\"https:\/\/www.ull.es\/portal\/noticias\/\"},{\"@type\":\"ListItem\",\"position\":2,\"name\":\"El consulado de M\u00e9xico y la Universidad de La Laguna mantienen y ampl\u00edan sus lazos de hermandad para lograr mejorar en materia de internacionalizaci\u00f3n y cooperaci\u00f3n al desarrollo\"}]},{\"@type\":\"WebSite\",\"@id\":\"https:\/\/www.ull.es\/portal\/noticias\/#website\",\"url\":\"https:\/\/www.ull.es\/portal\/noticias\/\",\"name\":\"ULL - Noticias\",\"description\":\"\",\"potentialAction\":[{\"@type\":\"SearchAction\",\"target\":{\"@type\":\"EntryPoint\",\"urlTemplate\":\"https:\/\/www.ull.es\/portal\/noticias\/?s={search_term_string}\"},\"query-input\":\"required name=search_term_string\"}],\"inLanguage\":\"es\"},{\"@type\":\"Person\",\"@id\":\"https:\/\/www.ull.es\/portal\/noticias\/#\/schema\/person\/9924518fb1ad37d4428e7b5d6f311773\",\"name\":\"gcom4\",\"image\":{\"@type\":\"ImageObject\",\"inLanguage\":\"es\",\"@id\":\"https:\/\/www.ull.es\/portal\/noticias\/#\/schema\/person\/image\/\",\"url\":\"https:\/\/secure.gravatar.com\/avatar\/a5d1f5573f10617ccfcc209aaf6aa7fb?s=96&d=mm&r=g\",\"contentUrl\":\"https:\/\/secure.gravatar.com\/avatar\/a5d1f5573f10617ccfcc209aaf6aa7fb?s=96&d=mm&r=g\",\"caption\":\"gcom4\"},\"url\":\"https:\/\/www.ull.es\/portal\/noticias\/author\/gcom4\/\"}]}<\/script>\n<!-- \/ Yoast SEO plugin. -->","yoast_head_json":{"title":"El consulado de M\u00e9xico y la Universidad de La Laguna mantienen y ampl\u00edan sus lazos de hermandad para lograr mejorar en materia de internacionalizaci\u00f3n y cooperaci\u00f3n al desarrollo - ULL - Noticias","robots":{"index":"index","follow":"follow","max-snippet":"max-snippet:-1","max-image-preview":"max-image-preview:large","max-video-preview":"max-video-preview:-1"},"canonical":"https:\/\/www.ull.es\/portal\/noticias\/2023\/el-consulado-de-mexico-y-la-universidad-de-la-laguna-mantienen-y-amplian-sus-lazos-de-hermandad-para-lograr-mejorar-en-materia-de-internacionalizacion-y-cooperacion-al-desarrollo\/","og_locale":"es_ES","og_type":"article","og_title":"El consulado de M\u00e9xico y la Universidad de La Laguna mantienen y ampl\u00edan sus lazos de hermandad para lograr mejorar en materia de internacionalizaci\u00f3n y cooperaci\u00f3n al desarrollo - ULL - Noticias","og_description":"El viernes 27 de octubre, se mantuvo una reuni\u00f3n entre la Vicerrectora de Internacionalizaci\u00f3n y Cooperaci\u00f3n de la Universidad de...","og_url":"https:\/\/www.ull.es\/portal\/noticias\/2023\/el-consulado-de-mexico-y-la-universidad-de-la-laguna-mantienen-y-amplian-sus-lazos-de-hermandad-para-lograr-mejorar-en-materia-de-internacionalizacion-y-cooperacion-al-desarrollo\/","og_site_name":"ULL - Noticias","article_publisher":"https:\/\/www.facebook.com\/universidaddelalaguna\/","article_published_time":"2023-10-30T09:10:32+00:00","article_modified_time":"2023-10-30T09:14:40+00:00","og_image":[{"width":1024,"height":768,"url":"https:\/\/www.ull.es\/portal\/noticias\/wp-content\/uploads\/sites\/13\/2023\/10\/IMG-20231027-WA0007-1.jpg","type":"image\/jpeg"}],"author":"gcom4","twitter_card":"summary_large_image","twitter_creator":"@CanalULL","twitter_site":"@CanalULL","twitter_misc":{"Escrito por":"gcom4","Tiempo de lectura":"2 minutos"},"schema":{"@context":"https:\/\/schema.org","@graph":[{"@type":"WebPage","@id":"https:\/\/www.ull.es\/portal\/noticias\/2023\/el-consulado-de-mexico-y-la-universidad-de-la-laguna-mantienen-y-amplian-sus-lazos-de-hermandad-para-lograr-mejorar-en-materia-de-internacionalizacion-y-cooperacion-al-desarrollo\/","url":"https:\/\/www.ull.es\/portal\/noticias\/2023\/el-consulado-de-mexico-y-la-universidad-de-la-laguna-mantienen-y-amplian-sus-lazos-de-hermandad-para-lograr-mejorar-en-materia-de-internacionalizacion-y-cooperacion-al-desarrollo\/","name":"El consulado de M\u00e9xico y la Universidad de La Laguna mantienen y ampl\u00edan sus lazos de hermandad para lograr mejorar en materia de internacionalizaci\u00f3n y cooperaci\u00f3n al desarrollo - ULL - Noticias","isPartOf":{"@id":"https:\/\/www.ull.es\/portal\/noticias\/#website"},"datePublished":"2023-10-30T09:10:32+00:00","dateModified":"2023-10-30T09:14:40+00:00","author":{"@id":"https:\/\/www.ull.es\/portal\/noticias\/#\/schema\/person\/9924518fb1ad37d4428e7b5d6f311773"},"breadcrumb":{"@id":"https:\/\/www.ull.es\/portal\/noticias\/2023\/el-consulado-de-mexico-y-la-universidad-de-la-laguna-mantienen-y-amplian-sus-lazos-de-hermandad-para-lograr-mejorar-en-materia-de-internacionalizacion-y-cooperacion-al-desarrollo\/#breadcrumb"},"inLanguage":"es","potentialAction":[{"@type":"ReadAction","target":["https:\/\/www.ull.es\/portal\/noticias\/2023\/el-consulado-de-mexico-y-la-universidad-de-la-laguna-mantienen-y-amplian-sus-lazos-de-hermandad-para-lograr-mejorar-en-materia-de-internacionalizacion-y-cooperacion-al-desarrollo\/"]}]},{"@type":"BreadcrumbList","@id":"https:\/\/www.ull.es\/portal\/noticias\/2023\/el-consulado-de-mexico-y-la-universidad-de-la-laguna-mantienen-y-amplian-sus-lazos-de-hermandad-para-lograr-mejorar-en-materia-de-internacionalizacion-y-cooperacion-al-desarrollo\/#breadcrumb","itemListElement":[{"@type":"ListItem","position":1,"name":"Portada","item":"https:\/\/www.ull.es\/portal\/noticias\/"},{"@type":"ListItem","position":2,"name":"El consulado de M\u00e9xico y la Universidad de La Laguna mantienen y ampl\u00edan sus lazos de hermandad para lograr mejorar en materia de internacionalizaci\u00f3n y cooperaci\u00f3n al desarrollo"}]},{"@type":"WebSite","@id":"https:\/\/www.ull.es\/portal\/noticias\/#website","url":"https:\/\/www.ull.es\/portal\/noticias\/","name":"ULL - Noticias","description":"","potentialAction":[{"@type":"SearchAction","target":{"@type":"EntryPoint","urlTemplate":"https:\/\/www.ull.es\/portal\/noticias\/?s={search_term_string}"},"query-input":"required name=search_term_string"}],"inLanguage":"es"},{"@type":"Person","@id":"https:\/\/www.ull.es\/portal\/noticias\/#\/schema\/person\/9924518fb1ad37d4428e7b5d6f311773","name":"gcom4","image":{"@type":"ImageObject","inLanguage":"es","@id":"https:\/\/www.ull.es\/portal\/noticias\/#\/schema\/person\/image\/","url":"https:\/\/secure.gravatar.com\/avatar\/a5d1f5573f10617ccfcc209aaf6aa7fb?s=96&d=mm&r=g","contentUrl":"https:\/\/secure.gravatar.com\/avatar\/a5d1f5573f10617ccfcc209aaf6aa7fb?s=96&d=mm&r=g","caption":"gcom4"},"url":"https:\/\/www.ull.es\/portal\/noticias\/author\/gcom4\/"}]}},"primary_category":{"id":349,"name":"Internacionalizaci\u00f3n","slug":"internacionalizacion","link":"https:\/\/www.ull.es\/portal\/noticias\/category\/internacionalizacion\/"},"featured_image_thumbnail_url":"https:\/\/www.ull.es\/portal\/noticias\/wp-content\/uploads\/sites\/13\/2023\/10\/IMG-20231027-WA0007-1-300x225.jpg","_links":{"self":[{"href":"https:\/\/www.ull.es\/portal\/noticias\/wp-json\/wp\/v2\/posts\/72302"}],"collection":[{"href":"https:\/\/www.ull.es\/portal\/noticias\/wp-json\/wp\/v2\/posts"}],"about":[{"href":"https:\/\/www.ull.es\/portal\/noticias\/wp-json\/wp\/v2\/types\/post"}],"author":[{"embeddable":true,"href":"https:\/\/www.ull.es\/portal\/noticias\/wp-json\/wp\/v2\/users\/65"}],"replies":[{"embeddable":true,"href":"https:\/\/www.ull.es\/portal\/noticias\/wp-json\/wp\/v2\/comments?post=72302"}],"version-history":[{"count":4,"href":"https:\/\/www.ull.es\/portal\/noticias\/wp-json\/wp\/v2\/posts\/72302\/revisions"}],"predecessor-version":[{"id":72308,"href":"https:\/\/www.ull.es\/portal\/noticias\/wp-json\/wp\/v2\/posts\/72302\/revisions\/72308"}],"wp:featuredmedia":[{"embeddable":true,"href":"https:\/\/www.ull.es\/portal\/noticias\/wp-json\/wp\/v2\/media\/72303"}],"wp:attachment":[{"href":"https:\/\/www.ull.es\/portal\/noticias\/wp-json\/wp\/v2\/media?parent=72302"}],"wp:term":[{"taxonomy":"category","embeddable":true,"href":"https:\/\/www.ull.es\/portal\/noticias\/wp-json\/wp\/v2\/categories?post=72302"},{"taxonomy":"post_tag","embeddable":true,"href":"https:\/\/www.ull.es\/portal\/noticias\/wp-json\/wp\/v2\/tags?post=72302"}],"curies":[{"name":"wp","href":"https:\/\/api.w.org\/{rel}","templated":true}]}}