{"id":72496,"date":"2023-11-08T13:55:21","date_gmt":"2023-11-08T13:55:21","guid":{"rendered":"https:\/\/www.ull.es\/portal\/noticias\/?p=72496"},"modified":"2023-11-08T13:55:21","modified_gmt":"2023-11-08T13:55:21","slug":"iubo-nuevo-equipo-directivo","status":"publish","type":"post","link":"https:\/\/www.ull.es\/portal\/noticias\/2023\/iubo-nuevo-equipo-directivo\/","title":{"rendered":"El Instituto de Bio-Org\u00e1nica Antonio Gonz\u00e1lez cuenta con un nuevo equipo directivo"},"content":{"rendered":"<p>El nuevo equipo de direcci\u00f3n del <a href=\"https:\/\/www.ull.es\/institutos\/instituto-universitario-bio-organica\/\" target=\"_blank\" rel=\"noopener\" target=\"_blank\" rel=\"noopener\">Instituto Universitario de Bio-Org\u00e1nica Antonio Gonz\u00e1lez<\/a> ha tomado hoy, mi\u00e9rcoles 8 de noviembre, posesi\u00f3n de sus cargos. El director del centro investigador es <a href=\"https:\/\/portalciencia.ull.es\/investigadores\/81195\/detalle\" target=\"_blank\" rel=\"noopener\" target=\"_blank\" rel=\"noopener\">Jos\u00e9 Manuel Padr\u00f3n Carrillo<\/a>, quien contar\u00e1 con el apoyo de <a href=\"https:\/\/portalciencia.ull.es\/investigadores\/81077\/detalle\" target=\"_blank\" rel=\"noopener\" target=\"_blank\" rel=\"noopener\">Carolina Mallol Duque<\/a> como subdirectora y <a href=\"https:\/\/portalciencia.ull.es\/investigadores\/82481\/detalle\" target=\"_blank\" rel=\"noopener\" target=\"_blank\" rel=\"noopener\">David D\u00edaz D\u00edaz<\/a> en las funciones de secretario.<\/p>\n<p>El director se\u00f1al\u00f3 que este nuevo equipo supone, adem\u00e1s, la entrada de un cambio generacional, el cual espera que tenga reflejo en la propia actividad desarrollada por el instituto. Unos de sus prop\u00f3sitos es reforzar una mentalidad m\u00e1s colectiva, centrada m\u00e1s en los objetivos generales de la instituci\u00f3n que en las individuales de cada investigador, por lo cual impulsar\u00e1 una mayor cooperaci\u00f3n y cohesi\u00f3n entre los diferentes grupos que conforma la entidad que preside.<\/p>\n<p>Padr\u00f3n Carrillo explic\u00f3 que las tres personas que conforman el nuevo equipo directivo del instituto poseen trayectorias investigadoras en instituciones for\u00e1neas en donde han podido conocer otros modelos de gesti\u00f3n y organizaci\u00f3n de entidades investigadoras, por lo que espera poder poner en pr\u00e1ctica alguna de las experiencias aprendidas durante esas experiencias.<\/p>\n<p>Otro reto que le gustar\u00eda afrontar el nuevo director es facilitar que el alumnado de la Universidad de La Lagua pueda acercarse al mundo de la investigaci\u00f3n desde sus primeros cursos de formaci\u00f3n, y no desde los \u00faltimos, como sucede ahora. Si bien es cierto que los planes de estudio vigentes son poco flexibles en ese sentido, tratar\u00e1 de hallar f\u00f3rmulas para facilitarlo en la medida de lo posible.<\/p>\n<p>Tambi\u00e9n va a intentar buscar f\u00f3rmulas para reducir la excesiva burocracia que en ocasiones dificulta que el personal investigador pueda desarrollar sus proyectos por tener que cumplir con el papeleo.<\/p>\n<p>El rector de la Universidad de La Laguna, Francisco Garc\u00eda, agradeci\u00f3 que tres investigadores de la talla de Padr\u00f3n, Mallol y D\u00edaz hayan aceptado un cargo de gesti\u00f3n en un instituto tan din\u00e1mico, pues no en vano es el de mayor producci\u00f3n cient\u00edfica de la instituci\u00f3n. Tambi\u00e9n manifest\u00f3 su sinton\u00eda con el prop\u00f3sito dinamizador manifestado pro el director, as\u00ed como su af\u00e1n por visibilizar m\u00e1s la actividad desarrollada en sus laboratorios, pues en \u00faltima instancia servir\u00e1 tambi\u00e9n para difundir parte de lo mucho que aporta la instituci\u00f3n acad\u00e9mica a la sociedad.<\/p>\n","protected":false},"excerpt":{"rendered":"<p>El nuevo equipo de direcci\u00f3n del Instituto Universitario de Bio-Org\u00e1nica Antonio Gonz\u00e1lez ha tomado hoy, mi\u00e9rcoles 8 de noviembre, posesi\u00f3n&#8230;<\/p>\n","protected":false},"author":21,"featured_media":72497,"comment_status":"closed","ping_status":"closed","sticky":false,"template":"","format":"standard","meta":{"inline_featured_image":false,"footnotes":""},"categories":[345,348,4127,2765],"tags":[8399,6311,1520,1558,10448,2497],"acf":[],"yoast_head":"<!-- This site is optimized with the Yoast SEO plugin v21.3 - https:\/\/yoast.com\/wordpress\/plugins\/seo\/ -->\n<title>Nueva direcci\u00f3n del Instituto de Bio-Org\u00e1nica Antonio Gonz\u00e1lez<\/title>\n<meta name=\"description\" content=\"El nuevo director es Jos\u00e9 Manuel Padr\u00f3n, acompa\u00f1ado por Carolina Mallol como subdirectora y David D\u00edaz en las funciones de secretario.\" \/>\n<meta name=\"robots\" content=\"index, follow, max-snippet:-1, max-image-preview:large, max-video-preview:-1\" \/>\n<link rel=\"canonical\" href=\"https:\/\/www.ull.es\/portal\/noticias\/2023\/iubo-nuevo-equipo-directivo\/\" \/>\n<meta property=\"og:locale\" content=\"es_ES\" \/>\n<meta property=\"og:type\" content=\"article\" \/>\n<meta property=\"og:title\" content=\"Nueva direcci\u00f3n del Instituto de Bio-Org\u00e1nica Antonio Gonz\u00e1lez\" \/>\n<meta property=\"og:description\" content=\"El nuevo director es Jos\u00e9 Manuel Padr\u00f3n, acompa\u00f1ado por Carolina Mallol como subdirectora y David D\u00edaz en las funciones de secretario.\" \/>\n<meta property=\"og:url\" content=\"https:\/\/www.ull.es\/portal\/noticias\/2023\/iubo-nuevo-equipo-directivo\/\" \/>\n<meta property=\"og:site_name\" content=\"ULL - Noticias\" \/>\n<meta property=\"article:publisher\" content=\"https:\/\/www.facebook.com\/universidaddelalaguna\/\" \/>\n<meta property=\"article:published_time\" content=\"2023-11-08T13:55:21+00:00\" \/>\n<meta property=\"og:image\" content=\"https:\/\/www.ull.es\/portal\/noticias\/wp-content\/uploads\/sites\/13\/2023\/11\/iubo.jpg\" \/>\n\t<meta property=\"og:image:width\" content=\"1200\" \/>\n\t<meta property=\"og:image:height\" content=\"800\" \/>\n\t<meta property=\"og:image:type\" content=\"image\/jpeg\" \/>\n<meta name=\"author\" content=\"prensa2\" \/>\n<meta name=\"twitter:card\" content=\"summary_large_image\" \/>\n<meta name=\"twitter:creator\" content=\"@CanalULL\" \/>\n<meta name=\"twitter:site\" content=\"@CanalULL\" \/>\n<meta name=\"twitter:label1\" content=\"Escrito por\" \/>\n\t<meta name=\"twitter:data1\" content=\"prensa2\" \/>\n\t<meta name=\"twitter:label2\" content=\"Tiempo de lectura\" \/>\n\t<meta name=\"twitter:data2\" content=\"2 minutos\" \/>\n<script type=\"application\/ld+json\" class=\"yoast-schema-graph\">{\"@context\":\"https:\/\/schema.org\",\"@graph\":[{\"@type\":\"WebPage\",\"@id\":\"https:\/\/www.ull.es\/portal\/noticias\/2023\/iubo-nuevo-equipo-directivo\/\",\"url\":\"https:\/\/www.ull.es\/portal\/noticias\/2023\/iubo-nuevo-equipo-directivo\/\",\"name\":\"Nueva direcci\u00f3n del Instituto de Bio-Org\u00e1nica Antonio Gonz\u00e1lez\",\"isPartOf\":{\"@id\":\"https:\/\/www.ull.es\/portal\/noticias\/#website\"},\"datePublished\":\"2023-11-08T13:55:21+00:00\",\"dateModified\":\"2023-11-08T13:55:21+00:00\",\"author\":{\"@id\":\"https:\/\/www.ull.es\/portal\/noticias\/#\/schema\/person\/c3b2aa857797592927a03740d6664376\"},\"description\":\"El nuevo director es Jos\u00e9 Manuel Padr\u00f3n, acompa\u00f1ado por Carolina Mallol como subdirectora y David D\u00edaz en las funciones de secretario.\",\"breadcrumb\":{\"@id\":\"https:\/\/www.ull.es\/portal\/noticias\/2023\/iubo-nuevo-equipo-directivo\/#breadcrumb\"},\"inLanguage\":\"es\",\"potentialAction\":[{\"@type\":\"ReadAction\",\"target\":[\"https:\/\/www.ull.es\/portal\/noticias\/2023\/iubo-nuevo-equipo-directivo\/\"]}]},{\"@type\":\"BreadcrumbList\",\"@id\":\"https:\/\/www.ull.es\/portal\/noticias\/2023\/iubo-nuevo-equipo-directivo\/#breadcrumb\",\"itemListElement\":[{\"@type\":\"ListItem\",\"position\":1,\"name\":\"Portada\",\"item\":\"https:\/\/www.ull.es\/portal\/noticias\/\"},{\"@type\":\"ListItem\",\"position\":2,\"name\":\"El Instituto de Bio-Org\u00e1nica Antonio Gonz\u00e1lez cuenta con un nuevo equipo directivo\"}]},{\"@type\":\"WebSite\",\"@id\":\"https:\/\/www.ull.es\/portal\/noticias\/#website\",\"url\":\"https:\/\/www.ull.es\/portal\/noticias\/\",\"name\":\"ULL - Noticias\",\"description\":\"\",\"potentialAction\":[{\"@type\":\"SearchAction\",\"target\":{\"@type\":\"EntryPoint\",\"urlTemplate\":\"https:\/\/www.ull.es\/portal\/noticias\/?s={search_term_string}\"},\"query-input\":\"required name=search_term_string\"}],\"inLanguage\":\"es\"},{\"@type\":\"Person\",\"@id\":\"https:\/\/www.ull.es\/portal\/noticias\/#\/schema\/person\/c3b2aa857797592927a03740d6664376\",\"name\":\"prensa2\",\"image\":{\"@type\":\"ImageObject\",\"inLanguage\":\"es\",\"@id\":\"https:\/\/www.ull.es\/portal\/noticias\/#\/schema\/person\/image\/\",\"url\":\"https:\/\/secure.gravatar.com\/avatar\/b58f310a5de5feb33d1e026d2493f23c?s=96&d=mm&r=g\",\"contentUrl\":\"https:\/\/secure.gravatar.com\/avatar\/b58f310a5de5feb33d1e026d2493f23c?s=96&d=mm&r=g\",\"caption\":\"prensa2\"},\"url\":\"https:\/\/www.ull.es\/portal\/noticias\/author\/prensa2\/\"}]}<\/script>\n<!-- \/ Yoast SEO plugin. -->","yoast_head_json":{"title":"Nueva direcci\u00f3n del Instituto de Bio-Org\u00e1nica Antonio Gonz\u00e1lez","description":"El nuevo director es Jos\u00e9 Manuel Padr\u00f3n, acompa\u00f1ado por Carolina Mallol como subdirectora y David D\u00edaz en las funciones de secretario.","robots":{"index":"index","follow":"follow","max-snippet":"max-snippet:-1","max-image-preview":"max-image-preview:large","max-video-preview":"max-video-preview:-1"},"canonical":"https:\/\/www.ull.es\/portal\/noticias\/2023\/iubo-nuevo-equipo-directivo\/","og_locale":"es_ES","og_type":"article","og_title":"Nueva direcci\u00f3n del Instituto de Bio-Org\u00e1nica Antonio Gonz\u00e1lez","og_description":"El nuevo director es Jos\u00e9 Manuel Padr\u00f3n, acompa\u00f1ado por Carolina Mallol como subdirectora y David D\u00edaz en las funciones de secretario.","og_url":"https:\/\/www.ull.es\/portal\/noticias\/2023\/iubo-nuevo-equipo-directivo\/","og_site_name":"ULL - Noticias","article_publisher":"https:\/\/www.facebook.com\/universidaddelalaguna\/","article_published_time":"2023-11-08T13:55:21+00:00","og_image":[{"width":1200,"height":800,"url":"https:\/\/www.ull.es\/portal\/noticias\/wp-content\/uploads\/sites\/13\/2023\/11\/iubo.jpg","type":"image\/jpeg"}],"author":"prensa2","twitter_card":"summary_large_image","twitter_creator":"@CanalULL","twitter_site":"@CanalULL","twitter_misc":{"Escrito por":"prensa2","Tiempo de lectura":"2 minutos"},"schema":{"@context":"https:\/\/schema.org","@graph":[{"@type":"WebPage","@id":"https:\/\/www.ull.es\/portal\/noticias\/2023\/iubo-nuevo-equipo-directivo\/","url":"https:\/\/www.ull.es\/portal\/noticias\/2023\/iubo-nuevo-equipo-directivo\/","name":"Nueva direcci\u00f3n del Instituto de Bio-Org\u00e1nica Antonio Gonz\u00e1lez","isPartOf":{"@id":"https:\/\/www.ull.es\/portal\/noticias\/#website"},"datePublished":"2023-11-08T13:55:21+00:00","dateModified":"2023-11-08T13:55:21+00:00","author":{"@id":"https:\/\/www.ull.es\/portal\/noticias\/#\/schema\/person\/c3b2aa857797592927a03740d6664376"},"description":"El nuevo director es Jos\u00e9 Manuel Padr\u00f3n, acompa\u00f1ado por Carolina Mallol como subdirectora y David D\u00edaz en las funciones de secretario.","breadcrumb":{"@id":"https:\/\/www.ull.es\/portal\/noticias\/2023\/iubo-nuevo-equipo-directivo\/#breadcrumb"},"inLanguage":"es","potentialAction":[{"@type":"ReadAction","target":["https:\/\/www.ull.es\/portal\/noticias\/2023\/iubo-nuevo-equipo-directivo\/"]}]},{"@type":"BreadcrumbList","@id":"https:\/\/www.ull.es\/portal\/noticias\/2023\/iubo-nuevo-equipo-directivo\/#breadcrumb","itemListElement":[{"@type":"ListItem","position":1,"name":"Portada","item":"https:\/\/www.ull.es\/portal\/noticias\/"},{"@type":"ListItem","position":2,"name":"El Instituto de Bio-Org\u00e1nica Antonio Gonz\u00e1lez cuenta con un nuevo equipo directivo"}]},{"@type":"WebSite","@id":"https:\/\/www.ull.es\/portal\/noticias\/#website","url":"https:\/\/www.ull.es\/portal\/noticias\/","name":"ULL - Noticias","description":"","potentialAction":[{"@type":"SearchAction","target":{"@type":"EntryPoint","urlTemplate":"https:\/\/www.ull.es\/portal\/noticias\/?s={search_term_string}"},"query-input":"required name=search_term_string"}],"inLanguage":"es"},{"@type":"Person","@id":"https:\/\/www.ull.es\/portal\/noticias\/#\/schema\/person\/c3b2aa857797592927a03740d6664376","name":"prensa2","image":{"@type":"ImageObject","inLanguage":"es","@id":"https:\/\/www.ull.es\/portal\/noticias\/#\/schema\/person\/image\/","url":"https:\/\/secure.gravatar.com\/avatar\/b58f310a5de5feb33d1e026d2493f23c?s=96&d=mm&r=g","contentUrl":"https:\/\/secure.gravatar.com\/avatar\/b58f310a5de5feb33d1e026d2493f23c?s=96&d=mm&r=g","caption":"prensa2"},"url":"https:\/\/www.ull.es\/portal\/noticias\/author\/prensa2\/"}]}},"primary_category":{"id":345,"name":"Destacado","slug":"destacado","link":"https:\/\/www.ull.es\/portal\/noticias\/category\/destacado\/"},"featured_image_thumbnail_url":"https:\/\/www.ull.es\/portal\/noticias\/wp-content\/uploads\/sites\/13\/2023\/11\/iubo-300x200.jpg","_links":{"self":[{"href":"https:\/\/www.ull.es\/portal\/noticias\/wp-json\/wp\/v2\/posts\/72496"}],"collection":[{"href":"https:\/\/www.ull.es\/portal\/noticias\/wp-json\/wp\/v2\/posts"}],"about":[{"href":"https:\/\/www.ull.es\/portal\/noticias\/wp-json\/wp\/v2\/types\/post"}],"author":[{"embeddable":true,"href":"https:\/\/www.ull.es\/portal\/noticias\/wp-json\/wp\/v2\/users\/21"}],"replies":[{"embeddable":true,"href":"https:\/\/www.ull.es\/portal\/noticias\/wp-json\/wp\/v2\/comments?post=72496"}],"version-history":[{"count":1,"href":"https:\/\/www.ull.es\/portal\/noticias\/wp-json\/wp\/v2\/posts\/72496\/revisions"}],"predecessor-version":[{"id":72498,"href":"https:\/\/www.ull.es\/portal\/noticias\/wp-json\/wp\/v2\/posts\/72496\/revisions\/72498"}],"wp:featuredmedia":[{"embeddable":true,"href":"https:\/\/www.ull.es\/portal\/noticias\/wp-json\/wp\/v2\/media\/72497"}],"wp:attachment":[{"href":"https:\/\/www.ull.es\/portal\/noticias\/wp-json\/wp\/v2\/media?parent=72496"}],"wp:term":[{"taxonomy":"category","embeddable":true,"href":"https:\/\/www.ull.es\/portal\/noticias\/wp-json\/wp\/v2\/categories?post=72496"},{"taxonomy":"post_tag","embeddable":true,"href":"https:\/\/www.ull.es\/portal\/noticias\/wp-json\/wp\/v2\/tags?post=72496"}],"curies":[{"name":"wp","href":"https:\/\/api.w.org\/{rel}","templated":true}]}}