{"id":72526,"date":"2023-11-09T15:01:13","date_gmt":"2023-11-09T15:01:13","guid":{"rendered":"https:\/\/www.ull.es\/portal\/noticias\/?p=72526"},"modified":"2023-11-09T15:01:13","modified_gmt":"2023-11-09T15:01:13","slug":"ull-recibe-centenar-orientadores-secundaria","status":"publish","type":"post","link":"https:\/\/www.ull.es\/portal\/noticias\/2023\/ull-recibe-centenar-orientadores-secundaria\/","title":{"rendered":"La ULL recibe a un centenar de orientadores de Secundaria de la provincia occidental"},"content":{"rendered":"<p>La Universidad de La Laguna ha acogido hoy, jueves 9 de noviembre, el ya tradicional encuentro con orientadores de Secundaria para ofrecerles la \u00faltima informaci\u00f3n acerca de la pr\u00f3xima EBAU y el acceso a los estudios superiores y que, as\u00ed, estos profesionales puedan transmit\u00edrsela correctamente al alumnado que al finalizar este curso acceder\u00e1 a la formaci\u00f3n universitaria. A la reuni\u00f3n, celebrada en la Facultad de Econom\u00eda, Empresa y Turismo, acudi\u00f3 aproximadamente un centenar de orientadores de Tenerife, El Hierro y La Gomera. Ya la semana pasa se organiz\u00f3 un encuentro similar en la Universidad de Las Palmas de Gran Canaria y est\u00e1 previsto que este programa de reuniones finalice con otras tres que se celebrar\u00e1n en Lanzarote, Fuerteventura y La Palma.<\/p>\n<p><a href=\"https:\/\/www.ull.es\/portal\/noticias\/wp-content\/uploads\/sites\/13\/2023\/11\/Encuentro-Orientadores-02.jpg\" target=\"_blank\" rel=\"noopener\" target=\"_blank\" rel=\"noopener\"><img decoding=\"async\" loading=\"lazy\" class=\"alignleft wp-image-72528 size-medium\" src=\"https:\/\/www.ull.es\/portal\/noticias\/wp-content\/uploads\/sites\/13\/2023\/11\/Encuentro-Orientadores-02-300x200.jpg\" alt=\"\" width=\"300\" height=\"200\" srcset=\"https:\/\/www.ull.es\/portal\/noticias\/wp-content\/uploads\/sites\/13\/2023\/11\/Encuentro-Orientadores-02-300x200.jpg 300w, https:\/\/www.ull.es\/portal\/noticias\/wp-content\/uploads\/sites\/13\/2023\/11\/Encuentro-Orientadores-02-768x512.jpg 768w, https:\/\/www.ull.es\/portal\/noticias\/wp-content\/uploads\/sites\/13\/2023\/11\/Encuentro-Orientadores-02-375x250.jpg 375w, https:\/\/www.ull.es\/portal\/noticias\/wp-content\/uploads\/sites\/13\/2023\/11\/Encuentro-Orientadores-02-750x500.jpg 750w, https:\/\/www.ull.es\/portal\/noticias\/wp-content\/uploads\/sites\/13\/2023\/11\/Encuentro-Orientadores-02.jpg 1024w\" sizes=\"(max-width: 300px) 100vw, 300px\" \/><\/a>La jornada fue abierta por el rector de la instituci\u00f3n, Francisco Garc\u00eda Rodr\u00edguez, y la vicerrectora de Estudiantes, Rosario Hern\u00e1ndez Borges. Seguidamente, la primera parte de la sesi\u00f3n corri\u00f3 a cargo de la representaci\u00f3n de la Universidad de La Laguna: la orientadora pedag\u00f3gica Rosal\u00eda Mendoza y la orientadora jur\u00eddica Roc\u00eda Medina, ambas adscritas al Servicio de Informaci\u00f3n y Orientaci\u00f3n, y Antonio Adelfo Delgado N\u00fa\u00f1ez, coordinador de las pruebas de acceso en el centro tinerfe\u00f1o. Tras un receso, intervino la delegaci\u00f3n de la Universidad de Las Palmas de Gran Canaria.<\/p>\n<p><a href=\"https:\/\/www.ull.es\/portal\/noticias\/wp-content\/uploads\/sites\/13\/2023\/11\/Encuentro-Orientadores-09.jpg\" target=\"_blank\" rel=\"noopener\" target=\"_blank\" rel=\"noopener\"><img decoding=\"async\" loading=\"lazy\" class=\"alignright wp-image-72529 size-medium\" src=\"https:\/\/www.ull.es\/portal\/noticias\/wp-content\/uploads\/sites\/13\/2023\/11\/Encuentro-Orientadores-09-300x200.jpg\" alt=\"\" width=\"300\" height=\"200\" srcset=\"https:\/\/www.ull.es\/portal\/noticias\/wp-content\/uploads\/sites\/13\/2023\/11\/Encuentro-Orientadores-09-300x200.jpg 300w, https:\/\/www.ull.es\/portal\/noticias\/wp-content\/uploads\/sites\/13\/2023\/11\/Encuentro-Orientadores-09-768x512.jpg 768w, https:\/\/www.ull.es\/portal\/noticias\/wp-content\/uploads\/sites\/13\/2023\/11\/Encuentro-Orientadores-09-375x250.jpg 375w, https:\/\/www.ull.es\/portal\/noticias\/wp-content\/uploads\/sites\/13\/2023\/11\/Encuentro-Orientadores-09-750x500.jpg 750w, https:\/\/www.ull.es\/portal\/noticias\/wp-content\/uploads\/sites\/13\/2023\/11\/Encuentro-Orientadores-09.jpg 1024w\" sizes=\"(max-width: 300px) 100vw, 300px\" \/><\/a>En este encuentro se comentaron las principales novedades normativas que ata\u00f1en a la pr\u00f3xima EBAU; se ofreci\u00f3 informaci\u00f3n sobre la oferta de titulaciones de grado de la Universidad de La Laguna, las notas de corte orientativas y las ponderaciones de las diferentes asignaturas; y la programaci\u00f3n de las pr\u00f3ximas actividades de orientaci\u00f3n previstas: en enero, las Jornadas de Puertas Abiertas; y entre marzo y abril, diferentes jornadas online con los centros de Bachillerato, de grados superiores de Formaci\u00f3n Profesional y con las familias de los futuros estudiantes universitarios.<\/p>\n<p>Este nutrido programa de encuentros tiene como prop\u00f3sito que los y las orientadores de los centros de Secundaria tengan toda la informaci\u00f3n sobre el acceso a la universidad lo m\u00e1s actualizada posible y as\u00ed poder atender mejor a sus respectivos usuarios. Por ello, adem\u00e1s de estas reuniones, existe desde hace varios a\u00f1os un entorno colaborativo virtual que favorece un flujo de comunicaci\u00f3n constante entre todas las partes implicadas en Canarias en el acceso a la formaci\u00f3n superior.<\/p>\n","protected":false},"excerpt":{"rendered":"<p>La Universidad de La Laguna ha acogido hoy, jueves 9 de noviembre, el ya tradicional encuentro con orientadores de Secundaria&#8230;<\/p>\n","protected":false},"author":21,"featured_media":72527,"comment_status":"closed","ping_status":"closed","sticky":false,"template":"","format":"standard","meta":{"inline_featured_image":false,"footnotes":""},"categories":[345,348,2765],"tags":[3758,504,2879,7025,2284,10453,2382,2406],"acf":[],"yoast_head":"<!-- This site is optimized with the Yoast SEO plugin v21.3 - https:\/\/yoast.com\/wordpress\/plugins\/seo\/ -->\n<title>La ULL recibe a un centenar de orientadores de Secundaria<\/title>\n<meta name=\"description\" content=\"En la reuni\u00f3n tambi\u00e9n particip\u00f3 personal de la ULPGC y en ella se atendi\u00f3 a orientadores de Tenerife, La Gomera y El Hierro.\" \/>\n<meta name=\"robots\" content=\"index, follow, max-snippet:-1, max-image-preview:large, max-video-preview:-1\" \/>\n<link rel=\"canonical\" href=\"https:\/\/www.ull.es\/portal\/noticias\/2023\/ull-recibe-centenar-orientadores-secundaria\/\" \/>\n<meta property=\"og:locale\" content=\"es_ES\" \/>\n<meta property=\"og:type\" content=\"article\" \/>\n<meta property=\"og:title\" content=\"La ULL recibe a un centenar de orientadores de Secundaria\" \/>\n<meta property=\"og:description\" content=\"En la reuni\u00f3n tambi\u00e9n particip\u00f3 personal de la ULPGC y en ella se atendi\u00f3 a orientadores de Tenerife, La Gomera y El Hierro.\" \/>\n<meta property=\"og:url\" content=\"https:\/\/www.ull.es\/portal\/noticias\/2023\/ull-recibe-centenar-orientadores-secundaria\/\" \/>\n<meta property=\"og:site_name\" content=\"ULL - Noticias\" \/>\n<meta property=\"article:publisher\" content=\"https:\/\/www.facebook.com\/universidaddelalaguna\/\" \/>\n<meta property=\"article:published_time\" content=\"2023-11-09T15:01:13+00:00\" \/>\n<meta property=\"og:image\" content=\"https:\/\/www.ull.es\/portal\/noticias\/wp-content\/uploads\/sites\/13\/2023\/11\/Encuentro-Orientadores-08.jpg\" \/>\n\t<meta property=\"og:image:width\" content=\"1024\" \/>\n\t<meta property=\"og:image:height\" content=\"683\" \/>\n\t<meta property=\"og:image:type\" content=\"image\/jpeg\" \/>\n<meta name=\"author\" content=\"prensa2\" \/>\n<meta name=\"twitter:card\" content=\"summary_large_image\" \/>\n<meta name=\"twitter:creator\" content=\"@CanalULL\" \/>\n<meta name=\"twitter:site\" content=\"@CanalULL\" \/>\n<meta name=\"twitter:label1\" content=\"Escrito por\" \/>\n\t<meta name=\"twitter:data1\" content=\"prensa2\" \/>\n\t<meta name=\"twitter:label2\" content=\"Tiempo de lectura\" \/>\n\t<meta name=\"twitter:data2\" content=\"3 minutos\" \/>\n<script type=\"application\/ld+json\" class=\"yoast-schema-graph\">{\"@context\":\"https:\/\/schema.org\",\"@graph\":[{\"@type\":\"WebPage\",\"@id\":\"https:\/\/www.ull.es\/portal\/noticias\/2023\/ull-recibe-centenar-orientadores-secundaria\/\",\"url\":\"https:\/\/www.ull.es\/portal\/noticias\/2023\/ull-recibe-centenar-orientadores-secundaria\/\",\"name\":\"La ULL recibe a un centenar de orientadores de Secundaria\",\"isPartOf\":{\"@id\":\"https:\/\/www.ull.es\/portal\/noticias\/#website\"},\"datePublished\":\"2023-11-09T15:01:13+00:00\",\"dateModified\":\"2023-11-09T15:01:13+00:00\",\"author\":{\"@id\":\"https:\/\/www.ull.es\/portal\/noticias\/#\/schema\/person\/c3b2aa857797592927a03740d6664376\"},\"description\":\"En la reuni\u00f3n tambi\u00e9n particip\u00f3 personal de la ULPGC y en ella se atendi\u00f3 a orientadores de Tenerife, La Gomera y El Hierro.\",\"breadcrumb\":{\"@id\":\"https:\/\/www.ull.es\/portal\/noticias\/2023\/ull-recibe-centenar-orientadores-secundaria\/#breadcrumb\"},\"inLanguage\":\"es\",\"potentialAction\":[{\"@type\":\"ReadAction\",\"target\":[\"https:\/\/www.ull.es\/portal\/noticias\/2023\/ull-recibe-centenar-orientadores-secundaria\/\"]}]},{\"@type\":\"BreadcrumbList\",\"@id\":\"https:\/\/www.ull.es\/portal\/noticias\/2023\/ull-recibe-centenar-orientadores-secundaria\/#breadcrumb\",\"itemListElement\":[{\"@type\":\"ListItem\",\"position\":1,\"name\":\"Portada\",\"item\":\"https:\/\/www.ull.es\/portal\/noticias\/\"},{\"@type\":\"ListItem\",\"position\":2,\"name\":\"La ULL recibe a un centenar de orientadores de Secundaria de la provincia occidental\"}]},{\"@type\":\"WebSite\",\"@id\":\"https:\/\/www.ull.es\/portal\/noticias\/#website\",\"url\":\"https:\/\/www.ull.es\/portal\/noticias\/\",\"name\":\"ULL - Noticias\",\"description\":\"\",\"potentialAction\":[{\"@type\":\"SearchAction\",\"target\":{\"@type\":\"EntryPoint\",\"urlTemplate\":\"https:\/\/www.ull.es\/portal\/noticias\/?s={search_term_string}\"},\"query-input\":\"required name=search_term_string\"}],\"inLanguage\":\"es\"},{\"@type\":\"Person\",\"@id\":\"https:\/\/www.ull.es\/portal\/noticias\/#\/schema\/person\/c3b2aa857797592927a03740d6664376\",\"name\":\"prensa2\",\"image\":{\"@type\":\"ImageObject\",\"inLanguage\":\"es\",\"@id\":\"https:\/\/www.ull.es\/portal\/noticias\/#\/schema\/person\/image\/\",\"url\":\"https:\/\/secure.gravatar.com\/avatar\/b58f310a5de5feb33d1e026d2493f23c?s=96&d=mm&r=g\",\"contentUrl\":\"https:\/\/secure.gravatar.com\/avatar\/b58f310a5de5feb33d1e026d2493f23c?s=96&d=mm&r=g\",\"caption\":\"prensa2\"},\"url\":\"https:\/\/www.ull.es\/portal\/noticias\/author\/prensa2\/\"}]}<\/script>\n<!-- \/ Yoast SEO plugin. -->","yoast_head_json":{"title":"La ULL recibe a un centenar de orientadores de Secundaria","description":"En la reuni\u00f3n tambi\u00e9n particip\u00f3 personal de la ULPGC y en ella se atendi\u00f3 a orientadores de Tenerife, La Gomera y El Hierro.","robots":{"index":"index","follow":"follow","max-snippet":"max-snippet:-1","max-image-preview":"max-image-preview:large","max-video-preview":"max-video-preview:-1"},"canonical":"https:\/\/www.ull.es\/portal\/noticias\/2023\/ull-recibe-centenar-orientadores-secundaria\/","og_locale":"es_ES","og_type":"article","og_title":"La ULL recibe a un centenar de orientadores de Secundaria","og_description":"En la reuni\u00f3n tambi\u00e9n particip\u00f3 personal de la ULPGC y en ella se atendi\u00f3 a orientadores de Tenerife, La Gomera y El Hierro.","og_url":"https:\/\/www.ull.es\/portal\/noticias\/2023\/ull-recibe-centenar-orientadores-secundaria\/","og_site_name":"ULL - Noticias","article_publisher":"https:\/\/www.facebook.com\/universidaddelalaguna\/","article_published_time":"2023-11-09T15:01:13+00:00","og_image":[{"width":1024,"height":683,"url":"https:\/\/www.ull.es\/portal\/noticias\/wp-content\/uploads\/sites\/13\/2023\/11\/Encuentro-Orientadores-08.jpg","type":"image\/jpeg"}],"author":"prensa2","twitter_card":"summary_large_image","twitter_creator":"@CanalULL","twitter_site":"@CanalULL","twitter_misc":{"Escrito por":"prensa2","Tiempo de lectura":"3 minutos"},"schema":{"@context":"https:\/\/schema.org","@graph":[{"@type":"WebPage","@id":"https:\/\/www.ull.es\/portal\/noticias\/2023\/ull-recibe-centenar-orientadores-secundaria\/","url":"https:\/\/www.ull.es\/portal\/noticias\/2023\/ull-recibe-centenar-orientadores-secundaria\/","name":"La ULL recibe a un centenar de orientadores de Secundaria","isPartOf":{"@id":"https:\/\/www.ull.es\/portal\/noticias\/#website"},"datePublished":"2023-11-09T15:01:13+00:00","dateModified":"2023-11-09T15:01:13+00:00","author":{"@id":"https:\/\/www.ull.es\/portal\/noticias\/#\/schema\/person\/c3b2aa857797592927a03740d6664376"},"description":"En la reuni\u00f3n tambi\u00e9n particip\u00f3 personal de la ULPGC y en ella se atendi\u00f3 a orientadores de Tenerife, La Gomera y El Hierro.","breadcrumb":{"@id":"https:\/\/www.ull.es\/portal\/noticias\/2023\/ull-recibe-centenar-orientadores-secundaria\/#breadcrumb"},"inLanguage":"es","potentialAction":[{"@type":"ReadAction","target":["https:\/\/www.ull.es\/portal\/noticias\/2023\/ull-recibe-centenar-orientadores-secundaria\/"]}]},{"@type":"BreadcrumbList","@id":"https:\/\/www.ull.es\/portal\/noticias\/2023\/ull-recibe-centenar-orientadores-secundaria\/#breadcrumb","itemListElement":[{"@type":"ListItem","position":1,"name":"Portada","item":"https:\/\/www.ull.es\/portal\/noticias\/"},{"@type":"ListItem","position":2,"name":"La ULL recibe a un centenar de orientadores de Secundaria de la provincia occidental"}]},{"@type":"WebSite","@id":"https:\/\/www.ull.es\/portal\/noticias\/#website","url":"https:\/\/www.ull.es\/portal\/noticias\/","name":"ULL - Noticias","description":"","potentialAction":[{"@type":"SearchAction","target":{"@type":"EntryPoint","urlTemplate":"https:\/\/www.ull.es\/portal\/noticias\/?s={search_term_string}"},"query-input":"required name=search_term_string"}],"inLanguage":"es"},{"@type":"Person","@id":"https:\/\/www.ull.es\/portal\/noticias\/#\/schema\/person\/c3b2aa857797592927a03740d6664376","name":"prensa2","image":{"@type":"ImageObject","inLanguage":"es","@id":"https:\/\/www.ull.es\/portal\/noticias\/#\/schema\/person\/image\/","url":"https:\/\/secure.gravatar.com\/avatar\/b58f310a5de5feb33d1e026d2493f23c?s=96&d=mm&r=g","contentUrl":"https:\/\/secure.gravatar.com\/avatar\/b58f310a5de5feb33d1e026d2493f23c?s=96&d=mm&r=g","caption":"prensa2"},"url":"https:\/\/www.ull.es\/portal\/noticias\/author\/prensa2\/"}]}},"primary_category":{"id":345,"name":"Destacado","slug":"destacado","link":"https:\/\/www.ull.es\/portal\/noticias\/category\/destacado\/"},"featured_image_thumbnail_url":"https:\/\/www.ull.es\/portal\/noticias\/wp-content\/uploads\/sites\/13\/2023\/11\/Encuentro-Orientadores-08-300x200.jpg","_links":{"self":[{"href":"https:\/\/www.ull.es\/portal\/noticias\/wp-json\/wp\/v2\/posts\/72526"}],"collection":[{"href":"https:\/\/www.ull.es\/portal\/noticias\/wp-json\/wp\/v2\/posts"}],"about":[{"href":"https:\/\/www.ull.es\/portal\/noticias\/wp-json\/wp\/v2\/types\/post"}],"author":[{"embeddable":true,"href":"https:\/\/www.ull.es\/portal\/noticias\/wp-json\/wp\/v2\/users\/21"}],"replies":[{"embeddable":true,"href":"https:\/\/www.ull.es\/portal\/noticias\/wp-json\/wp\/v2\/comments?post=72526"}],"version-history":[{"count":1,"href":"https:\/\/www.ull.es\/portal\/noticias\/wp-json\/wp\/v2\/posts\/72526\/revisions"}],"predecessor-version":[{"id":72530,"href":"https:\/\/www.ull.es\/portal\/noticias\/wp-json\/wp\/v2\/posts\/72526\/revisions\/72530"}],"wp:featuredmedia":[{"embeddable":true,"href":"https:\/\/www.ull.es\/portal\/noticias\/wp-json\/wp\/v2\/media\/72527"}],"wp:attachment":[{"href":"https:\/\/www.ull.es\/portal\/noticias\/wp-json\/wp\/v2\/media?parent=72526"}],"wp:term":[{"taxonomy":"category","embeddable":true,"href":"https:\/\/www.ull.es\/portal\/noticias\/wp-json\/wp\/v2\/categories?post=72526"},{"taxonomy":"post_tag","embeddable":true,"href":"https:\/\/www.ull.es\/portal\/noticias\/wp-json\/wp\/v2\/tags?post=72526"}],"curies":[{"name":"wp","href":"https:\/\/api.w.org\/{rel}","templated":true}]}}