{"id":72733,"date":"2023-11-20T10:54:29","date_gmt":"2023-11-20T10:54:29","guid":{"rendered":"https:\/\/www.ull.es\/portal\/noticias\/?p=72733"},"modified":"2023-11-21T12:47:18","modified_gmt":"2023-11-21T12:47:18","slug":"la-primatologa-jane-goodall-este-sabado-en-el-paraninfo-de-la-universidad-de-la-laguna","status":"publish","type":"post","link":"https:\/\/www.ull.es\/portal\/noticias\/2023\/la-primatologa-jane-goodall-este-sabado-en-el-paraninfo-de-la-universidad-de-la-laguna\/","title":{"rendered":"La et\u00f3loga Jane Goodall, este s\u00e1bado en el Paraninfo de la Universidad de La Laguna"},"content":{"rendered":"<p>La fundadora del\u00a0<a href=\"http:\/\/www.janegoodall.es\/\" target=\"_blank\" rel=\"noopener\">Instituto Jane\u00a0Goodall<\/a>\u00a0y Mensajera de la Paz de Naciones Unidas, la doctora Jane\u00a0Goodall, sigue recorriendo el mundo a sus 89 a\u00f1os para compartir su historia de vida como cient\u00edfica pionera y activista ambiental, realizando un agudo an\u00e1lisis de las problem\u00e1ticas que afectan a nuestro planeta y su biodiversidad, e inspirando razones para poner la esperanza en acci\u00f3n.<\/p>\n<p>El Paraninfo acoger\u00e1 este s\u00e1bado 25 de noviembre a las 17 horas una conferencia magistral de la primat\u00f3loga, titulada \u2018Razones para la esperanza\u2019, cuyas <a href=\"https:\/\/www.tomaticket.es\/recintos\/paraninfo-ull\" target=\"_blank\" rel=\"noopener\">entradas<\/a> se pondr\u00e1n a disposici\u00f3n del p\u00fablico a partir de las 16 horas de hoy d\u00eda 20. La ponencia se celebrar\u00e1 enteramente en ingl\u00e9s, con traducci\u00f3n simult\u00e1nea.<\/p>\n<p>La impresionante labor de Goodall ha sido fundamental no s\u00f3lo para profundizar y difundir conocimientos sobre los chimpanc\u00e9s y otras especies, sino tambi\u00e9n para generar empat\u00eda y afianzar su protecci\u00f3n y la de sus ecosistemas, adem\u00e1s de invitarnos a reflexionar sobre nuestra propia especie y promover un estilo de vida m\u00e1s sostenible en nuestras sociedades.<\/p>\n<p>Goodall\u00a0es considerada una de las mujeres cient\u00edficas de mayor impacto en el siglo XX y una de las activistas ambientales m\u00e1s reconocidas del siglo XXI.\u00a0Fue pionera en el estudio de los\u00a0<a href=\"https:\/\/es.wikipedia.org\/wiki\/Pan_(animal)\" target=\"_blank\" rel=\"noopener\">chimpanc\u00e9s<\/a>\u00a0salvajes y conocida por su estudio de m\u00e1s de sesenta a\u00f1os de duraci\u00f3n sobre las interacciones sociales y familiares de los\u00a0<a href=\"https:\/\/es.wikipedia.org\/wiki\/Chimpanc%C3%A9s\" target=\"_blank\" rel=\"noopener\">chimpanc\u00e9s<\/a>\u00a0salvajes en el\u00a0<a href=\"https:\/\/es.wikipedia.org\/wiki\/Parque_nacional_Gombe_Stream\" target=\"_blank\" rel=\"noopener\">Parque Nacional Gombe Stream<\/a>\u00a0en\u00a0Tanzania.<\/p>\n<p>Fundadora del programa\u00a0<em>Roots &amp; Shoots<\/em> (Ra\u00edces y Brotes), la cient\u00edfica fue la primera persona en descubrir que los chimpanc\u00e9s eran capaces de fabricar y utilizar herramientas, algo que hasta entonces se consideraba exclusivo de los seres humanos.\u00a0El evento est\u00e1 organizado por la Universidad de La Laguna, el Colegio de Veterinarios de Santa Cruz de Tenerife y la fundaci\u00f3n que lleva el nombre de la et\u00f3loga.<\/p>\n","protected":false},"excerpt":{"rendered":"<p>La fundadora del\u00a0Instituto Jane\u00a0Goodall\u00a0y Mensajera de la Paz de Naciones Unidas, la doctora Jane\u00a0Goodall, sigue recorriendo el mundo a sus&#8230;<\/p>\n","protected":false},"author":23,"featured_media":72735,"comment_status":"closed","ping_status":"closed","sticky":false,"template":"","format":"standard","meta":{"inline_featured_image":false,"footnotes":""},"categories":[344,345,2765],"tags":[10491,10492],"acf":[],"yoast_head":"<!-- This site is optimized with the Yoast SEO plugin v21.3 - https:\/\/yoast.com\/wordpress\/plugins\/seo\/ -->\n<title>La et\u00f3loga Jane Goodall, este s\u00e1bado en el Paraninfo de la Universidad de La Laguna - ULL - Noticias<\/title>\n<meta name=\"robots\" content=\"index, follow, max-snippet:-1, max-image-preview:large, max-video-preview:-1\" \/>\n<link rel=\"canonical\" href=\"https:\/\/www.ull.es\/portal\/noticias\/2023\/la-primatologa-jane-goodall-este-sabado-en-el-paraninfo-de-la-universidad-de-la-laguna\/\" \/>\n<meta property=\"og:locale\" content=\"es_ES\" \/>\n<meta property=\"og:type\" content=\"article\" \/>\n<meta property=\"og:title\" content=\"La et\u00f3loga Jane Goodall, este s\u00e1bado en el Paraninfo de la Universidad de La Laguna - ULL - Noticias\" \/>\n<meta property=\"og:description\" content=\"La fundadora del\u00a0Instituto Jane\u00a0Goodall\u00a0y Mensajera de la Paz de Naciones Unidas, la doctora Jane\u00a0Goodall, sigue recorriendo el mundo a sus...\" \/>\n<meta property=\"og:url\" content=\"https:\/\/www.ull.es\/portal\/noticias\/2023\/la-primatologa-jane-goodall-este-sabado-en-el-paraninfo-de-la-universidad-de-la-laguna\/\" \/>\n<meta property=\"og:site_name\" content=\"ULL - Noticias\" \/>\n<meta property=\"article:publisher\" content=\"https:\/\/www.facebook.com\/universidaddelalaguna\/\" \/>\n<meta property=\"article:published_time\" content=\"2023-11-20T10:54:29+00:00\" \/>\n<meta property=\"article:modified_time\" content=\"2023-11-21T12:47:18+00:00\" \/>\n<meta property=\"og:image\" content=\"https:\/\/www.ull.es\/portal\/noticias\/wp-content\/uploads\/sites\/13\/2023\/11\/conferencia-jane-goodall.jpg\" \/>\n\t<meta property=\"og:image:width\" content=\"700\" \/>\n\t<meta property=\"og:image:height\" content=\"350\" \/>\n\t<meta property=\"og:image:type\" content=\"image\/jpeg\" \/>\n<meta name=\"author\" content=\"gaprsa\" \/>\n<meta name=\"twitter:card\" content=\"summary_large_image\" \/>\n<meta name=\"twitter:creator\" content=\"@CanalULL\" \/>\n<meta name=\"twitter:site\" content=\"@CanalULL\" \/>\n<meta name=\"twitter:label1\" content=\"Escrito por\" \/>\n\t<meta name=\"twitter:data1\" content=\"gaprsa\" \/>\n\t<meta name=\"twitter:label2\" content=\"Tiempo de lectura\" \/>\n\t<meta name=\"twitter:data2\" content=\"2 minutos\" \/>\n<script type=\"application\/ld+json\" class=\"yoast-schema-graph\">{\"@context\":\"https:\/\/schema.org\",\"@graph\":[{\"@type\":\"WebPage\",\"@id\":\"https:\/\/www.ull.es\/portal\/noticias\/2023\/la-primatologa-jane-goodall-este-sabado-en-el-paraninfo-de-la-universidad-de-la-laguna\/\",\"url\":\"https:\/\/www.ull.es\/portal\/noticias\/2023\/la-primatologa-jane-goodall-este-sabado-en-el-paraninfo-de-la-universidad-de-la-laguna\/\",\"name\":\"La et\u00f3loga Jane Goodall, este s\u00e1bado en el Paraninfo de la Universidad de La Laguna - ULL - Noticias\",\"isPartOf\":{\"@id\":\"https:\/\/www.ull.es\/portal\/noticias\/#website\"},\"datePublished\":\"2023-11-20T10:54:29+00:00\",\"dateModified\":\"2023-11-21T12:47:18+00:00\",\"author\":{\"@id\":\"https:\/\/www.ull.es\/portal\/noticias\/#\/schema\/person\/b2b1a89d43ffa609e591f7df8ef3e817\"},\"breadcrumb\":{\"@id\":\"https:\/\/www.ull.es\/portal\/noticias\/2023\/la-primatologa-jane-goodall-este-sabado-en-el-paraninfo-de-la-universidad-de-la-laguna\/#breadcrumb\"},\"inLanguage\":\"es\",\"potentialAction\":[{\"@type\":\"ReadAction\",\"target\":[\"https:\/\/www.ull.es\/portal\/noticias\/2023\/la-primatologa-jane-goodall-este-sabado-en-el-paraninfo-de-la-universidad-de-la-laguna\/\"]}]},{\"@type\":\"BreadcrumbList\",\"@id\":\"https:\/\/www.ull.es\/portal\/noticias\/2023\/la-primatologa-jane-goodall-este-sabado-en-el-paraninfo-de-la-universidad-de-la-laguna\/#breadcrumb\",\"itemListElement\":[{\"@type\":\"ListItem\",\"position\":1,\"name\":\"Portada\",\"item\":\"https:\/\/www.ull.es\/portal\/noticias\/\"},{\"@type\":\"ListItem\",\"position\":2,\"name\":\"La et\u00f3loga Jane Goodall, este s\u00e1bado en el Paraninfo de la Universidad de La Laguna\"}]},{\"@type\":\"WebSite\",\"@id\":\"https:\/\/www.ull.es\/portal\/noticias\/#website\",\"url\":\"https:\/\/www.ull.es\/portal\/noticias\/\",\"name\":\"ULL - Noticias\",\"description\":\"\",\"potentialAction\":[{\"@type\":\"SearchAction\",\"target\":{\"@type\":\"EntryPoint\",\"urlTemplate\":\"https:\/\/www.ull.es\/portal\/noticias\/?s={search_term_string}\"},\"query-input\":\"required name=search_term_string\"}],\"inLanguage\":\"es\"},{\"@type\":\"Person\",\"@id\":\"https:\/\/www.ull.es\/portal\/noticias\/#\/schema\/person\/b2b1a89d43ffa609e591f7df8ef3e817\",\"name\":\"gaprsa\",\"image\":{\"@type\":\"ImageObject\",\"inLanguage\":\"es\",\"@id\":\"https:\/\/www.ull.es\/portal\/noticias\/#\/schema\/person\/image\/\",\"url\":\"https:\/\/secure.gravatar.com\/avatar\/443820550921091458b4823867723b3d?s=96&d=mm&r=g\",\"contentUrl\":\"https:\/\/secure.gravatar.com\/avatar\/443820550921091458b4823867723b3d?s=96&d=mm&r=g\",\"caption\":\"gaprsa\"},\"url\":\"https:\/\/www.ull.es\/portal\/noticias\/author\/gaprsa\/\"}]}<\/script>\n<!-- \/ Yoast SEO plugin. -->","yoast_head_json":{"title":"La et\u00f3loga Jane Goodall, este s\u00e1bado en el Paraninfo de la Universidad de La Laguna - ULL - Noticias","robots":{"index":"index","follow":"follow","max-snippet":"max-snippet:-1","max-image-preview":"max-image-preview:large","max-video-preview":"max-video-preview:-1"},"canonical":"https:\/\/www.ull.es\/portal\/noticias\/2023\/la-primatologa-jane-goodall-este-sabado-en-el-paraninfo-de-la-universidad-de-la-laguna\/","og_locale":"es_ES","og_type":"article","og_title":"La et\u00f3loga Jane Goodall, este s\u00e1bado en el Paraninfo de la Universidad de La Laguna - ULL - Noticias","og_description":"La fundadora del\u00a0Instituto Jane\u00a0Goodall\u00a0y Mensajera de la Paz de Naciones Unidas, la doctora Jane\u00a0Goodall, sigue recorriendo el mundo a sus...","og_url":"https:\/\/www.ull.es\/portal\/noticias\/2023\/la-primatologa-jane-goodall-este-sabado-en-el-paraninfo-de-la-universidad-de-la-laguna\/","og_site_name":"ULL - Noticias","article_publisher":"https:\/\/www.facebook.com\/universidaddelalaguna\/","article_published_time":"2023-11-20T10:54:29+00:00","article_modified_time":"2023-11-21T12:47:18+00:00","og_image":[{"width":700,"height":350,"url":"https:\/\/www.ull.es\/portal\/noticias\/wp-content\/uploads\/sites\/13\/2023\/11\/conferencia-jane-goodall.jpg","type":"image\/jpeg"}],"author":"gaprsa","twitter_card":"summary_large_image","twitter_creator":"@CanalULL","twitter_site":"@CanalULL","twitter_misc":{"Escrito por":"gaprsa","Tiempo de lectura":"2 minutos"},"schema":{"@context":"https:\/\/schema.org","@graph":[{"@type":"WebPage","@id":"https:\/\/www.ull.es\/portal\/noticias\/2023\/la-primatologa-jane-goodall-este-sabado-en-el-paraninfo-de-la-universidad-de-la-laguna\/","url":"https:\/\/www.ull.es\/portal\/noticias\/2023\/la-primatologa-jane-goodall-este-sabado-en-el-paraninfo-de-la-universidad-de-la-laguna\/","name":"La et\u00f3loga Jane Goodall, este s\u00e1bado en el Paraninfo de la Universidad de La Laguna - ULL - Noticias","isPartOf":{"@id":"https:\/\/www.ull.es\/portal\/noticias\/#website"},"datePublished":"2023-11-20T10:54:29+00:00","dateModified":"2023-11-21T12:47:18+00:00","author":{"@id":"https:\/\/www.ull.es\/portal\/noticias\/#\/schema\/person\/b2b1a89d43ffa609e591f7df8ef3e817"},"breadcrumb":{"@id":"https:\/\/www.ull.es\/portal\/noticias\/2023\/la-primatologa-jane-goodall-este-sabado-en-el-paraninfo-de-la-universidad-de-la-laguna\/#breadcrumb"},"inLanguage":"es","potentialAction":[{"@type":"ReadAction","target":["https:\/\/www.ull.es\/portal\/noticias\/2023\/la-primatologa-jane-goodall-este-sabado-en-el-paraninfo-de-la-universidad-de-la-laguna\/"]}]},{"@type":"BreadcrumbList","@id":"https:\/\/www.ull.es\/portal\/noticias\/2023\/la-primatologa-jane-goodall-este-sabado-en-el-paraninfo-de-la-universidad-de-la-laguna\/#breadcrumb","itemListElement":[{"@type":"ListItem","position":1,"name":"Portada","item":"https:\/\/www.ull.es\/portal\/noticias\/"},{"@type":"ListItem","position":2,"name":"La et\u00f3loga Jane Goodall, este s\u00e1bado en el Paraninfo de la Universidad de La Laguna"}]},{"@type":"WebSite","@id":"https:\/\/www.ull.es\/portal\/noticias\/#website","url":"https:\/\/www.ull.es\/portal\/noticias\/","name":"ULL - Noticias","description":"","potentialAction":[{"@type":"SearchAction","target":{"@type":"EntryPoint","urlTemplate":"https:\/\/www.ull.es\/portal\/noticias\/?s={search_term_string}"},"query-input":"required name=search_term_string"}],"inLanguage":"es"},{"@type":"Person","@id":"https:\/\/www.ull.es\/portal\/noticias\/#\/schema\/person\/b2b1a89d43ffa609e591f7df8ef3e817","name":"gaprsa","image":{"@type":"ImageObject","inLanguage":"es","@id":"https:\/\/www.ull.es\/portal\/noticias\/#\/schema\/person\/image\/","url":"https:\/\/secure.gravatar.com\/avatar\/443820550921091458b4823867723b3d?s=96&d=mm&r=g","contentUrl":"https:\/\/secure.gravatar.com\/avatar\/443820550921091458b4823867723b3d?s=96&d=mm&r=g","caption":"gaprsa"},"url":"https:\/\/www.ull.es\/portal\/noticias\/author\/gaprsa\/"}]}},"primary_category":{"id":345,"name":"Destacado","slug":"destacado","link":"https:\/\/www.ull.es\/portal\/noticias\/category\/destacado\/"},"featured_image_thumbnail_url":"https:\/\/www.ull.es\/portal\/noticias\/wp-content\/uploads\/sites\/13\/2023\/11\/conferencia-jane-goodall-300x150.jpg","_links":{"self":[{"href":"https:\/\/www.ull.es\/portal\/noticias\/wp-json\/wp\/v2\/posts\/72733"}],"collection":[{"href":"https:\/\/www.ull.es\/portal\/noticias\/wp-json\/wp\/v2\/posts"}],"about":[{"href":"https:\/\/www.ull.es\/portal\/noticias\/wp-json\/wp\/v2\/types\/post"}],"author":[{"embeddable":true,"href":"https:\/\/www.ull.es\/portal\/noticias\/wp-json\/wp\/v2\/users\/23"}],"replies":[{"embeddable":true,"href":"https:\/\/www.ull.es\/portal\/noticias\/wp-json\/wp\/v2\/comments?post=72733"}],"version-history":[{"count":2,"href":"https:\/\/www.ull.es\/portal\/noticias\/wp-json\/wp\/v2\/posts\/72733\/revisions"}],"predecessor-version":[{"id":72771,"href":"https:\/\/www.ull.es\/portal\/noticias\/wp-json\/wp\/v2\/posts\/72733\/revisions\/72771"}],"wp:featuredmedia":[{"embeddable":true,"href":"https:\/\/www.ull.es\/portal\/noticias\/wp-json\/wp\/v2\/media\/72735"}],"wp:attachment":[{"href":"https:\/\/www.ull.es\/portal\/noticias\/wp-json\/wp\/v2\/media?parent=72733"}],"wp:term":[{"taxonomy":"category","embeddable":true,"href":"https:\/\/www.ull.es\/portal\/noticias\/wp-json\/wp\/v2\/categories?post=72733"},{"taxonomy":"post_tag","embeddable":true,"href":"https:\/\/www.ull.es\/portal\/noticias\/wp-json\/wp\/v2\/tags?post=72733"}],"curies":[{"name":"wp","href":"https:\/\/api.w.org\/{rel}","templated":true}]}}