{"id":72754,"date":"2023-11-21T11:18:37","date_gmt":"2023-11-21T11:18:37","guid":{"rendered":"https:\/\/www.ull.es\/portal\/noticias\/?p=72754"},"modified":"2023-11-22T12:29:18","modified_gmt":"2023-11-22T12:29:18","slug":"la-jornadas-de-sensibilizacion-a-la-cooperacion-de-la-ull-abundan-en-los-retos-de-salud-mundial-y-movimientos-migratorios","status":"publish","type":"post","link":"https:\/\/www.ull.es\/portal\/noticias\/2023\/la-jornadas-de-sensibilizacion-a-la-cooperacion-de-la-ull-abundan-en-los-retos-de-salud-mundial-y-movimientos-migratorios\/","title":{"rendered":"Las Jornadas de Sensibilizaci\u00f3n a la Cooperaci\u00f3n de la ULL abundan en los retos de salud mundial y movimientos migratorios"},"content":{"rendered":"<p><a href=\"https:\/\/www.ull.es\/portal\/agenda\/evento\/jornadas-de-sensibilizacion-a-la-cooperacion-ods-salud-mundial-y-movimientos-migratorios-en-canarias\/\" target=\"_blank\" rel=\"noopener\">Las Jornadas de Sensibilizaci\u00f3n a la Cooperaci\u00f3n: ODS, salud mundial y movimientos migratorios en Canarias<\/a>, organizadas por el Vicerrectorado de Internacionalizaci\u00f3n y Cooperaci\u00f3n, con la colaboraci\u00f3n el de Cultura y Extensi\u00f3n Universitaria, el Centro de Estudios de Desigualdad Social y Gobernanza y M\u00e9dicos del Mundo, y la cofinanciaci\u00f3n del \u00c1rea de Acci\u00f3n Exterior del Cabildo Insular, se han celebrado recientemente<\/p>\n<p>Inauguradas por la vicerrectora de Internacionalizaci\u00f3n y Cooperaci\u00f3n, Inmaculada Gonz\u00e1lez y las directoras acad\u00e9micas, la profesora Miriam \u00c1lvarez Lorenzo, secretaria del CEDESOG, y Pilar Garrido Mart\u00edn, vicepresidenta 2\u00ba de M\u00e9dicos del Mundo Espa\u00f1a, contaron con la participaci\u00f3n de Daniel L\u00f3pez, director de Acciones de Salud en la OMS, quien profundiz\u00f3 acerca de los objetivos en el \u00e1mbito de la salud en el marco de los ODS y la Agenda 2030.<\/p>\n<p>Por su parte, Carlos Medina, responsable de Estudios y Campa\u00f1as de Medicus Mundi Espa\u00f1a, resalt\u00f3 la vinculaci\u00f3n de los ODS desde una perspectiva y enfoque de g\u00e9nero y educaci\u00f3n. Las jornadas tambi\u00e9n contaron con la participaci\u00f3n Jos\u00e9 F\u00e9lix Hoyo, vicepresidente 1\u00ba de M\u00e9dicos del Mundo Espa\u00f1a, vinculando su an\u00e1lisis a los retos de los ODS y el acceso a la salud en las sociedades actuales. Finalmente, la ponencia de Ricardo Angora, experto en emergencias y acci\u00f3n humanitaria, dio paso a la presentaci\u00f3n del Informe de Salud en Cooperaci\u00f3n al Desarrollo y Acci\u00f3n Humanitaria 2022, en vinculaci\u00f3n con los retos de la Acci\u00f3n Humanitaria y salud mental mundial.<\/p>\n<p>La segunda jornada se centr\u00f3 en analizar, bajo la perspectiva de profesionales con experiencia reconocida en el escenario de los movimientos migratorios, la situaci\u00f3n actual de la migraci\u00f3n en las costas canarias. A lo largo de las diferentes intervenciones se trabaj\u00f3 de forma transversal conceptos relacionados con la exclusi\u00f3n social, el racismo y la xenofobia. Entre las ponentes se encontraba Pilar Garrido, quien expuso de forma pormenorizada un an\u00e1lisis transnacional acerca de los movimientos y rutas migratorias. Por su parte, Elena Lugli, presidenta de M\u00e9dicos del Mundo Canarias, propuso un acercamiento general al Informe Frontera Sur.<\/p>\n<p>Tambi\u00e9n, Silvia Moreno, m\u00e9dico voluntario de M\u00e9dicos del Mundo Canarias, destin\u00f3 una parte de la tarde a dar a conocer c\u00f3mo tiene lugar la atenci\u00f3n a las personas llegadas por v\u00eda mar\u00edtima en situaci\u00f3n irregular, mientras que Cristina Hern\u00e1ndez, t\u00e9cnica de migraciones en M\u00e9dicos del Mundo Canarias, profundiz\u00f3 en el trabajo que hace la entidad en Canarias. A lo largo de la sesi\u00f3n tambi\u00e9n se cont\u00f3 con la participaci\u00f3n de Loueila Mint El Many, miembro de la Comisi\u00f3n de Extranjer\u00eda y Derechos Humanos del ICATF y de APRASE, para el abordaje de la realidad jur\u00eddica de las personas migrantes en Canarias, al tiempo que hubo un espacio al an\u00e1lisis sobre la legislaci\u00f3n mundial en el \u00e1mbito de la migraci\u00f3n. Por \u00faltimo, Momadou Diagne, t\u00e9cnico referente de Migraciones y Diversidad, invit\u00f3 a reflexionar sobre los procesos migratorios desde una perspectiva intercultural y antirracista.<\/p>\n<p>Las jornadas contaron tambi\u00e9n con espacios para mesas redondas y talleres, donde se pudo debatir acerca del escenario actual en el \u00e1mbito de la salud en nuestro entorno y a nivel mundial, adem\u00e1s de la puesta en com\u00fan de propuestas de actuaci\u00f3n y cambio desde los Estados y la sociedad civil.<\/p>\n<p>Este evento ha permitido reflexionar sobre la salud mundial dentro del marco de los ODS y la situaci\u00f3n actual de los movimientos migratorios. De esta forma, las jornadas han supuesto un importante espacio de an\u00e1lisis de las problem\u00e1ticas de salud -mundial y en el entorno- y de los movimientos migratorios en Canarias, bajo la perspectiva de los ODS.<\/p>\n<p>&nbsp;<\/p>\n<p>&nbsp;<\/p>\n","protected":false},"excerpt":{"rendered":"<p>Las Jornadas de Sensibilizaci\u00f3n a la Cooperaci\u00f3n: ODS, salud mundial y movimientos migratorios en Canarias, organizadas por el Vicerrectorado de&#8230;<\/p>\n","protected":false},"author":23,"featured_media":72800,"comment_status":"closed","ping_status":"closed","sticky":false,"template":"","format":"standard","meta":{"inline_featured_image":false,"footnotes":""},"categories":[345,349,2765],"tags":[10496,10495,10494],"acf":[],"yoast_head":"<!-- This site is optimized with the Yoast SEO plugin v21.3 - https:\/\/yoast.com\/wordpress\/plugins\/seo\/ -->\n<title>Las Jornadas de Sensibilizaci\u00f3n a la Cooperaci\u00f3n de la ULL abundan en los retos de salud mundial y movimientos migratorios - ULL - Noticias<\/title>\n<meta name=\"robots\" content=\"index, follow, max-snippet:-1, max-image-preview:large, max-video-preview:-1\" \/>\n<link rel=\"canonical\" href=\"https:\/\/www.ull.es\/portal\/noticias\/2023\/la-jornadas-de-sensibilizacion-a-la-cooperacion-de-la-ull-abundan-en-los-retos-de-salud-mundial-y-movimientos-migratorios\/\" \/>\n<meta property=\"og:locale\" content=\"es_ES\" \/>\n<meta property=\"og:type\" content=\"article\" \/>\n<meta property=\"og:title\" content=\"Las Jornadas de Sensibilizaci\u00f3n a la Cooperaci\u00f3n de la ULL abundan en los retos de salud mundial y movimientos migratorios - ULL - Noticias\" \/>\n<meta property=\"og:description\" content=\"Las Jornadas de Sensibilizaci\u00f3n a la Cooperaci\u00f3n: ODS, salud mundial y movimientos migratorios en Canarias, organizadas por el Vicerrectorado de...\" \/>\n<meta property=\"og:url\" content=\"https:\/\/www.ull.es\/portal\/noticias\/2023\/la-jornadas-de-sensibilizacion-a-la-cooperacion-de-la-ull-abundan-en-los-retos-de-salud-mundial-y-movimientos-migratorios\/\" \/>\n<meta property=\"og:site_name\" content=\"ULL - Noticias\" \/>\n<meta property=\"article:publisher\" content=\"https:\/\/www.facebook.com\/universidaddelalaguna\/\" \/>\n<meta property=\"article:published_time\" content=\"2023-11-21T11:18:37+00:00\" \/>\n<meta property=\"article:modified_time\" content=\"2023-11-22T12:29:18+00:00\" \/>\n<meta property=\"og:image\" content=\"https:\/\/www.ull.es\/portal\/noticias\/wp-content\/uploads\/sites\/13\/2023\/11\/jornadas-cooperacion-v2.jpg\" \/>\n\t<meta property=\"og:image:width\" content=\"1200\" \/>\n\t<meta property=\"og:image:height\" content=\"800\" \/>\n\t<meta property=\"og:image:type\" content=\"image\/jpeg\" \/>\n<meta name=\"author\" content=\"gaprsa\" \/>\n<meta name=\"twitter:card\" content=\"summary_large_image\" \/>\n<meta name=\"twitter:creator\" content=\"@CanalULL\" \/>\n<meta name=\"twitter:site\" content=\"@CanalULL\" \/>\n<meta name=\"twitter:label1\" content=\"Escrito por\" \/>\n\t<meta name=\"twitter:data1\" content=\"gaprsa\" \/>\n\t<meta name=\"twitter:label2\" content=\"Tiempo de lectura\" \/>\n\t<meta name=\"twitter:data2\" content=\"3 minutos\" \/>\n<script type=\"application\/ld+json\" class=\"yoast-schema-graph\">{\"@context\":\"https:\/\/schema.org\",\"@graph\":[{\"@type\":\"WebPage\",\"@id\":\"https:\/\/www.ull.es\/portal\/noticias\/2023\/la-jornadas-de-sensibilizacion-a-la-cooperacion-de-la-ull-abundan-en-los-retos-de-salud-mundial-y-movimientos-migratorios\/\",\"url\":\"https:\/\/www.ull.es\/portal\/noticias\/2023\/la-jornadas-de-sensibilizacion-a-la-cooperacion-de-la-ull-abundan-en-los-retos-de-salud-mundial-y-movimientos-migratorios\/\",\"name\":\"Las Jornadas de Sensibilizaci\u00f3n a la Cooperaci\u00f3n de la ULL abundan en los retos de salud mundial y movimientos migratorios - ULL - Noticias\",\"isPartOf\":{\"@id\":\"https:\/\/www.ull.es\/portal\/noticias\/#website\"},\"datePublished\":\"2023-11-21T11:18:37+00:00\",\"dateModified\":\"2023-11-22T12:29:18+00:00\",\"author\":{\"@id\":\"https:\/\/www.ull.es\/portal\/noticias\/#\/schema\/person\/b2b1a89d43ffa609e591f7df8ef3e817\"},\"breadcrumb\":{\"@id\":\"https:\/\/www.ull.es\/portal\/noticias\/2023\/la-jornadas-de-sensibilizacion-a-la-cooperacion-de-la-ull-abundan-en-los-retos-de-salud-mundial-y-movimientos-migratorios\/#breadcrumb\"},\"inLanguage\":\"es\",\"potentialAction\":[{\"@type\":\"ReadAction\",\"target\":[\"https:\/\/www.ull.es\/portal\/noticias\/2023\/la-jornadas-de-sensibilizacion-a-la-cooperacion-de-la-ull-abundan-en-los-retos-de-salud-mundial-y-movimientos-migratorios\/\"]}]},{\"@type\":\"BreadcrumbList\",\"@id\":\"https:\/\/www.ull.es\/portal\/noticias\/2023\/la-jornadas-de-sensibilizacion-a-la-cooperacion-de-la-ull-abundan-en-los-retos-de-salud-mundial-y-movimientos-migratorios\/#breadcrumb\",\"itemListElement\":[{\"@type\":\"ListItem\",\"position\":1,\"name\":\"Portada\",\"item\":\"https:\/\/www.ull.es\/portal\/noticias\/\"},{\"@type\":\"ListItem\",\"position\":2,\"name\":\"Las Jornadas de Sensibilizaci\u00f3n a la Cooperaci\u00f3n de la ULL abundan en los retos de salud mundial y movimientos migratorios\"}]},{\"@type\":\"WebSite\",\"@id\":\"https:\/\/www.ull.es\/portal\/noticias\/#website\",\"url\":\"https:\/\/www.ull.es\/portal\/noticias\/\",\"name\":\"ULL - Noticias\",\"description\":\"\",\"potentialAction\":[{\"@type\":\"SearchAction\",\"target\":{\"@type\":\"EntryPoint\",\"urlTemplate\":\"https:\/\/www.ull.es\/portal\/noticias\/?s={search_term_string}\"},\"query-input\":\"required name=search_term_string\"}],\"inLanguage\":\"es\"},{\"@type\":\"Person\",\"@id\":\"https:\/\/www.ull.es\/portal\/noticias\/#\/schema\/person\/b2b1a89d43ffa609e591f7df8ef3e817\",\"name\":\"gaprsa\",\"image\":{\"@type\":\"ImageObject\",\"inLanguage\":\"es\",\"@id\":\"https:\/\/www.ull.es\/portal\/noticias\/#\/schema\/person\/image\/\",\"url\":\"https:\/\/secure.gravatar.com\/avatar\/443820550921091458b4823867723b3d?s=96&d=mm&r=g\",\"contentUrl\":\"https:\/\/secure.gravatar.com\/avatar\/443820550921091458b4823867723b3d?s=96&d=mm&r=g\",\"caption\":\"gaprsa\"},\"url\":\"https:\/\/www.ull.es\/portal\/noticias\/author\/gaprsa\/\"}]}<\/script>\n<!-- \/ Yoast SEO plugin. -->","yoast_head_json":{"title":"Las Jornadas de Sensibilizaci\u00f3n a la Cooperaci\u00f3n de la ULL abundan en los retos de salud mundial y movimientos migratorios - ULL - Noticias","robots":{"index":"index","follow":"follow","max-snippet":"max-snippet:-1","max-image-preview":"max-image-preview:large","max-video-preview":"max-video-preview:-1"},"canonical":"https:\/\/www.ull.es\/portal\/noticias\/2023\/la-jornadas-de-sensibilizacion-a-la-cooperacion-de-la-ull-abundan-en-los-retos-de-salud-mundial-y-movimientos-migratorios\/","og_locale":"es_ES","og_type":"article","og_title":"Las Jornadas de Sensibilizaci\u00f3n a la Cooperaci\u00f3n de la ULL abundan en los retos de salud mundial y movimientos migratorios - ULL - Noticias","og_description":"Las Jornadas de Sensibilizaci\u00f3n a la Cooperaci\u00f3n: ODS, salud mundial y movimientos migratorios en Canarias, organizadas por el Vicerrectorado de...","og_url":"https:\/\/www.ull.es\/portal\/noticias\/2023\/la-jornadas-de-sensibilizacion-a-la-cooperacion-de-la-ull-abundan-en-los-retos-de-salud-mundial-y-movimientos-migratorios\/","og_site_name":"ULL - Noticias","article_publisher":"https:\/\/www.facebook.com\/universidaddelalaguna\/","article_published_time":"2023-11-21T11:18:37+00:00","article_modified_time":"2023-11-22T12:29:18+00:00","og_image":[{"width":1200,"height":800,"url":"https:\/\/www.ull.es\/portal\/noticias\/wp-content\/uploads\/sites\/13\/2023\/11\/jornadas-cooperacion-v2.jpg","type":"image\/jpeg"}],"author":"gaprsa","twitter_card":"summary_large_image","twitter_creator":"@CanalULL","twitter_site":"@CanalULL","twitter_misc":{"Escrito por":"gaprsa","Tiempo de lectura":"3 minutos"},"schema":{"@context":"https:\/\/schema.org","@graph":[{"@type":"WebPage","@id":"https:\/\/www.ull.es\/portal\/noticias\/2023\/la-jornadas-de-sensibilizacion-a-la-cooperacion-de-la-ull-abundan-en-los-retos-de-salud-mundial-y-movimientos-migratorios\/","url":"https:\/\/www.ull.es\/portal\/noticias\/2023\/la-jornadas-de-sensibilizacion-a-la-cooperacion-de-la-ull-abundan-en-los-retos-de-salud-mundial-y-movimientos-migratorios\/","name":"Las Jornadas de Sensibilizaci\u00f3n a la Cooperaci\u00f3n de la ULL abundan en los retos de salud mundial y movimientos migratorios - ULL - Noticias","isPartOf":{"@id":"https:\/\/www.ull.es\/portal\/noticias\/#website"},"datePublished":"2023-11-21T11:18:37+00:00","dateModified":"2023-11-22T12:29:18+00:00","author":{"@id":"https:\/\/www.ull.es\/portal\/noticias\/#\/schema\/person\/b2b1a89d43ffa609e591f7df8ef3e817"},"breadcrumb":{"@id":"https:\/\/www.ull.es\/portal\/noticias\/2023\/la-jornadas-de-sensibilizacion-a-la-cooperacion-de-la-ull-abundan-en-los-retos-de-salud-mundial-y-movimientos-migratorios\/#breadcrumb"},"inLanguage":"es","potentialAction":[{"@type":"ReadAction","target":["https:\/\/www.ull.es\/portal\/noticias\/2023\/la-jornadas-de-sensibilizacion-a-la-cooperacion-de-la-ull-abundan-en-los-retos-de-salud-mundial-y-movimientos-migratorios\/"]}]},{"@type":"BreadcrumbList","@id":"https:\/\/www.ull.es\/portal\/noticias\/2023\/la-jornadas-de-sensibilizacion-a-la-cooperacion-de-la-ull-abundan-en-los-retos-de-salud-mundial-y-movimientos-migratorios\/#breadcrumb","itemListElement":[{"@type":"ListItem","position":1,"name":"Portada","item":"https:\/\/www.ull.es\/portal\/noticias\/"},{"@type":"ListItem","position":2,"name":"Las Jornadas de Sensibilizaci\u00f3n a la Cooperaci\u00f3n de la ULL abundan en los retos de salud mundial y movimientos migratorios"}]},{"@type":"WebSite","@id":"https:\/\/www.ull.es\/portal\/noticias\/#website","url":"https:\/\/www.ull.es\/portal\/noticias\/","name":"ULL - Noticias","description":"","potentialAction":[{"@type":"SearchAction","target":{"@type":"EntryPoint","urlTemplate":"https:\/\/www.ull.es\/portal\/noticias\/?s={search_term_string}"},"query-input":"required name=search_term_string"}],"inLanguage":"es"},{"@type":"Person","@id":"https:\/\/www.ull.es\/portal\/noticias\/#\/schema\/person\/b2b1a89d43ffa609e591f7df8ef3e817","name":"gaprsa","image":{"@type":"ImageObject","inLanguage":"es","@id":"https:\/\/www.ull.es\/portal\/noticias\/#\/schema\/person\/image\/","url":"https:\/\/secure.gravatar.com\/avatar\/443820550921091458b4823867723b3d?s=96&d=mm&r=g","contentUrl":"https:\/\/secure.gravatar.com\/avatar\/443820550921091458b4823867723b3d?s=96&d=mm&r=g","caption":"gaprsa"},"url":"https:\/\/www.ull.es\/portal\/noticias\/author\/gaprsa\/"}]}},"primary_category":{"id":345,"name":"Destacado","slug":"destacado","link":"https:\/\/www.ull.es\/portal\/noticias\/category\/destacado\/"},"featured_image_thumbnail_url":"https:\/\/www.ull.es\/portal\/noticias\/wp-content\/uploads\/sites\/13\/2023\/11\/jornadas-cooperacion-v2-300x200.jpg","_links":{"self":[{"href":"https:\/\/www.ull.es\/portal\/noticias\/wp-json\/wp\/v2\/posts\/72754"}],"collection":[{"href":"https:\/\/www.ull.es\/portal\/noticias\/wp-json\/wp\/v2\/posts"}],"about":[{"href":"https:\/\/www.ull.es\/portal\/noticias\/wp-json\/wp\/v2\/types\/post"}],"author":[{"embeddable":true,"href":"https:\/\/www.ull.es\/portal\/noticias\/wp-json\/wp\/v2\/users\/23"}],"replies":[{"embeddable":true,"href":"https:\/\/www.ull.es\/portal\/noticias\/wp-json\/wp\/v2\/comments?post=72754"}],"version-history":[{"count":3,"href":"https:\/\/www.ull.es\/portal\/noticias\/wp-json\/wp\/v2\/posts\/72754\/revisions"}],"predecessor-version":[{"id":72758,"href":"https:\/\/www.ull.es\/portal\/noticias\/wp-json\/wp\/v2\/posts\/72754\/revisions\/72758"}],"wp:featuredmedia":[{"embeddable":true,"href":"https:\/\/www.ull.es\/portal\/noticias\/wp-json\/wp\/v2\/media\/72800"}],"wp:attachment":[{"href":"https:\/\/www.ull.es\/portal\/noticias\/wp-json\/wp\/v2\/media?parent=72754"}],"wp:term":[{"taxonomy":"category","embeddable":true,"href":"https:\/\/www.ull.es\/portal\/noticias\/wp-json\/wp\/v2\/categories?post=72754"},{"taxonomy":"post_tag","embeddable":true,"href":"https:\/\/www.ull.es\/portal\/noticias\/wp-json\/wp\/v2\/tags?post=72754"}],"curies":[{"name":"wp","href":"https:\/\/api.w.org\/{rel}","templated":true}]}}