{"id":72767,"date":"2023-11-21T12:57:18","date_gmt":"2023-11-21T12:57:18","guid":{"rendered":"https:\/\/www.ull.es\/portal\/noticias\/?p=72767"},"modified":"2023-11-21T20:10:10","modified_gmt":"2023-11-21T20:10:10","slug":"ull-despide-jeronimo-saavedra","status":"publish","type":"post","link":"https:\/\/www.ull.es\/portal\/noticias\/2023\/ull-despide-jeronimo-saavedra\/","title":{"rendered":"La Universidad de La Laguna despide a Jer\u00f3nimo Saavedra, vinculado a la instituci\u00f3n en los a\u00f1os 70"},"content":{"rendered":"<p>La Universidad de La Laguna desea transmitir sus condolencias ante el fallecimiento hoy, martes 21 de noviembre, de Jer\u00f3nimo Saavedra Acevedo, uno de los pol\u00edticos m\u00e1s importantes de la comunidad aut\u00f3noma canaria, quien mantuvo una breve vinculaci\u00f3n con esta instituci\u00f3n acad\u00e9mica a mediados de la d\u00e9cada de los 70 del siglo pasado.<\/p>\n<div id=\"attachment_72776\" style=\"width: 208px\" class=\"wp-caption alignleft\"><a href=\"https:\/\/www.ull.es\/portal\/noticias\/wp-content\/uploads\/sites\/13\/2023\/11\/expediente.jpg\" target=\"_blank\" rel=\"noopener\"><img aria-describedby=\"caption-attachment-72776\" decoding=\"async\" loading=\"lazy\" class=\"size-medium wp-image-72776\" src=\"https:\/\/www.ull.es\/portal\/noticias\/wp-content\/uploads\/sites\/13\/2023\/11\/expediente-198x300.jpg\" alt=\"Expediente acad\u00e9mico de Saavedra, donde consta su matr\u00edcula en 1\u00ba de Derecho.\" width=\"198\" height=\"300\" srcset=\"https:\/\/www.ull.es\/portal\/noticias\/wp-content\/uploads\/sites\/13\/2023\/11\/expediente-198x300.jpg 198w, https:\/\/www.ull.es\/portal\/noticias\/wp-content\/uploads\/sites\/13\/2023\/11\/expediente-675x1024.jpg 675w, https:\/\/www.ull.es\/portal\/noticias\/wp-content\/uploads\/sites\/13\/2023\/11\/expediente-768x1165.jpg 768w, https:\/\/www.ull.es\/portal\/noticias\/wp-content\/uploads\/sites\/13\/2023\/11\/expediente-1013x1536.jpg 1013w, https:\/\/www.ull.es\/portal\/noticias\/wp-content\/uploads\/sites\/13\/2023\/11\/expediente-375x569.jpg 375w, https:\/\/www.ull.es\/portal\/noticias\/wp-content\/uploads\/sites\/13\/2023\/11\/expediente-750x1137.jpg 750w, https:\/\/www.ull.es\/portal\/noticias\/wp-content\/uploads\/sites\/13\/2023\/11\/expediente.jpg 1055w\" sizes=\"(max-width: 198px) 100vw, 198px\" \/><\/a><p id=\"caption-attachment-72776\" class=\"wp-caption-text\">Expediente acad\u00e9mico de Saavedra, donde consta su matr\u00edcula en 1\u00ba de Derecho.<\/p>\n<div>Foto: Archivo Universitario<\/div>\n<p><\/p><\/div>\n<p>Saavedra inici\u00f3 sus estudios de Derecho en la Universidad de La Laguna en el curso 1953-54, si bien finalizar\u00eda la licenciatura en la Universidad Complutense de Madrid, donde tambi\u00e9n se doctor\u00f3. En 1970 volvi\u00f3 a recalar en la Universidad de La Laguna como profesor agregado de Derecho del Trabajo. Durante su estancia, lleg\u00f3 a ser secretario del Instituto Universitario de la Empresa (1970-1973) y director del Colegio Mayor San Fernando (1973-1976). Finalmente, en octubre de 1976 se trasladar\u00eda a Las Palmas de Gran Canaria, en donde continuar\u00eda su trayectoria acad\u00e9mica.<\/p>\n<div id=\"attachment_72768\" style=\"width: 310px\" class=\"wp-caption alignright\"><a href=\"https:\/\/www.ull.es\/portal\/noticias\/wp-content\/uploads\/sites\/13\/2023\/11\/15333276945_a669682655_o.jpg\" target=\"_blank\" rel=\"noopener\"><img aria-describedby=\"caption-attachment-72768\" decoding=\"async\" loading=\"lazy\" class=\"size-medium wp-image-72768\" src=\"https:\/\/www.ull.es\/portal\/noticias\/wp-content\/uploads\/sites\/13\/2023\/11\/15333276945_a669682655_o-300x212.jpg\" alt=\"Orla de la promoci\u00f3n 1969-1974 de la Facultad de Derecho, en la cual aparece Saavedra como profesor.\" width=\"300\" height=\"212\" srcset=\"https:\/\/www.ull.es\/portal\/noticias\/wp-content\/uploads\/sites\/13\/2023\/11\/15333276945_a669682655_o-300x212.jpg 300w, https:\/\/www.ull.es\/portal\/noticias\/wp-content\/uploads\/sites\/13\/2023\/11\/15333276945_a669682655_o-1024x722.jpg 1024w, https:\/\/www.ull.es\/portal\/noticias\/wp-content\/uploads\/sites\/13\/2023\/11\/15333276945_a669682655_o-768x541.jpg 768w, https:\/\/www.ull.es\/portal\/noticias\/wp-content\/uploads\/sites\/13\/2023\/11\/15333276945_a669682655_o-1536x1083.jpg 1536w, https:\/\/www.ull.es\/portal\/noticias\/wp-content\/uploads\/sites\/13\/2023\/11\/15333276945_a669682655_o-375x264.jpg 375w, https:\/\/www.ull.es\/portal\/noticias\/wp-content\/uploads\/sites\/13\/2023\/11\/15333276945_a669682655_o-750x529.jpg 750w, https:\/\/www.ull.es\/portal\/noticias\/wp-content\/uploads\/sites\/13\/2023\/11\/15333276945_a669682655_o-1140x804.jpg 1140w, https:\/\/www.ull.es\/portal\/noticias\/wp-content\/uploads\/sites\/13\/2023\/11\/15333276945_a669682655_o.jpg 1600w\" sizes=\"(max-width: 300px) 100vw, 300px\" \/><\/a><p id=\"caption-attachment-72768\" class=\"wp-caption-text\">Orla de la promoci\u00f3n 1969-1974 de la Facultad de Derecho, en la cual aparece Saavedra como profesor.<\/p>\n<div>Foto: Alumni ULL.<\/div>\n<p><\/p><\/div>\n<p>La figura pol\u00edtica de Saavedra se remonta a 1972, cuando comenz\u00f3 a militar en el Partido Socialista Obrero Espa\u00f1ol (PSOE). En 1977 fue elegido secretario general del Partido Socialista Canario (PSC-PSOE) y entre 1976 y 1983, miembro del Comit\u00e9 Ejecutivo de la UGT. Fue diputado por el PSOE por la provincia de Las Palmas en las primeras Cortes Constituyentes (1977) y reelegido en 1979, 1982 y 1989.<\/p>\n<div id=\"attachment_72774\" style=\"width: 310px\" class=\"wp-caption alignleft\"><a href=\"https:\/\/www.ull.es\/portal\/noticias\/wp-content\/uploads\/sites\/13\/2023\/11\/Homen-Manuel-A-de-la-Rosa-06.jpg\" target=\"_blank\" rel=\"noopener\"><img aria-describedby=\"caption-attachment-72774\" decoding=\"async\" loading=\"lazy\" class=\"size-medium wp-image-72774\" src=\"https:\/\/www.ull.es\/portal\/noticias\/wp-content\/uploads\/sites\/13\/2023\/11\/Homen-Manuel-A-de-la-Rosa-06-300x205.jpg\" alt=\"Saavedra. con el rector Eduardo Dom\u00e9nech y Manuel \u00c1lvarez de la Rosa, en un homenaje al segundo celebrado en octubre de 2013.\" width=\"300\" height=\"205\" srcset=\"https:\/\/www.ull.es\/portal\/noticias\/wp-content\/uploads\/sites\/13\/2023\/11\/Homen-Manuel-A-de-la-Rosa-06-300x205.jpg 300w, https:\/\/www.ull.es\/portal\/noticias\/wp-content\/uploads\/sites\/13\/2023\/11\/Homen-Manuel-A-de-la-Rosa-06-1024x701.jpg 1024w, https:\/\/www.ull.es\/portal\/noticias\/wp-content\/uploads\/sites\/13\/2023\/11\/Homen-Manuel-A-de-la-Rosa-06-768x526.jpg 768w, https:\/\/www.ull.es\/portal\/noticias\/wp-content\/uploads\/sites\/13\/2023\/11\/Homen-Manuel-A-de-la-Rosa-06-375x257.jpg 375w, https:\/\/www.ull.es\/portal\/noticias\/wp-content\/uploads\/sites\/13\/2023\/11\/Homen-Manuel-A-de-la-Rosa-06-750x514.jpg 750w, https:\/\/www.ull.es\/portal\/noticias\/wp-content\/uploads\/sites\/13\/2023\/11\/Homen-Manuel-A-de-la-Rosa-06.jpg 1034w\" sizes=\"(max-width: 300px) 100vw, 300px\" \/><\/a><p id=\"caption-attachment-72774\" class=\"wp-caption-text\">Saavedra. con el rector Eduardo Dom\u00e9nech y Manuel \u00c1lvarez de la Rosa, en un homenaje al segundo celebrado en octubre de 2013.<\/p>\n<div>Foto: Emeterio Su\u00e1rez (CC BY 3.0)<\/div>\n<p><\/p><\/div>\n<p>Fue presidente de la Junta de Canarias (1982-1983) y primer presidente del Gobierno de Canarias tras la aprobaci\u00f3n del Estatuto de Autonom\u00eda, de 1983 a 1987 y de 1991 a 1993. Tambi\u00e9n fue ministro de Administraciones P\u00fablicas (1993-1995) y de Educaci\u00f3n y Ciencia (1995-1996), y senador en 1996 y de 1999 a 2003. Tambi\u00e9n fue alcalde de Las Palmas de Gran Canaria (2007-2011) y Diputado del Com\u00fan de Canarias (2011-2018).<\/p>\n<p>&nbsp;<\/p>\n","protected":false},"excerpt":{"rendered":"<p>La Universidad de La Laguna desea transmitir sus condolencias ante el fallecimiento hoy, martes 21 de noviembre, de Jer\u00f3nimo Saavedra&#8230;<\/p>\n","protected":false},"author":21,"featured_media":72770,"comment_status":"closed","ping_status":"closed","sticky":false,"template":"","format":"standard","meta":{"inline_featured_image":false,"footnotes":""},"categories":[345,3799,348,2765],"tags":[1220,10500],"acf":[],"yoast_head":"<!-- This site is optimized with the Yoast SEO plugin v21.3 - https:\/\/yoast.com\/wordpress\/plugins\/seo\/ -->\n<title>La ULL despide a Jer\u00f3nimo Saavedra<\/title>\n<meta name=\"description\" content=\"El ex-presidente del Gobierno de Canarias y ex-ministro fue docente en la instituci\u00f3n a mediados de los a\u00f1os 70 del siglo pasado.\" \/>\n<meta name=\"robots\" content=\"index, follow, max-snippet:-1, max-image-preview:large, max-video-preview:-1\" \/>\n<link rel=\"canonical\" href=\"https:\/\/www.ull.es\/portal\/noticias\/2023\/ull-despide-jeronimo-saavedra\/\" \/>\n<meta property=\"og:locale\" content=\"es_ES\" \/>\n<meta property=\"og:type\" content=\"article\" \/>\n<meta property=\"og:title\" content=\"La ULL despide a Jer\u00f3nimo Saavedra\" \/>\n<meta property=\"og:description\" content=\"El ex-presidente del Gobierno de Canarias y ex-ministro fue docente en la instituci\u00f3n a mediados de los a\u00f1os 70 del siglo pasado.\" \/>\n<meta property=\"og:url\" content=\"https:\/\/www.ull.es\/portal\/noticias\/2023\/ull-despide-jeronimo-saavedra\/\" \/>\n<meta property=\"og:site_name\" content=\"ULL - Noticias\" \/>\n<meta property=\"article:publisher\" content=\"https:\/\/www.facebook.com\/universidaddelalaguna\/\" \/>\n<meta property=\"article:published_time\" content=\"2023-11-21T12:57:18+00:00\" \/>\n<meta property=\"article:modified_time\" content=\"2023-11-21T20:10:10+00:00\" \/>\n<meta property=\"og:image\" content=\"https:\/\/www.ull.es\/portal\/noticias\/wp-content\/uploads\/sites\/13\/2023\/11\/aaaa1.jpg\" \/>\n\t<meta property=\"og:image:width\" content=\"800\" \/>\n\t<meta property=\"og:image:height\" content=\"534\" \/>\n\t<meta property=\"og:image:type\" content=\"image\/jpeg\" \/>\n<meta name=\"author\" content=\"prensa2\" \/>\n<meta name=\"twitter:card\" content=\"summary_large_image\" \/>\n<meta name=\"twitter:creator\" content=\"@CanalULL\" \/>\n<meta name=\"twitter:site\" content=\"@CanalULL\" \/>\n<meta name=\"twitter:label1\" content=\"Escrito por\" \/>\n\t<meta name=\"twitter:data1\" content=\"prensa2\" \/>\n\t<meta name=\"twitter:label2\" content=\"Tiempo de lectura\" \/>\n\t<meta name=\"twitter:data2\" content=\"3 minutos\" \/>\n<script type=\"application\/ld+json\" class=\"yoast-schema-graph\">{\"@context\":\"https:\/\/schema.org\",\"@graph\":[{\"@type\":\"WebPage\",\"@id\":\"https:\/\/www.ull.es\/portal\/noticias\/2023\/ull-despide-jeronimo-saavedra\/\",\"url\":\"https:\/\/www.ull.es\/portal\/noticias\/2023\/ull-despide-jeronimo-saavedra\/\",\"name\":\"La ULL despide a Jer\u00f3nimo Saavedra\",\"isPartOf\":{\"@id\":\"https:\/\/www.ull.es\/portal\/noticias\/#website\"},\"datePublished\":\"2023-11-21T12:57:18+00:00\",\"dateModified\":\"2023-11-21T20:10:10+00:00\",\"author\":{\"@id\":\"https:\/\/www.ull.es\/portal\/noticias\/#\/schema\/person\/c3b2aa857797592927a03740d6664376\"},\"description\":\"El ex-presidente del Gobierno de Canarias y ex-ministro fue docente en la instituci\u00f3n a mediados de los a\u00f1os 70 del siglo pasado.\",\"breadcrumb\":{\"@id\":\"https:\/\/www.ull.es\/portal\/noticias\/2023\/ull-despide-jeronimo-saavedra\/#breadcrumb\"},\"inLanguage\":\"es\",\"potentialAction\":[{\"@type\":\"ReadAction\",\"target\":[\"https:\/\/www.ull.es\/portal\/noticias\/2023\/ull-despide-jeronimo-saavedra\/\"]}]},{\"@type\":\"BreadcrumbList\",\"@id\":\"https:\/\/www.ull.es\/portal\/noticias\/2023\/ull-despide-jeronimo-saavedra\/#breadcrumb\",\"itemListElement\":[{\"@type\":\"ListItem\",\"position\":1,\"name\":\"Portada\",\"item\":\"https:\/\/www.ull.es\/portal\/noticias\/\"},{\"@type\":\"ListItem\",\"position\":2,\"name\":\"La Universidad de La Laguna despide a Jer\u00f3nimo Saavedra, vinculado a la instituci\u00f3n en los a\u00f1os 70\"}]},{\"@type\":\"WebSite\",\"@id\":\"https:\/\/www.ull.es\/portal\/noticias\/#website\",\"url\":\"https:\/\/www.ull.es\/portal\/noticias\/\",\"name\":\"ULL - Noticias\",\"description\":\"\",\"potentialAction\":[{\"@type\":\"SearchAction\",\"target\":{\"@type\":\"EntryPoint\",\"urlTemplate\":\"https:\/\/www.ull.es\/portal\/noticias\/?s={search_term_string}\"},\"query-input\":\"required name=search_term_string\"}],\"inLanguage\":\"es\"},{\"@type\":\"Person\",\"@id\":\"https:\/\/www.ull.es\/portal\/noticias\/#\/schema\/person\/c3b2aa857797592927a03740d6664376\",\"name\":\"prensa2\",\"image\":{\"@type\":\"ImageObject\",\"inLanguage\":\"es\",\"@id\":\"https:\/\/www.ull.es\/portal\/noticias\/#\/schema\/person\/image\/\",\"url\":\"https:\/\/secure.gravatar.com\/avatar\/b58f310a5de5feb33d1e026d2493f23c?s=96&d=mm&r=g\",\"contentUrl\":\"https:\/\/secure.gravatar.com\/avatar\/b58f310a5de5feb33d1e026d2493f23c?s=96&d=mm&r=g\",\"caption\":\"prensa2\"},\"url\":\"https:\/\/www.ull.es\/portal\/noticias\/author\/prensa2\/\"}]}<\/script>\n<!-- \/ Yoast SEO plugin. -->","yoast_head_json":{"title":"La ULL despide a Jer\u00f3nimo Saavedra","description":"El ex-presidente del Gobierno de Canarias y ex-ministro fue docente en la instituci\u00f3n a mediados de los a\u00f1os 70 del siglo pasado.","robots":{"index":"index","follow":"follow","max-snippet":"max-snippet:-1","max-image-preview":"max-image-preview:large","max-video-preview":"max-video-preview:-1"},"canonical":"https:\/\/www.ull.es\/portal\/noticias\/2023\/ull-despide-jeronimo-saavedra\/","og_locale":"es_ES","og_type":"article","og_title":"La ULL despide a Jer\u00f3nimo Saavedra","og_description":"El ex-presidente del Gobierno de Canarias y ex-ministro fue docente en la instituci\u00f3n a mediados de los a\u00f1os 70 del siglo pasado.","og_url":"https:\/\/www.ull.es\/portal\/noticias\/2023\/ull-despide-jeronimo-saavedra\/","og_site_name":"ULL - Noticias","article_publisher":"https:\/\/www.facebook.com\/universidaddelalaguna\/","article_published_time":"2023-11-21T12:57:18+00:00","article_modified_time":"2023-11-21T20:10:10+00:00","og_image":[{"width":800,"height":534,"url":"https:\/\/www.ull.es\/portal\/noticias\/wp-content\/uploads\/sites\/13\/2023\/11\/aaaa1.jpg","type":"image\/jpeg"}],"author":"prensa2","twitter_card":"summary_large_image","twitter_creator":"@CanalULL","twitter_site":"@CanalULL","twitter_misc":{"Escrito por":"prensa2","Tiempo de lectura":"3 minutos"},"schema":{"@context":"https:\/\/schema.org","@graph":[{"@type":"WebPage","@id":"https:\/\/www.ull.es\/portal\/noticias\/2023\/ull-despide-jeronimo-saavedra\/","url":"https:\/\/www.ull.es\/portal\/noticias\/2023\/ull-despide-jeronimo-saavedra\/","name":"La ULL despide a Jer\u00f3nimo Saavedra","isPartOf":{"@id":"https:\/\/www.ull.es\/portal\/noticias\/#website"},"datePublished":"2023-11-21T12:57:18+00:00","dateModified":"2023-11-21T20:10:10+00:00","author":{"@id":"https:\/\/www.ull.es\/portal\/noticias\/#\/schema\/person\/c3b2aa857797592927a03740d6664376"},"description":"El ex-presidente del Gobierno de Canarias y ex-ministro fue docente en la instituci\u00f3n a mediados de los a\u00f1os 70 del siglo pasado.","breadcrumb":{"@id":"https:\/\/www.ull.es\/portal\/noticias\/2023\/ull-despide-jeronimo-saavedra\/#breadcrumb"},"inLanguage":"es","potentialAction":[{"@type":"ReadAction","target":["https:\/\/www.ull.es\/portal\/noticias\/2023\/ull-despide-jeronimo-saavedra\/"]}]},{"@type":"BreadcrumbList","@id":"https:\/\/www.ull.es\/portal\/noticias\/2023\/ull-despide-jeronimo-saavedra\/#breadcrumb","itemListElement":[{"@type":"ListItem","position":1,"name":"Portada","item":"https:\/\/www.ull.es\/portal\/noticias\/"},{"@type":"ListItem","position":2,"name":"La Universidad de La Laguna despide a Jer\u00f3nimo Saavedra, vinculado a la instituci\u00f3n en los a\u00f1os 70"}]},{"@type":"WebSite","@id":"https:\/\/www.ull.es\/portal\/noticias\/#website","url":"https:\/\/www.ull.es\/portal\/noticias\/","name":"ULL - Noticias","description":"","potentialAction":[{"@type":"SearchAction","target":{"@type":"EntryPoint","urlTemplate":"https:\/\/www.ull.es\/portal\/noticias\/?s={search_term_string}"},"query-input":"required name=search_term_string"}],"inLanguage":"es"},{"@type":"Person","@id":"https:\/\/www.ull.es\/portal\/noticias\/#\/schema\/person\/c3b2aa857797592927a03740d6664376","name":"prensa2","image":{"@type":"ImageObject","inLanguage":"es","@id":"https:\/\/www.ull.es\/portal\/noticias\/#\/schema\/person\/image\/","url":"https:\/\/secure.gravatar.com\/avatar\/b58f310a5de5feb33d1e026d2493f23c?s=96&d=mm&r=g","contentUrl":"https:\/\/secure.gravatar.com\/avatar\/b58f310a5de5feb33d1e026d2493f23c?s=96&d=mm&r=g","caption":"prensa2"},"url":"https:\/\/www.ull.es\/portal\/noticias\/author\/prensa2\/"}]}},"primary_category":{"id":345,"name":"Destacado","slug":"destacado","link":"https:\/\/www.ull.es\/portal\/noticias\/category\/destacado\/"},"featured_image_thumbnail_url":"https:\/\/www.ull.es\/portal\/noticias\/wp-content\/uploads\/sites\/13\/2023\/11\/aaaa1-300x200.jpg","_links":{"self":[{"href":"https:\/\/www.ull.es\/portal\/noticias\/wp-json\/wp\/v2\/posts\/72767"}],"collection":[{"href":"https:\/\/www.ull.es\/portal\/noticias\/wp-json\/wp\/v2\/posts"}],"about":[{"href":"https:\/\/www.ull.es\/portal\/noticias\/wp-json\/wp\/v2\/types\/post"}],"author":[{"embeddable":true,"href":"https:\/\/www.ull.es\/portal\/noticias\/wp-json\/wp\/v2\/users\/21"}],"replies":[{"embeddable":true,"href":"https:\/\/www.ull.es\/portal\/noticias\/wp-json\/wp\/v2\/comments?post=72767"}],"version-history":[{"count":5,"href":"https:\/\/www.ull.es\/portal\/noticias\/wp-json\/wp\/v2\/posts\/72767\/revisions"}],"predecessor-version":[{"id":72779,"href":"https:\/\/www.ull.es\/portal\/noticias\/wp-json\/wp\/v2\/posts\/72767\/revisions\/72779"}],"wp:featuredmedia":[{"embeddable":true,"href":"https:\/\/www.ull.es\/portal\/noticias\/wp-json\/wp\/v2\/media\/72770"}],"wp:attachment":[{"href":"https:\/\/www.ull.es\/portal\/noticias\/wp-json\/wp\/v2\/media?parent=72767"}],"wp:term":[{"taxonomy":"category","embeddable":true,"href":"https:\/\/www.ull.es\/portal\/noticias\/wp-json\/wp\/v2\/categories?post=72767"},{"taxonomy":"post_tag","embeddable":true,"href":"https:\/\/www.ull.es\/portal\/noticias\/wp-json\/wp\/v2\/tags?post=72767"}],"curies":[{"name":"wp","href":"https:\/\/api.w.org\/{rel}","templated":true}]}}