{"id":72860,"date":"2023-11-25T19:20:49","date_gmt":"2023-11-25T19:20:49","guid":{"rendered":"https:\/\/www.ull.es\/portal\/noticias\/?p=72860"},"modified":"2023-11-27T08:44:46","modified_gmt":"2023-11-27T08:44:46","slug":"jane-goodall-aposto-en-el-paraninfo-por-el-potencial-de-los-mas-jovenes-para-salvar-el-planeta","status":"publish","type":"post","link":"https:\/\/www.ull.es\/portal\/noticias\/2023\/jane-goodall-aposto-en-el-paraninfo-por-el-potencial-de-los-mas-jovenes-para-salvar-el-planeta\/","title":{"rendered":"Jane Goodall apost\u00f3 en el Paraninfo por el potencial de los m\u00e1s j\u00f3venes para salvar el planeta"},"content":{"rendered":"<p>La et\u00f3loga brit\u00e1nica Jane Goodall, una de las mayores especialistas en estudios sobre primates conocida mundialmente por su activismo medioambiental, imparti\u00f3 hoy, s\u00e1bado 25 de noviembre, una conferencia en el Paraninfo de la Universidad de La Laguna, en la que ofreci\u00f3 un mensaje de esperanza ante el desastre medioambiental al que parece abocado el planeta. En su opini\u00f3n, la voluntad de querer cambiar las cosas de las generaciones j\u00f3venes ser\u00e1 determinante para cambiar la situaci\u00f3n. La conferencia fue organizada por la Fundaci\u00f3n Jane Goodall y el Colegio Oficial de Veterinarios de Santa Cruz de Tenerife, con el patrocinio del Cabildo Insular de Tenerife.<\/p>\n<p>El rector de la Universidad de La Laguna, Francisco Garc\u00eda, fue el encargado de abrir el acto, poniendo en valor el mensaje que iba a transmitir la ponente: \u201cNos va a hablar de esperanza y en los tiempos que corren, en este mundo roto por la injusticia, la guerra y la crisis medioambiental, justo necesitamos eso, una esperanza fundamentada en el trabajo cotidiano de muchas personas y en el conocimiento cient\u00edfico\u00bb. Por su parte, M\u00aa Luisa Fern\u00e1ndez Miguel, presidenta del Colegio Oficial de Veterinarios de Santa Cruz de Tenerife, valor\u00f3 que Goodall es un referente en el estudio de la conducta animal, introduciendo conceptos que hoy parecen b\u00e1sicos pero que fueron revolucionaros. \u201cCon 89 a\u00f1os, tiene una vitalidad y claridad de pensamiento envidiables\u201d.<\/p>\n<div id=\"attachment_72861\" style=\"width: 310px\" class=\"wp-caption alignleft\"><a href=\"https:\/\/www.ull.es\/portal\/noticias\/wp-content\/uploads\/sites\/13\/2023\/11\/jane-rector.jpg\" target=\"_blank\" rel=\"noopener\"><img aria-describedby=\"caption-attachment-72861\" decoding=\"async\" loading=\"lazy\" class=\"size-medium wp-image-72861\" src=\"https:\/\/www.ull.es\/portal\/noticias\/wp-content\/uploads\/sites\/13\/2023\/11\/jane-rector-300x200.jpg\" alt=\"\" width=\"300\" height=\"200\" srcset=\"https:\/\/www.ull.es\/portal\/noticias\/wp-content\/uploads\/sites\/13\/2023\/11\/jane-rector-300x200.jpg 300w, https:\/\/www.ull.es\/portal\/noticias\/wp-content\/uploads\/sites\/13\/2023\/11\/jane-rector-1024x682.jpg 1024w, https:\/\/www.ull.es\/portal\/noticias\/wp-content\/uploads\/sites\/13\/2023\/11\/jane-rector-768x512.jpg 768w, https:\/\/www.ull.es\/portal\/noticias\/wp-content\/uploads\/sites\/13\/2023\/11\/jane-rector-375x250.jpg 375w, https:\/\/www.ull.es\/portal\/noticias\/wp-content\/uploads\/sites\/13\/2023\/11\/jane-rector-750x500.jpg 750w, https:\/\/www.ull.es\/portal\/noticias\/wp-content\/uploads\/sites\/13\/2023\/11\/jane-rector.jpg 1100w\" sizes=\"(max-width: 300px) 100vw, 300px\" \/><\/a><p id=\"caption-attachment-72861\" class=\"wp-caption-text\">El rector y la presidenta del Colegio Oficial de Veterinarios, al comienzo de la sesi\u00f3n.<\/p><\/div>\n<p>Jane Goodall repas\u00f3 su trayectoria vital y cient\u00edfica, destacando la labor global realizada por su fundaci\u00f3n Ra\u00edces y brotes, y aportando como conclusiones cuatro razones para la esperanza ante el desaf\u00edo medioambiental. La primera de ellas es la gente joven que decide tomar partido, que pone en marcha proyectos con valores como la compasi\u00f3n. el respeto y la honestidad.<\/p>\n<p>La segunda raz\u00f3n, el cerebro humano y los desarrollos tecnol\u00f3gicos que pude realizar para mejorar el medio ambiente. Reflexion\u00f3 que la humana es la especie m\u00e1s \u201cintelectual\u201d, pero no la m\u00e1s inteligente, porque si lo fuera, no habr\u00eda destruido as\u00ed el planeta. \u201cHay una desconexi\u00f3n entre la cabeza y el coraz\u00f3n, y s\u00f3lo cuando ambos se coordinen podremos alcanzar nuestro verdadero potencial\u201d.<\/p>\n<p>La tercera es la propia resiliencia de la naturaleza, que es m\u00e1s fuerte de lo que parece y, con apoyo, es posible reponer. Comenta que es asombros ver c\u00f3mo en zonas devastadas la vegetaci\u00f3n vuelve a brotar y, con el tiempo, eso propici\u00f3 el retorno de los mam\u00edferos y otros animales. Tambi\u00e9n record\u00f3 la importante labor realizada para recuperar especies en peligro de extinci\u00f3n, y puso el ejemplo de la labor realizada en Espa\u00f1a con el lince ib\u00e9rico.<\/p>\n<p>La \u00faltima raz\u00f3n para la esperanza que aport\u00f3 Goodall fue lo que denomin\u00f3 el \u201cesp\u00edritu humano ind\u00f3mito\u201d, que es capaz de motivar a muchas personas para superarse y lograr metas que a priori parecen imposibles. Un ejemplo que puso fue el de Gary Haun, un mago ciego que demuestra que nada es imposible, y que adem\u00e1s es la personas que le regal\u00f3 el monito de peluche con el que siempre viaja la cient\u00edfica desde hace 30 a\u00f1os.<\/p>\n<p>Goodall explic\u00f3 que, cada vez que viaja, la gente la reconoce por la calle o en los aeropuertos, le pide aut\u00f3grafos, e<a href=\"https:\/\/www.ull.es\/portal\/noticias\/wp-content\/uploads\/sites\/13\/2023\/11\/jane4.jpg\" target=\"_blank\" rel=\"noopener\"><img decoding=\"async\" loading=\"lazy\" class=\"alignright size-medium wp-image-72864\" src=\"https:\/\/www.ull.es\/portal\/noticias\/wp-content\/uploads\/sites\/13\/2023\/11\/jane4-300x200.jpg\" alt=\"\" width=\"300\" height=\"200\" srcset=\"https:\/\/www.ull.es\/portal\/noticias\/wp-content\/uploads\/sites\/13\/2023\/11\/jane4-300x200.jpg 300w, https:\/\/www.ull.es\/portal\/noticias\/wp-content\/uploads\/sites\/13\/2023\/11\/jane4-1024x682.jpg 1024w, https:\/\/www.ull.es\/portal\/noticias\/wp-content\/uploads\/sites\/13\/2023\/11\/jane4-768x512.jpg 768w, https:\/\/www.ull.es\/portal\/noticias\/wp-content\/uploads\/sites\/13\/2023\/11\/jane4-375x250.jpg 375w, https:\/\/www.ull.es\/portal\/noticias\/wp-content\/uploads\/sites\/13\/2023\/11\/jane4-750x500.jpg 750w, https:\/\/www.ull.es\/portal\/noticias\/wp-content\/uploads\/sites\/13\/2023\/11\/jane4.jpg 1100w\" sizes=\"(max-width: 300px) 100vw, 300px\" \/><\/a> incluso llora y se emociona. \u201c\u00bfC\u00f3mo me ha sucedido esto a m\u00ed, una chica muy t\u00edmida que pasa mucho tiempo en el bosque?\u201d. Explic\u00f3 que la raz\u00f3n es que, realmente, existen dos Jane: una que es la persona que est\u00e1 en el escenario, y otra que es el icono creado en los a\u00f1os 60 por National Geographic, con esas fotos de la muchacha con los chimpanc\u00e9s. \u201cTengo un trabajo muy duro para estar a la altura de ese icono\u201d, ironiz\u00f3.<\/p>\n<p>Destac\u00f3 que una persona fundamental en su carrera fue su madre, que siempre la apoy\u00f3 en su deseo de convertirse en estudiosa de los animales. Cont\u00f3 una an\u00e9cdota de cuando ten\u00eda cuatro a\u00f1os y estuvo varias horas vigilando un corral para tratar de comprender de d\u00f3nde sal\u00edan los huevos. \u201cEsa curiosidad, el hacer esas preguntas, cometer errores, tener paciencia\u2026 eran comportamientos que hac\u00edan de m\u00ed una peque\u00f1a cient\u00edfica\u00bb. A los diez compr\u00f3 una edici\u00f3n de bolsillo de segunda mano de \u201cTarz\u00e1n de los monos\u201d y qued\u00f3 prendada por aquel se\u00f1or de la selva \u201cque se cas\u00f3 con la Jane equivocada\u201d, brome\u00f3.<\/p>\n<p>Otra persona fundamental en su trayectoria fue el cient\u00edfico Louis Leakey, al que conoci\u00f3 en una estancia en Kenya en la granja de un amigos, a la que pudo ir tras meses de ahorro. Leakey le facilit\u00f3 poder trabajar en un museo de ciencias naturales en Nairobi y tener varios encuentros con animales salvajes, algunos muy peligrosos. Fue \u00e9l quien le propuso ir a Tanzania para estudiar los chimpanc\u00e9s, adonde lleg\u00f3 en 1960, acompa\u00f1ada por su madre.<\/p>\n<p>Cuenta que le llev\u00f3 semanas coger confianza con los chimpanc\u00e9s, acerc\u00e1ndose a ellos con mucha calma, para que perdieran el miedo y empezaran a tolerarla. Record\u00f3 los nombres de todos con los que trataba, y comprendi\u00f3 c\u00f3mo se parecen a los humanos en muchas facetas, c\u00f3mo se comunican, y se abrazan y, si tienen hambre o necesidades no quieren saber nada de nadie, \u201cexactamente como nosotros\u201d.<\/p>\n<p>Estuvo con los chimpanc\u00e9s a\u00f1o y medio o dos a\u00f1os, pero recibi\u00f3 una carta de su mentor invit\u00e1ndola a graduarse en Cambridge. \u201cEstaba muy nerviosa, imagin\u00e1ndome a los profesores dici\u00e9ndome que lo hab\u00eda hecho todo mal, pero yo estaba muy segura de lo que sab\u00eda\u201d. Los cient\u00edficos fueron cambiando gradualmente su actitud y ahora la investigaci\u00f3n cient\u00edfica se acerca a estudiar la emoci\u00f3n, la personalidad y los sentimientos de los animales. \u201cHan cruzado esa l\u00ednea que antes era imposible\u201d y a ra\u00edz de ese cambio, se ha descubierto, por ejemplo, la gran inteligencia de los cerdos y las ratas y de algunas especies de algunos p\u00e1jaros.<\/p>\n<p>\u201cA m\u00ed no me sorprendi\u00f3 la inteligencia de los chimpanc\u00e9s, algo que luego corrobor\u00f3 K\u00f6hler, el primat\u00f3logo que estuvo en Tenerife, quien habl\u00f3 de su inteligencia y de sus habilidades. Espero que la Casa Amarilla del Puerto de la Cruz sea preservada, porque los estudios que se llevaron all\u00ed en la segunda d\u00e9cada del siglo XX fueron muy relevantes\u201d.<\/p>\n<p>Explic\u00f3 que vuelve a la reserva de Tanzania dos veces al a\u00f1o para continuar estudiando y frecuentando a los chimpanc\u00e9s. \u201cFui a una gran conferencia como cient\u00edfica, pero para m\u00ed fue un shock ver a los chimpanc\u00e9s que eran objeto de estudio presos en jaulas, sin nada que hacer, y no pude dormir de ver aquello. Entr\u00e9 en esa conferencia como cient\u00edfica y sal\u00ed como activista\u201d.<\/p>\n<p><a href=\"https:\/\/www.ull.es\/portal\/noticias\/wp-content\/uploads\/sites\/13\/2023\/11\/jane3.jpg\" target=\"_blank\" rel=\"noopener\"><img decoding=\"async\" loading=\"lazy\" class=\"alignleft size-medium wp-image-72863\" src=\"https:\/\/www.ull.es\/portal\/noticias\/wp-content\/uploads\/sites\/13\/2023\/11\/jane3-300x200.jpg\" alt=\"\" width=\"300\" height=\"200\" srcset=\"https:\/\/www.ull.es\/portal\/noticias\/wp-content\/uploads\/sites\/13\/2023\/11\/jane3-300x200.jpg 300w, https:\/\/www.ull.es\/portal\/noticias\/wp-content\/uploads\/sites\/13\/2023\/11\/jane3-1024x682.jpg 1024w, https:\/\/www.ull.es\/portal\/noticias\/wp-content\/uploads\/sites\/13\/2023\/11\/jane3-768x512.jpg 768w, https:\/\/www.ull.es\/portal\/noticias\/wp-content\/uploads\/sites\/13\/2023\/11\/jane3-375x250.jpg 375w, https:\/\/www.ull.es\/portal\/noticias\/wp-content\/uploads\/sites\/13\/2023\/11\/jane3-750x500.jpg 750w, https:\/\/www.ull.es\/portal\/noticias\/wp-content\/uploads\/sites\/13\/2023\/11\/jane3.jpg 1100w\" sizes=\"(max-width: 300px) 100vw, 300px\" \/><\/a>Goodhall apunt\u00f3 que aprendi\u00f3 mucho acerca de las poblaciones africanas, que viv\u00edan en una tremenda pobreza, compartiendo incluso enfermedades con los chimpanc\u00e9s. En los a\u00f1os 80 consigui\u00f3 zonas limpias para estas tribus, busc\u00e1ndoles tierras, creando escuelas y becas para que los ni\u00f1os continuaran sus estudios. Este programa que se inici\u00f3 en una zona muy delimitada ahora se extiende por cientos de peque\u00f1os pueblos de Tanzania. Destac\u00f3 el trabajo de los voluntarios para controlar las reservas y las aldeas, y c\u00f3mo recogen datos que son subidos a la nube y disponibles para todos.<\/p>\n<p>Critic\u00f3 el uso de pl\u00e1sticos, de pesticidas que destruyen el suelo que es vital para la existencia, y tambi\u00e9n la ganader\u00eda industrial, que adem\u00e1s de ser muy cruel, tiene grandes costes medioambientales. As\u00ed que para ella no es sorpresa que los j\u00f3venes est\u00e9n deprimidos, enfadados o ap\u00e1ticos. \u201cTodos me dicen, en referencia a las generaciones previas, \u2018la gente ha destruido el futuro y no hay nada que podamos hacer\u2019. Las grandes corporaciones y quienes derrochan comida sin ser conscientes de su efecto en el planeta siguen existiendo. Pero tambi\u00e9n hay gente joven mentalizada con que es necesario trabajar para tratar de salvar el planeta\u201d.<\/p>\n<p>Habl\u00f3 de su fundaci\u00f3n Ra\u00edces y brotes, que est\u00e1 por todo el mundo y se centra especialmente en fomentar los valores medioambientales entre los j\u00f3venes. \u201cTu \u00e1rbol favorito comenz\u00f3 siendo una peque\u00f1a semilla que poco a poco fue creciendo pese a que al principio era fr\u00e1gil. Es m\u00e1gica la fuerza que hay en una sola semilla. Las ra\u00edces llegan al fondo y los brotes, hacia arriba, de ah\u00ed el nombre\u201d.<\/p>\n","protected":false},"excerpt":{"rendered":"<p>La et\u00f3loga brit\u00e1nica Jane Goodall, una de las mayores especialistas en estudios sobre primates conocida mundialmente por su activismo medioambiental,&#8230;<\/p>\n","protected":false},"author":23,"featured_media":72862,"comment_status":"closed","ping_status":"closed","sticky":false,"template":"","format":"standard","meta":{"inline_featured_image":false,"footnotes":""},"categories":[344,345,2765],"tags":[10538],"acf":[],"yoast_head":"<!-- This site is optimized with the Yoast SEO plugin v21.3 - https:\/\/yoast.com\/wordpress\/plugins\/seo\/ -->\n<title>Jane Goodall apost\u00f3 en el Paraninfo por el potencial de los m\u00e1s j\u00f3venes para salvar el planeta - ULL - Noticias<\/title>\n<meta name=\"robots\" content=\"index, follow, max-snippet:-1, max-image-preview:large, max-video-preview:-1\" \/>\n<link rel=\"canonical\" href=\"https:\/\/www.ull.es\/portal\/noticias\/2023\/jane-goodall-aposto-en-el-paraninfo-por-el-potencial-de-los-mas-jovenes-para-salvar-el-planeta\/\" \/>\n<meta property=\"og:locale\" content=\"es_ES\" \/>\n<meta property=\"og:type\" content=\"article\" \/>\n<meta property=\"og:title\" content=\"Jane Goodall apost\u00f3 en el Paraninfo por el potencial de los m\u00e1s j\u00f3venes para salvar el planeta - ULL - Noticias\" \/>\n<meta property=\"og:description\" content=\"La et\u00f3loga brit\u00e1nica Jane Goodall, una de las mayores especialistas en estudios sobre primates conocida mundialmente por su activismo medioambiental,...\" \/>\n<meta property=\"og:url\" content=\"https:\/\/www.ull.es\/portal\/noticias\/2023\/jane-goodall-aposto-en-el-paraninfo-por-el-potencial-de-los-mas-jovenes-para-salvar-el-planeta\/\" \/>\n<meta property=\"og:site_name\" content=\"ULL - Noticias\" \/>\n<meta property=\"article:publisher\" content=\"https:\/\/www.facebook.com\/universidaddelalaguna\/\" \/>\n<meta property=\"article:published_time\" content=\"2023-11-25T19:20:49+00:00\" \/>\n<meta property=\"article:modified_time\" content=\"2023-11-27T08:44:46+00:00\" \/>\n<meta property=\"og:image\" content=\"https:\/\/www.ull.es\/portal\/noticias\/wp-content\/uploads\/sites\/13\/2023\/11\/jane1.jpg\" \/>\n\t<meta property=\"og:image:width\" content=\"1100\" \/>\n\t<meta property=\"og:image:height\" content=\"733\" \/>\n\t<meta property=\"og:image:type\" content=\"image\/jpeg\" \/>\n<meta name=\"author\" content=\"gaprsa\" \/>\n<meta name=\"twitter:card\" content=\"summary_large_image\" \/>\n<meta name=\"twitter:creator\" content=\"@CanalULL\" \/>\n<meta name=\"twitter:site\" content=\"@CanalULL\" \/>\n<meta name=\"twitter:label1\" content=\"Escrito por\" \/>\n\t<meta name=\"twitter:data1\" content=\"gaprsa\" \/>\n\t<meta name=\"twitter:label2\" content=\"Tiempo de lectura\" \/>\n\t<meta name=\"twitter:data2\" content=\"7 minutos\" \/>\n<script type=\"application\/ld+json\" class=\"yoast-schema-graph\">{\"@context\":\"https:\/\/schema.org\",\"@graph\":[{\"@type\":\"WebPage\",\"@id\":\"https:\/\/www.ull.es\/portal\/noticias\/2023\/jane-goodall-aposto-en-el-paraninfo-por-el-potencial-de-los-mas-jovenes-para-salvar-el-planeta\/\",\"url\":\"https:\/\/www.ull.es\/portal\/noticias\/2023\/jane-goodall-aposto-en-el-paraninfo-por-el-potencial-de-los-mas-jovenes-para-salvar-el-planeta\/\",\"name\":\"Jane Goodall apost\u00f3 en el Paraninfo por el potencial de los m\u00e1s j\u00f3venes para salvar el planeta - ULL - Noticias\",\"isPartOf\":{\"@id\":\"https:\/\/www.ull.es\/portal\/noticias\/#website\"},\"datePublished\":\"2023-11-25T19:20:49+00:00\",\"dateModified\":\"2023-11-27T08:44:46+00:00\",\"author\":{\"@id\":\"https:\/\/www.ull.es\/portal\/noticias\/#\/schema\/person\/b2b1a89d43ffa609e591f7df8ef3e817\"},\"breadcrumb\":{\"@id\":\"https:\/\/www.ull.es\/portal\/noticias\/2023\/jane-goodall-aposto-en-el-paraninfo-por-el-potencial-de-los-mas-jovenes-para-salvar-el-planeta\/#breadcrumb\"},\"inLanguage\":\"es\",\"potentialAction\":[{\"@type\":\"ReadAction\",\"target\":[\"https:\/\/www.ull.es\/portal\/noticias\/2023\/jane-goodall-aposto-en-el-paraninfo-por-el-potencial-de-los-mas-jovenes-para-salvar-el-planeta\/\"]}]},{\"@type\":\"BreadcrumbList\",\"@id\":\"https:\/\/www.ull.es\/portal\/noticias\/2023\/jane-goodall-aposto-en-el-paraninfo-por-el-potencial-de-los-mas-jovenes-para-salvar-el-planeta\/#breadcrumb\",\"itemListElement\":[{\"@type\":\"ListItem\",\"position\":1,\"name\":\"Portada\",\"item\":\"https:\/\/www.ull.es\/portal\/noticias\/\"},{\"@type\":\"ListItem\",\"position\":2,\"name\":\"Jane Goodall apost\u00f3 en el Paraninfo por el potencial de los m\u00e1s j\u00f3venes para salvar el planeta\"}]},{\"@type\":\"WebSite\",\"@id\":\"https:\/\/www.ull.es\/portal\/noticias\/#website\",\"url\":\"https:\/\/www.ull.es\/portal\/noticias\/\",\"name\":\"ULL - Noticias\",\"description\":\"\",\"potentialAction\":[{\"@type\":\"SearchAction\",\"target\":{\"@type\":\"EntryPoint\",\"urlTemplate\":\"https:\/\/www.ull.es\/portal\/noticias\/?s={search_term_string}\"},\"query-input\":\"required name=search_term_string\"}],\"inLanguage\":\"es\"},{\"@type\":\"Person\",\"@id\":\"https:\/\/www.ull.es\/portal\/noticias\/#\/schema\/person\/b2b1a89d43ffa609e591f7df8ef3e817\",\"name\":\"gaprsa\",\"image\":{\"@type\":\"ImageObject\",\"inLanguage\":\"es\",\"@id\":\"https:\/\/www.ull.es\/portal\/noticias\/#\/schema\/person\/image\/\",\"url\":\"https:\/\/secure.gravatar.com\/avatar\/443820550921091458b4823867723b3d?s=96&d=mm&r=g\",\"contentUrl\":\"https:\/\/secure.gravatar.com\/avatar\/443820550921091458b4823867723b3d?s=96&d=mm&r=g\",\"caption\":\"gaprsa\"},\"url\":\"https:\/\/www.ull.es\/portal\/noticias\/author\/gaprsa\/\"}]}<\/script>\n<!-- \/ Yoast SEO plugin. -->","yoast_head_json":{"title":"Jane Goodall apost\u00f3 en el Paraninfo por el potencial de los m\u00e1s j\u00f3venes para salvar el planeta - ULL - Noticias","robots":{"index":"index","follow":"follow","max-snippet":"max-snippet:-1","max-image-preview":"max-image-preview:large","max-video-preview":"max-video-preview:-1"},"canonical":"https:\/\/www.ull.es\/portal\/noticias\/2023\/jane-goodall-aposto-en-el-paraninfo-por-el-potencial-de-los-mas-jovenes-para-salvar-el-planeta\/","og_locale":"es_ES","og_type":"article","og_title":"Jane Goodall apost\u00f3 en el Paraninfo por el potencial de los m\u00e1s j\u00f3venes para salvar el planeta - ULL - Noticias","og_description":"La et\u00f3loga brit\u00e1nica Jane Goodall, una de las mayores especialistas en estudios sobre primates conocida mundialmente por su activismo medioambiental,...","og_url":"https:\/\/www.ull.es\/portal\/noticias\/2023\/jane-goodall-aposto-en-el-paraninfo-por-el-potencial-de-los-mas-jovenes-para-salvar-el-planeta\/","og_site_name":"ULL - Noticias","article_publisher":"https:\/\/www.facebook.com\/universidaddelalaguna\/","article_published_time":"2023-11-25T19:20:49+00:00","article_modified_time":"2023-11-27T08:44:46+00:00","og_image":[{"width":1100,"height":733,"url":"https:\/\/www.ull.es\/portal\/noticias\/wp-content\/uploads\/sites\/13\/2023\/11\/jane1.jpg","type":"image\/jpeg"}],"author":"gaprsa","twitter_card":"summary_large_image","twitter_creator":"@CanalULL","twitter_site":"@CanalULL","twitter_misc":{"Escrito por":"gaprsa","Tiempo de lectura":"7 minutos"},"schema":{"@context":"https:\/\/schema.org","@graph":[{"@type":"WebPage","@id":"https:\/\/www.ull.es\/portal\/noticias\/2023\/jane-goodall-aposto-en-el-paraninfo-por-el-potencial-de-los-mas-jovenes-para-salvar-el-planeta\/","url":"https:\/\/www.ull.es\/portal\/noticias\/2023\/jane-goodall-aposto-en-el-paraninfo-por-el-potencial-de-los-mas-jovenes-para-salvar-el-planeta\/","name":"Jane Goodall apost\u00f3 en el Paraninfo por el potencial de los m\u00e1s j\u00f3venes para salvar el planeta - ULL - Noticias","isPartOf":{"@id":"https:\/\/www.ull.es\/portal\/noticias\/#website"},"datePublished":"2023-11-25T19:20:49+00:00","dateModified":"2023-11-27T08:44:46+00:00","author":{"@id":"https:\/\/www.ull.es\/portal\/noticias\/#\/schema\/person\/b2b1a89d43ffa609e591f7df8ef3e817"},"breadcrumb":{"@id":"https:\/\/www.ull.es\/portal\/noticias\/2023\/jane-goodall-aposto-en-el-paraninfo-por-el-potencial-de-los-mas-jovenes-para-salvar-el-planeta\/#breadcrumb"},"inLanguage":"es","potentialAction":[{"@type":"ReadAction","target":["https:\/\/www.ull.es\/portal\/noticias\/2023\/jane-goodall-aposto-en-el-paraninfo-por-el-potencial-de-los-mas-jovenes-para-salvar-el-planeta\/"]}]},{"@type":"BreadcrumbList","@id":"https:\/\/www.ull.es\/portal\/noticias\/2023\/jane-goodall-aposto-en-el-paraninfo-por-el-potencial-de-los-mas-jovenes-para-salvar-el-planeta\/#breadcrumb","itemListElement":[{"@type":"ListItem","position":1,"name":"Portada","item":"https:\/\/www.ull.es\/portal\/noticias\/"},{"@type":"ListItem","position":2,"name":"Jane Goodall apost\u00f3 en el Paraninfo por el potencial de los m\u00e1s j\u00f3venes para salvar el planeta"}]},{"@type":"WebSite","@id":"https:\/\/www.ull.es\/portal\/noticias\/#website","url":"https:\/\/www.ull.es\/portal\/noticias\/","name":"ULL - Noticias","description":"","potentialAction":[{"@type":"SearchAction","target":{"@type":"EntryPoint","urlTemplate":"https:\/\/www.ull.es\/portal\/noticias\/?s={search_term_string}"},"query-input":"required name=search_term_string"}],"inLanguage":"es"},{"@type":"Person","@id":"https:\/\/www.ull.es\/portal\/noticias\/#\/schema\/person\/b2b1a89d43ffa609e591f7df8ef3e817","name":"gaprsa","image":{"@type":"ImageObject","inLanguage":"es","@id":"https:\/\/www.ull.es\/portal\/noticias\/#\/schema\/person\/image\/","url":"https:\/\/secure.gravatar.com\/avatar\/443820550921091458b4823867723b3d?s=96&d=mm&r=g","contentUrl":"https:\/\/secure.gravatar.com\/avatar\/443820550921091458b4823867723b3d?s=96&d=mm&r=g","caption":"gaprsa"},"url":"https:\/\/www.ull.es\/portal\/noticias\/author\/gaprsa\/"}]}},"primary_category":{"id":345,"name":"Destacado","slug":"destacado","link":"https:\/\/www.ull.es\/portal\/noticias\/category\/destacado\/"},"featured_image_thumbnail_url":"https:\/\/www.ull.es\/portal\/noticias\/wp-content\/uploads\/sites\/13\/2023\/11\/jane1-300x200.jpg","_links":{"self":[{"href":"https:\/\/www.ull.es\/portal\/noticias\/wp-json\/wp\/v2\/posts\/72860"}],"collection":[{"href":"https:\/\/www.ull.es\/portal\/noticias\/wp-json\/wp\/v2\/posts"}],"about":[{"href":"https:\/\/www.ull.es\/portal\/noticias\/wp-json\/wp\/v2\/types\/post"}],"author":[{"embeddable":true,"href":"https:\/\/www.ull.es\/portal\/noticias\/wp-json\/wp\/v2\/users\/23"}],"replies":[{"embeddable":true,"href":"https:\/\/www.ull.es\/portal\/noticias\/wp-json\/wp\/v2\/comments?post=72860"}],"version-history":[{"count":9,"href":"https:\/\/www.ull.es\/portal\/noticias\/wp-json\/wp\/v2\/posts\/72860\/revisions"}],"predecessor-version":[{"id":72873,"href":"https:\/\/www.ull.es\/portal\/noticias\/wp-json\/wp\/v2\/posts\/72860\/revisions\/72873"}],"wp:featuredmedia":[{"embeddable":true,"href":"https:\/\/www.ull.es\/portal\/noticias\/wp-json\/wp\/v2\/media\/72862"}],"wp:attachment":[{"href":"https:\/\/www.ull.es\/portal\/noticias\/wp-json\/wp\/v2\/media?parent=72860"}],"wp:term":[{"taxonomy":"category","embeddable":true,"href":"https:\/\/www.ull.es\/portal\/noticias\/wp-json\/wp\/v2\/categories?post=72860"},{"taxonomy":"post_tag","embeddable":true,"href":"https:\/\/www.ull.es\/portal\/noticias\/wp-json\/wp\/v2\/tags?post=72860"}],"curies":[{"name":"wp","href":"https:\/\/api.w.org\/{rel}","templated":true}]}}