{"id":72958,"date":"2023-11-28T14:43:19","date_gmt":"2023-11-28T14:43:19","guid":{"rendered":"https:\/\/www.ull.es\/portal\/noticias\/?p=72958"},"modified":"2023-11-28T14:43:19","modified_gmt":"2023-11-28T14:43:19","slug":"skliar-indaga-en-la-ull-en-los-dilemas-del-mundo-educativo-y-en-la-legitimacion-de-la-desigualdad","status":"publish","type":"post","link":"https:\/\/www.ull.es\/portal\/noticias\/2023\/skliar-indaga-en-la-ull-en-los-dilemas-del-mundo-educativo-y-en-la-legitimacion-de-la-desigualdad\/","title":{"rendered":"Skliar indaga en la ULL en los dilemas del mundo educativo y en la legitimaci\u00f3n de la desigualdad"},"content":{"rendered":"<p>El docente de la <a href=\"https:\/\/www.flacso.org\/\" target=\"_blank\" rel=\"noopener\">Facultad Latinoamericana de Ciencias Sociales<\/a> (Flacso) <a href=\"https:\/\/es.wikipedia.org\/wiki\/Carlos_Skliar\" target=\"_blank\" rel=\"noopener\">Carlos Skliar<\/a>, investigador y docente argentino, est\u00e1 realizando una estancia en la Universidad de La Laguna, en virtud de la cual ha suscrito d\u00edas atr\u00e1s un convenio de colaboraci\u00f3n con este centro acad\u00e9mico. El tambi\u00e9n vicepresidente del centro Pen Argentina, ofreci\u00f3 hoy 28 de noviembre una conferencia en la Facultad de Educaci\u00f3n en la que expuso varios dilemas a los que se enfrenta el sistema educativo y en la que tambi\u00e9n se detuvo en los elementos que legitiman la desigualdad en algunos contextos.<\/p>\n<p>Bajo el lema \u2018Educaci\u00f3n, \u00e9poca, interrupci\u00f3n y lentitud\u2019, el tambi\u00e9n investigador del Consejo Nacional de Investigaciones Cient\u00edficas y Tecnol\u00f3gicas de Argentina, defendi\u00f3 la necesidad de reflexi\u00f3n y de tiempo, reafirmando la importancia de la presencialidad. \u201cEl educador o educadora es aquel que se hace presente y que permanece. Hay un arte de hacerse presente, hay tambi\u00e9n una complejidad en el hecho de quedarse\u201d, observ\u00f3.<\/p>\n<p>Skliar sostuvo que uno de los grandes problemas de su pa\u00eds es la precariedad y la provisionalidad de las pol\u00edticas p\u00fablicas, pero tambi\u00e9n de las condiciones del trabajo. Durante estos seis \u00faltimos a\u00f1os ha recorrido diversas regiones para recoger testimonios de representantes de instituciones educativas formales y no formales, a trav\u00e9s de los cuales ha llegado a plantear diversos dilemas.<\/p>\n<p>Record\u00f3 cuando durante la pandemia se empez\u00f3 a anunciar el fin de la escuela, tal y como la conoc\u00edamos hasta ahora, y que hubo muchas voces incluso de naturaleza progresista que se sumaron a esa tendencia, dijo. \u201cHay movimientos que encumbran el fin de todo, algo que goza de predicamento dentro de la sociedad\u201d. Hubo una voz que expuso su contrariedad a esta idea, aduciendo que la finalidad de las cosas se encuentra en el pasado y nunca en el futuro, una cuesti\u00f3n con la que manifest\u00f3 estar muy de acuerdo.<\/p>\n<div id=\"attachment_72959\" style=\"width: 210px\" class=\"wp-caption alignleft\"><a href=\"https:\/\/www.ull.es\/portal\/noticias\/wp-content\/uploads\/sites\/13\/2023\/11\/Conf-Carlos-Skliar-03.jpg\" target=\"_blank\" rel=\"noopener\"><img aria-describedby=\"caption-attachment-72959\" decoding=\"async\" loading=\"lazy\" class=\"size-medium wp-image-72959\" src=\"https:\/\/www.ull.es\/portal\/noticias\/wp-content\/uploads\/sites\/13\/2023\/11\/Conf-Carlos-Skliar-03-200x300.jpg\" alt=\"\" width=\"200\" height=\"300\" srcset=\"https:\/\/www.ull.es\/portal\/noticias\/wp-content\/uploads\/sites\/13\/2023\/11\/Conf-Carlos-Skliar-03-200x300.jpg 200w, https:\/\/www.ull.es\/portal\/noticias\/wp-content\/uploads\/sites\/13\/2023\/11\/Conf-Carlos-Skliar-03-375x562.jpg 375w, https:\/\/www.ull.es\/portal\/noticias\/wp-content\/uploads\/sites\/13\/2023\/11\/Conf-Carlos-Skliar-03.jpg 683w\" sizes=\"(max-width: 200px) 100vw, 200px\" \/><\/a><p id=\"caption-attachment-72959\" class=\"wp-caption-text\">Skliar, presentado por la catedr\u00e1tica Lourdes Gonz\u00e1lez Luis.<\/p><\/div>\n<p>Dado el rechazo que ha habido a la idea de igualdad en su regi\u00f3n, han intentado discutir acerca de ello, para tratar de entender c\u00f3mo la gente, a pesar de su condici\u00f3n desigual, elige mayor desigualdad todav\u00eda. \u201cEl tinte de promesa ya no cala en el concepto de igualdad, hay que llevar el concepto a la pr\u00e1ctica y quitarla del campo de lo prometeico. La igualdad debe dejar la idea de concepto para transformarse en una atm\u00f3sfera\u201d.<\/p>\n<p>En su opini\u00f3n, la promesa era la suma de un conjunto de desigualdades cotidianas, lo que revela por qu\u00e9 tanta gente en condiciones tan precarias ha optado por m\u00e1s desigualdad, dijo refiri\u00e9ndose al resultado de las recientes elecciones argentinas. \u201cEs el vac\u00edo de la promesa\u201d, dijo. \u201cEstamos muy habituados a pensar en la desigualdad como un defecto de las pol\u00edticas p\u00fablicas, y no como un resto o una excepcionalidad. Lamentablemente, la falta de vivienda o de salud ocupa a grandes sectores de la poblaci\u00f3n, no es una cosa menor\u201d.<\/p>\n<p>Para el escritor, el individualismo necesita esas ideas de desigualdad para afianzar sus postulados, y de hecho constat\u00f3 que existe una fuerte ideolog\u00eda de producci\u00f3n de subjetividad de desigualdad, lo cual constituye uno de los dilemas expuestos por Skliar hoy en la Facultad de Educaci\u00f3n.<\/p>\n<p>Educarse significa, parad\u00f3jicamente, en alg\u00fan momento ser libre de la educaci\u00f3n, hacerse aut\u00f3nomo e independizarse de las condiciones en las que ha vivido, pro tambi\u00e9n es sin\u00f3nimo de cultivarse y crear comunidad. Pero lo cierto, continuo el ponente, es que hoy en d\u00eda la idea de preparaci\u00f3n se vincula cada vez de forma m\u00e1s estrecha con el mundo del empleo y del consiguiente prestigio. Este hecho ha impregnado el mundo acad\u00e9mico, que ya no est\u00e1 interesado por c\u00f3mo lo hacemos, al tiempo que se ha destruido la idea de comunidad.<\/p>\n<p>\u201cDesear\u00eda que esa idea de autonom\u00eda tambi\u00e9n estuviera transformada de alguna manera, dentro de un marco de pluralidad y comunidad. Hemos interpuesto la<a href=\"https:\/\/www.ull.es\/portal\/noticias\/wp-content\/uploads\/sites\/13\/2023\/11\/Conf-Carlos-Skliar-06.jpg\" target=\"_blank\" rel=\"noopener\"><img decoding=\"async\" loading=\"lazy\" class=\"alignright size-medium wp-image-72960\" src=\"https:\/\/www.ull.es\/portal\/noticias\/wp-content\/uploads\/sites\/13\/2023\/11\/Conf-Carlos-Skliar-06-300x200.jpg\" alt=\"\" width=\"300\" height=\"200\" srcset=\"https:\/\/www.ull.es\/portal\/noticias\/wp-content\/uploads\/sites\/13\/2023\/11\/Conf-Carlos-Skliar-06-300x200.jpg 300w, https:\/\/www.ull.es\/portal\/noticias\/wp-content\/uploads\/sites\/13\/2023\/11\/Conf-Carlos-Skliar-06-768x512.jpg 768w, https:\/\/www.ull.es\/portal\/noticias\/wp-content\/uploads\/sites\/13\/2023\/11\/Conf-Carlos-Skliar-06-375x250.jpg 375w, https:\/\/www.ull.es\/portal\/noticias\/wp-content\/uploads\/sites\/13\/2023\/11\/Conf-Carlos-Skliar-06-750x500.jpg 750w, https:\/\/www.ull.es\/portal\/noticias\/wp-content\/uploads\/sites\/13\/2023\/11\/Conf-Carlos-Skliar-06.jpg 1024w\" sizes=\"(max-width: 300px) 100vw, 300px\" \/><\/a> personalidad evaluadora, ocupando un lugar excesivamente protagonista, pero no la autonom\u00eda ni la comunidad\u201d.<\/p>\n<p>Hay una idea de estafa de la idea del aprender actual. Hoy la promesa de un aprendizaje demorado estar\u00eda completamente obsoleta y por eso tienen tanto auge las plataformas online que aseguran un aprendizaje integral de un idioma extranjero, por ejemplo, con un curso de un par de meses. \u201cConclusi\u00f3n: con esta idea de aprender la funci\u00f3n de la escuela queda en entredicho. La gran batalla no es c\u00f3mo hacer para que la educaci\u00f3n se parezca a estas industrias, sino justo c\u00f3mo hacer para no parecerse a ellas\u201d.<\/p>\n<p>\u201cEducar es no es tanto la creaci\u00f3n de espacios a ocupar, sino de espacios a habitar, y esa es una transformaci\u00f3n urgente\u201d, sentenci\u00f3 Skliar. \u201cEs lo que marca la percepci\u00f3n de la escuela o de mi escuela, de la universidad o de mi universidad\u201d. El investigador argentino a\u00f1adi\u00f3 que hace falta m\u00e1s h\u00e1bito, un concepto denostado y entendido tan solo como la repetici\u00f3n constante de un impacto, cuando en realidad supone m\u00e1s trabajo en comunidad. \u201cSe ha hiper valorado la expresi\u00f3n por encima de la habilidad\u201d.<\/p>\n","protected":false},"excerpt":{"rendered":"<p>El docente de la Facultad Latinoamericana de Ciencias Sociales (Flacso) Carlos Skliar, investigador y docente argentino, est\u00e1 realizando una estancia&#8230;<\/p>\n","protected":false},"author":23,"featured_media":72961,"comment_status":"closed","ping_status":"closed","sticky":false,"template":"","format":"standard","meta":{"inline_featured_image":false,"footnotes":""},"categories":[345,348,2765],"tags":[],"acf":[],"yoast_head":"<!-- This site is optimized with the Yoast SEO plugin v21.3 - https:\/\/yoast.com\/wordpress\/plugins\/seo\/ -->\n<title>Skliar indaga en la ULL en los dilemas del mundo educativo y en la legitimaci\u00f3n de la desigualdad - ULL - Noticias<\/title>\n<meta name=\"robots\" content=\"index, follow, max-snippet:-1, max-image-preview:large, max-video-preview:-1\" \/>\n<link rel=\"canonical\" href=\"https:\/\/www.ull.es\/portal\/noticias\/2023\/skliar-indaga-en-la-ull-en-los-dilemas-del-mundo-educativo-y-en-la-legitimacion-de-la-desigualdad\/\" \/>\n<meta property=\"og:locale\" content=\"es_ES\" \/>\n<meta property=\"og:type\" content=\"article\" \/>\n<meta property=\"og:title\" content=\"Skliar indaga en la ULL en los dilemas del mundo educativo y en la legitimaci\u00f3n de la desigualdad - ULL - Noticias\" \/>\n<meta property=\"og:description\" content=\"El docente de la Facultad Latinoamericana de Ciencias Sociales (Flacso) Carlos Skliar, investigador y docente argentino, est\u00e1 realizando una estancia...\" \/>\n<meta property=\"og:url\" content=\"https:\/\/www.ull.es\/portal\/noticias\/2023\/skliar-indaga-en-la-ull-en-los-dilemas-del-mundo-educativo-y-en-la-legitimacion-de-la-desigualdad\/\" \/>\n<meta property=\"og:site_name\" content=\"ULL - Noticias\" \/>\n<meta property=\"article:publisher\" content=\"https:\/\/www.facebook.com\/universidaddelalaguna\/\" \/>\n<meta property=\"article:published_time\" content=\"2023-11-28T14:43:19+00:00\" \/>\n<meta property=\"og:image\" content=\"https:\/\/www.ull.es\/portal\/noticias\/wp-content\/uploads\/sites\/13\/2023\/11\/Conf-Carlos-Skliar-11.jpg\" \/>\n\t<meta property=\"og:image:width\" content=\"1024\" \/>\n\t<meta property=\"og:image:height\" content=\"683\" \/>\n\t<meta property=\"og:image:type\" content=\"image\/jpeg\" \/>\n<meta name=\"author\" content=\"gaprsa\" \/>\n<meta name=\"twitter:card\" content=\"summary_large_image\" \/>\n<meta name=\"twitter:creator\" content=\"@CanalULL\" \/>\n<meta name=\"twitter:site\" content=\"@CanalULL\" \/>\n<meta name=\"twitter:label1\" content=\"Escrito por\" \/>\n\t<meta name=\"twitter:data1\" content=\"gaprsa\" \/>\n\t<meta name=\"twitter:label2\" content=\"Tiempo de lectura\" \/>\n\t<meta name=\"twitter:data2\" content=\"5 minutos\" \/>\n<script type=\"application\/ld+json\" class=\"yoast-schema-graph\">{\"@context\":\"https:\/\/schema.org\",\"@graph\":[{\"@type\":\"WebPage\",\"@id\":\"https:\/\/www.ull.es\/portal\/noticias\/2023\/skliar-indaga-en-la-ull-en-los-dilemas-del-mundo-educativo-y-en-la-legitimacion-de-la-desigualdad\/\",\"url\":\"https:\/\/www.ull.es\/portal\/noticias\/2023\/skliar-indaga-en-la-ull-en-los-dilemas-del-mundo-educativo-y-en-la-legitimacion-de-la-desigualdad\/\",\"name\":\"Skliar indaga en la ULL en los dilemas del mundo educativo y en la legitimaci\u00f3n de la desigualdad - ULL - Noticias\",\"isPartOf\":{\"@id\":\"https:\/\/www.ull.es\/portal\/noticias\/#website\"},\"datePublished\":\"2023-11-28T14:43:19+00:00\",\"dateModified\":\"2023-11-28T14:43:19+00:00\",\"author\":{\"@id\":\"https:\/\/www.ull.es\/portal\/noticias\/#\/schema\/person\/b2b1a89d43ffa609e591f7df8ef3e817\"},\"breadcrumb\":{\"@id\":\"https:\/\/www.ull.es\/portal\/noticias\/2023\/skliar-indaga-en-la-ull-en-los-dilemas-del-mundo-educativo-y-en-la-legitimacion-de-la-desigualdad\/#breadcrumb\"},\"inLanguage\":\"es\",\"potentialAction\":[{\"@type\":\"ReadAction\",\"target\":[\"https:\/\/www.ull.es\/portal\/noticias\/2023\/skliar-indaga-en-la-ull-en-los-dilemas-del-mundo-educativo-y-en-la-legitimacion-de-la-desigualdad\/\"]}]},{\"@type\":\"BreadcrumbList\",\"@id\":\"https:\/\/www.ull.es\/portal\/noticias\/2023\/skliar-indaga-en-la-ull-en-los-dilemas-del-mundo-educativo-y-en-la-legitimacion-de-la-desigualdad\/#breadcrumb\",\"itemListElement\":[{\"@type\":\"ListItem\",\"position\":1,\"name\":\"Portada\",\"item\":\"https:\/\/www.ull.es\/portal\/noticias\/\"},{\"@type\":\"ListItem\",\"position\":2,\"name\":\"Skliar indaga en la ULL en los dilemas del mundo educativo y en la legitimaci\u00f3n de la desigualdad\"}]},{\"@type\":\"WebSite\",\"@id\":\"https:\/\/www.ull.es\/portal\/noticias\/#website\",\"url\":\"https:\/\/www.ull.es\/portal\/noticias\/\",\"name\":\"ULL - Noticias\",\"description\":\"\",\"potentialAction\":[{\"@type\":\"SearchAction\",\"target\":{\"@type\":\"EntryPoint\",\"urlTemplate\":\"https:\/\/www.ull.es\/portal\/noticias\/?s={search_term_string}\"},\"query-input\":\"required name=search_term_string\"}],\"inLanguage\":\"es\"},{\"@type\":\"Person\",\"@id\":\"https:\/\/www.ull.es\/portal\/noticias\/#\/schema\/person\/b2b1a89d43ffa609e591f7df8ef3e817\",\"name\":\"gaprsa\",\"image\":{\"@type\":\"ImageObject\",\"inLanguage\":\"es\",\"@id\":\"https:\/\/www.ull.es\/portal\/noticias\/#\/schema\/person\/image\/\",\"url\":\"https:\/\/secure.gravatar.com\/avatar\/443820550921091458b4823867723b3d?s=96&d=mm&r=g\",\"contentUrl\":\"https:\/\/secure.gravatar.com\/avatar\/443820550921091458b4823867723b3d?s=96&d=mm&r=g\",\"caption\":\"gaprsa\"},\"url\":\"https:\/\/www.ull.es\/portal\/noticias\/author\/gaprsa\/\"}]}<\/script>\n<!-- \/ Yoast SEO plugin. -->","yoast_head_json":{"title":"Skliar indaga en la ULL en los dilemas del mundo educativo y en la legitimaci\u00f3n de la desigualdad - ULL - Noticias","robots":{"index":"index","follow":"follow","max-snippet":"max-snippet:-1","max-image-preview":"max-image-preview:large","max-video-preview":"max-video-preview:-1"},"canonical":"https:\/\/www.ull.es\/portal\/noticias\/2023\/skliar-indaga-en-la-ull-en-los-dilemas-del-mundo-educativo-y-en-la-legitimacion-de-la-desigualdad\/","og_locale":"es_ES","og_type":"article","og_title":"Skliar indaga en la ULL en los dilemas del mundo educativo y en la legitimaci\u00f3n de la desigualdad - ULL - Noticias","og_description":"El docente de la Facultad Latinoamericana de Ciencias Sociales (Flacso) Carlos Skliar, investigador y docente argentino, est\u00e1 realizando una estancia...","og_url":"https:\/\/www.ull.es\/portal\/noticias\/2023\/skliar-indaga-en-la-ull-en-los-dilemas-del-mundo-educativo-y-en-la-legitimacion-de-la-desigualdad\/","og_site_name":"ULL - Noticias","article_publisher":"https:\/\/www.facebook.com\/universidaddelalaguna\/","article_published_time":"2023-11-28T14:43:19+00:00","og_image":[{"width":1024,"height":683,"url":"https:\/\/www.ull.es\/portal\/noticias\/wp-content\/uploads\/sites\/13\/2023\/11\/Conf-Carlos-Skliar-11.jpg","type":"image\/jpeg"}],"author":"gaprsa","twitter_card":"summary_large_image","twitter_creator":"@CanalULL","twitter_site":"@CanalULL","twitter_misc":{"Escrito por":"gaprsa","Tiempo de lectura":"5 minutos"},"schema":{"@context":"https:\/\/schema.org","@graph":[{"@type":"WebPage","@id":"https:\/\/www.ull.es\/portal\/noticias\/2023\/skliar-indaga-en-la-ull-en-los-dilemas-del-mundo-educativo-y-en-la-legitimacion-de-la-desigualdad\/","url":"https:\/\/www.ull.es\/portal\/noticias\/2023\/skliar-indaga-en-la-ull-en-los-dilemas-del-mundo-educativo-y-en-la-legitimacion-de-la-desigualdad\/","name":"Skliar indaga en la ULL en los dilemas del mundo educativo y en la legitimaci\u00f3n de la desigualdad - ULL - Noticias","isPartOf":{"@id":"https:\/\/www.ull.es\/portal\/noticias\/#website"},"datePublished":"2023-11-28T14:43:19+00:00","dateModified":"2023-11-28T14:43:19+00:00","author":{"@id":"https:\/\/www.ull.es\/portal\/noticias\/#\/schema\/person\/b2b1a89d43ffa609e591f7df8ef3e817"},"breadcrumb":{"@id":"https:\/\/www.ull.es\/portal\/noticias\/2023\/skliar-indaga-en-la-ull-en-los-dilemas-del-mundo-educativo-y-en-la-legitimacion-de-la-desigualdad\/#breadcrumb"},"inLanguage":"es","potentialAction":[{"@type":"ReadAction","target":["https:\/\/www.ull.es\/portal\/noticias\/2023\/skliar-indaga-en-la-ull-en-los-dilemas-del-mundo-educativo-y-en-la-legitimacion-de-la-desigualdad\/"]}]},{"@type":"BreadcrumbList","@id":"https:\/\/www.ull.es\/portal\/noticias\/2023\/skliar-indaga-en-la-ull-en-los-dilemas-del-mundo-educativo-y-en-la-legitimacion-de-la-desigualdad\/#breadcrumb","itemListElement":[{"@type":"ListItem","position":1,"name":"Portada","item":"https:\/\/www.ull.es\/portal\/noticias\/"},{"@type":"ListItem","position":2,"name":"Skliar indaga en la ULL en los dilemas del mundo educativo y en la legitimaci\u00f3n de la desigualdad"}]},{"@type":"WebSite","@id":"https:\/\/www.ull.es\/portal\/noticias\/#website","url":"https:\/\/www.ull.es\/portal\/noticias\/","name":"ULL - Noticias","description":"","potentialAction":[{"@type":"SearchAction","target":{"@type":"EntryPoint","urlTemplate":"https:\/\/www.ull.es\/portal\/noticias\/?s={search_term_string}"},"query-input":"required name=search_term_string"}],"inLanguage":"es"},{"@type":"Person","@id":"https:\/\/www.ull.es\/portal\/noticias\/#\/schema\/person\/b2b1a89d43ffa609e591f7df8ef3e817","name":"gaprsa","image":{"@type":"ImageObject","inLanguage":"es","@id":"https:\/\/www.ull.es\/portal\/noticias\/#\/schema\/person\/image\/","url":"https:\/\/secure.gravatar.com\/avatar\/443820550921091458b4823867723b3d?s=96&d=mm&r=g","contentUrl":"https:\/\/secure.gravatar.com\/avatar\/443820550921091458b4823867723b3d?s=96&d=mm&r=g","caption":"gaprsa"},"url":"https:\/\/www.ull.es\/portal\/noticias\/author\/gaprsa\/"}]}},"primary_category":{"id":345,"name":"Destacado","slug":"destacado","link":"https:\/\/www.ull.es\/portal\/noticias\/category\/destacado\/"},"featured_image_thumbnail_url":"https:\/\/www.ull.es\/portal\/noticias\/wp-content\/uploads\/sites\/13\/2023\/11\/Conf-Carlos-Skliar-11-300x200.jpg","_links":{"self":[{"href":"https:\/\/www.ull.es\/portal\/noticias\/wp-json\/wp\/v2\/posts\/72958"}],"collection":[{"href":"https:\/\/www.ull.es\/portal\/noticias\/wp-json\/wp\/v2\/posts"}],"about":[{"href":"https:\/\/www.ull.es\/portal\/noticias\/wp-json\/wp\/v2\/types\/post"}],"author":[{"embeddable":true,"href":"https:\/\/www.ull.es\/portal\/noticias\/wp-json\/wp\/v2\/users\/23"}],"replies":[{"embeddable":true,"href":"https:\/\/www.ull.es\/portal\/noticias\/wp-json\/wp\/v2\/comments?post=72958"}],"version-history":[{"count":1,"href":"https:\/\/www.ull.es\/portal\/noticias\/wp-json\/wp\/v2\/posts\/72958\/revisions"}],"predecessor-version":[{"id":72963,"href":"https:\/\/www.ull.es\/portal\/noticias\/wp-json\/wp\/v2\/posts\/72958\/revisions\/72963"}],"wp:featuredmedia":[{"embeddable":true,"href":"https:\/\/www.ull.es\/portal\/noticias\/wp-json\/wp\/v2\/media\/72961"}],"wp:attachment":[{"href":"https:\/\/www.ull.es\/portal\/noticias\/wp-json\/wp\/v2\/media?parent=72958"}],"wp:term":[{"taxonomy":"category","embeddable":true,"href":"https:\/\/www.ull.es\/portal\/noticias\/wp-json\/wp\/v2\/categories?post=72958"},{"taxonomy":"post_tag","embeddable":true,"href":"https:\/\/www.ull.es\/portal\/noticias\/wp-json\/wp\/v2\/tags?post=72958"}],"curies":[{"name":"wp","href":"https:\/\/api.w.org\/{rel}","templated":true}]}}