{"id":73015,"date":"2023-12-01T12:14:08","date_gmt":"2023-12-01T12:14:08","guid":{"rendered":"https:\/\/www.ull.es\/portal\/noticias\/?p=73015"},"modified":"2023-12-01T12:18:35","modified_gmt":"2023-12-01T12:18:35","slug":"ull-politica-colaboracion-municipal-alcaldes-republica-dominicana","status":"publish","type":"post","link":"https:\/\/www.ull.es\/portal\/noticias\/2023\/ull-politica-colaboracion-municipal-alcaldes-republica-dominicana\/","title":{"rendered":"La Universidad de La Laguna muestra su pol\u00edtica de colaboraci\u00f3n municipal en un foro con alcaldes dominicanos"},"content":{"rendered":"<p>La Universidad de La Laguna ha sido escenario hoy, 1 de diciembre, del primer foro de municipalidad entre la Rep\u00fablica Dominicana y las Islas Canarias. Se trata de una reuni\u00f3n promovida por los vicerrectorados de Cultura y Extensi\u00f3n Universitaria y de Internacionalizaci\u00f3n y Cooperaci\u00f3n, en la que se pretende ofrecer a un nutrido grupo de alcaldes del pa\u00eds sudamericano estrategias y nuevas formas de enfocar el trabajo de la administraci\u00f3n local hacia la ciudadan\u00eda.<\/p>\n<p>Esta cita, promovida por el Consulado General, a manos de Katia Castillo, persigue mostrar a los representantes locales los distintos modos en que la propia universidad ejerce su actividad de extensi\u00f3n universitaria en los municipios y territorios, mostrando buenas pr\u00e1cticas como la Universidad de Verano de Adeje, la actividad de las c\u00e1tedras institucionales y de empresa, el Programa de Universidad para Mayores o los cursos en municipios e islas.<\/p>\n<p><a href=\"https:\/\/www.ull.es\/portal\/noticias\/wp-content\/uploads\/sites\/13\/2023\/12\/Foro-municipalidad-04.jpg\" target=\"_blank\" rel=\"noopener\" target=\"_blank\" rel=\"noopener\"><img decoding=\"async\" loading=\"lazy\" class=\"alignleft wp-image-73017 size-medium\" src=\"https:\/\/www.ull.es\/portal\/noticias\/wp-content\/uploads\/sites\/13\/2023\/12\/Foro-municipalidad-04-300x200.jpg\" alt=\"\" width=\"300\" height=\"200\" srcset=\"https:\/\/www.ull.es\/portal\/noticias\/wp-content\/uploads\/sites\/13\/2023\/12\/Foro-municipalidad-04-300x200.jpg 300w, https:\/\/www.ull.es\/portal\/noticias\/wp-content\/uploads\/sites\/13\/2023\/12\/Foro-municipalidad-04-768x512.jpg 768w, https:\/\/www.ull.es\/portal\/noticias\/wp-content\/uploads\/sites\/13\/2023\/12\/Foro-municipalidad-04-375x250.jpg 375w, https:\/\/www.ull.es\/portal\/noticias\/wp-content\/uploads\/sites\/13\/2023\/12\/Foro-municipalidad-04-750x500.jpg 750w, https:\/\/www.ull.es\/portal\/noticias\/wp-content\/uploads\/sites\/13\/2023\/12\/Foro-municipalidad-04.jpg 1024w\" sizes=\"(max-width: 300px) 100vw, 300px\" \/><\/a>Un fen\u00f3meno meteorol\u00f3gico adverso ha impedido la asistencia de buena parte de la delegaci\u00f3n sudamericana, que ha quedado reducida a una decena de representantes de alcald\u00edas. La vicerrectora de Cultura y Extensi\u00f3n Universitaria, Isabel Le\u00f3n, fue la encargada de abrir la sesi\u00f3n, explicando que la extensi\u00f3n universitaria supone una ambici\u00f3n de la academia para romper barreras, lograr un aprendizaje significativo a lo largo de la vida, compartir objetivos con otras entidades y extender el conocimiento y la transferencia universitaria a la sociedad. De hecho, sostuvo que la Universidad de La Laguna se siente muy orgullosa de la extensi\u00f3n universitaria que lleva a cabo, \u201cpensando en el bienestar de la sociedad a la que nos debemos\u201d, dijo.<\/p>\n<p>La jornada se abri\u00f3 con la ponencia de Fernando Fari\u00f1a, de los servicios jur\u00eddicos del Ayuntamiento de Santa Cruz de Tenerife, quien centr\u00f3 su intervenci\u00f3n sobre la municipalidad y la gobernanza desde la experiencia. El jurista, con m\u00e1s de 30 a\u00f1os en la administraci\u00f3n p\u00fablica, explic\u00f3 el rol de la municipalidad, qu\u00e9 se espera de los municipios y a qu\u00e9 retos se enfrentan.<\/p>\n<p>Fari\u00f1a indic\u00f3 que los municipios tienen que atender de forma distinta, mucho m\u00e1s r\u00e1pida. \u201cNo podemos avanzar si no tenemos una estrategia hacia d\u00f3nde ir, gestada despu\u00e9s de di\u00e1logos intensos con los interlocutores\u201d. Por eso, calific\u00f3 a la administraci\u00f3n local \u201cde trinchera\u201d, de respuesta r\u00e1pida a los usuarios y usuarias. \u201cY lo cierto es que no hemos generado espacios para reflexionar sobre ello. Somos entidad territorial b\u00e1sica, cauce inmediato para la participaci\u00f3n inmediata a los ciudadanos\u201d.<\/p>\n<p>El ponente explic\u00f3 que su corporaci\u00f3n posee una estructura muy jer\u00e1rquica, que permite el control y la supervisi\u00f3n, pero a su vez es de respuesta lenta. \u201cEsto debe cambiar, porque las expectativas de la gente son inmediatas, y de no ser as\u00ed tenemos un problema de legitimaci\u00f3n como administraci\u00f3n local\u201d. Adem\u00e1s, a\u00f1adi\u00f3, la administraci\u00f3n est\u00e1 muy fraccionada, con muchos departamentos de car\u00e1cter horizontal, lo cual est\u00e1 generando problemas.<\/p>\n<div id=\"attachment_73018\" style=\"width: 310px\" class=\"wp-caption alignright\"><a href=\"https:\/\/www.ull.es\/portal\/noticias\/wp-content\/uploads\/sites\/13\/2023\/12\/Foro-municipalidad-09.jpg\" target=\"_blank\" rel=\"noopener\" target=\"_blank\" rel=\"noopener\"><img aria-describedby=\"caption-attachment-73018\" decoding=\"async\" loading=\"lazy\" class=\"wp-image-73018 size-medium\" src=\"https:\/\/www.ull.es\/portal\/noticias\/wp-content\/uploads\/sites\/13\/2023\/12\/Foro-municipalidad-09-300x200.jpg\" alt=\"Fernando Fari\u00f1a.\" width=\"300\" height=\"200\" srcset=\"https:\/\/www.ull.es\/portal\/noticias\/wp-content\/uploads\/sites\/13\/2023\/12\/Foro-municipalidad-09-300x200.jpg 300w, https:\/\/www.ull.es\/portal\/noticias\/wp-content\/uploads\/sites\/13\/2023\/12\/Foro-municipalidad-09-768x512.jpg 768w, https:\/\/www.ull.es\/portal\/noticias\/wp-content\/uploads\/sites\/13\/2023\/12\/Foro-municipalidad-09-375x250.jpg 375w, https:\/\/www.ull.es\/portal\/noticias\/wp-content\/uploads\/sites\/13\/2023\/12\/Foro-municipalidad-09-750x500.jpg 750w, https:\/\/www.ull.es\/portal\/noticias\/wp-content\/uploads\/sites\/13\/2023\/12\/Foro-municipalidad-09.jpg 1024w\" sizes=\"(max-width: 300px) 100vw, 300px\" \/><\/a><p id=\"caption-attachment-73018\" class=\"wp-caption-text\">Fernando Fari\u00f1a.<\/p><\/div>\n<p>Las administraciones locales que est\u00e1n en la vanguardia, hablan de gesti\u00f3n de proyectos, rompiendo la estructura tradicional, de tal manera que el personal funcionario tiene una visi\u00f3n m\u00e1s completa de los retos que debe abordar. Se necesitan agentes facilitadores, dijo, porque existe mucha resistencia al cambio, y es necesario orientarse hacia resultados. \u201cHace falta pedagog\u00eda y fortaleza institucional, adem\u00e1s de liderazgo\u201d.<\/p>\n<p>El ponente, que mantuvo un fluido di\u00e1logo con los alcaldes dominicanos, recalc\u00f3 la pertinencia de la estrategia para saber ad\u00f3nde se quiere llegar. \u201cTambi\u00e9n es importante la gobernanza, saber con qui\u00e9n se puede contar, qu\u00e9 multiplicidad de actores figuran en el escenario\u201d. Fari\u00f1a a\u00f1adi\u00f3 que se ha de establecer mecanismos de cooperaci\u00f3n en todos los \u00e1mbitos, rompiendo parcelas de poder y colaborando con los cabildos.<\/p>\n<p>El jurista se detuvo finalmente en c\u00f3mo convertir un programa electoral en un mandato de gobierno, para lo cual recomend\u00f3 trabajar en el modelo organizacional, definiendo objetivos y superando el modelo estanco departamental. Hay que optimizar los recursos y utilizar los medios electr\u00f3nicos que sean necesarios. En opini\u00f3n del experto, hay que trabajar en competencias de trabajo y no en fichas con funciones asignadas a cada puesto de trabajo, un asunto, dijo, que ya est\u00e1 superado.<\/p>\n","protected":false},"excerpt":{"rendered":"<p>La Universidad de La Laguna ha sido escenario hoy, 1 de diciembre, del primer foro de municipalidad entre la Rep\u00fablica&#8230;<\/p>\n","protected":false},"author":21,"featured_media":73016,"comment_status":"closed","ping_status":"closed","sticky":false,"template":"","format":"standard","meta":{"inline_featured_image":false,"footnotes":""},"categories":[345,349,2765],"tags":[10574,1373,10573,10571,10572,10570,10568,10569],"acf":[],"yoast_head":"<!-- This site is optimized with the Yoast SEO plugin v21.3 - https:\/\/yoast.com\/wordpress\/plugins\/seo\/ -->\n<title>La ULL nuestra su colaboraci\u00f3n municipal a alcaldes dominicanos<\/title>\n<meta name=\"description\" content=\"Este primer mostr\u00f3 a un nutrido grupo de alcaldes dominicanos nuevas estrategias para enfocar el trabajo de la administraci\u00f3n local.\" \/>\n<meta name=\"robots\" content=\"index, follow, max-snippet:-1, max-image-preview:large, max-video-preview:-1\" \/>\n<link rel=\"canonical\" href=\"https:\/\/www.ull.es\/portal\/noticias\/2023\/ull-politica-colaboracion-municipal-alcaldes-republica-dominicana\/\" \/>\n<meta property=\"og:locale\" content=\"es_ES\" \/>\n<meta property=\"og:type\" content=\"article\" \/>\n<meta property=\"og:title\" content=\"La ULL nuestra su colaboraci\u00f3n municipal a alcaldes dominicanos\" \/>\n<meta property=\"og:description\" content=\"Este primer mostr\u00f3 a un nutrido grupo de alcaldes dominicanos nuevas estrategias para enfocar el trabajo de la administraci\u00f3n local.\" \/>\n<meta property=\"og:url\" content=\"https:\/\/www.ull.es\/portal\/noticias\/2023\/ull-politica-colaboracion-municipal-alcaldes-republica-dominicana\/\" \/>\n<meta property=\"og:site_name\" content=\"ULL - Noticias\" \/>\n<meta property=\"article:publisher\" content=\"https:\/\/www.facebook.com\/universidaddelalaguna\/\" \/>\n<meta property=\"article:published_time\" content=\"2023-12-01T12:14:08+00:00\" \/>\n<meta property=\"article:modified_time\" content=\"2023-12-01T12:18:35+00:00\" \/>\n<meta property=\"og:image\" content=\"https:\/\/www.ull.es\/portal\/noticias\/wp-content\/uploads\/sites\/13\/2023\/12\/Foro-municipalidad-02.jpg\" \/>\n\t<meta property=\"og:image:width\" content=\"1024\" \/>\n\t<meta property=\"og:image:height\" content=\"683\" \/>\n\t<meta property=\"og:image:type\" content=\"image\/jpeg\" \/>\n<meta name=\"author\" content=\"prensa2\" \/>\n<meta name=\"twitter:card\" content=\"summary_large_image\" \/>\n<meta name=\"twitter:creator\" content=\"@CanalULL\" \/>\n<meta name=\"twitter:site\" content=\"@CanalULL\" \/>\n<meta name=\"twitter:label1\" content=\"Escrito por\" \/>\n\t<meta name=\"twitter:data1\" content=\"prensa2\" \/>\n\t<meta name=\"twitter:label2\" content=\"Tiempo de lectura\" \/>\n\t<meta name=\"twitter:data2\" content=\"4 minutos\" \/>\n<script type=\"application\/ld+json\" class=\"yoast-schema-graph\">{\"@context\":\"https:\/\/schema.org\",\"@graph\":[{\"@type\":\"WebPage\",\"@id\":\"https:\/\/www.ull.es\/portal\/noticias\/2023\/ull-politica-colaboracion-municipal-alcaldes-republica-dominicana\/\",\"url\":\"https:\/\/www.ull.es\/portal\/noticias\/2023\/ull-politica-colaboracion-municipal-alcaldes-republica-dominicana\/\",\"name\":\"La ULL nuestra su colaboraci\u00f3n municipal a alcaldes dominicanos\",\"isPartOf\":{\"@id\":\"https:\/\/www.ull.es\/portal\/noticias\/#website\"},\"datePublished\":\"2023-12-01T12:14:08+00:00\",\"dateModified\":\"2023-12-01T12:18:35+00:00\",\"author\":{\"@id\":\"https:\/\/www.ull.es\/portal\/noticias\/#\/schema\/person\/c3b2aa857797592927a03740d6664376\"},\"description\":\"Este primer mostr\u00f3 a un nutrido grupo de alcaldes dominicanos nuevas estrategias para enfocar el trabajo de la administraci\u00f3n local.\",\"breadcrumb\":{\"@id\":\"https:\/\/www.ull.es\/portal\/noticias\/2023\/ull-politica-colaboracion-municipal-alcaldes-republica-dominicana\/#breadcrumb\"},\"inLanguage\":\"es\",\"potentialAction\":[{\"@type\":\"ReadAction\",\"target\":[\"https:\/\/www.ull.es\/portal\/noticias\/2023\/ull-politica-colaboracion-municipal-alcaldes-republica-dominicana\/\"]}]},{\"@type\":\"BreadcrumbList\",\"@id\":\"https:\/\/www.ull.es\/portal\/noticias\/2023\/ull-politica-colaboracion-municipal-alcaldes-republica-dominicana\/#breadcrumb\",\"itemListElement\":[{\"@type\":\"ListItem\",\"position\":1,\"name\":\"Portada\",\"item\":\"https:\/\/www.ull.es\/portal\/noticias\/\"},{\"@type\":\"ListItem\",\"position\":2,\"name\":\"La Universidad de La Laguna muestra su pol\u00edtica de colaboraci\u00f3n municipal en un foro con alcaldes dominicanos\"}]},{\"@type\":\"WebSite\",\"@id\":\"https:\/\/www.ull.es\/portal\/noticias\/#website\",\"url\":\"https:\/\/www.ull.es\/portal\/noticias\/\",\"name\":\"ULL - Noticias\",\"description\":\"\",\"potentialAction\":[{\"@type\":\"SearchAction\",\"target\":{\"@type\":\"EntryPoint\",\"urlTemplate\":\"https:\/\/www.ull.es\/portal\/noticias\/?s={search_term_string}\"},\"query-input\":\"required name=search_term_string\"}],\"inLanguage\":\"es\"},{\"@type\":\"Person\",\"@id\":\"https:\/\/www.ull.es\/portal\/noticias\/#\/schema\/person\/c3b2aa857797592927a03740d6664376\",\"name\":\"prensa2\",\"image\":{\"@type\":\"ImageObject\",\"inLanguage\":\"es\",\"@id\":\"https:\/\/www.ull.es\/portal\/noticias\/#\/schema\/person\/image\/\",\"url\":\"https:\/\/secure.gravatar.com\/avatar\/b58f310a5de5feb33d1e026d2493f23c?s=96&d=mm&r=g\",\"contentUrl\":\"https:\/\/secure.gravatar.com\/avatar\/b58f310a5de5feb33d1e026d2493f23c?s=96&d=mm&r=g\",\"caption\":\"prensa2\"},\"url\":\"https:\/\/www.ull.es\/portal\/noticias\/author\/prensa2\/\"}]}<\/script>\n<!-- \/ Yoast SEO plugin. -->","yoast_head_json":{"title":"La ULL nuestra su colaboraci\u00f3n municipal a alcaldes dominicanos","description":"Este primer mostr\u00f3 a un nutrido grupo de alcaldes dominicanos nuevas estrategias para enfocar el trabajo de la administraci\u00f3n local.","robots":{"index":"index","follow":"follow","max-snippet":"max-snippet:-1","max-image-preview":"max-image-preview:large","max-video-preview":"max-video-preview:-1"},"canonical":"https:\/\/www.ull.es\/portal\/noticias\/2023\/ull-politica-colaboracion-municipal-alcaldes-republica-dominicana\/","og_locale":"es_ES","og_type":"article","og_title":"La ULL nuestra su colaboraci\u00f3n municipal a alcaldes dominicanos","og_description":"Este primer mostr\u00f3 a un nutrido grupo de alcaldes dominicanos nuevas estrategias para enfocar el trabajo de la administraci\u00f3n local.","og_url":"https:\/\/www.ull.es\/portal\/noticias\/2023\/ull-politica-colaboracion-municipal-alcaldes-republica-dominicana\/","og_site_name":"ULL - Noticias","article_publisher":"https:\/\/www.facebook.com\/universidaddelalaguna\/","article_published_time":"2023-12-01T12:14:08+00:00","article_modified_time":"2023-12-01T12:18:35+00:00","og_image":[{"width":1024,"height":683,"url":"https:\/\/www.ull.es\/portal\/noticias\/wp-content\/uploads\/sites\/13\/2023\/12\/Foro-municipalidad-02.jpg","type":"image\/jpeg"}],"author":"prensa2","twitter_card":"summary_large_image","twitter_creator":"@CanalULL","twitter_site":"@CanalULL","twitter_misc":{"Escrito por":"prensa2","Tiempo de lectura":"4 minutos"},"schema":{"@context":"https:\/\/schema.org","@graph":[{"@type":"WebPage","@id":"https:\/\/www.ull.es\/portal\/noticias\/2023\/ull-politica-colaboracion-municipal-alcaldes-republica-dominicana\/","url":"https:\/\/www.ull.es\/portal\/noticias\/2023\/ull-politica-colaboracion-municipal-alcaldes-republica-dominicana\/","name":"La ULL nuestra su colaboraci\u00f3n municipal a alcaldes dominicanos","isPartOf":{"@id":"https:\/\/www.ull.es\/portal\/noticias\/#website"},"datePublished":"2023-12-01T12:14:08+00:00","dateModified":"2023-12-01T12:18:35+00:00","author":{"@id":"https:\/\/www.ull.es\/portal\/noticias\/#\/schema\/person\/c3b2aa857797592927a03740d6664376"},"description":"Este primer mostr\u00f3 a un nutrido grupo de alcaldes dominicanos nuevas estrategias para enfocar el trabajo de la administraci\u00f3n local.","breadcrumb":{"@id":"https:\/\/www.ull.es\/portal\/noticias\/2023\/ull-politica-colaboracion-municipal-alcaldes-republica-dominicana\/#breadcrumb"},"inLanguage":"es","potentialAction":[{"@type":"ReadAction","target":["https:\/\/www.ull.es\/portal\/noticias\/2023\/ull-politica-colaboracion-municipal-alcaldes-republica-dominicana\/"]}]},{"@type":"BreadcrumbList","@id":"https:\/\/www.ull.es\/portal\/noticias\/2023\/ull-politica-colaboracion-municipal-alcaldes-republica-dominicana\/#breadcrumb","itemListElement":[{"@type":"ListItem","position":1,"name":"Portada","item":"https:\/\/www.ull.es\/portal\/noticias\/"},{"@type":"ListItem","position":2,"name":"La Universidad de La Laguna muestra su pol\u00edtica de colaboraci\u00f3n municipal en un foro con alcaldes dominicanos"}]},{"@type":"WebSite","@id":"https:\/\/www.ull.es\/portal\/noticias\/#website","url":"https:\/\/www.ull.es\/portal\/noticias\/","name":"ULL - Noticias","description":"","potentialAction":[{"@type":"SearchAction","target":{"@type":"EntryPoint","urlTemplate":"https:\/\/www.ull.es\/portal\/noticias\/?s={search_term_string}"},"query-input":"required name=search_term_string"}],"inLanguage":"es"},{"@type":"Person","@id":"https:\/\/www.ull.es\/portal\/noticias\/#\/schema\/person\/c3b2aa857797592927a03740d6664376","name":"prensa2","image":{"@type":"ImageObject","inLanguage":"es","@id":"https:\/\/www.ull.es\/portal\/noticias\/#\/schema\/person\/image\/","url":"https:\/\/secure.gravatar.com\/avatar\/b58f310a5de5feb33d1e026d2493f23c?s=96&d=mm&r=g","contentUrl":"https:\/\/secure.gravatar.com\/avatar\/b58f310a5de5feb33d1e026d2493f23c?s=96&d=mm&r=g","caption":"prensa2"},"url":"https:\/\/www.ull.es\/portal\/noticias\/author\/prensa2\/"}]}},"primary_category":{"id":345,"name":"Destacado","slug":"destacado","link":"https:\/\/www.ull.es\/portal\/noticias\/category\/destacado\/"},"featured_image_thumbnail_url":"https:\/\/www.ull.es\/portal\/noticias\/wp-content\/uploads\/sites\/13\/2023\/12\/Foro-municipalidad-02-300x200.jpg","_links":{"self":[{"href":"https:\/\/www.ull.es\/portal\/noticias\/wp-json\/wp\/v2\/posts\/73015"}],"collection":[{"href":"https:\/\/www.ull.es\/portal\/noticias\/wp-json\/wp\/v2\/posts"}],"about":[{"href":"https:\/\/www.ull.es\/portal\/noticias\/wp-json\/wp\/v2\/types\/post"}],"author":[{"embeddable":true,"href":"https:\/\/www.ull.es\/portal\/noticias\/wp-json\/wp\/v2\/users\/21"}],"replies":[{"embeddable":true,"href":"https:\/\/www.ull.es\/portal\/noticias\/wp-json\/wp\/v2\/comments?post=73015"}],"version-history":[{"count":1,"href":"https:\/\/www.ull.es\/portal\/noticias\/wp-json\/wp\/v2\/posts\/73015\/revisions"}],"predecessor-version":[{"id":73019,"href":"https:\/\/www.ull.es\/portal\/noticias\/wp-json\/wp\/v2\/posts\/73015\/revisions\/73019"}],"wp:featuredmedia":[{"embeddable":true,"href":"https:\/\/www.ull.es\/portal\/noticias\/wp-json\/wp\/v2\/media\/73016"}],"wp:attachment":[{"href":"https:\/\/www.ull.es\/portal\/noticias\/wp-json\/wp\/v2\/media?parent=73015"}],"wp:term":[{"taxonomy":"category","embeddable":true,"href":"https:\/\/www.ull.es\/portal\/noticias\/wp-json\/wp\/v2\/categories?post=73015"},{"taxonomy":"post_tag","embeddable":true,"href":"https:\/\/www.ull.es\/portal\/noticias\/wp-json\/wp\/v2\/tags?post=73015"}],"curies":[{"name":"wp","href":"https:\/\/api.w.org\/{rel}","templated":true}]}}