{"id":73212,"date":"2023-12-12T12:18:29","date_gmt":"2023-12-12T12:18:29","guid":{"rendered":"https:\/\/www.ull.es\/portal\/noticias\/?p=73212"},"modified":"2023-12-12T12:48:22","modified_gmt":"2023-12-12T12:48:22","slug":"la-facultad-de-ciencias-economicas-acoge-la-presentacion-del-barometro-2023-sobre-la-laguna","status":"publish","type":"post","link":"https:\/\/www.ull.es\/portal\/noticias\/2023\/la-facultad-de-ciencias-economicas-acoge-la-presentacion-del-barometro-2023-sobre-la-laguna\/","title":{"rendered":"La Facultad de Econom\u00eda, Empresa y Turismo de la ULL acoge la presentaci\u00f3n del Bar\u00f3metro 2023 sobre La Laguna"},"content":{"rendered":"<p>Un equipo de investigadores de la Universidad de La Laguna ha realizado el Bar\u00f3metro 2023, un estudio exhaustivo impulsado por el Foro Econ\u00f3mico y Social que recoge las preocupaciones y problemas que afectan a la poblaci\u00f3n lagunera, en la idea de analizar sus demandas y priorizar aquellas m\u00e1s urgentes. El objetivo de todo ello es contar con una planificaci\u00f3n estrat\u00e9gica para abordar el futuro del municipio.<\/p>\n<p>Los resultados de todo este trabajo ser\u00e1n presentados ma\u00f1ana mi\u00e9rcoles 13 de diciembre a las 17,30 horas en la Facultad de Econom\u00eda, Empresa y Turismo por el rector de la instituci\u00f3n acad\u00e9mica, Francisco Garc\u00eda, y el alcalde de La Laguna, Luis Yeray Guti\u00e9rrez, junto a los investigadores implicados: Josu\u00e9 Guti\u00e9rrez Barroso, director del estudio; y los soci\u00f3logos Ana Goretty Padr\u00f3n y Juan Vianney Trujillo.<\/p>\n<p>Los datos han sido obtenidos a trav\u00e9s de una encuesta que ha permitido estudiar las principales cuestiones que impactan en la calidad de vida de la ciudadan\u00eda. As\u00ed, el estudio servir\u00e1 para proponer soluciones pr\u00e1cticas a los desaf\u00edos que enfrenta este territorio y establecer las pol\u00edticas adecuadas para procurar el cambio.<\/p>\n<p>El Bar\u00f3metro da cuenta tambi\u00e9n del compromiso de la Universidad de La Laguna con la responsabilidad social y su vocaci\u00f3n por ser un agente activo en la transformaci\u00f3n positiva de la realidad, contribuyendo as\u00ed al bienestar colectivo de la poblaci\u00f3n del municipio y de toda Canarias.<\/p>\n<p>El estudio permitir\u00e1 analizar la percepci\u00f3n sobre la situaci\u00f3n econ\u00f3mica personal y del municipio, conocer la idea que se tiene del panorama pol\u00edtico local y averiguar cu\u00e1les son los principales problemas que afectan a los ciudadanos. Igualmente, determinar\u00e1 los principales problemas del barrio o zona de residencia, conocer las demandas de los encuestados y, con todo ello, generar un modelo de bar\u00f3metro que logre analizar las preocupaciones y necesidades de la poblaci\u00f3n lagunera a lo largo del tiempo.<\/p>\n","protected":false},"excerpt":{"rendered":"<p>Un equipo de investigadores de la Universidad de La Laguna ha realizado el Bar\u00f3metro 2023, un estudio exhaustivo impulsado por&#8230;<\/p>\n","protected":false},"author":23,"featured_media":73215,"comment_status":"closed","ping_status":"closed","sticky":false,"template":"","format":"standard","meta":{"inline_featured_image":false,"footnotes":""},"categories":[345,3906,348,2765],"tags":[10602],"acf":[],"yoast_head":"<!-- This site is optimized with the Yoast SEO plugin v21.3 - https:\/\/yoast.com\/wordpress\/plugins\/seo\/ -->\n<title>La Facultad de Econom\u00eda, Empresa y Turismo de la ULL acoge la presentaci\u00f3n del Bar\u00f3metro 2023 sobre La Laguna - ULL - Noticias<\/title>\n<meta name=\"robots\" content=\"index, follow, max-snippet:-1, max-image-preview:large, max-video-preview:-1\" \/>\n<link rel=\"canonical\" href=\"https:\/\/www.ull.es\/portal\/noticias\/2023\/la-facultad-de-ciencias-economicas-acoge-la-presentacion-del-barometro-2023-sobre-la-laguna\/\" \/>\n<meta property=\"og:locale\" content=\"es_ES\" \/>\n<meta property=\"og:type\" content=\"article\" \/>\n<meta property=\"og:title\" content=\"La Facultad de Econom\u00eda, Empresa y Turismo de la ULL acoge la presentaci\u00f3n del Bar\u00f3metro 2023 sobre La Laguna - ULL - Noticias\" \/>\n<meta property=\"og:description\" content=\"Un equipo de investigadores de la Universidad de La Laguna ha realizado el Bar\u00f3metro 2023, un estudio exhaustivo impulsado por...\" \/>\n<meta property=\"og:url\" content=\"https:\/\/www.ull.es\/portal\/noticias\/2023\/la-facultad-de-ciencias-economicas-acoge-la-presentacion-del-barometro-2023-sobre-la-laguna\/\" \/>\n<meta property=\"og:site_name\" content=\"ULL - Noticias\" \/>\n<meta property=\"article:publisher\" content=\"https:\/\/www.facebook.com\/universidaddelalaguna\/\" \/>\n<meta property=\"article:published_time\" content=\"2023-12-12T12:18:29+00:00\" \/>\n<meta property=\"article:modified_time\" content=\"2023-12-12T12:48:22+00:00\" \/>\n<meta property=\"og:image\" content=\"https:\/\/www.ull.es\/portal\/noticias\/wp-content\/uploads\/sites\/13\/2023\/12\/Barometro-de-La-Laguna-2023.jpg\" \/>\n\t<meta property=\"og:image:width\" content=\"700\" \/>\n\t<meta property=\"og:image:height\" content=\"350\" \/>\n\t<meta property=\"og:image:type\" content=\"image\/jpeg\" \/>\n<meta name=\"author\" content=\"gaprsa\" \/>\n<meta name=\"twitter:card\" content=\"summary_large_image\" \/>\n<meta name=\"twitter:creator\" content=\"@CanalULL\" \/>\n<meta name=\"twitter:site\" content=\"@CanalULL\" \/>\n<meta name=\"twitter:label1\" content=\"Escrito por\" \/>\n\t<meta name=\"twitter:data1\" content=\"gaprsa\" \/>\n\t<meta name=\"twitter:label2\" content=\"Tiempo de lectura\" \/>\n\t<meta name=\"twitter:data2\" content=\"2 minutos\" \/>\n<script type=\"application\/ld+json\" class=\"yoast-schema-graph\">{\"@context\":\"https:\/\/schema.org\",\"@graph\":[{\"@type\":\"WebPage\",\"@id\":\"https:\/\/www.ull.es\/portal\/noticias\/2023\/la-facultad-de-ciencias-economicas-acoge-la-presentacion-del-barometro-2023-sobre-la-laguna\/\",\"url\":\"https:\/\/www.ull.es\/portal\/noticias\/2023\/la-facultad-de-ciencias-economicas-acoge-la-presentacion-del-barometro-2023-sobre-la-laguna\/\",\"name\":\"La Facultad de Econom\u00eda, Empresa y Turismo de la ULL acoge la presentaci\u00f3n del Bar\u00f3metro 2023 sobre La Laguna - ULL - Noticias\",\"isPartOf\":{\"@id\":\"https:\/\/www.ull.es\/portal\/noticias\/#website\"},\"datePublished\":\"2023-12-12T12:18:29+00:00\",\"dateModified\":\"2023-12-12T12:48:22+00:00\",\"author\":{\"@id\":\"https:\/\/www.ull.es\/portal\/noticias\/#\/schema\/person\/b2b1a89d43ffa609e591f7df8ef3e817\"},\"breadcrumb\":{\"@id\":\"https:\/\/www.ull.es\/portal\/noticias\/2023\/la-facultad-de-ciencias-economicas-acoge-la-presentacion-del-barometro-2023-sobre-la-laguna\/#breadcrumb\"},\"inLanguage\":\"es\",\"potentialAction\":[{\"@type\":\"ReadAction\",\"target\":[\"https:\/\/www.ull.es\/portal\/noticias\/2023\/la-facultad-de-ciencias-economicas-acoge-la-presentacion-del-barometro-2023-sobre-la-laguna\/\"]}]},{\"@type\":\"BreadcrumbList\",\"@id\":\"https:\/\/www.ull.es\/portal\/noticias\/2023\/la-facultad-de-ciencias-economicas-acoge-la-presentacion-del-barometro-2023-sobre-la-laguna\/#breadcrumb\",\"itemListElement\":[{\"@type\":\"ListItem\",\"position\":1,\"name\":\"Portada\",\"item\":\"https:\/\/www.ull.es\/portal\/noticias\/\"},{\"@type\":\"ListItem\",\"position\":2,\"name\":\"La Facultad de Econom\u00eda, Empresa y Turismo de la ULL acoge la presentaci\u00f3n del Bar\u00f3metro 2023 sobre La Laguna\"}]},{\"@type\":\"WebSite\",\"@id\":\"https:\/\/www.ull.es\/portal\/noticias\/#website\",\"url\":\"https:\/\/www.ull.es\/portal\/noticias\/\",\"name\":\"ULL - Noticias\",\"description\":\"\",\"potentialAction\":[{\"@type\":\"SearchAction\",\"target\":{\"@type\":\"EntryPoint\",\"urlTemplate\":\"https:\/\/www.ull.es\/portal\/noticias\/?s={search_term_string}\"},\"query-input\":\"required name=search_term_string\"}],\"inLanguage\":\"es\"},{\"@type\":\"Person\",\"@id\":\"https:\/\/www.ull.es\/portal\/noticias\/#\/schema\/person\/b2b1a89d43ffa609e591f7df8ef3e817\",\"name\":\"gaprsa\",\"image\":{\"@type\":\"ImageObject\",\"inLanguage\":\"es\",\"@id\":\"https:\/\/www.ull.es\/portal\/noticias\/#\/schema\/person\/image\/\",\"url\":\"https:\/\/secure.gravatar.com\/avatar\/443820550921091458b4823867723b3d?s=96&d=mm&r=g\",\"contentUrl\":\"https:\/\/secure.gravatar.com\/avatar\/443820550921091458b4823867723b3d?s=96&d=mm&r=g\",\"caption\":\"gaprsa\"},\"url\":\"https:\/\/www.ull.es\/portal\/noticias\/author\/gaprsa\/\"}]}<\/script>\n<!-- \/ Yoast SEO plugin. -->","yoast_head_json":{"title":"La Facultad de Econom\u00eda, Empresa y Turismo de la ULL acoge la presentaci\u00f3n del Bar\u00f3metro 2023 sobre La Laguna - ULL - Noticias","robots":{"index":"index","follow":"follow","max-snippet":"max-snippet:-1","max-image-preview":"max-image-preview:large","max-video-preview":"max-video-preview:-1"},"canonical":"https:\/\/www.ull.es\/portal\/noticias\/2023\/la-facultad-de-ciencias-economicas-acoge-la-presentacion-del-barometro-2023-sobre-la-laguna\/","og_locale":"es_ES","og_type":"article","og_title":"La Facultad de Econom\u00eda, Empresa y Turismo de la ULL acoge la presentaci\u00f3n del Bar\u00f3metro 2023 sobre La Laguna - ULL - Noticias","og_description":"Un equipo de investigadores de la Universidad de La Laguna ha realizado el Bar\u00f3metro 2023, un estudio exhaustivo impulsado por...","og_url":"https:\/\/www.ull.es\/portal\/noticias\/2023\/la-facultad-de-ciencias-economicas-acoge-la-presentacion-del-barometro-2023-sobre-la-laguna\/","og_site_name":"ULL - Noticias","article_publisher":"https:\/\/www.facebook.com\/universidaddelalaguna\/","article_published_time":"2023-12-12T12:18:29+00:00","article_modified_time":"2023-12-12T12:48:22+00:00","og_image":[{"width":700,"height":350,"url":"https:\/\/www.ull.es\/portal\/noticias\/wp-content\/uploads\/sites\/13\/2023\/12\/Barometro-de-La-Laguna-2023.jpg","type":"image\/jpeg"}],"author":"gaprsa","twitter_card":"summary_large_image","twitter_creator":"@CanalULL","twitter_site":"@CanalULL","twitter_misc":{"Escrito por":"gaprsa","Tiempo de lectura":"2 minutos"},"schema":{"@context":"https:\/\/schema.org","@graph":[{"@type":"WebPage","@id":"https:\/\/www.ull.es\/portal\/noticias\/2023\/la-facultad-de-ciencias-economicas-acoge-la-presentacion-del-barometro-2023-sobre-la-laguna\/","url":"https:\/\/www.ull.es\/portal\/noticias\/2023\/la-facultad-de-ciencias-economicas-acoge-la-presentacion-del-barometro-2023-sobre-la-laguna\/","name":"La Facultad de Econom\u00eda, Empresa y Turismo de la ULL acoge la presentaci\u00f3n del Bar\u00f3metro 2023 sobre La Laguna - ULL - Noticias","isPartOf":{"@id":"https:\/\/www.ull.es\/portal\/noticias\/#website"},"datePublished":"2023-12-12T12:18:29+00:00","dateModified":"2023-12-12T12:48:22+00:00","author":{"@id":"https:\/\/www.ull.es\/portal\/noticias\/#\/schema\/person\/b2b1a89d43ffa609e591f7df8ef3e817"},"breadcrumb":{"@id":"https:\/\/www.ull.es\/portal\/noticias\/2023\/la-facultad-de-ciencias-economicas-acoge-la-presentacion-del-barometro-2023-sobre-la-laguna\/#breadcrumb"},"inLanguage":"es","potentialAction":[{"@type":"ReadAction","target":["https:\/\/www.ull.es\/portal\/noticias\/2023\/la-facultad-de-ciencias-economicas-acoge-la-presentacion-del-barometro-2023-sobre-la-laguna\/"]}]},{"@type":"BreadcrumbList","@id":"https:\/\/www.ull.es\/portal\/noticias\/2023\/la-facultad-de-ciencias-economicas-acoge-la-presentacion-del-barometro-2023-sobre-la-laguna\/#breadcrumb","itemListElement":[{"@type":"ListItem","position":1,"name":"Portada","item":"https:\/\/www.ull.es\/portal\/noticias\/"},{"@type":"ListItem","position":2,"name":"La Facultad de Econom\u00eda, Empresa y Turismo de la ULL acoge la presentaci\u00f3n del Bar\u00f3metro 2023 sobre La Laguna"}]},{"@type":"WebSite","@id":"https:\/\/www.ull.es\/portal\/noticias\/#website","url":"https:\/\/www.ull.es\/portal\/noticias\/","name":"ULL - Noticias","description":"","potentialAction":[{"@type":"SearchAction","target":{"@type":"EntryPoint","urlTemplate":"https:\/\/www.ull.es\/portal\/noticias\/?s={search_term_string}"},"query-input":"required name=search_term_string"}],"inLanguage":"es"},{"@type":"Person","@id":"https:\/\/www.ull.es\/portal\/noticias\/#\/schema\/person\/b2b1a89d43ffa609e591f7df8ef3e817","name":"gaprsa","image":{"@type":"ImageObject","inLanguage":"es","@id":"https:\/\/www.ull.es\/portal\/noticias\/#\/schema\/person\/image\/","url":"https:\/\/secure.gravatar.com\/avatar\/443820550921091458b4823867723b3d?s=96&d=mm&r=g","contentUrl":"https:\/\/secure.gravatar.com\/avatar\/443820550921091458b4823867723b3d?s=96&d=mm&r=g","caption":"gaprsa"},"url":"https:\/\/www.ull.es\/portal\/noticias\/author\/gaprsa\/"}]}},"primary_category":{"id":345,"name":"Destacado","slug":"destacado","link":"https:\/\/www.ull.es\/portal\/noticias\/category\/destacado\/"},"featured_image_thumbnail_url":"https:\/\/www.ull.es\/portal\/noticias\/wp-content\/uploads\/sites\/13\/2023\/12\/Barometro-de-La-Laguna-2023-300x150.jpg","_links":{"self":[{"href":"https:\/\/www.ull.es\/portal\/noticias\/wp-json\/wp\/v2\/posts\/73212"}],"collection":[{"href":"https:\/\/www.ull.es\/portal\/noticias\/wp-json\/wp\/v2\/posts"}],"about":[{"href":"https:\/\/www.ull.es\/portal\/noticias\/wp-json\/wp\/v2\/types\/post"}],"author":[{"embeddable":true,"href":"https:\/\/www.ull.es\/portal\/noticias\/wp-json\/wp\/v2\/users\/23"}],"replies":[{"embeddable":true,"href":"https:\/\/www.ull.es\/portal\/noticias\/wp-json\/wp\/v2\/comments?post=73212"}],"version-history":[{"count":4,"href":"https:\/\/www.ull.es\/portal\/noticias\/wp-json\/wp\/v2\/posts\/73212\/revisions"}],"predecessor-version":[{"id":73222,"href":"https:\/\/www.ull.es\/portal\/noticias\/wp-json\/wp\/v2\/posts\/73212\/revisions\/73222"}],"wp:featuredmedia":[{"embeddable":true,"href":"https:\/\/www.ull.es\/portal\/noticias\/wp-json\/wp\/v2\/media\/73215"}],"wp:attachment":[{"href":"https:\/\/www.ull.es\/portal\/noticias\/wp-json\/wp\/v2\/media?parent=73212"}],"wp:term":[{"taxonomy":"category","embeddable":true,"href":"https:\/\/www.ull.es\/portal\/noticias\/wp-json\/wp\/v2\/categories?post=73212"},{"taxonomy":"post_tag","embeddable":true,"href":"https:\/\/www.ull.es\/portal\/noticias\/wp-json\/wp\/v2\/tags?post=73212"}],"curies":[{"name":"wp","href":"https:\/\/api.w.org\/{rel}","templated":true}]}}