{"id":73230,"date":"2023-12-13T10:18:07","date_gmt":"2023-12-13T10:18:07","guid":{"rendered":"https:\/\/www.ull.es\/portal\/noticias\/?p=73230"},"modified":"2023-12-13T10:18:07","modified_gmt":"2023-12-13T10:18:07","slug":"revista-cedille-monografico-escritoras-senegalesas","status":"publish","type":"post","link":"https:\/\/www.ull.es\/portal\/noticias\/2023\/revista-cedille-monografico-escritoras-senegalesas\/","title":{"rendered":"La revista \u00c7\u00e9dille dedica el monogr\u00e1fico de su \u00faltimo n\u00famero a las escritoras senegalesas en franc\u00e9s"},"content":{"rendered":"<p><a href=\"https:\/\/www.ull.es\/portal\/noticias\/wp-content\/uploads\/sites\/13\/2023\/12\/cedille-24-portada-g.jpg\" target=\"_blank\" rel=\"noopener\" target=\"_blank\" rel=\"noopener\"><img decoding=\"async\" loading=\"lazy\" class=\"alignleft wp-image-73232 size-medium\" src=\"https:\/\/www.ull.es\/portal\/noticias\/wp-content\/uploads\/sites\/13\/2023\/12\/cedille-24-portada-g-208x300.jpg\" alt=\"Portada de la revista \u00c7edille 24.\" width=\"208\" height=\"300\" srcset=\"https:\/\/www.ull.es\/portal\/noticias\/wp-content\/uploads\/sites\/13\/2023\/12\/cedille-24-portada-g-208x300.jpg 208w, https:\/\/www.ull.es\/portal\/noticias\/wp-content\/uploads\/sites\/13\/2023\/12\/cedille-24-portada-g-709x1024.jpg 709w, https:\/\/www.ull.es\/portal\/noticias\/wp-content\/uploads\/sites\/13\/2023\/12\/cedille-24-portada-g-375x542.jpg 375w, https:\/\/www.ull.es\/portal\/noticias\/wp-content\/uploads\/sites\/13\/2023\/12\/cedille-24-portada-g.jpg 720w\" sizes=\"(max-width: 208px) 100vw, 208px\" \/><\/a>\u201c\u00c7\u00e9dille. Revista de estudios franceses\u201d es una publicaci\u00f3n electr\u00f3nica de libre acceso editada por la Asociaci\u00f3n de Francesistas de la Universidad Espa\u00f1ola y la Universidad de La Laguna, acaba de difundir <a href=\"https:\/\/www.ull.es\/revistas\/index.php\/cedille\/issue\/view\/246\" target=\"_blank\" rel=\"noopener\" target=\"_blank\" rel=\"noopener\">su n\u00famero 24<\/a>. Incluye un monogr\u00e1fico sobre la producci\u00f3n literaria en lengua francesa de escritoras senegalesas, coordinado por la profesora de la Universidad de Granada Luisa Montes Villar. En general, esta nueva entrega de la cabecera re\u00fane en sus 625 p\u00e1ginas treinta y cinco contribuciones firmadas por cuarenta investigadoras e investigadores pertenecientes en su mayor\u00eda a universidades espa\u00f1olas, adem\u00e1s de una peque\u00f1a representaci\u00f3n de centros de Argelia, Ir\u00e1n y Marruecos.<\/p>\n<p>El monogr\u00e1fico re\u00fane ocho estudios que, como se\u00f1ala la coordinadora, constituyen una invitaci\u00f3n a descubrir y explorar a una representaci\u00f3n de escritoras senegalesas de lengua francesa que no solo han enriquecido la escena literaria franc\u00f3fona, sino que tambi\u00e9n han aportado nuevas e inspiradoras perspectivas acerca de una variada serie de temas, desde la identidad cultural a la condici\u00f3n de la mujer, sin olvidar las cuestiones sociales y pol\u00edticas que les ata\u00f1e. El estudio analiza obras de Kin\u00e9 Kirama Fal, Aminata Sow Falln, Fatou Diome, Ken Bugul, Diary Sow, Aminata Zaaria y Seynabou Sonko, y tambi\u00e9n se ocupa del teatro y de la tradici\u00f3n oral.<\/p>\n<p>La secci\u00f3n m\u00e1s extensa de la revista, \u201cVaria\u201d, contiene diecisiete art\u00edculos de distintas materias tanto del \u00e1mbito literario como del ling\u00fc\u00edstico, de la traducci\u00f3n, del comparatismo cultural y de la did\u00e1ctica del franc\u00e9s como lengua extranjera, entre otros. M\u00e1s concretamente, abarca asuntos como el vocabulario de la arquitectura, el an\u00e1lisis contrastivo de los discursos de investidura en la Quinta Rep\u00fablica Francesa, la escritura cifrada en franc\u00e9s utilizada en la correspondencia secreta del emperador Carlos V, el lenguaje publicitario franc\u00e9s relacionado con el turismo y diferentes aspectos de la obra de autores como Sergi Belbel, Moli\u00e8re, Val\u00e9rie Manteau, Jordi Pere Cerd\u00e0, Victor Segalen, Madame de Murat, Marivaux y Mahi Binebine.<\/p>\n<p>Finalmente, el bloque \u201cNotas de Lectura\u201d contiene nueve rese\u00f1as de diferentes obras publicadas en los cuatro \u00faltimos a\u00f1os. En cuanto a los reconocimientos de esta prestigiosa revista, desde la edici\u00f3n de su anterior n\u00famero, a finales del mes de julio la Fundaci\u00f3n Espa\u00f1ola para la Ciencia y la Tecnolog\u00eda comunic\u00f3 la renovaci\u00f3n de su Sello de Calidad correspondiente al periodo 2023-2024 para la cabecera, as\u00ed como la revalidaci\u00f3n de la menci\u00f3n de Buenas Pr\u00e1cticas Editoriales en Igualdad de G\u00e9nero. Y a mediados de octubre se conoci\u00f3 que ha recuperado su posici\u00f3n en el segundo cuartil del \u00cdndice Dialnet de Revistas de 2022, tanto en la materia de \u201cFilolog\u00edas\u201d (rango 112\/322) como en la de \u201cFilolog\u00eda moderna\u201d (rango 15\/51).<\/p>\n","protected":false},"excerpt":{"rendered":"<p>\u201c\u00c7\u00e9dille. Revista de estudios franceses\u201d es una publicaci\u00f3n electr\u00f3nica de libre acceso editada por la Asociaci\u00f3n de Francesistas de la&#8230;<\/p>\n","protected":false},"author":21,"featured_media":73231,"comment_status":"closed","ping_status":"closed","sticky":false,"template":"","format":"image","meta":{"inline_featured_image":false,"footnotes":""},"categories":[345,350,2765],"tags":[782,5668,8576],"acf":[],"yoast_head":"<!-- This site is optimized with the Yoast SEO plugin v21.3 - https:\/\/yoast.com\/wordpress\/plugins\/seo\/ -->\n<title>La revista de estudios franceses \u00c7\u00e9dille publica su n\u00famero 24<\/title>\n<meta name=\"description\" content=\"Esta publicaci\u00f3n de la Asociaci\u00f3n de Francesistas de la Universidad Espa\u00f1ola y la ULL incluye un monogr\u00e1fico sobre escritoras senegalesas.\" \/>\n<meta name=\"robots\" content=\"index, follow, max-snippet:-1, max-image-preview:large, max-video-preview:-1\" \/>\n<link rel=\"canonical\" href=\"https:\/\/www.ull.es\/portal\/noticias\/2023\/revista-cedille-monografico-escritoras-senegalesas\/\" \/>\n<meta property=\"og:locale\" content=\"es_ES\" \/>\n<meta property=\"og:type\" content=\"article\" \/>\n<meta property=\"og:title\" content=\"La revista de estudios franceses \u00c7\u00e9dille publica su n\u00famero 24\" \/>\n<meta property=\"og:description\" content=\"Esta publicaci\u00f3n de la Asociaci\u00f3n de Francesistas de la Universidad Espa\u00f1ola y la ULL incluye un monogr\u00e1fico sobre escritoras senegalesas.\" \/>\n<meta property=\"og:url\" content=\"https:\/\/www.ull.es\/portal\/noticias\/2023\/revista-cedille-monografico-escritoras-senegalesas\/\" \/>\n<meta property=\"og:site_name\" content=\"ULL - Noticias\" \/>\n<meta property=\"article:publisher\" content=\"https:\/\/www.facebook.com\/universidaddelalaguna\/\" \/>\n<meta property=\"article:published_time\" content=\"2023-12-13T10:18:07+00:00\" \/>\n<meta property=\"og:image\" content=\"https:\/\/www.ull.es\/portal\/noticias\/wp-content\/uploads\/sites\/13\/2023\/12\/cedille-24-portada-p.jpg\" \/>\n\t<meta property=\"og:image:width\" content=\"720\" \/>\n\t<meta property=\"og:image:height\" content=\"480\" \/>\n\t<meta property=\"og:image:type\" content=\"image\/jpeg\" \/>\n<meta name=\"author\" content=\"prensa2\" \/>\n<meta name=\"twitter:card\" content=\"summary_large_image\" \/>\n<meta name=\"twitter:creator\" content=\"@CanalULL\" \/>\n<meta name=\"twitter:site\" content=\"@CanalULL\" \/>\n<meta name=\"twitter:label1\" content=\"Escrito por\" \/>\n\t<meta name=\"twitter:data1\" content=\"prensa2\" \/>\n\t<meta name=\"twitter:label2\" content=\"Tiempo de lectura\" \/>\n\t<meta name=\"twitter:data2\" content=\"3 minutos\" \/>\n<script type=\"application\/ld+json\" class=\"yoast-schema-graph\">{\"@context\":\"https:\/\/schema.org\",\"@graph\":[{\"@type\":\"WebPage\",\"@id\":\"https:\/\/www.ull.es\/portal\/noticias\/2023\/revista-cedille-monografico-escritoras-senegalesas\/\",\"url\":\"https:\/\/www.ull.es\/portal\/noticias\/2023\/revista-cedille-monografico-escritoras-senegalesas\/\",\"name\":\"La revista de estudios franceses \u00c7\u00e9dille publica su n\u00famero 24\",\"isPartOf\":{\"@id\":\"https:\/\/www.ull.es\/portal\/noticias\/#website\"},\"datePublished\":\"2023-12-13T10:18:07+00:00\",\"dateModified\":\"2023-12-13T10:18:07+00:00\",\"author\":{\"@id\":\"https:\/\/www.ull.es\/portal\/noticias\/#\/schema\/person\/c3b2aa857797592927a03740d6664376\"},\"description\":\"Esta publicaci\u00f3n de la Asociaci\u00f3n de Francesistas de la Universidad Espa\u00f1ola y la ULL incluye un monogr\u00e1fico sobre escritoras senegalesas.\",\"breadcrumb\":{\"@id\":\"https:\/\/www.ull.es\/portal\/noticias\/2023\/revista-cedille-monografico-escritoras-senegalesas\/#breadcrumb\"},\"inLanguage\":\"es\",\"potentialAction\":[{\"@type\":\"ReadAction\",\"target\":[\"https:\/\/www.ull.es\/portal\/noticias\/2023\/revista-cedille-monografico-escritoras-senegalesas\/\"]}]},{\"@type\":\"BreadcrumbList\",\"@id\":\"https:\/\/www.ull.es\/portal\/noticias\/2023\/revista-cedille-monografico-escritoras-senegalesas\/#breadcrumb\",\"itemListElement\":[{\"@type\":\"ListItem\",\"position\":1,\"name\":\"Portada\",\"item\":\"https:\/\/www.ull.es\/portal\/noticias\/\"},{\"@type\":\"ListItem\",\"position\":2,\"name\":\"La revista \u00c7\u00e9dille dedica el monogr\u00e1fico de su \u00faltimo n\u00famero a las escritoras senegalesas en franc\u00e9s\"}]},{\"@type\":\"WebSite\",\"@id\":\"https:\/\/www.ull.es\/portal\/noticias\/#website\",\"url\":\"https:\/\/www.ull.es\/portal\/noticias\/\",\"name\":\"ULL - Noticias\",\"description\":\"\",\"potentialAction\":[{\"@type\":\"SearchAction\",\"target\":{\"@type\":\"EntryPoint\",\"urlTemplate\":\"https:\/\/www.ull.es\/portal\/noticias\/?s={search_term_string}\"},\"query-input\":\"required name=search_term_string\"}],\"inLanguage\":\"es\"},{\"@type\":\"Person\",\"@id\":\"https:\/\/www.ull.es\/portal\/noticias\/#\/schema\/person\/c3b2aa857797592927a03740d6664376\",\"name\":\"prensa2\",\"image\":{\"@type\":\"ImageObject\",\"inLanguage\":\"es\",\"@id\":\"https:\/\/www.ull.es\/portal\/noticias\/#\/schema\/person\/image\/\",\"url\":\"https:\/\/secure.gravatar.com\/avatar\/b58f310a5de5feb33d1e026d2493f23c?s=96&d=mm&r=g\",\"contentUrl\":\"https:\/\/secure.gravatar.com\/avatar\/b58f310a5de5feb33d1e026d2493f23c?s=96&d=mm&r=g\",\"caption\":\"prensa2\"},\"url\":\"https:\/\/www.ull.es\/portal\/noticias\/author\/prensa2\/\"}]}<\/script>\n<!-- \/ Yoast SEO plugin. -->","yoast_head_json":{"title":"La revista de estudios franceses \u00c7\u00e9dille publica su n\u00famero 24","description":"Esta publicaci\u00f3n de la Asociaci\u00f3n de Francesistas de la Universidad Espa\u00f1ola y la ULL incluye un monogr\u00e1fico sobre escritoras senegalesas.","robots":{"index":"index","follow":"follow","max-snippet":"max-snippet:-1","max-image-preview":"max-image-preview:large","max-video-preview":"max-video-preview:-1"},"canonical":"https:\/\/www.ull.es\/portal\/noticias\/2023\/revista-cedille-monografico-escritoras-senegalesas\/","og_locale":"es_ES","og_type":"article","og_title":"La revista de estudios franceses \u00c7\u00e9dille publica su n\u00famero 24","og_description":"Esta publicaci\u00f3n de la Asociaci\u00f3n de Francesistas de la Universidad Espa\u00f1ola y la ULL incluye un monogr\u00e1fico sobre escritoras senegalesas.","og_url":"https:\/\/www.ull.es\/portal\/noticias\/2023\/revista-cedille-monografico-escritoras-senegalesas\/","og_site_name":"ULL - Noticias","article_publisher":"https:\/\/www.facebook.com\/universidaddelalaguna\/","article_published_time":"2023-12-13T10:18:07+00:00","og_image":[{"width":720,"height":480,"url":"https:\/\/www.ull.es\/portal\/noticias\/wp-content\/uploads\/sites\/13\/2023\/12\/cedille-24-portada-p.jpg","type":"image\/jpeg"}],"author":"prensa2","twitter_card":"summary_large_image","twitter_creator":"@CanalULL","twitter_site":"@CanalULL","twitter_misc":{"Escrito por":"prensa2","Tiempo de lectura":"3 minutos"},"schema":{"@context":"https:\/\/schema.org","@graph":[{"@type":"WebPage","@id":"https:\/\/www.ull.es\/portal\/noticias\/2023\/revista-cedille-monografico-escritoras-senegalesas\/","url":"https:\/\/www.ull.es\/portal\/noticias\/2023\/revista-cedille-monografico-escritoras-senegalesas\/","name":"La revista de estudios franceses \u00c7\u00e9dille publica su n\u00famero 24","isPartOf":{"@id":"https:\/\/www.ull.es\/portal\/noticias\/#website"},"datePublished":"2023-12-13T10:18:07+00:00","dateModified":"2023-12-13T10:18:07+00:00","author":{"@id":"https:\/\/www.ull.es\/portal\/noticias\/#\/schema\/person\/c3b2aa857797592927a03740d6664376"},"description":"Esta publicaci\u00f3n de la Asociaci\u00f3n de Francesistas de la Universidad Espa\u00f1ola y la ULL incluye un monogr\u00e1fico sobre escritoras senegalesas.","breadcrumb":{"@id":"https:\/\/www.ull.es\/portal\/noticias\/2023\/revista-cedille-monografico-escritoras-senegalesas\/#breadcrumb"},"inLanguage":"es","potentialAction":[{"@type":"ReadAction","target":["https:\/\/www.ull.es\/portal\/noticias\/2023\/revista-cedille-monografico-escritoras-senegalesas\/"]}]},{"@type":"BreadcrumbList","@id":"https:\/\/www.ull.es\/portal\/noticias\/2023\/revista-cedille-monografico-escritoras-senegalesas\/#breadcrumb","itemListElement":[{"@type":"ListItem","position":1,"name":"Portada","item":"https:\/\/www.ull.es\/portal\/noticias\/"},{"@type":"ListItem","position":2,"name":"La revista \u00c7\u00e9dille dedica el monogr\u00e1fico de su \u00faltimo n\u00famero a las escritoras senegalesas en franc\u00e9s"}]},{"@type":"WebSite","@id":"https:\/\/www.ull.es\/portal\/noticias\/#website","url":"https:\/\/www.ull.es\/portal\/noticias\/","name":"ULL - Noticias","description":"","potentialAction":[{"@type":"SearchAction","target":{"@type":"EntryPoint","urlTemplate":"https:\/\/www.ull.es\/portal\/noticias\/?s={search_term_string}"},"query-input":"required name=search_term_string"}],"inLanguage":"es"},{"@type":"Person","@id":"https:\/\/www.ull.es\/portal\/noticias\/#\/schema\/person\/c3b2aa857797592927a03740d6664376","name":"prensa2","image":{"@type":"ImageObject","inLanguage":"es","@id":"https:\/\/www.ull.es\/portal\/noticias\/#\/schema\/person\/image\/","url":"https:\/\/secure.gravatar.com\/avatar\/b58f310a5de5feb33d1e026d2493f23c?s=96&d=mm&r=g","contentUrl":"https:\/\/secure.gravatar.com\/avatar\/b58f310a5de5feb33d1e026d2493f23c?s=96&d=mm&r=g","caption":"prensa2"},"url":"https:\/\/www.ull.es\/portal\/noticias\/author\/prensa2\/"}]}},"primary_category":{"id":345,"name":"Destacado","slug":"destacado","link":"https:\/\/www.ull.es\/portal\/noticias\/category\/destacado\/"},"featured_image_thumbnail_url":"https:\/\/www.ull.es\/portal\/noticias\/wp-content\/uploads\/sites\/13\/2023\/12\/cedille-24-portada-p-300x200.jpg","_links":{"self":[{"href":"https:\/\/www.ull.es\/portal\/noticias\/wp-json\/wp\/v2\/posts\/73230"}],"collection":[{"href":"https:\/\/www.ull.es\/portal\/noticias\/wp-json\/wp\/v2\/posts"}],"about":[{"href":"https:\/\/www.ull.es\/portal\/noticias\/wp-json\/wp\/v2\/types\/post"}],"author":[{"embeddable":true,"href":"https:\/\/www.ull.es\/portal\/noticias\/wp-json\/wp\/v2\/users\/21"}],"replies":[{"embeddable":true,"href":"https:\/\/www.ull.es\/portal\/noticias\/wp-json\/wp\/v2\/comments?post=73230"}],"version-history":[{"count":1,"href":"https:\/\/www.ull.es\/portal\/noticias\/wp-json\/wp\/v2\/posts\/73230\/revisions"}],"predecessor-version":[{"id":73236,"href":"https:\/\/www.ull.es\/portal\/noticias\/wp-json\/wp\/v2\/posts\/73230\/revisions\/73236"}],"wp:featuredmedia":[{"embeddable":true,"href":"https:\/\/www.ull.es\/portal\/noticias\/wp-json\/wp\/v2\/media\/73231"}],"wp:attachment":[{"href":"https:\/\/www.ull.es\/portal\/noticias\/wp-json\/wp\/v2\/media?parent=73230"}],"wp:term":[{"taxonomy":"category","embeddable":true,"href":"https:\/\/www.ull.es\/portal\/noticias\/wp-json\/wp\/v2\/categories?post=73230"},{"taxonomy":"post_tag","embeddable":true,"href":"https:\/\/www.ull.es\/portal\/noticias\/wp-json\/wp\/v2\/tags?post=73230"}],"curies":[{"name":"wp","href":"https:\/\/api.w.org\/{rel}","templated":true}]}}