{"id":73244,"date":"2023-12-13T14:18:29","date_gmt":"2023-12-13T14:18:29","guid":{"rendered":"https:\/\/www.ull.es\/portal\/noticias\/?p=73244"},"modified":"2023-12-15T08:23:05","modified_gmt":"2023-12-15T08:23:05","slug":"la-ull-abre-una-nueva-campana-arqueologica-en-el-yacimiento-de-lobos-con-el-apoyo-de-dos-museos","status":"publish","type":"post","link":"https:\/\/www.ull.es\/portal\/noticias\/2023\/la-ull-abre-una-nueva-campana-arqueologica-en-el-yacimiento-de-lobos-con-el-apoyo-de-dos-museos\/","title":{"rendered":"La ULL abre una nueva campa\u00f1a arqueol\u00f3gica en el yacimiento de Lobos con el apoyo de dos museos"},"content":{"rendered":"<p>Durante el pasado mes de noviembre se ha realizado la octava campa\u00f1a de excavaciones arqueol\u00f3gicas en el taller romano de p\u00farpura de <em>Lobos 1<\/em>, situado en la playa de La Calera, en el islote de Lobos. Los trabajos emprendidos, como viene siendo habitual, se realizan en el marco de un proyecto de investigaci\u00f3n interinstitucional bajo la direcci\u00f3n compartida por Isidoro Hern\u00e1ndez S\u00e1nchez (Museo Arqueol\u00f3gico de Fuerteventura, Cabildo de Fuerteventura), Mercedes del Arco Aguilar (Museo Arqueol\u00f3gico de Tenerife, OAMC del Cabildo de Tenerife) y Carmen del Arco Aguilar (Departamento de Geograf\u00eda e Historia, Universidad de La Laguna).<\/p>\n<p>El proyecto cuenta con un equipo interdisciplinar en el que se integran investigadores de las \u00e1reas de Paleontolog\u00eda, Biolog\u00eda Vegetal, Petrolog\u00eda y Geoqu\u00edmica, Edafolog\u00eda y Qu\u00edmica Anal\u00edtica de la Universidad de La Laguna. Esta actividad de campo es posible gracias a la existencia de un convenio entre los Cabildos de Fuerteventura y Tenerife, as\u00ed como con la colaboraci\u00f3n de la empresa BINTER que cubre los traslados del equipo y todo el material t\u00e9cnico y arqueol\u00f3gico que se deposita temporalmente, para su estudio, en el Museo Arqueol\u00f3gico de Tenerife. En esta anualidad ha colaborado tambi\u00e9n la Direcci\u00f3n General de Patrimonio Cultural del Gobierno de Canarias.<\/p>\n<div id=\"attachment_73249\" style=\"width: 310px\" class=\"wp-caption alignleft\"><a href=\"https:\/\/www.ull.es\/portal\/noticias\/wp-content\/uploads\/sites\/13\/2023\/12\/arqueologia.jpg\" target=\"_blank\" rel=\"noopener\"><img aria-describedby=\"caption-attachment-73249\" decoding=\"async\" loading=\"lazy\" class=\"size-medium wp-image-73249\" src=\"https:\/\/www.ull.es\/portal\/noticias\/wp-content\/uploads\/sites\/13\/2023\/12\/arqueologia-300x200.jpg\" alt=\"\" width=\"300\" height=\"200\" srcset=\"https:\/\/www.ull.es\/portal\/noticias\/wp-content\/uploads\/sites\/13\/2023\/12\/arqueologia-300x200.jpg 300w, https:\/\/www.ull.es\/portal\/noticias\/wp-content\/uploads\/sites\/13\/2023\/12\/arqueologia-1024x683.jpg 1024w, https:\/\/www.ull.es\/portal\/noticias\/wp-content\/uploads\/sites\/13\/2023\/12\/arqueologia-768x512.jpg 768w, https:\/\/www.ull.es\/portal\/noticias\/wp-content\/uploads\/sites\/13\/2023\/12\/arqueologia-375x250.jpg 375w, https:\/\/www.ull.es\/portal\/noticias\/wp-content\/uploads\/sites\/13\/2023\/12\/arqueologia-750x500.jpg 750w, https:\/\/www.ull.es\/portal\/noticias\/wp-content\/uploads\/sites\/13\/2023\/12\/arqueologia-1140x760.jpg 1140w, https:\/\/www.ull.es\/portal\/noticias\/wp-content\/uploads\/sites\/13\/2023\/12\/arqueologia.jpg 1200w\" sizes=\"(max-width: 300px) 100vw, 300px\" \/><\/a><p id=\"caption-attachment-73249\" class=\"wp-caption-text\">C. De Arco.<\/p><\/div>\n<p>Como es conocido, el enclave es un taller de p\u00farpura de \u00e9poca tardorrepublicana y alto imperial, especializado en la explotaci\u00f3n de moluscos marinos de la familia de los mur\u00edcidos, especialmente de <em>Stramonita haemastoma<\/em> y, en menor medida, de <em>Hexaplex duplex,<\/em> cuyos restos identificamos en concheros, asociados a distintas herramientas, permiti\u00e9ndonos estudiar el proceso tecnol\u00f3gico de extracci\u00f3n y obtenci\u00f3n del tinte. Se trata de una actividad econ\u00f3mica que produc\u00eda importantes beneficios, lo que llev\u00f3 a desarrollar una actividad de producci\u00f3n intensa durante, al menos, una centuria, con campa\u00f1as estacionales que ten\u00edan un origen probable en <em>Gades<\/em><\/p>\n<p>Los trabajos de excavaci\u00f3n han afectado a 38 metros cuadrados de la zona sur del yacimiento. En ella se ha podido definir la existencia de un derrumbe o deslizamiento de piedras del <em>hornito <\/em>volc\u00e1nico instalado en la zona, que colapsa niveles de ocupaci\u00f3n arqueol\u00f3gica, presentando aqu\u00e9l materiales diversos, siempre de filiaci\u00f3n romana. \u201cObservamos tambi\u00e9n nuevos concheros de mur\u00edcidos que est\u00e1n asociados a yunques y percutores l\u00edticos, a estructuras de combusti\u00f3n, en ocasiones de gran potencia, y sedimentos impregnados de p\u00farpura, revelando que en la cercan\u00eda de los concheros se efectuaban las labores de cocimiento del producto animal extra\u00eddo (las gl\u00e1ndulas hipobranquiales portadoras de la sustancia precursora del tinte p\u00farpura) con las consiguientes extracciones de la espuma o sobrenadante de la cocci\u00f3n que se vert\u00edan en el entorno\u201d, explica la investigadora de la Universidad de La Laguna Carmen del Arco.<\/p>\n<p>En esta zona, que funciona tambi\u00e9n como basurero, son abundantes los restos de fauna terrestre, y predominan los ovicaprinos que, a veces, aparecen en porciones esquel\u00e9ticas que muestran el<\/p>\n<div id=\"attachment_73246\" style=\"width: 310px\" class=\"wp-caption alignright\"><a href=\"https:\/\/www.ull.es\/portal\/noticias\/wp-content\/uploads\/sites\/13\/2023\/12\/arqueologia-1.jpg\" target=\"_blank\" rel=\"noopener\"><img aria-describedby=\"caption-attachment-73246\" decoding=\"async\" loading=\"lazy\" class=\"size-medium wp-image-73246\" src=\"https:\/\/www.ull.es\/portal\/noticias\/wp-content\/uploads\/sites\/13\/2023\/12\/arqueologia-1-300x200.jpg\" alt=\"\" width=\"300\" height=\"200\" srcset=\"https:\/\/www.ull.es\/portal\/noticias\/wp-content\/uploads\/sites\/13\/2023\/12\/arqueologia-1-300x200.jpg 300w, https:\/\/www.ull.es\/portal\/noticias\/wp-content\/uploads\/sites\/13\/2023\/12\/arqueologia-1-1024x683.jpg 1024w, https:\/\/www.ull.es\/portal\/noticias\/wp-content\/uploads\/sites\/13\/2023\/12\/arqueologia-1-768x512.jpg 768w, https:\/\/www.ull.es\/portal\/noticias\/wp-content\/uploads\/sites\/13\/2023\/12\/arqueologia-1-375x250.jpg 375w, https:\/\/www.ull.es\/portal\/noticias\/wp-content\/uploads\/sites\/13\/2023\/12\/arqueologia-1-750x500.jpg 750w, https:\/\/www.ull.es\/portal\/noticias\/wp-content\/uploads\/sites\/13\/2023\/12\/arqueologia-1-1140x760.jpg 1140w, https:\/\/www.ull.es\/portal\/noticias\/wp-content\/uploads\/sites\/13\/2023\/12\/arqueologia-1.jpg 1200w\" sizes=\"(max-width: 300px) 100vw, 300px\" \/><\/a><p id=\"caption-attachment-73246\" class=\"wp-caption-text\">Porci\u00f3n esquel\u00e9tica de ovicaprino. C. De Arco.<\/p><\/div>\n<p>despiezado de los animales, probablemente en raciones alimenticias en el caso de la columna o costillares. Los restos de pescado son tambi\u00e9n muy abundantes y registramos otros <em>animalia maris<\/em>, como placas costales de tortugas y piezas dentarias de lobos marinos.<\/p>\n<p>Ha sido tambi\u00e9n muy abundante el repertorio de artefactos localizados, con cer\u00e1micas de variada tipolog\u00eda (\u00e1nforas, cer\u00e1mica com\u00fan y de mesa, paredes finas, barniz negro, lucernas), instrumental met\u00e1lico (anzuelos y varillas de base Cu, clavos de Fe y de base Cu). Entre \u00e9stos una pieza que, junto a otra similar encontrada en la campa\u00f1a anterior podemos atribuir a <em>clavi caligarii<\/em> o tachuelas de sandalia.<\/p>\n<p>En paralelo han efectuado una prospecci\u00f3n con geo radar con el equipo del grupo de investigaci\u00f3n de Pablo Atoche de la Universidad de Las Palmas de Gran Canaria y la intervenci\u00f3n directa de dos ge\u00f3grafos de esa universidad, Antonio Bueno y Claudio Moreno. Esta actuaci\u00f3n, sobre varias zonas del entorno inmediato del yacimiento, ha permitido detectar \u00e1reas infrapuestas con diversas anomal\u00edas que muestran la probable extensi\u00f3n de una ocupaci\u00f3n antigua, hoy cubierta por el jable, y que suponen expectativas de ampliaci\u00f3n para el espacio arqueol\u00f3gico, \u201cun aspecto que comprobaremos en las pr\u00f3ximas campa\u00f1as con los correspondientes sondeos\u201d, apunta.<\/p>\n","protected":false},"excerpt":{"rendered":"<p>Durante el pasado mes de noviembre se ha realizado la octava campa\u00f1a de excavaciones arqueol\u00f3gicas en el taller romano de&#8230;<\/p>\n","protected":false},"author":23,"featured_media":73247,"comment_status":"closed","ping_status":"closed","sticky":false,"template":"","format":"standard","meta":{"inline_featured_image":false,"footnotes":""},"categories":[345,3428,350,2765],"tags":[10606,7389,10607,10605],"acf":[],"yoast_head":"<!-- This site is optimized with the Yoast SEO plugin v21.3 - https:\/\/yoast.com\/wordpress\/plugins\/seo\/ -->\n<title>La ULL abre una nueva campa\u00f1a arqueol\u00f3gica en el yacimiento de Lobos con el apoyo de dos museos - ULL - Noticias<\/title>\n<meta name=\"robots\" content=\"index, follow, max-snippet:-1, max-image-preview:large, max-video-preview:-1\" \/>\n<link rel=\"canonical\" href=\"https:\/\/www.ull.es\/portal\/noticias\/2023\/la-ull-abre-una-nueva-campana-arqueologica-en-el-yacimiento-de-lobos-con-el-apoyo-de-dos-museos\/\" \/>\n<meta property=\"og:locale\" content=\"es_ES\" \/>\n<meta property=\"og:type\" content=\"article\" \/>\n<meta property=\"og:title\" content=\"La ULL abre una nueva campa\u00f1a arqueol\u00f3gica en el yacimiento de Lobos con el apoyo de dos museos - ULL - Noticias\" \/>\n<meta property=\"og:description\" content=\"Durante el pasado mes de noviembre se ha realizado la octava campa\u00f1a de excavaciones arqueol\u00f3gicas en el taller romano de...\" \/>\n<meta property=\"og:url\" content=\"https:\/\/www.ull.es\/portal\/noticias\/2023\/la-ull-abre-una-nueva-campana-arqueologica-en-el-yacimiento-de-lobos-con-el-apoyo-de-dos-museos\/\" \/>\n<meta property=\"og:site_name\" content=\"ULL - Noticias\" \/>\n<meta property=\"article:publisher\" content=\"https:\/\/www.facebook.com\/universidaddelalaguna\/\" \/>\n<meta property=\"article:published_time\" content=\"2023-12-13T14:18:29+00:00\" \/>\n<meta property=\"article:modified_time\" content=\"2023-12-15T08:23:05+00:00\" \/>\n<meta property=\"og:image\" content=\"https:\/\/www.ull.es\/portal\/noticias\/wp-content\/uploads\/sites\/13\/2023\/12\/arqueologia-3.jpg\" \/>\n\t<meta property=\"og:image:width\" content=\"1200\" \/>\n\t<meta property=\"og:image:height\" content=\"800\" \/>\n\t<meta property=\"og:image:type\" content=\"image\/jpeg\" \/>\n<meta name=\"author\" content=\"gaprsa\" \/>\n<meta name=\"twitter:card\" content=\"summary_large_image\" \/>\n<meta name=\"twitter:creator\" content=\"@CanalULL\" \/>\n<meta name=\"twitter:site\" content=\"@CanalULL\" \/>\n<meta name=\"twitter:label1\" content=\"Escrito por\" \/>\n\t<meta name=\"twitter:data1\" content=\"gaprsa\" \/>\n\t<meta name=\"twitter:label2\" content=\"Tiempo de lectura\" \/>\n\t<meta name=\"twitter:data2\" content=\"4 minutos\" \/>\n<script type=\"application\/ld+json\" class=\"yoast-schema-graph\">{\"@context\":\"https:\/\/schema.org\",\"@graph\":[{\"@type\":\"WebPage\",\"@id\":\"https:\/\/www.ull.es\/portal\/noticias\/2023\/la-ull-abre-una-nueva-campana-arqueologica-en-el-yacimiento-de-lobos-con-el-apoyo-de-dos-museos\/\",\"url\":\"https:\/\/www.ull.es\/portal\/noticias\/2023\/la-ull-abre-una-nueva-campana-arqueologica-en-el-yacimiento-de-lobos-con-el-apoyo-de-dos-museos\/\",\"name\":\"La ULL abre una nueva campa\u00f1a arqueol\u00f3gica en el yacimiento de Lobos con el apoyo de dos museos - ULL - Noticias\",\"isPartOf\":{\"@id\":\"https:\/\/www.ull.es\/portal\/noticias\/#website\"},\"datePublished\":\"2023-12-13T14:18:29+00:00\",\"dateModified\":\"2023-12-15T08:23:05+00:00\",\"author\":{\"@id\":\"https:\/\/www.ull.es\/portal\/noticias\/#\/schema\/person\/b2b1a89d43ffa609e591f7df8ef3e817\"},\"breadcrumb\":{\"@id\":\"https:\/\/www.ull.es\/portal\/noticias\/2023\/la-ull-abre-una-nueva-campana-arqueologica-en-el-yacimiento-de-lobos-con-el-apoyo-de-dos-museos\/#breadcrumb\"},\"inLanguage\":\"es\",\"potentialAction\":[{\"@type\":\"ReadAction\",\"target\":[\"https:\/\/www.ull.es\/portal\/noticias\/2023\/la-ull-abre-una-nueva-campana-arqueologica-en-el-yacimiento-de-lobos-con-el-apoyo-de-dos-museos\/\"]}]},{\"@type\":\"BreadcrumbList\",\"@id\":\"https:\/\/www.ull.es\/portal\/noticias\/2023\/la-ull-abre-una-nueva-campana-arqueologica-en-el-yacimiento-de-lobos-con-el-apoyo-de-dos-museos\/#breadcrumb\",\"itemListElement\":[{\"@type\":\"ListItem\",\"position\":1,\"name\":\"Portada\",\"item\":\"https:\/\/www.ull.es\/portal\/noticias\/\"},{\"@type\":\"ListItem\",\"position\":2,\"name\":\"La ULL abre una nueva campa\u00f1a arqueol\u00f3gica en el yacimiento de Lobos con el apoyo de dos museos\"}]},{\"@type\":\"WebSite\",\"@id\":\"https:\/\/www.ull.es\/portal\/noticias\/#website\",\"url\":\"https:\/\/www.ull.es\/portal\/noticias\/\",\"name\":\"ULL - Noticias\",\"description\":\"\",\"potentialAction\":[{\"@type\":\"SearchAction\",\"target\":{\"@type\":\"EntryPoint\",\"urlTemplate\":\"https:\/\/www.ull.es\/portal\/noticias\/?s={search_term_string}\"},\"query-input\":\"required name=search_term_string\"}],\"inLanguage\":\"es\"},{\"@type\":\"Person\",\"@id\":\"https:\/\/www.ull.es\/portal\/noticias\/#\/schema\/person\/b2b1a89d43ffa609e591f7df8ef3e817\",\"name\":\"gaprsa\",\"image\":{\"@type\":\"ImageObject\",\"inLanguage\":\"es\",\"@id\":\"https:\/\/www.ull.es\/portal\/noticias\/#\/schema\/person\/image\/\",\"url\":\"https:\/\/secure.gravatar.com\/avatar\/443820550921091458b4823867723b3d?s=96&d=mm&r=g\",\"contentUrl\":\"https:\/\/secure.gravatar.com\/avatar\/443820550921091458b4823867723b3d?s=96&d=mm&r=g\",\"caption\":\"gaprsa\"},\"url\":\"https:\/\/www.ull.es\/portal\/noticias\/author\/gaprsa\/\"}]}<\/script>\n<!-- \/ Yoast SEO plugin. -->","yoast_head_json":{"title":"La ULL abre una nueva campa\u00f1a arqueol\u00f3gica en el yacimiento de Lobos con el apoyo de dos museos - ULL - Noticias","robots":{"index":"index","follow":"follow","max-snippet":"max-snippet:-1","max-image-preview":"max-image-preview:large","max-video-preview":"max-video-preview:-1"},"canonical":"https:\/\/www.ull.es\/portal\/noticias\/2023\/la-ull-abre-una-nueva-campana-arqueologica-en-el-yacimiento-de-lobos-con-el-apoyo-de-dos-museos\/","og_locale":"es_ES","og_type":"article","og_title":"La ULL abre una nueva campa\u00f1a arqueol\u00f3gica en el yacimiento de Lobos con el apoyo de dos museos - ULL - Noticias","og_description":"Durante el pasado mes de noviembre se ha realizado la octava campa\u00f1a de excavaciones arqueol\u00f3gicas en el taller romano de...","og_url":"https:\/\/www.ull.es\/portal\/noticias\/2023\/la-ull-abre-una-nueva-campana-arqueologica-en-el-yacimiento-de-lobos-con-el-apoyo-de-dos-museos\/","og_site_name":"ULL - Noticias","article_publisher":"https:\/\/www.facebook.com\/universidaddelalaguna\/","article_published_time":"2023-12-13T14:18:29+00:00","article_modified_time":"2023-12-15T08:23:05+00:00","og_image":[{"width":1200,"height":800,"url":"https:\/\/www.ull.es\/portal\/noticias\/wp-content\/uploads\/sites\/13\/2023\/12\/arqueologia-3.jpg","type":"image\/jpeg"}],"author":"gaprsa","twitter_card":"summary_large_image","twitter_creator":"@CanalULL","twitter_site":"@CanalULL","twitter_misc":{"Escrito por":"gaprsa","Tiempo de lectura":"4 minutos"},"schema":{"@context":"https:\/\/schema.org","@graph":[{"@type":"WebPage","@id":"https:\/\/www.ull.es\/portal\/noticias\/2023\/la-ull-abre-una-nueva-campana-arqueologica-en-el-yacimiento-de-lobos-con-el-apoyo-de-dos-museos\/","url":"https:\/\/www.ull.es\/portal\/noticias\/2023\/la-ull-abre-una-nueva-campana-arqueologica-en-el-yacimiento-de-lobos-con-el-apoyo-de-dos-museos\/","name":"La ULL abre una nueva campa\u00f1a arqueol\u00f3gica en el yacimiento de Lobos con el apoyo de dos museos - ULL - Noticias","isPartOf":{"@id":"https:\/\/www.ull.es\/portal\/noticias\/#website"},"datePublished":"2023-12-13T14:18:29+00:00","dateModified":"2023-12-15T08:23:05+00:00","author":{"@id":"https:\/\/www.ull.es\/portal\/noticias\/#\/schema\/person\/b2b1a89d43ffa609e591f7df8ef3e817"},"breadcrumb":{"@id":"https:\/\/www.ull.es\/portal\/noticias\/2023\/la-ull-abre-una-nueva-campana-arqueologica-en-el-yacimiento-de-lobos-con-el-apoyo-de-dos-museos\/#breadcrumb"},"inLanguage":"es","potentialAction":[{"@type":"ReadAction","target":["https:\/\/www.ull.es\/portal\/noticias\/2023\/la-ull-abre-una-nueva-campana-arqueologica-en-el-yacimiento-de-lobos-con-el-apoyo-de-dos-museos\/"]}]},{"@type":"BreadcrumbList","@id":"https:\/\/www.ull.es\/portal\/noticias\/2023\/la-ull-abre-una-nueva-campana-arqueologica-en-el-yacimiento-de-lobos-con-el-apoyo-de-dos-museos\/#breadcrumb","itemListElement":[{"@type":"ListItem","position":1,"name":"Portada","item":"https:\/\/www.ull.es\/portal\/noticias\/"},{"@type":"ListItem","position":2,"name":"La ULL abre una nueva campa\u00f1a arqueol\u00f3gica en el yacimiento de Lobos con el apoyo de dos museos"}]},{"@type":"WebSite","@id":"https:\/\/www.ull.es\/portal\/noticias\/#website","url":"https:\/\/www.ull.es\/portal\/noticias\/","name":"ULL - Noticias","description":"","potentialAction":[{"@type":"SearchAction","target":{"@type":"EntryPoint","urlTemplate":"https:\/\/www.ull.es\/portal\/noticias\/?s={search_term_string}"},"query-input":"required name=search_term_string"}],"inLanguage":"es"},{"@type":"Person","@id":"https:\/\/www.ull.es\/portal\/noticias\/#\/schema\/person\/b2b1a89d43ffa609e591f7df8ef3e817","name":"gaprsa","image":{"@type":"ImageObject","inLanguage":"es","@id":"https:\/\/www.ull.es\/portal\/noticias\/#\/schema\/person\/image\/","url":"https:\/\/secure.gravatar.com\/avatar\/443820550921091458b4823867723b3d?s=96&d=mm&r=g","contentUrl":"https:\/\/secure.gravatar.com\/avatar\/443820550921091458b4823867723b3d?s=96&d=mm&r=g","caption":"gaprsa"},"url":"https:\/\/www.ull.es\/portal\/noticias\/author\/gaprsa\/"}]}},"primary_category":{"id":345,"name":"Destacado","slug":"destacado","link":"https:\/\/www.ull.es\/portal\/noticias\/category\/destacado\/"},"featured_image_thumbnail_url":"https:\/\/www.ull.es\/portal\/noticias\/wp-content\/uploads\/sites\/13\/2023\/12\/arqueologia-3-300x200.jpg","_links":{"self":[{"href":"https:\/\/www.ull.es\/portal\/noticias\/wp-json\/wp\/v2\/posts\/73244"}],"collection":[{"href":"https:\/\/www.ull.es\/portal\/noticias\/wp-json\/wp\/v2\/posts"}],"about":[{"href":"https:\/\/www.ull.es\/portal\/noticias\/wp-json\/wp\/v2\/types\/post"}],"author":[{"embeddable":true,"href":"https:\/\/www.ull.es\/portal\/noticias\/wp-json\/wp\/v2\/users\/23"}],"replies":[{"embeddable":true,"href":"https:\/\/www.ull.es\/portal\/noticias\/wp-json\/wp\/v2\/comments?post=73244"}],"version-history":[{"count":3,"href":"https:\/\/www.ull.es\/portal\/noticias\/wp-json\/wp\/v2\/posts\/73244\/revisions"}],"predecessor-version":[{"id":73298,"href":"https:\/\/www.ull.es\/portal\/noticias\/wp-json\/wp\/v2\/posts\/73244\/revisions\/73298"}],"wp:featuredmedia":[{"embeddable":true,"href":"https:\/\/www.ull.es\/portal\/noticias\/wp-json\/wp\/v2\/media\/73247"}],"wp:attachment":[{"href":"https:\/\/www.ull.es\/portal\/noticias\/wp-json\/wp\/v2\/media?parent=73244"}],"wp:term":[{"taxonomy":"category","embeddable":true,"href":"https:\/\/www.ull.es\/portal\/noticias\/wp-json\/wp\/v2\/categories?post=73244"},{"taxonomy":"post_tag","embeddable":true,"href":"https:\/\/www.ull.es\/portal\/noticias\/wp-json\/wp\/v2\/tags?post=73244"}],"curies":[{"name":"wp","href":"https:\/\/api.w.org\/{rel}","templated":true}]}}