{"id":73258,"date":"2023-12-14T13:15:14","date_gmt":"2023-12-14T13:15:14","guid":{"rendered":"https:\/\/www.ull.es\/portal\/noticias\/?p=73258"},"modified":"2023-12-14T14:24:37","modified_gmt":"2023-12-14T14:24:37","slug":"investigadores-de-la-ull-dirigen-el-primer-barometro-de-la-ciudad-de-la-laguna","status":"publish","type":"post","link":"https:\/\/www.ull.es\/portal\/noticias\/2023\/investigadores-de-la-ull-dirigen-el-primer-barometro-de-la-ciudad-de-la-laguna\/","title":{"rendered":"Investigadores de la ULL dirigen el primer bar\u00f3metro de la ciudad de La Laguna"},"content":{"rendered":"<p><span style=\"font-weight: 400;\">El Foro Econ\u00f3mico y Social del municipio de La Laguna ha encargado a un equipo de investigaci\u00f3n de la Universidad de La Laguna la realizaci\u00f3n de un <\/span><a href=\"https:\/\/www.aytolalaguna.es\/CDN\/files\/servicios\/participacion-ciudadana\/.galleries\/DOCUMENTOS-Foro-Economico-y-social\/Barometro-de-San-Cristobal-de-LL.pdf\" target=\"_blank\" rel=\"noopener\">bar\u00f3metro<\/a><span style=\"font-weight: 400;\"> que capte las preocupaciones y expectativas de la ciudadan\u00eda de esta localidad, dividida en seis distritos. A trav\u00e9s de un amplio proceso de encuestaci\u00f3n telef\u00f3nica a m\u00e1s de 17.000 personas de las que finalmente fueron seleccionadas 800, se ha podido conocer qu\u00e9 opinan los vecinos acerca de su entorno, qu\u00e9 es lo que m\u00e1s les preocupa y qu\u00e9 oportunidades y beneficios ven a su alcance. Los resultados de este trabajo han sido presentados esta semana en la Facultad de Econom\u00eda, Empresa y Turismo del centro acad\u00e9mico.<\/span><\/p>\n<p style=\"text-align: center;\"><a href=\"https:\/\/drive.google.com\/drive\/folders\/1VNrT5ONwr2ZiXbGMA5cO5fjDMvszIXM9?usp=sharing\" target=\"_blank\" rel=\"noopener\" target=\"_blank\" rel=\"noopener\"><strong>Galer\u00eda de im\u00e1genes<\/strong><\/a><\/p>\n<p><span style=\"font-weight: 400;\">El acto, presidido por el rector, Francisco Garc\u00eda, y el alcalde de La Laguna, Luis Yeray Guti\u00e9rrez, acogi\u00f3 a numeroso p\u00fablico interesado en conocer los resultados de este estudio, para el cual no ha habido ning\u00fan tipo de indicaci\u00f3n previa y que ha respetado y trascendido las opiniones de los encuestados, dijeron. \u201cEstamos presentando un estudio ejemplar, que analiza las percepciones y preocupaciones de la ciudadan\u00eda\u201d, coment\u00f3 el rector, quien a\u00f1adi\u00f3 que tanto para \u00e9l como para mucha gente \u201cLa Laguna lo es todo, es la universidad, pero tambi\u00e9n es el municipio\u201d, en clara alusi\u00f3n a la simbiosis que se produce entre uno y otro espacio.<\/span><\/p>\n<p><span style=\"font-weight: 400;\">El rector asever\u00f3 que para la instituci\u00f3n universitaria es un orgullo colaborar en un trabajo como este, plenamente focalizado en las personas y en el territorio. \u201cEstamos en un momento de incertidumbre, tenemos que vivir en esa complejidad y tomar decisiones, y por eso contar con un instrumento que aporta tal cantidad de datos resulta fundamental. Se trata de un estudio riguroso y de mucho valor. Nos alegra que hayan contado con la universidad para la elaboraci\u00f3n de este trabajo\u201d, a\u00f1adi\u00f3.<\/span><\/p>\n<div id=\"attachment_73267\" style=\"width: 310px\" class=\"wp-caption alignleft\"><a href=\"https:\/\/www.ull.es\/portal\/noticias\/wp-content\/uploads\/sites\/13\/2023\/12\/Barometro-La-Laguna-20-1.jpg\" target=\"_blank\" rel=\"noopener\"><img aria-describedby=\"caption-attachment-73267\" decoding=\"async\" loading=\"lazy\" class=\"wp-image-73267 size-medium\" src=\"https:\/\/www.ull.es\/portal\/noticias\/wp-content\/uploads\/sites\/13\/2023\/12\/Barometro-La-Laguna-20-1-300x200.jpg\" alt=\"\" width=\"300\" height=\"200\" srcset=\"https:\/\/www.ull.es\/portal\/noticias\/wp-content\/uploads\/sites\/13\/2023\/12\/Barometro-La-Laguna-20-1-300x200.jpg 300w, https:\/\/www.ull.es\/portal\/noticias\/wp-content\/uploads\/sites\/13\/2023\/12\/Barometro-La-Laguna-20-1-768x512.jpg 768w, https:\/\/www.ull.es\/portal\/noticias\/wp-content\/uploads\/sites\/13\/2023\/12\/Barometro-La-Laguna-20-1-375x250.jpg 375w, https:\/\/www.ull.es\/portal\/noticias\/wp-content\/uploads\/sites\/13\/2023\/12\/Barometro-La-Laguna-20-1-750x500.jpg 750w, https:\/\/www.ull.es\/portal\/noticias\/wp-content\/uploads\/sites\/13\/2023\/12\/Barometro-La-Laguna-20-1.jpg 1024w\" sizes=\"(max-width: 300px) 100vw, 300px\" \/><\/a><p id=\"caption-attachment-73267\" class=\"wp-caption-text\">De izquierda a derecha, Juan Villaney Gonz\u00e1lez, Ana Goretty Padr\u00f3n y Josu\u00e9 Barroso, autores del bar\u00f3metro.<\/p><\/div>\n<p><span style=\"font-weight: 400;\">El alcalde y presidente del Foro dijo estar convencido de que este trabajo va a resultar muy \u00fatil. \u201cPor fin el Foro cuenta con una estructura firme, que servir\u00e1 para mirar el futuro, pero sin perder de vista el presente\u201d. El mandatario incidi\u00f3 igualmente en la utilidad del bar\u00f3metro: \u201cTodas las pol\u00edticas p\u00fablicas deber\u00edan estar ubicadas bajo el paraguas de este estudio, sean del signo pol\u00edtico que sean\u201d.<\/span><\/p>\n<p><span style=\"font-weight: 400;\">Josefina Su\u00e1rez, vicepresidenta del Foro Econ\u00f3mico y Social, recalc\u00f3 la total libertad bajo la que se ha ejecutado el bar\u00f3metro, al tiempo que se\u00f1al\u00f3 que los ediles del ayuntamiento tendr\u00e1n en cuenta esta herramienta para poder desarrollar su cometido diario. El decano de la facultad anfitriona se\u00f1al\u00f3 que sin conocer las preocupaciones de los ciudadanos las pol\u00edticas no pueden ser eficaces, y que la actividad de este foro demuestra el nivel de participaci\u00f3n ciudadana del municipio.<\/span><\/p>\n<p><span style=\"font-weight: 400;\">El equipo redactor ha estado liderado por el profesor <\/span><a href=\"https:\/\/portalciencia.ull.es\/investigadores\/81229\/detalle\" target=\"_blank\" rel=\"noopener\" target=\"_blank\" rel=\"noopener\">Josu\u00e9 Barroso<\/a><span style=\"font-weight: 400;\">, acompa\u00f1ado de los soci\u00f3logos reci\u00e9n egresados Ana Goretty Padr\u00f3n y Juan Villaney Gonz\u00e1lez, y codirigido por Manuel Gonz\u00e1lez de la Rosa. Barroso destac\u00f3 que un bar\u00f3metro es una encuesta que se realiza en un momento dado pero que ha de ser repetida en el tiempo. \u201cLa definici\u00f3n de las pol\u00edticas p\u00fablicas ha de basarse en evidencias, no se pueden llevar a cabo sin conocer lo que piensa la ciudadan\u00eda\u201d, sostuvo. El investigador a\u00f1adi\u00f3 que en el \u00e1mbito municipal no es habitual hacer bar\u00f3metros, porque necesitan de una muestra muy grande y resulta muy costoso, \u201ccon lo cual hemos puesto a La Laguna al nivel de otras grandes ciudades\u201d. Otro dato importante que avala este trabajo es la transparencia, con la publicaci\u00f3n de distintas bases de datos que permitir\u00e1n adem\u00e1s llevar a cabo estudios posteriores por otros investigadores, lo cual es en s\u00ed mismo la base de la ciencia abierta, dijo.<\/span><\/p>\n<p><span style=\"font-weight: 400;\">En la encuesta telef\u00f3nica se recogi\u00f3 una muestra proporcional a cada uno de los seis distritos que componen el municipio, lo que permite conocer conclusiones de cada zona. Las dimensiones del estudio abarcan asuntos como la movilidad, vivienda, empleo, econom\u00eda, educaci\u00f3n y salud, o seguridad, entre otras. Se realizaron 7.699 llamadas para llegar a una muestra final de 800 personas que fuera representativa y que estuviera bien contestada.<\/span><\/p>\n<p><b>Los datos<\/b><\/p>\n<p><span style=\"font-weight: 400;\">En cuanto a la movilidad, el bar\u00f3metro arroja que el coche es el medio m\u00e1s utilizado. Uno de cada tres ciudadanos se desplaza a pie y el 15% usa el transporte p\u00fablico en el municipio. Esta dimensi\u00f3n no escapa a los roles de g\u00e9nero, ya que el uso del veh\u00edculo en hombres es el 42% frente al 23% de las mujeres. Tambi\u00e9n se supo que las personas de mayor edad usan el doble la posibilidad de traslado a pie y que existen diferentes pautas de movilidad seg\u00fan el distrito. Por grupos de edad, los m\u00e1s j\u00f3venes estar\u00edan m\u00e1s a favor de los carriles bici.<\/span><\/p>\n<p><span style=\"font-weight: 400;\"><a href=\"https:\/\/www.ull.es\/portal\/noticias\/wp-content\/uploads\/sites\/13\/2023\/12\/Barometro-La-Laguna-01.jpg\" target=\"_blank\" rel=\"noopener\"><img decoding=\"async\" loading=\"lazy\" class=\"alignright size-medium wp-image-73263\" src=\"https:\/\/www.ull.es\/portal\/noticias\/wp-content\/uploads\/sites\/13\/2023\/12\/Barometro-La-Laguna-01-300x200.jpg\" alt=\"\" width=\"300\" height=\"200\" srcset=\"https:\/\/www.ull.es\/portal\/noticias\/wp-content\/uploads\/sites\/13\/2023\/12\/Barometro-La-Laguna-01-300x200.jpg 300w, https:\/\/www.ull.es\/portal\/noticias\/wp-content\/uploads\/sites\/13\/2023\/12\/Barometro-La-Laguna-01-768x512.jpg 768w, https:\/\/www.ull.es\/portal\/noticias\/wp-content\/uploads\/sites\/13\/2023\/12\/Barometro-La-Laguna-01-375x250.jpg 375w, https:\/\/www.ull.es\/portal\/noticias\/wp-content\/uploads\/sites\/13\/2023\/12\/Barometro-La-Laguna-01-750x500.jpg 750w, https:\/\/www.ull.es\/portal\/noticias\/wp-content\/uploads\/sites\/13\/2023\/12\/Barometro-La-Laguna-01.jpg 1024w\" sizes=\"(max-width: 300px) 100vw, 300px\" \/><\/a>Preguntados por la vivienda, los valores de satisfacci\u00f3n son altos en cuanto al municipio en general, y descienden cuando se tratan zonas espec\u00edficas de residencia. Igualmente se se\u00f1al\u00f3 que a mayor edad el grado de satisfacci\u00f3n es m\u00e1s elevado. Con la vivienda los m\u00e1s insatisfechos se encuentran en el distrito 6 (Los Andenes, Los Bald\u00edos, El Ortigal y Los Rodeos) y en el 5 (Bajamar, Punta del Hidalgo, Valle de Guerra), mientras que el de mayor satisfacci\u00f3n se sit\u00faa en Jardina, La Vega y Las Mercedes.<\/span><\/p>\n<p><span style=\"font-weight: 400;\">Sobre la situaci\u00f3n ocupacional, el 25% de las mujeres encuestadas trabaja en tareas del hogar, frente al cero por ciento declarado por los hombres del municipio. El desempleo incide m\u00e1s en mujeres y de menor edad, en 20% frente a un 13% de los varones. En el rango de edad de 18 a 40 a\u00f1os, el desempleo ataca en los distritos 3 y 5, duplicando o triplicando los datos de otros distritos.<\/span><\/p>\n<p><span style=\"font-weight: 400;\">Preguntados por la valoraci\u00f3n econ\u00f3mica, a medida que se acerca a la situaci\u00f3n personal decae la apreciaci\u00f3n positiva. As\u00ed, frente a una valoraci\u00f3n del 80% acerca del municipio, baja al 70% en la zona de residencia y se resiente por debajo del 50% cuando hablamos a nivel individual. El grupo de menor edad es el que sufre mayor precariedad, se\u00f1alaron los investigadores. De hecho, preguntados acerca de la capacidad de afrontar un imprevisto econ\u00f3mico de, por ejemplo, 700 euros, algo m\u00e1s de la mitad de la poblaci\u00f3n dice que no ser\u00eda capaz. Nuevamente, es la poblaci\u00f3n m\u00e1s joven la que menos posibilidad declarar\u00eda, y por distrito tendr\u00edan mayor capacidad el distrito 4 y el 6, frente a los que menos, situados en el distrito 5.<\/span><\/p>\n<p><span style=\"font-weight: 400;\">En cuanto a la valoraci\u00f3n de los servicios educativos y sanitarios, los primeros alcanzan el 7,44 sobre 10, con peso espec\u00edfico de la presencia de la universidad, y baja la apreciaci\u00f3n de servicios sanitarios al 6,79, sin diferencias por grupos de edad. Sobre la salud emocional y mental, no hay mucha diferencia por g\u00e9nero, pero s\u00ed por grupos de edad, ya que de nuevo los m\u00e1s j\u00f3venes son los que m\u00e1s sufren, con niveles de estr\u00e9s mayores, soledad frecuente y problemas para dormir. Estos datos mejoran levemente en los grupos de mediana edad y tambi\u00e9n disminuye en el de mayor edad, aunque en este caso s\u00ed hay un sesgo de g\u00e9nero que repercute en las mujeres.<\/span><\/p>\n<p><span style=\"font-weight: 400;\">Respecto a las pol\u00edticas y servicios p\u00fablicos, se valora el alumbrado p\u00fablico y tambi\u00e9n la recogida de residuos. La limpieza aprueba de forma muy discreta, con gran margen de mejora, como tambi\u00e9n sucede con las instalaciones deportivas, mientras que suspende el mantenimiento de carreteras. Las pol\u00edticas de mejor valoraci\u00f3n son las de juventud, igualdad y diversidad, mientras que obtiene peor valoraci\u00f3n la de dependencia. Sobre la percepci\u00f3n de seguridad, es mayor a nivel municipal que cuando se desciende a zonas concretas. Los distritos 3 y 4 son los que perciben mayor sensaci\u00f3n de inseguridad, mientras que el 6 reporta sensaci\u00f3n de seguridad total, ya que no hay respuestas negativas.<\/span><\/p>\n<p><b>Ciudades m\u00e1s digitales e integradas<\/b><\/p>\n<p><span style=\"font-weight: 400;\">Tras la presentaci\u00f3n del estudio, intervino el profesor de la Facultad de Econom\u00eda <\/span><a href=\"https:\/\/portalciencia.ull.es\/investigadores\/81151\/detalle\" target=\"_blank\" rel=\"noopener\">Eduardo Parra<\/a><span style=\"font-weight: 400;\">, especializado en econom\u00eda digital, turismo y gobernanza, para hacer un balance general del estudio y, sobre todo, aportar pinceladas acerca de los retos de las urbes. Se\u00f1al\u00f3 que los municipios se encuentran insertos en un contexto m\u00e1s global, lo que exige mayor interdependencia e interconectividad. \u201cExiste un riesgo importante en la toma de decisiones en un contexto de caos e incertidumbre, vivimos en alerta continua y la toma de decisiones ha de ser m\u00e1s r\u00e1pida. Hemos pasado pues a entornos m\u00e1s quebradizos, con modelos de negocios poco lineales y que requieren contar con todo el talento posible\u201d, avanz\u00f3 el experto.<\/span><\/p>\n<p><span style=\"font-weight: 400;\"><a href=\"https:\/\/www.ull.es\/portal\/noticias\/wp-content\/uploads\/sites\/13\/2023\/12\/Barometro-La-Laguna-10.jpg\" target=\"_blank\" rel=\"noopener\"><img decoding=\"async\" loading=\"lazy\" class=\"alignleft wp-image-73264 size-medium\" src=\"https:\/\/www.ull.es\/portal\/noticias\/wp-content\/uploads\/sites\/13\/2023\/12\/Barometro-La-Laguna-10-300x200.jpg\" alt=\"\" width=\"300\" height=\"200\" srcset=\"https:\/\/www.ull.es\/portal\/noticias\/wp-content\/uploads\/sites\/13\/2023\/12\/Barometro-La-Laguna-10-300x200.jpg 300w, https:\/\/www.ull.es\/portal\/noticias\/wp-content\/uploads\/sites\/13\/2023\/12\/Barometro-La-Laguna-10-768x512.jpg 768w, https:\/\/www.ull.es\/portal\/noticias\/wp-content\/uploads\/sites\/13\/2023\/12\/Barometro-La-Laguna-10-375x250.jpg 375w, https:\/\/www.ull.es\/portal\/noticias\/wp-content\/uploads\/sites\/13\/2023\/12\/Barometro-La-Laguna-10-750x500.jpg 750w, https:\/\/www.ull.es\/portal\/noticias\/wp-content\/uploads\/sites\/13\/2023\/12\/Barometro-La-Laguna-10.jpg 1024w\" sizes=\"(max-width: 300px) 100vw, 300px\" \/><\/a>La cercan\u00eda y la generaci\u00f3n de conocimiento de la Universidad de La Laguna ha de estar, en su opini\u00f3n, a disposici\u00f3n del municipio para tomar decisiones acertadas con equipos multidisciplinares. \u201cPoner en el foco a las personas resulta fundamental, sobre todo por la densidad poblacional que va en aumento, con la migraci\u00f3n de zonas rurales a grandes municipios\u201d, sostuvo.<\/span><\/p>\n<p><span style=\"font-weight: 400;\">En este contexto de vulnerabilidad y de cambio constante, el docente agreg\u00f3 que en las ciudades 4.0, en un escenario imaginario de 2050, el 60 o 70% va a vivir en grandes urbes, lo que ser\u00e1 un gran reto energ\u00e9tico y de gesti\u00f3n m\u00e1s eficiente de los recursos. \u201cLa tecnolog\u00eda debe convertirse en un gran aliado de las ciudades, y en eso a Canarias le queda mucho camino por recorrer\u201d, dijo.<\/span><\/p>\n<p><span style=\"font-weight: 400;\">Para Parra, existe una falta de gobernanza y de conexi\u00f3n interna de los municipios, por lo cual es clave convertir a las ciudades en entornos m\u00e1s seguros y atractivos. La materia prima lineal ha de pasar a ciclos circulares, generando menos cantidad de contaminantes y residuos, contando con estructuras pasivas y bioclim\u00e1ticas, con materiales naturales con bajo contenido en carbono. El economista tambi\u00e9n apunt\u00f3 la necesidad de una red de transporte m\u00e1s eficiente y mejor organizada, con una accesibilidad m\u00e1s productiva e integradora.<\/span><\/p>\n<p><span style=\"font-weight: 400;\">\u201cTenemos que autoorganizar los distritos de las ciudades, con ecosistemas de personas m\u00e1s interconectados, un tejido empresarial m\u00e1s innovador utilizando un modelo m\u00e1s predictivo. Se trata en suma de trabajar un liderazgo m\u00e1s compartido, con una pol\u00edtica municipal m\u00e1s integral. \u201cAnte una sociedad involutiva, estamos necesitados de pensar de otra forma, con flexibilidad de adaptaci\u00f3n a nuevos cambios; hay que seguir trabajando como un municipio de talento y de comportamiento social\u201d.<\/span><\/p>\n<p><span style=\"font-weight: 400;\">El experto concluy\u00f3 diciendo que plantea un modelo que pone en el centro la innovaci\u00f3n humana, sostenida en pensar diferente siendo humanamente m\u00e1s innovadores, con una gobernanza m\u00e1s abierta a trav\u00e9s de un modelo no est\u00e1tico y participativo.<\/span><\/p>\n<p><span style=\"font-weight: 400;\">Como retos, Eduardo Parra esboz\u00f3 la mayor diversificaci\u00f3n econ\u00f3mica, mayor prosperidad local, calidad en el empleo, equidad social, cumplimiento con el visitante de La Laguna, control local, riqueza y patrimonio cultural, integridad f\u00edsica y sostenible con vecindarios m\u00e1s aut\u00f3nomos, habitabilidad, calidad de vida y mayor conectividad.<\/span><\/p>\n<p><span style=\"font-weight: 400;\">\u00a0<\/span><\/p>\n<p>&nbsp;<\/p>\n","protected":false},"excerpt":{"rendered":"<p>El Foro Econ\u00f3mico y Social del municipio de La Laguna ha encargado a un equipo de investigaci\u00f3n de la Universidad&#8230;<\/p>\n","protected":false},"author":65,"featured_media":73259,"comment_status":"closed","ping_status":"closed","sticky":false,"template":"","format":"standard","meta":{"inline_featured_image":false,"footnotes":""},"categories":[345,350,2765],"tags":[10602,10611,6233],"acf":[],"yoast_head":"<!-- This site is optimized with the Yoast SEO plugin v21.3 - https:\/\/yoast.com\/wordpress\/plugins\/seo\/ -->\n<title>Investigadores de la ULL dirigen el primer bar\u00f3metro de La Laguna<\/title>\n<meta name=\"description\" content=\"El Foro Econ\u00f3mico y Social del municipio de La Laguna ha encargado a un equipo de investigaci\u00f3n de la Universidad de La Laguna la realizaci\u00f3n de un bar\u00f3metro que capte las preocupaciones y expectativas de la ciudadan\u00eda de esta localidad, dividida en seis distritos. A trav\u00e9s de un amplio proceso de encuestaci\u00f3n telef\u00f3nica a m\u00e1s de 17.000 personas de las que finalmente fueron seleccionadas 800, se ha podido conocer qu\u00e9 opinan los vecinos acerca de su entorno, qu\u00e9 es lo que m\u00e1s les preocupa y qu\u00e9 oportunidades y beneficios ven a su alcance. Los resultados de este trabajo han sido presentados esta semana en la Facultad de Econom\u00eda, Empresa y Turismo del centro acad\u00e9mico.\" \/>\n<meta name=\"robots\" content=\"index, follow, max-snippet:-1, max-image-preview:large, max-video-preview:-1\" \/>\n<link rel=\"canonical\" href=\"https:\/\/www.ull.es\/portal\/noticias\/2023\/investigadores-de-la-ull-dirigen-el-primer-barometro-de-la-ciudad-de-la-laguna\/\" \/>\n<meta property=\"og:locale\" content=\"es_ES\" \/>\n<meta property=\"og:type\" content=\"article\" \/>\n<meta property=\"og:title\" content=\"Investigadores de la ULL dirigen el primer bar\u00f3metro de La Laguna\" \/>\n<meta property=\"og:description\" content=\"El Foro Econ\u00f3mico y Social del municipio de La Laguna ha encargado a un equipo de investigaci\u00f3n de la Universidad de La Laguna la realizaci\u00f3n de un bar\u00f3metro que capte las preocupaciones y expectativas de la ciudadan\u00eda de esta localidad, dividida en seis distritos. A trav\u00e9s de un amplio proceso de encuestaci\u00f3n telef\u00f3nica a m\u00e1s de 17.000 personas de las que finalmente fueron seleccionadas 800, se ha podido conocer qu\u00e9 opinan los vecinos acerca de su entorno, qu\u00e9 es lo que m\u00e1s les preocupa y qu\u00e9 oportunidades y beneficios ven a su alcance. Los resultados de este trabajo han sido presentados esta semana en la Facultad de Econom\u00eda, Empresa y Turismo del centro acad\u00e9mico.\" \/>\n<meta property=\"og:url\" content=\"https:\/\/www.ull.es\/portal\/noticias\/2023\/investigadores-de-la-ull-dirigen-el-primer-barometro-de-la-ciudad-de-la-laguna\/\" \/>\n<meta property=\"og:site_name\" content=\"ULL - Noticias\" \/>\n<meta property=\"article:publisher\" content=\"https:\/\/www.facebook.com\/universidaddelalaguna\/\" \/>\n<meta property=\"article:published_time\" content=\"2023-12-14T13:15:14+00:00\" \/>\n<meta property=\"article:modified_time\" content=\"2023-12-14T14:24:37+00:00\" \/>\n<meta property=\"og:image\" content=\"https:\/\/www.ull.es\/portal\/noticias\/wp-content\/uploads\/sites\/13\/2023\/12\/Barometro-La-Laguna-08.jpg\" \/>\n\t<meta property=\"og:image:width\" content=\"1024\" \/>\n\t<meta property=\"og:image:height\" content=\"683\" \/>\n\t<meta property=\"og:image:type\" content=\"image\/jpeg\" \/>\n<meta name=\"author\" content=\"gcom4\" \/>\n<meta name=\"twitter:card\" content=\"summary_large_image\" \/>\n<meta name=\"twitter:creator\" content=\"@CanalULL\" \/>\n<meta name=\"twitter:site\" content=\"@CanalULL\" \/>\n<meta name=\"twitter:label1\" content=\"Escrito por\" \/>\n\t<meta name=\"twitter:data1\" content=\"gcom4\" \/>\n\t<meta name=\"twitter:label2\" content=\"Tiempo de lectura\" \/>\n\t<meta name=\"twitter:data2\" content=\"9 minutos\" \/>\n<script type=\"application\/ld+json\" class=\"yoast-schema-graph\">{\"@context\":\"https:\/\/schema.org\",\"@graph\":[{\"@type\":\"WebPage\",\"@id\":\"https:\/\/www.ull.es\/portal\/noticias\/2023\/investigadores-de-la-ull-dirigen-el-primer-barometro-de-la-ciudad-de-la-laguna\/\",\"url\":\"https:\/\/www.ull.es\/portal\/noticias\/2023\/investigadores-de-la-ull-dirigen-el-primer-barometro-de-la-ciudad-de-la-laguna\/\",\"name\":\"Investigadores de la ULL dirigen el primer bar\u00f3metro de La Laguna\",\"isPartOf\":{\"@id\":\"https:\/\/www.ull.es\/portal\/noticias\/#website\"},\"datePublished\":\"2023-12-14T13:15:14+00:00\",\"dateModified\":\"2023-12-14T14:24:37+00:00\",\"author\":{\"@id\":\"https:\/\/www.ull.es\/portal\/noticias\/#\/schema\/person\/9924518fb1ad37d4428e7b5d6f311773\"},\"description\":\"El Foro Econ\u00f3mico y Social del municipio de La Laguna ha encargado a un equipo de investigaci\u00f3n de la Universidad de La Laguna la realizaci\u00f3n de un bar\u00f3metro que capte las preocupaciones y expectativas de la ciudadan\u00eda de esta localidad, dividida en seis distritos. A trav\u00e9s de un amplio proceso de encuestaci\u00f3n telef\u00f3nica a m\u00e1s de 17.000 personas de las que finalmente fueron seleccionadas 800, se ha podido conocer qu\u00e9 opinan los vecinos acerca de su entorno, qu\u00e9 es lo que m\u00e1s les preocupa y qu\u00e9 oportunidades y beneficios ven a su alcance. Los resultados de este trabajo han sido presentados esta semana en la Facultad de Econom\u00eda, Empresa y Turismo del centro acad\u00e9mico.\",\"breadcrumb\":{\"@id\":\"https:\/\/www.ull.es\/portal\/noticias\/2023\/investigadores-de-la-ull-dirigen-el-primer-barometro-de-la-ciudad-de-la-laguna\/#breadcrumb\"},\"inLanguage\":\"es\",\"potentialAction\":[{\"@type\":\"ReadAction\",\"target\":[\"https:\/\/www.ull.es\/portal\/noticias\/2023\/investigadores-de-la-ull-dirigen-el-primer-barometro-de-la-ciudad-de-la-laguna\/\"]}]},{\"@type\":\"BreadcrumbList\",\"@id\":\"https:\/\/www.ull.es\/portal\/noticias\/2023\/investigadores-de-la-ull-dirigen-el-primer-barometro-de-la-ciudad-de-la-laguna\/#breadcrumb\",\"itemListElement\":[{\"@type\":\"ListItem\",\"position\":1,\"name\":\"Portada\",\"item\":\"https:\/\/www.ull.es\/portal\/noticias\/\"},{\"@type\":\"ListItem\",\"position\":2,\"name\":\"Investigadores de la ULL dirigen el primer bar\u00f3metro de la ciudad de La Laguna\"}]},{\"@type\":\"WebSite\",\"@id\":\"https:\/\/www.ull.es\/portal\/noticias\/#website\",\"url\":\"https:\/\/www.ull.es\/portal\/noticias\/\",\"name\":\"ULL - Noticias\",\"description\":\"\",\"potentialAction\":[{\"@type\":\"SearchAction\",\"target\":{\"@type\":\"EntryPoint\",\"urlTemplate\":\"https:\/\/www.ull.es\/portal\/noticias\/?s={search_term_string}\"},\"query-input\":\"required name=search_term_string\"}],\"inLanguage\":\"es\"},{\"@type\":\"Person\",\"@id\":\"https:\/\/www.ull.es\/portal\/noticias\/#\/schema\/person\/9924518fb1ad37d4428e7b5d6f311773\",\"name\":\"gcom4\",\"image\":{\"@type\":\"ImageObject\",\"inLanguage\":\"es\",\"@id\":\"https:\/\/www.ull.es\/portal\/noticias\/#\/schema\/person\/image\/\",\"url\":\"https:\/\/secure.gravatar.com\/avatar\/a5d1f5573f10617ccfcc209aaf6aa7fb?s=96&d=mm&r=g\",\"contentUrl\":\"https:\/\/secure.gravatar.com\/avatar\/a5d1f5573f10617ccfcc209aaf6aa7fb?s=96&d=mm&r=g\",\"caption\":\"gcom4\"},\"url\":\"https:\/\/www.ull.es\/portal\/noticias\/author\/gcom4\/\"}]}<\/script>\n<!-- \/ Yoast SEO plugin. -->","yoast_head_json":{"title":"Investigadores de la ULL dirigen el primer bar\u00f3metro de La Laguna","description":"El Foro Econ\u00f3mico y Social del municipio de La Laguna ha encargado a un equipo de investigaci\u00f3n de la Universidad de La Laguna la realizaci\u00f3n de un bar\u00f3metro que capte las preocupaciones y expectativas de la ciudadan\u00eda de esta localidad, dividida en seis distritos. A trav\u00e9s de un amplio proceso de encuestaci\u00f3n telef\u00f3nica a m\u00e1s de 17.000 personas de las que finalmente fueron seleccionadas 800, se ha podido conocer qu\u00e9 opinan los vecinos acerca de su entorno, qu\u00e9 es lo que m\u00e1s les preocupa y qu\u00e9 oportunidades y beneficios ven a su alcance. Los resultados de este trabajo han sido presentados esta semana en la Facultad de Econom\u00eda, Empresa y Turismo del centro acad\u00e9mico.","robots":{"index":"index","follow":"follow","max-snippet":"max-snippet:-1","max-image-preview":"max-image-preview:large","max-video-preview":"max-video-preview:-1"},"canonical":"https:\/\/www.ull.es\/portal\/noticias\/2023\/investigadores-de-la-ull-dirigen-el-primer-barometro-de-la-ciudad-de-la-laguna\/","og_locale":"es_ES","og_type":"article","og_title":"Investigadores de la ULL dirigen el primer bar\u00f3metro de La Laguna","og_description":"El Foro Econ\u00f3mico y Social del municipio de La Laguna ha encargado a un equipo de investigaci\u00f3n de la Universidad de La Laguna la realizaci\u00f3n de un bar\u00f3metro que capte las preocupaciones y expectativas de la ciudadan\u00eda de esta localidad, dividida en seis distritos. A trav\u00e9s de un amplio proceso de encuestaci\u00f3n telef\u00f3nica a m\u00e1s de 17.000 personas de las que finalmente fueron seleccionadas 800, se ha podido conocer qu\u00e9 opinan los vecinos acerca de su entorno, qu\u00e9 es lo que m\u00e1s les preocupa y qu\u00e9 oportunidades y beneficios ven a su alcance. Los resultados de este trabajo han sido presentados esta semana en la Facultad de Econom\u00eda, Empresa y Turismo del centro acad\u00e9mico.","og_url":"https:\/\/www.ull.es\/portal\/noticias\/2023\/investigadores-de-la-ull-dirigen-el-primer-barometro-de-la-ciudad-de-la-laguna\/","og_site_name":"ULL - Noticias","article_publisher":"https:\/\/www.facebook.com\/universidaddelalaguna\/","article_published_time":"2023-12-14T13:15:14+00:00","article_modified_time":"2023-12-14T14:24:37+00:00","og_image":[{"width":1024,"height":683,"url":"https:\/\/www.ull.es\/portal\/noticias\/wp-content\/uploads\/sites\/13\/2023\/12\/Barometro-La-Laguna-08.jpg","type":"image\/jpeg"}],"author":"gcom4","twitter_card":"summary_large_image","twitter_creator":"@CanalULL","twitter_site":"@CanalULL","twitter_misc":{"Escrito por":"gcom4","Tiempo de lectura":"9 minutos"},"schema":{"@context":"https:\/\/schema.org","@graph":[{"@type":"WebPage","@id":"https:\/\/www.ull.es\/portal\/noticias\/2023\/investigadores-de-la-ull-dirigen-el-primer-barometro-de-la-ciudad-de-la-laguna\/","url":"https:\/\/www.ull.es\/portal\/noticias\/2023\/investigadores-de-la-ull-dirigen-el-primer-barometro-de-la-ciudad-de-la-laguna\/","name":"Investigadores de la ULL dirigen el primer bar\u00f3metro de La Laguna","isPartOf":{"@id":"https:\/\/www.ull.es\/portal\/noticias\/#website"},"datePublished":"2023-12-14T13:15:14+00:00","dateModified":"2023-12-14T14:24:37+00:00","author":{"@id":"https:\/\/www.ull.es\/portal\/noticias\/#\/schema\/person\/9924518fb1ad37d4428e7b5d6f311773"},"description":"El Foro Econ\u00f3mico y Social del municipio de La Laguna ha encargado a un equipo de investigaci\u00f3n de la Universidad de La Laguna la realizaci\u00f3n de un bar\u00f3metro que capte las preocupaciones y expectativas de la ciudadan\u00eda de esta localidad, dividida en seis distritos. A trav\u00e9s de un amplio proceso de encuestaci\u00f3n telef\u00f3nica a m\u00e1s de 17.000 personas de las que finalmente fueron seleccionadas 800, se ha podido conocer qu\u00e9 opinan los vecinos acerca de su entorno, qu\u00e9 es lo que m\u00e1s les preocupa y qu\u00e9 oportunidades y beneficios ven a su alcance. Los resultados de este trabajo han sido presentados esta semana en la Facultad de Econom\u00eda, Empresa y Turismo del centro acad\u00e9mico.","breadcrumb":{"@id":"https:\/\/www.ull.es\/portal\/noticias\/2023\/investigadores-de-la-ull-dirigen-el-primer-barometro-de-la-ciudad-de-la-laguna\/#breadcrumb"},"inLanguage":"es","potentialAction":[{"@type":"ReadAction","target":["https:\/\/www.ull.es\/portal\/noticias\/2023\/investigadores-de-la-ull-dirigen-el-primer-barometro-de-la-ciudad-de-la-laguna\/"]}]},{"@type":"BreadcrumbList","@id":"https:\/\/www.ull.es\/portal\/noticias\/2023\/investigadores-de-la-ull-dirigen-el-primer-barometro-de-la-ciudad-de-la-laguna\/#breadcrumb","itemListElement":[{"@type":"ListItem","position":1,"name":"Portada","item":"https:\/\/www.ull.es\/portal\/noticias\/"},{"@type":"ListItem","position":2,"name":"Investigadores de la ULL dirigen el primer bar\u00f3metro de la ciudad de La Laguna"}]},{"@type":"WebSite","@id":"https:\/\/www.ull.es\/portal\/noticias\/#website","url":"https:\/\/www.ull.es\/portal\/noticias\/","name":"ULL - Noticias","description":"","potentialAction":[{"@type":"SearchAction","target":{"@type":"EntryPoint","urlTemplate":"https:\/\/www.ull.es\/portal\/noticias\/?s={search_term_string}"},"query-input":"required name=search_term_string"}],"inLanguage":"es"},{"@type":"Person","@id":"https:\/\/www.ull.es\/portal\/noticias\/#\/schema\/person\/9924518fb1ad37d4428e7b5d6f311773","name":"gcom4","image":{"@type":"ImageObject","inLanguage":"es","@id":"https:\/\/www.ull.es\/portal\/noticias\/#\/schema\/person\/image\/","url":"https:\/\/secure.gravatar.com\/avatar\/a5d1f5573f10617ccfcc209aaf6aa7fb?s=96&d=mm&r=g","contentUrl":"https:\/\/secure.gravatar.com\/avatar\/a5d1f5573f10617ccfcc209aaf6aa7fb?s=96&d=mm&r=g","caption":"gcom4"},"url":"https:\/\/www.ull.es\/portal\/noticias\/author\/gcom4\/"}]}},"primary_category":{"id":345,"name":"Destacado","slug":"destacado","link":"https:\/\/www.ull.es\/portal\/noticias\/category\/destacado\/"},"featured_image_thumbnail_url":"https:\/\/www.ull.es\/portal\/noticias\/wp-content\/uploads\/sites\/13\/2023\/12\/Barometro-La-Laguna-08-300x200.jpg","_links":{"self":[{"href":"https:\/\/www.ull.es\/portal\/noticias\/wp-json\/wp\/v2\/posts\/73258"}],"collection":[{"href":"https:\/\/www.ull.es\/portal\/noticias\/wp-json\/wp\/v2\/posts"}],"about":[{"href":"https:\/\/www.ull.es\/portal\/noticias\/wp-json\/wp\/v2\/types\/post"}],"author":[{"embeddable":true,"href":"https:\/\/www.ull.es\/portal\/noticias\/wp-json\/wp\/v2\/users\/65"}],"replies":[{"embeddable":true,"href":"https:\/\/www.ull.es\/portal\/noticias\/wp-json\/wp\/v2\/comments?post=73258"}],"version-history":[{"count":6,"href":"https:\/\/www.ull.es\/portal\/noticias\/wp-json\/wp\/v2\/posts\/73258\/revisions"}],"predecessor-version":[{"id":73287,"href":"https:\/\/www.ull.es\/portal\/noticias\/wp-json\/wp\/v2\/posts\/73258\/revisions\/73287"}],"wp:featuredmedia":[{"embeddable":true,"href":"https:\/\/www.ull.es\/portal\/noticias\/wp-json\/wp\/v2\/media\/73259"}],"wp:attachment":[{"href":"https:\/\/www.ull.es\/portal\/noticias\/wp-json\/wp\/v2\/media?parent=73258"}],"wp:term":[{"taxonomy":"category","embeddable":true,"href":"https:\/\/www.ull.es\/portal\/noticias\/wp-json\/wp\/v2\/categories?post=73258"},{"taxonomy":"post_tag","embeddable":true,"href":"https:\/\/www.ull.es\/portal\/noticias\/wp-json\/wp\/v2\/tags?post=73258"}],"curies":[{"name":"wp","href":"https:\/\/api.w.org\/{rel}","templated":true}]}}