{"id":73296,"date":"2023-12-14T17:31:35","date_gmt":"2023-12-14T17:31:35","guid":{"rendered":"https:\/\/www.ull.es\/portal\/noticias\/?p=73296"},"modified":"2023-12-14T17:31:35","modified_gmt":"2023-12-14T17:31:35","slug":"boc-publica-convocatorias-pruebas-selectivas-plazas-oferta-2020","status":"publish","type":"post","link":"https:\/\/www.ull.es\/portal\/noticias\/2023\/boc-publica-convocatorias-pruebas-selectivas-plazas-oferta-2020\/","title":{"rendered":"El BOC publica las convocatorias de pruebas selectivas para plazas de la oferta p\u00fablica de empleo de 2020"},"content":{"rendered":"<p class=\"p2\">El Bolet\u00edn Oficial de Canarias ha publicado hoy, jueves 14 de diciembre, dos convocatorias de pruebas selectivas para cubrir, mediante el sistema de concurso-oposici\u00f3n, cuatro plazas en la <a href=\"https:\/\/www.gobiernodecanarias.org\/boc\/2023\/244\/002.html\" target=\"_blank\" rel=\"noopener\" target=\"_blank\" rel=\"noopener\"><span class=\"s2\">Escala de Ayudantes de Archivos, Bibliotecas y Museos<\/span><\/a> del subgrupo A2 y treinta y cinco plazas en la <a href=\"https:\/\/www.gobiernodecanarias.org\/boc\/2023\/244\/003.html\" target=\"_blank\" rel=\"noopener\" target=\"_blank\" rel=\"noopener\"><span class=\"s2\">Escala Administrativa<\/span><\/a> del subgrupo C1. La primera de las convocatorias corresponden a la oferta de empleo p\u00fablico de 2020 de la instituci\u00f3n, mientras que las del grupo C tambi\u00e9n abarcan la de dicho a\u00f1o y tambi\u00e9n 2021 y 2022, por lo que, de esta manera, se ultima la tramitaci\u00f3n de unas plazas cuya gesti\u00f3n estaba pendiente.<\/p>\n<p class=\"p2\">De este modo, en pr\u00f3ximas fechas, tambi\u00e9n se abrir\u00e1n los concursos-oposici\u00f3n correspondientes a plazas de las ofertas de 2021 y 2022, y ya se ha preparado la oferta de 2023, para su presentaci\u00f3n ante la representaci\u00f3n de los trabajadores y ante los \u00f3rganos colegiados correspondientes.<\/p>\n<p class=\"p2\">En ambas convocatorias, el plazo para presentar solicitudes ser\u00e1 de veinte d\u00edas h\u00e1biles a partir de la publicaci\u00f3n final de estos anuncios en el BOC. Las personas que deseen concurrir a las plazas A2 podr\u00e1n solicitarlo a trav\u00e9s del <a href=\"https:\/\/sede.ull.es\/ecivilis-site\/catalog\/showProcedure\/467\" target=\"_blank\" rel=\"noopener\" target=\"_blank\" rel=\"noopener\"><span class=\"s2\">procedimiento correspondiente<\/span><\/a><span class=\"s2\">,<\/span> en la sede electr\u00f3nica de la universidad y, como requisito, es indispensable que posean la titulaci\u00f3n de grado, diplomado, arquitecto t\u00e9cnico, ingeniero o equivalente. La documentaci\u00f3n acreditativa que se presente en la solicitud debe incluir el abono de los derechos de examen correspondiente, que asciende a 41,62 euros.<\/p>\n<p class=\"p2\">En el caso de las plazas C1, tambi\u00e9n hay un <a href=\"https:\/\/sede.ull.es\/ecivilis-site\/catalog\/showProcedure\/505\" target=\"_blank\" rel=\"noopener\" target=\"_blank\" rel=\"noopener\"><span class=\"s2\">procedimiento de solicitud<\/span><\/a> espec\u00edfico en la sede electr\u00f3nica y los derechos de examen ascienden a 26,02 euros.<\/p>\n<p class=\"p2\">En ambas convocatorias se incluyen los temarios correspondientes, la descripci\u00f3n del tipo de ejercicios en las diferentes fases de la oposici\u00f3n y otra informaci\u00f3n pormenorizada sobre estos procesos.<\/p>\n","protected":false},"excerpt":{"rendered":"<p>El Bolet\u00edn Oficial de Canarias ha publicado hoy, jueves 14 de diciembre, dos convocatorias de pruebas selectivas para cubrir, mediante&#8230;<\/p>\n","protected":false},"author":21,"featured_media":51612,"comment_status":"closed","ping_status":"closed","sticky":false,"template":"","format":"standard","meta":{"inline_featured_image":false,"footnotes":""},"categories":[345,348,2765],"tags":[10614,8595,2057,2116],"acf":[],"yoast_head":"<!-- This site is optimized with the Yoast SEO plugin v21.3 - https:\/\/yoast.com\/wordpress\/plugins\/seo\/ -->\n<title>El BOC publica las convocatorias de plazas de la oferta 2020<\/title>\n<meta name=\"description\" content=\"Se convocan 5 plazas A2 plazas en la Escala de Ayudantes de Archivos, Bibliotecas y Museos y 35 en la Escala Administrativa C1.\" \/>\n<meta name=\"robots\" content=\"index, follow, max-snippet:-1, max-image-preview:large, max-video-preview:-1\" \/>\n<link rel=\"canonical\" href=\"https:\/\/www.ull.es\/portal\/noticias\/2023\/boc-publica-convocatorias-pruebas-selectivas-plazas-oferta-2020\/\" \/>\n<meta property=\"og:locale\" content=\"es_ES\" \/>\n<meta property=\"og:type\" content=\"article\" \/>\n<meta property=\"og:title\" content=\"El BOC publica las convocatorias de plazas de la oferta 2020\" \/>\n<meta property=\"og:description\" content=\"Se convocan 5 plazas A2 plazas en la Escala de Ayudantes de Archivos, Bibliotecas y Museos y 35 en la Escala Administrativa C1.\" \/>\n<meta property=\"og:url\" content=\"https:\/\/www.ull.es\/portal\/noticias\/2023\/boc-publica-convocatorias-pruebas-selectivas-plazas-oferta-2020\/\" \/>\n<meta property=\"og:site_name\" content=\"ULL - Noticias\" \/>\n<meta property=\"article:publisher\" content=\"https:\/\/www.facebook.com\/universidaddelalaguna\/\" \/>\n<meta property=\"article:published_time\" content=\"2023-12-14T17:31:35+00:00\" \/>\n<meta property=\"og:image\" content=\"https:\/\/www.ull.es\/portal\/noticias\/wp-content\/uploads\/sites\/13\/2020\/08\/rectorado-ull-1024x683-1.jpg\" \/>\n\t<meta property=\"og:image:width\" content=\"1024\" \/>\n\t<meta property=\"og:image:height\" content=\"683\" \/>\n\t<meta property=\"og:image:type\" content=\"image\/jpeg\" \/>\n<meta name=\"author\" content=\"prensa2\" \/>\n<meta name=\"twitter:card\" content=\"summary_large_image\" \/>\n<meta name=\"twitter:creator\" content=\"@CanalULL\" \/>\n<meta name=\"twitter:site\" content=\"@CanalULL\" \/>\n<meta name=\"twitter:label1\" content=\"Escrito por\" \/>\n\t<meta name=\"twitter:data1\" content=\"prensa2\" \/>\n\t<meta name=\"twitter:label2\" content=\"Tiempo de lectura\" \/>\n\t<meta name=\"twitter:data2\" content=\"2 minutos\" \/>\n<script type=\"application\/ld+json\" class=\"yoast-schema-graph\">{\"@context\":\"https:\/\/schema.org\",\"@graph\":[{\"@type\":\"WebPage\",\"@id\":\"https:\/\/www.ull.es\/portal\/noticias\/2023\/boc-publica-convocatorias-pruebas-selectivas-plazas-oferta-2020\/\",\"url\":\"https:\/\/www.ull.es\/portal\/noticias\/2023\/boc-publica-convocatorias-pruebas-selectivas-plazas-oferta-2020\/\",\"name\":\"El BOC publica las convocatorias de plazas de la oferta 2020\",\"isPartOf\":{\"@id\":\"https:\/\/www.ull.es\/portal\/noticias\/#website\"},\"datePublished\":\"2023-12-14T17:31:35+00:00\",\"dateModified\":\"2023-12-14T17:31:35+00:00\",\"author\":{\"@id\":\"https:\/\/www.ull.es\/portal\/noticias\/#\/schema\/person\/c3b2aa857797592927a03740d6664376\"},\"description\":\"Se convocan 5 plazas A2 plazas en la Escala de Ayudantes de Archivos, Bibliotecas y Museos y 35 en la Escala Administrativa C1.\",\"breadcrumb\":{\"@id\":\"https:\/\/www.ull.es\/portal\/noticias\/2023\/boc-publica-convocatorias-pruebas-selectivas-plazas-oferta-2020\/#breadcrumb\"},\"inLanguage\":\"es\",\"potentialAction\":[{\"@type\":\"ReadAction\",\"target\":[\"https:\/\/www.ull.es\/portal\/noticias\/2023\/boc-publica-convocatorias-pruebas-selectivas-plazas-oferta-2020\/\"]}]},{\"@type\":\"BreadcrumbList\",\"@id\":\"https:\/\/www.ull.es\/portal\/noticias\/2023\/boc-publica-convocatorias-pruebas-selectivas-plazas-oferta-2020\/#breadcrumb\",\"itemListElement\":[{\"@type\":\"ListItem\",\"position\":1,\"name\":\"Portada\",\"item\":\"https:\/\/www.ull.es\/portal\/noticias\/\"},{\"@type\":\"ListItem\",\"position\":2,\"name\":\"El BOC publica las convocatorias de pruebas selectivas para plazas de la oferta p\u00fablica de empleo de 2020\"}]},{\"@type\":\"WebSite\",\"@id\":\"https:\/\/www.ull.es\/portal\/noticias\/#website\",\"url\":\"https:\/\/www.ull.es\/portal\/noticias\/\",\"name\":\"ULL - Noticias\",\"description\":\"\",\"potentialAction\":[{\"@type\":\"SearchAction\",\"target\":{\"@type\":\"EntryPoint\",\"urlTemplate\":\"https:\/\/www.ull.es\/portal\/noticias\/?s={search_term_string}\"},\"query-input\":\"required name=search_term_string\"}],\"inLanguage\":\"es\"},{\"@type\":\"Person\",\"@id\":\"https:\/\/www.ull.es\/portal\/noticias\/#\/schema\/person\/c3b2aa857797592927a03740d6664376\",\"name\":\"prensa2\",\"image\":{\"@type\":\"ImageObject\",\"inLanguage\":\"es\",\"@id\":\"https:\/\/www.ull.es\/portal\/noticias\/#\/schema\/person\/image\/\",\"url\":\"https:\/\/secure.gravatar.com\/avatar\/b58f310a5de5feb33d1e026d2493f23c?s=96&d=mm&r=g\",\"contentUrl\":\"https:\/\/secure.gravatar.com\/avatar\/b58f310a5de5feb33d1e026d2493f23c?s=96&d=mm&r=g\",\"caption\":\"prensa2\"},\"url\":\"https:\/\/www.ull.es\/portal\/noticias\/author\/prensa2\/\"}]}<\/script>\n<!-- \/ Yoast SEO plugin. -->","yoast_head_json":{"title":"El BOC publica las convocatorias de plazas de la oferta 2020","description":"Se convocan 5 plazas A2 plazas en la Escala de Ayudantes de Archivos, Bibliotecas y Museos y 35 en la Escala Administrativa C1.","robots":{"index":"index","follow":"follow","max-snippet":"max-snippet:-1","max-image-preview":"max-image-preview:large","max-video-preview":"max-video-preview:-1"},"canonical":"https:\/\/www.ull.es\/portal\/noticias\/2023\/boc-publica-convocatorias-pruebas-selectivas-plazas-oferta-2020\/","og_locale":"es_ES","og_type":"article","og_title":"El BOC publica las convocatorias de plazas de la oferta 2020","og_description":"Se convocan 5 plazas A2 plazas en la Escala de Ayudantes de Archivos, Bibliotecas y Museos y 35 en la Escala Administrativa C1.","og_url":"https:\/\/www.ull.es\/portal\/noticias\/2023\/boc-publica-convocatorias-pruebas-selectivas-plazas-oferta-2020\/","og_site_name":"ULL - Noticias","article_publisher":"https:\/\/www.facebook.com\/universidaddelalaguna\/","article_published_time":"2023-12-14T17:31:35+00:00","og_image":[{"width":1024,"height":683,"url":"https:\/\/www.ull.es\/portal\/noticias\/wp-content\/uploads\/sites\/13\/2020\/08\/rectorado-ull-1024x683-1.jpg","type":"image\/jpeg"}],"author":"prensa2","twitter_card":"summary_large_image","twitter_creator":"@CanalULL","twitter_site":"@CanalULL","twitter_misc":{"Escrito por":"prensa2","Tiempo de lectura":"2 minutos"},"schema":{"@context":"https:\/\/schema.org","@graph":[{"@type":"WebPage","@id":"https:\/\/www.ull.es\/portal\/noticias\/2023\/boc-publica-convocatorias-pruebas-selectivas-plazas-oferta-2020\/","url":"https:\/\/www.ull.es\/portal\/noticias\/2023\/boc-publica-convocatorias-pruebas-selectivas-plazas-oferta-2020\/","name":"El BOC publica las convocatorias de plazas de la oferta 2020","isPartOf":{"@id":"https:\/\/www.ull.es\/portal\/noticias\/#website"},"datePublished":"2023-12-14T17:31:35+00:00","dateModified":"2023-12-14T17:31:35+00:00","author":{"@id":"https:\/\/www.ull.es\/portal\/noticias\/#\/schema\/person\/c3b2aa857797592927a03740d6664376"},"description":"Se convocan 5 plazas A2 plazas en la Escala de Ayudantes de Archivos, Bibliotecas y Museos y 35 en la Escala Administrativa C1.","breadcrumb":{"@id":"https:\/\/www.ull.es\/portal\/noticias\/2023\/boc-publica-convocatorias-pruebas-selectivas-plazas-oferta-2020\/#breadcrumb"},"inLanguage":"es","potentialAction":[{"@type":"ReadAction","target":["https:\/\/www.ull.es\/portal\/noticias\/2023\/boc-publica-convocatorias-pruebas-selectivas-plazas-oferta-2020\/"]}]},{"@type":"BreadcrumbList","@id":"https:\/\/www.ull.es\/portal\/noticias\/2023\/boc-publica-convocatorias-pruebas-selectivas-plazas-oferta-2020\/#breadcrumb","itemListElement":[{"@type":"ListItem","position":1,"name":"Portada","item":"https:\/\/www.ull.es\/portal\/noticias\/"},{"@type":"ListItem","position":2,"name":"El BOC publica las convocatorias de pruebas selectivas para plazas de la oferta p\u00fablica de empleo de 2020"}]},{"@type":"WebSite","@id":"https:\/\/www.ull.es\/portal\/noticias\/#website","url":"https:\/\/www.ull.es\/portal\/noticias\/","name":"ULL - Noticias","description":"","potentialAction":[{"@type":"SearchAction","target":{"@type":"EntryPoint","urlTemplate":"https:\/\/www.ull.es\/portal\/noticias\/?s={search_term_string}"},"query-input":"required name=search_term_string"}],"inLanguage":"es"},{"@type":"Person","@id":"https:\/\/www.ull.es\/portal\/noticias\/#\/schema\/person\/c3b2aa857797592927a03740d6664376","name":"prensa2","image":{"@type":"ImageObject","inLanguage":"es","@id":"https:\/\/www.ull.es\/portal\/noticias\/#\/schema\/person\/image\/","url":"https:\/\/secure.gravatar.com\/avatar\/b58f310a5de5feb33d1e026d2493f23c?s=96&d=mm&r=g","contentUrl":"https:\/\/secure.gravatar.com\/avatar\/b58f310a5de5feb33d1e026d2493f23c?s=96&d=mm&r=g","caption":"prensa2"},"url":"https:\/\/www.ull.es\/portal\/noticias\/author\/prensa2\/"}]}},"primary_category":{"id":345,"name":"Destacado","slug":"destacado","link":"https:\/\/www.ull.es\/portal\/noticias\/category\/destacado\/"},"featured_image_thumbnail_url":"https:\/\/www.ull.es\/portal\/noticias\/wp-content\/uploads\/sites\/13\/2020\/08\/rectorado-ull-1024x683-1-300x200.jpg","_links":{"self":[{"href":"https:\/\/www.ull.es\/portal\/noticias\/wp-json\/wp\/v2\/posts\/73296"}],"collection":[{"href":"https:\/\/www.ull.es\/portal\/noticias\/wp-json\/wp\/v2\/posts"}],"about":[{"href":"https:\/\/www.ull.es\/portal\/noticias\/wp-json\/wp\/v2\/types\/post"}],"author":[{"embeddable":true,"href":"https:\/\/www.ull.es\/portal\/noticias\/wp-json\/wp\/v2\/users\/21"}],"replies":[{"embeddable":true,"href":"https:\/\/www.ull.es\/portal\/noticias\/wp-json\/wp\/v2\/comments?post=73296"}],"version-history":[{"count":1,"href":"https:\/\/www.ull.es\/portal\/noticias\/wp-json\/wp\/v2\/posts\/73296\/revisions"}],"predecessor-version":[{"id":73297,"href":"https:\/\/www.ull.es\/portal\/noticias\/wp-json\/wp\/v2\/posts\/73296\/revisions\/73297"}],"wp:featuredmedia":[{"embeddable":true,"href":"https:\/\/www.ull.es\/portal\/noticias\/wp-json\/wp\/v2\/media\/51612"}],"wp:attachment":[{"href":"https:\/\/www.ull.es\/portal\/noticias\/wp-json\/wp\/v2\/media?parent=73296"}],"wp:term":[{"taxonomy":"category","embeddable":true,"href":"https:\/\/www.ull.es\/portal\/noticias\/wp-json\/wp\/v2\/categories?post=73296"},{"taxonomy":"post_tag","embeddable":true,"href":"https:\/\/www.ull.es\/portal\/noticias\/wp-json\/wp\/v2\/tags?post=73296"}],"curies":[{"name":"wp","href":"https:\/\/api.w.org\/{rel}","templated":true}]}}