{"id":73440,"date":"2023-12-22T12:21:22","date_gmt":"2023-12-22T12:21:22","guid":{"rendered":"https:\/\/www.ull.es\/portal\/noticias\/?p=73440"},"modified":"2023-12-22T12:21:46","modified_gmt":"2023-12-22T12:21:46","slug":"toma-posesion-equipo-decanal-bellas-artes","status":"publish","type":"post","link":"https:\/\/www.ull.es\/portal\/noticias\/2023\/toma-posesion-equipo-decanal-bellas-artes\/","title":{"rendered":"Toma posesi\u00f3n el nuevo equipo decanal que dirigir\u00e1 la Facultad de Bellas Artes los pr\u00f3ximos seis a\u00f1os"},"content":{"rendered":"<p>El nuevo equipo decanal de la <a href=\"https:\/\/www.ull.es\/centros\/facultad-bellas-artes\/\" target=\"_blank\" rel=\"noopener\" target=\"_blank\" rel=\"noopener\">Facultad de Bellas Artes<\/a> de la Universidad de La Laguna ha tomado hoy, viernes 22 de diciembre, posesi\u00f3n de sus cargos para iniciar un mandato que, siguiendo lo estipulado por la nueva Ley Org\u00e1nica del Sistema Universitario (LOSU), tendr\u00e1 una duraci\u00f3n de seis a\u00f1os no prorrogables.<\/p>\n<p>El nuevo decano es <a href=\"https:\/\/portalciencia.ull.es\/investigadores\/82305\/detalle\" target=\"_blank\" rel=\"noopener\" target=\"_blank\" rel=\"noopener\">Bernardo Candela Sanjuan<\/a>, quien estar\u00e1 acompa\u00f1ado durante su mandato por <a href=\"https:\/\/portalciencia.ull.es\/investigadores\/81765\/detalle\" target=\"_blank\" rel=\"noopener\" target=\"_blank\" rel=\"noopener\">Noem\u00ed Pe\u00f1a S\u00e1nchez<\/a> como vicedecana de Ordenaci\u00f3n Acad\u00e9mica y Proyecci\u00f3n Internacional; <a href=\"https:\/\/portalciencia.ull.es\/investigadores\/82632\/detalle\" target=\"_blank\" rel=\"noopener\" target=\"_blank\" rel=\"noopener\">Javier Sicilia Rodr\u00edguez<\/a> como vicedecano de Cultura y Extensi\u00f3n; <a href=\"https:\/\/portalciencia.ull.es\/investigadores\/81657\/detalle\" target=\"_blank\" rel=\"noopener\" target=\"_blank\" rel=\"noopener\">Itahisa P\u00e9rez Conesa<\/a> como vicedecana de Calidad Institucional; y <a href=\"https:\/\/portalciencia.ull.es\/investigadores\/81953\/detalle\" target=\"_blank\" rel=\"noopener\" target=\"_blank\" rel=\"noopener\">Mar\u00eda Teresa Arozena Bonnet<\/a> como secretaria.<\/p>\n<p>El rector de la instituci\u00f3n, Francisco Garc\u00eda, les agradeci\u00f3 su compromiso y responsabilidad con la instituci\u00f3n por asumir estos cargos de gesti\u00f3n, al tiempo que alab\u00f3 la trayectoria de la Facultad de Bellas Artes como centro se\u00f1ero en el seno de a instituci\u00f3n, y un cetro de creaci\u00f3n y difusi\u00f3n de las artes y Humanidades, \u201cque son muy necesarias en la actualidad\u201d.<\/p>\n<p>El nuevo decano adelant\u00f3 algunas de las l\u00edneas de actuaci\u00f3n que pretende poner en marcha con el objetivo de convertir a la facultad en un centro art\u00edstico que forme parte del ecosistema cultural de Canarias, para lo cual tratar\u00e1 de impulsar la creaci\u00f3n tanto del alumnado como del profesorado. En cuanto a la docencia, ya se est\u00e1 trabajando en el dise\u00f1o de un nuevo m\u00e1ster en Investigaci\u00f3n y Creaci\u00f3n Art\u00edstica, y tambi\u00e9n se est\u00e1n estudiado mejoras en la confortabilidad del edificio de la facultad, as\u00ed como la dotaci\u00f3n de su sala de exposiciones y sal\u00f3n de actos para que por fin puedan entrar en servicio.<\/p>\n<p>El anterior decano, <a href=\"https:\/\/portalciencia.ull.es\/investigadores\/80941\/detalle\" target=\"_blank\" rel=\"noopener\" target=\"_blank\" rel=\"noopener\">Alfonso Ruiz Rallo<\/a>, estuvo presente en la toma de posesi\u00f3n para apoyar a sus sucesores. Tras veinte a\u00f1os en el cargo, el ahora vicerrector de Personal Docente e Investigador reflexion\u00f3 que la actual Facultad de Bellas Arte no tiene que ver con la que \u00e9l administr\u00f3 al principio de su mandato hace dos d\u00e9cadas, por lo que pidi\u00f3 al nuevo equipo de gobierno que siguiera por la senda de modernizaci\u00f3n que \u00e9l inici\u00f3 y avanzara done \u00e9l no pudo.<\/p>\n","protected":false},"excerpt":{"rendered":"<p>El nuevo equipo decanal de la Facultad de Bellas Artes de la Universidad de La Laguna ha tomado hoy, viernes&#8230;<\/p>\n","protected":false},"author":21,"featured_media":73441,"comment_status":"closed","ping_status":"closed","sticky":false,"template":"","format":"standard","meta":{"inline_featured_image":false,"footnotes":""},"categories":[345,4737,348,2765],"tags":[5846,5782,4712,8749,10636,10637,10635,2497],"acf":[],"yoast_head":"<!-- This site is optimized with the Yoast SEO plugin v21.3 - https:\/\/yoast.com\/wordpress\/plugins\/seo\/ -->\n<title>Toma posesi\u00f3n el nuevo equipo de la Facultad de Bellas Artes<\/title>\n<meta name=\"description\" content=\"El nuevo decano es Bernardo Sanjuan, que dirigir\u00e1 el centro los pr\u00f3ximos seis a\u00f1os y buscar\u00e1 convertirlo en un n\u00facleo de creaci\u00f3n y difusi\u00f3n.\" \/>\n<meta name=\"robots\" content=\"index, follow, max-snippet:-1, max-image-preview:large, max-video-preview:-1\" \/>\n<link rel=\"canonical\" href=\"https:\/\/www.ull.es\/portal\/noticias\/2023\/toma-posesion-equipo-decanal-bellas-artes\/\" \/>\n<meta property=\"og:locale\" content=\"es_ES\" \/>\n<meta property=\"og:type\" content=\"article\" \/>\n<meta property=\"og:title\" content=\"Toma posesi\u00f3n el nuevo equipo de la Facultad de Bellas Artes\" \/>\n<meta property=\"og:description\" content=\"El nuevo decano es Bernardo Sanjuan, que dirigir\u00e1 el centro los pr\u00f3ximos seis a\u00f1os y buscar\u00e1 convertirlo en un n\u00facleo de creaci\u00f3n y difusi\u00f3n.\" \/>\n<meta property=\"og:url\" content=\"https:\/\/www.ull.es\/portal\/noticias\/2023\/toma-posesion-equipo-decanal-bellas-artes\/\" \/>\n<meta property=\"og:site_name\" content=\"ULL - Noticias\" \/>\n<meta property=\"article:publisher\" content=\"https:\/\/www.facebook.com\/universidaddelalaguna\/\" \/>\n<meta property=\"article:published_time\" content=\"2023-12-22T12:21:22+00:00\" \/>\n<meta property=\"article:modified_time\" content=\"2023-12-22T12:21:46+00:00\" \/>\n<meta property=\"og:image\" content=\"https:\/\/www.ull.es\/portal\/noticias\/wp-content\/uploads\/sites\/13\/2023\/12\/bellas-artes.jpg\" \/>\n\t<meta property=\"og:image:width\" content=\"1200\" \/>\n\t<meta property=\"og:image:height\" content=\"800\" \/>\n\t<meta property=\"og:image:type\" content=\"image\/jpeg\" \/>\n<meta name=\"author\" content=\"prensa2\" \/>\n<meta name=\"twitter:card\" content=\"summary_large_image\" \/>\n<meta name=\"twitter:creator\" content=\"@CanalULL\" \/>\n<meta name=\"twitter:site\" content=\"@CanalULL\" \/>\n<meta name=\"twitter:label1\" content=\"Escrito por\" \/>\n\t<meta name=\"twitter:data1\" content=\"prensa2\" \/>\n\t<meta name=\"twitter:label2\" content=\"Tiempo de lectura\" \/>\n\t<meta name=\"twitter:data2\" content=\"2 minutos\" \/>\n<script type=\"application\/ld+json\" class=\"yoast-schema-graph\">{\"@context\":\"https:\/\/schema.org\",\"@graph\":[{\"@type\":\"WebPage\",\"@id\":\"https:\/\/www.ull.es\/portal\/noticias\/2023\/toma-posesion-equipo-decanal-bellas-artes\/\",\"url\":\"https:\/\/www.ull.es\/portal\/noticias\/2023\/toma-posesion-equipo-decanal-bellas-artes\/\",\"name\":\"Toma posesi\u00f3n el nuevo equipo de la Facultad de Bellas Artes\",\"isPartOf\":{\"@id\":\"https:\/\/www.ull.es\/portal\/noticias\/#website\"},\"datePublished\":\"2023-12-22T12:21:22+00:00\",\"dateModified\":\"2023-12-22T12:21:46+00:00\",\"author\":{\"@id\":\"https:\/\/www.ull.es\/portal\/noticias\/#\/schema\/person\/c3b2aa857797592927a03740d6664376\"},\"description\":\"El nuevo decano es Bernardo Sanjuan, que dirigir\u00e1 el centro los pr\u00f3ximos seis a\u00f1os y buscar\u00e1 convertirlo en un n\u00facleo de creaci\u00f3n y difusi\u00f3n.\",\"breadcrumb\":{\"@id\":\"https:\/\/www.ull.es\/portal\/noticias\/2023\/toma-posesion-equipo-decanal-bellas-artes\/#breadcrumb\"},\"inLanguage\":\"es\",\"potentialAction\":[{\"@type\":\"ReadAction\",\"target\":[\"https:\/\/www.ull.es\/portal\/noticias\/2023\/toma-posesion-equipo-decanal-bellas-artes\/\"]}]},{\"@type\":\"BreadcrumbList\",\"@id\":\"https:\/\/www.ull.es\/portal\/noticias\/2023\/toma-posesion-equipo-decanal-bellas-artes\/#breadcrumb\",\"itemListElement\":[{\"@type\":\"ListItem\",\"position\":1,\"name\":\"Portada\",\"item\":\"https:\/\/www.ull.es\/portal\/noticias\/\"},{\"@type\":\"ListItem\",\"position\":2,\"name\":\"Toma posesi\u00f3n el nuevo equipo decanal que dirigir\u00e1 la Facultad de Bellas Artes los pr\u00f3ximos seis a\u00f1os\"}]},{\"@type\":\"WebSite\",\"@id\":\"https:\/\/www.ull.es\/portal\/noticias\/#website\",\"url\":\"https:\/\/www.ull.es\/portal\/noticias\/\",\"name\":\"ULL - Noticias\",\"description\":\"\",\"potentialAction\":[{\"@type\":\"SearchAction\",\"target\":{\"@type\":\"EntryPoint\",\"urlTemplate\":\"https:\/\/www.ull.es\/portal\/noticias\/?s={search_term_string}\"},\"query-input\":\"required name=search_term_string\"}],\"inLanguage\":\"es\"},{\"@type\":\"Person\",\"@id\":\"https:\/\/www.ull.es\/portal\/noticias\/#\/schema\/person\/c3b2aa857797592927a03740d6664376\",\"name\":\"prensa2\",\"image\":{\"@type\":\"ImageObject\",\"inLanguage\":\"es\",\"@id\":\"https:\/\/www.ull.es\/portal\/noticias\/#\/schema\/person\/image\/\",\"url\":\"https:\/\/secure.gravatar.com\/avatar\/b58f310a5de5feb33d1e026d2493f23c?s=96&d=mm&r=g\",\"contentUrl\":\"https:\/\/secure.gravatar.com\/avatar\/b58f310a5de5feb33d1e026d2493f23c?s=96&d=mm&r=g\",\"caption\":\"prensa2\"},\"url\":\"https:\/\/www.ull.es\/portal\/noticias\/author\/prensa2\/\"}]}<\/script>\n<!-- \/ Yoast SEO plugin. -->","yoast_head_json":{"title":"Toma posesi\u00f3n el nuevo equipo de la Facultad de Bellas Artes","description":"El nuevo decano es Bernardo Sanjuan, que dirigir\u00e1 el centro los pr\u00f3ximos seis a\u00f1os y buscar\u00e1 convertirlo en un n\u00facleo de creaci\u00f3n y difusi\u00f3n.","robots":{"index":"index","follow":"follow","max-snippet":"max-snippet:-1","max-image-preview":"max-image-preview:large","max-video-preview":"max-video-preview:-1"},"canonical":"https:\/\/www.ull.es\/portal\/noticias\/2023\/toma-posesion-equipo-decanal-bellas-artes\/","og_locale":"es_ES","og_type":"article","og_title":"Toma posesi\u00f3n el nuevo equipo de la Facultad de Bellas Artes","og_description":"El nuevo decano es Bernardo Sanjuan, que dirigir\u00e1 el centro los pr\u00f3ximos seis a\u00f1os y buscar\u00e1 convertirlo en un n\u00facleo de creaci\u00f3n y difusi\u00f3n.","og_url":"https:\/\/www.ull.es\/portal\/noticias\/2023\/toma-posesion-equipo-decanal-bellas-artes\/","og_site_name":"ULL - Noticias","article_publisher":"https:\/\/www.facebook.com\/universidaddelalaguna\/","article_published_time":"2023-12-22T12:21:22+00:00","article_modified_time":"2023-12-22T12:21:46+00:00","og_image":[{"width":1200,"height":800,"url":"https:\/\/www.ull.es\/portal\/noticias\/wp-content\/uploads\/sites\/13\/2023\/12\/bellas-artes.jpg","type":"image\/jpeg"}],"author":"prensa2","twitter_card":"summary_large_image","twitter_creator":"@CanalULL","twitter_site":"@CanalULL","twitter_misc":{"Escrito por":"prensa2","Tiempo de lectura":"2 minutos"},"schema":{"@context":"https:\/\/schema.org","@graph":[{"@type":"WebPage","@id":"https:\/\/www.ull.es\/portal\/noticias\/2023\/toma-posesion-equipo-decanal-bellas-artes\/","url":"https:\/\/www.ull.es\/portal\/noticias\/2023\/toma-posesion-equipo-decanal-bellas-artes\/","name":"Toma posesi\u00f3n el nuevo equipo de la Facultad de Bellas Artes","isPartOf":{"@id":"https:\/\/www.ull.es\/portal\/noticias\/#website"},"datePublished":"2023-12-22T12:21:22+00:00","dateModified":"2023-12-22T12:21:46+00:00","author":{"@id":"https:\/\/www.ull.es\/portal\/noticias\/#\/schema\/person\/c3b2aa857797592927a03740d6664376"},"description":"El nuevo decano es Bernardo Sanjuan, que dirigir\u00e1 el centro los pr\u00f3ximos seis a\u00f1os y buscar\u00e1 convertirlo en un n\u00facleo de creaci\u00f3n y difusi\u00f3n.","breadcrumb":{"@id":"https:\/\/www.ull.es\/portal\/noticias\/2023\/toma-posesion-equipo-decanal-bellas-artes\/#breadcrumb"},"inLanguage":"es","potentialAction":[{"@type":"ReadAction","target":["https:\/\/www.ull.es\/portal\/noticias\/2023\/toma-posesion-equipo-decanal-bellas-artes\/"]}]},{"@type":"BreadcrumbList","@id":"https:\/\/www.ull.es\/portal\/noticias\/2023\/toma-posesion-equipo-decanal-bellas-artes\/#breadcrumb","itemListElement":[{"@type":"ListItem","position":1,"name":"Portada","item":"https:\/\/www.ull.es\/portal\/noticias\/"},{"@type":"ListItem","position":2,"name":"Toma posesi\u00f3n el nuevo equipo decanal que dirigir\u00e1 la Facultad de Bellas Artes los pr\u00f3ximos seis a\u00f1os"}]},{"@type":"WebSite","@id":"https:\/\/www.ull.es\/portal\/noticias\/#website","url":"https:\/\/www.ull.es\/portal\/noticias\/","name":"ULL - Noticias","description":"","potentialAction":[{"@type":"SearchAction","target":{"@type":"EntryPoint","urlTemplate":"https:\/\/www.ull.es\/portal\/noticias\/?s={search_term_string}"},"query-input":"required name=search_term_string"}],"inLanguage":"es"},{"@type":"Person","@id":"https:\/\/www.ull.es\/portal\/noticias\/#\/schema\/person\/c3b2aa857797592927a03740d6664376","name":"prensa2","image":{"@type":"ImageObject","inLanguage":"es","@id":"https:\/\/www.ull.es\/portal\/noticias\/#\/schema\/person\/image\/","url":"https:\/\/secure.gravatar.com\/avatar\/b58f310a5de5feb33d1e026d2493f23c?s=96&d=mm&r=g","contentUrl":"https:\/\/secure.gravatar.com\/avatar\/b58f310a5de5feb33d1e026d2493f23c?s=96&d=mm&r=g","caption":"prensa2"},"url":"https:\/\/www.ull.es\/portal\/noticias\/author\/prensa2\/"}]}},"primary_category":{"id":345,"name":"Destacado","slug":"destacado","link":"https:\/\/www.ull.es\/portal\/noticias\/category\/destacado\/"},"featured_image_thumbnail_url":"https:\/\/www.ull.es\/portal\/noticias\/wp-content\/uploads\/sites\/13\/2023\/12\/bellas-artes-300x200.jpg","_links":{"self":[{"href":"https:\/\/www.ull.es\/portal\/noticias\/wp-json\/wp\/v2\/posts\/73440"}],"collection":[{"href":"https:\/\/www.ull.es\/portal\/noticias\/wp-json\/wp\/v2\/posts"}],"about":[{"href":"https:\/\/www.ull.es\/portal\/noticias\/wp-json\/wp\/v2\/types\/post"}],"author":[{"embeddable":true,"href":"https:\/\/www.ull.es\/portal\/noticias\/wp-json\/wp\/v2\/users\/21"}],"replies":[{"embeddable":true,"href":"https:\/\/www.ull.es\/portal\/noticias\/wp-json\/wp\/v2\/comments?post=73440"}],"version-history":[{"count":1,"href":"https:\/\/www.ull.es\/portal\/noticias\/wp-json\/wp\/v2\/posts\/73440\/revisions"}],"predecessor-version":[{"id":73442,"href":"https:\/\/www.ull.es\/portal\/noticias\/wp-json\/wp\/v2\/posts\/73440\/revisions\/73442"}],"wp:featuredmedia":[{"embeddable":true,"href":"https:\/\/www.ull.es\/portal\/noticias\/wp-json\/wp\/v2\/media\/73441"}],"wp:attachment":[{"href":"https:\/\/www.ull.es\/portal\/noticias\/wp-json\/wp\/v2\/media?parent=73440"}],"wp:term":[{"taxonomy":"category","embeddable":true,"href":"https:\/\/www.ull.es\/portal\/noticias\/wp-json\/wp\/v2\/categories?post=73440"},{"taxonomy":"post_tag","embeddable":true,"href":"https:\/\/www.ull.es\/portal\/noticias\/wp-json\/wp\/v2\/tags?post=73440"}],"curies":[{"name":"wp","href":"https:\/\/api.w.org\/{rel}","templated":true}]}}