{"id":73450,"date":"2023-12-26T10:20:03","date_gmt":"2023-12-26T10:20:03","guid":{"rendered":"https:\/\/www.ull.es\/portal\/noticias\/?p=73450"},"modified":"2023-12-26T10:20:03","modified_gmt":"2023-12-26T10:20:03","slug":"alumnado-de-la-ull-culmina-una-iniciativa-academica-de-aprendizaje-y-servicio-en-san-matias","status":"publish","type":"post","link":"https:\/\/www.ull.es\/portal\/noticias\/2023\/alumnado-de-la-ull-culmina-una-iniciativa-academica-de-aprendizaje-y-servicio-en-san-matias\/","title":{"rendered":"Alumnado de la ULL culmina una iniciativa acad\u00e9mica de aprendizaje y servicio en San Mat\u00edas"},"content":{"rendered":"<p>Los resultados de cuatro meses de intenso trabajo acad\u00e9mico con una elevada componente aplicada se presentaron estos d\u00edas en el encuentro mensual de la coordinadora de colectivos y recursos del barrio lagunero de San Mat\u00edas, localizado en el sector meridional del distrito 3 que engloba el \u00e1rea de Taco. \u201cHan hecho en poco tiempo un gran trabajo y muy \u00fatil, tanto el enlace al mapa de recursos del barrio como el documento con las conclusiones de todo el proceso seguido; nos van a servir para el desarrollo de futuros proyectos, poniendo la semilla para generar buenos frutos en San Mat\u00edas\u201d, se\u00f1ala Concepci\u00f3n Casanova, presidenta de la Asociaci\u00f3n Vecinal La Monta\u00f1a.<\/p>\n<p>Y es que, desde el pasado mes de septiembre, el alumnado de la asignatura \u2018Planificaci\u00f3n y Pol\u00edticas Sociales\u2019 del Grado de Geograf\u00eda y Ordenaci\u00f3n del Territorio, han estado desarrollando una iniciativa acad\u00e9mica de aprendizaje y servicio para analizar la proyecci\u00f3n de las pol\u00edticas p\u00fablicas de car\u00e1cter social en el barrio de San Mat\u00edas, y de ah\u00ed, poder formular propuestas viables para su mejor expresi\u00f3n. Todo ello con un enfoque comunitario, que les ha permitido interactuar desde el aula universitaria con el conjunto de actores locales, sobre todo con el tejido asociativo vecinal y con el personal de los recursos sociocomunitarios que all\u00ed realizan su labor cotidiana.<\/p>\n<p>El equipo de trabajo, conformado por una veintena de alumnos y alumnas de tercer curso, ha preparado y llevado a cabo varias visitas planificadas a San Mati\u0301as, para el reconocimiento de este territorio y sus recursos. Asimismo ha organizado un encuentro dialogado en el aula con un grupo de personas representativo de su vecindad, ha analizado distintos documentos relativos al a\u0301rea de actuacio\u0301n y se han entrevistado con profesionales ligados a los recursos sociocomunitarios. Todo ello, tras identificar los \u00e1mbitos relacionados con las pol\u00edticas sociales, que se obtuvieron de un estudio detallado de la declaraci\u00f3n universal de los derechos humanos.<\/p>\n<p><a href=\"https:\/\/www.ull.es\/portal\/noticias\/wp-content\/uploads\/sites\/13\/2023\/12\/AA3EF008-60BC-441F-9B96-9CBAC941B41A_1_105_c.jpeg\" target=\"_blank\" rel=\"noopener\"><img decoding=\"async\" loading=\"lazy\" class=\"alignleft size-medium wp-image-73452\" src=\"https:\/\/www.ull.es\/portal\/noticias\/wp-content\/uploads\/sites\/13\/2023\/12\/AA3EF008-60BC-441F-9B96-9CBAC941B41A_1_105_c-300x225.jpeg\" alt=\"\" width=\"300\" height=\"225\" srcset=\"https:\/\/www.ull.es\/portal\/noticias\/wp-content\/uploads\/sites\/13\/2023\/12\/AA3EF008-60BC-441F-9B96-9CBAC941B41A_1_105_c-300x225.jpeg 300w, https:\/\/www.ull.es\/portal\/noticias\/wp-content\/uploads\/sites\/13\/2023\/12\/AA3EF008-60BC-441F-9B96-9CBAC941B41A_1_105_c-768x576.jpeg 768w, https:\/\/www.ull.es\/portal\/noticias\/wp-content\/uploads\/sites\/13\/2023\/12\/AA3EF008-60BC-441F-9B96-9CBAC941B41A_1_105_c-375x281.jpeg 375w, https:\/\/www.ull.es\/portal\/noticias\/wp-content\/uploads\/sites\/13\/2023\/12\/AA3EF008-60BC-441F-9B96-9CBAC941B41A_1_105_c-750x563.jpeg 750w, https:\/\/www.ull.es\/portal\/noticias\/wp-content\/uploads\/sites\/13\/2023\/12\/AA3EF008-60BC-441F-9B96-9CBAC941B41A_1_105_c-108x81.jpeg 108w, https:\/\/www.ull.es\/portal\/noticias\/wp-content\/uploads\/sites\/13\/2023\/12\/AA3EF008-60BC-441F-9B96-9CBAC941B41A_1_105_c.jpeg 1024w\" sizes=\"(max-width: 300px) 100vw, 300px\" \/><\/a>De hecho, entre los aprendizajes m\u00e1s destacados que se\u00f1ala el alumnado se encuentra el reconocimiento de la importancia del enfoque de derechos humanos en la definici\u00f3n y el despliegue de las pol\u00edticas sociales. Tambi\u00e9n subrayan la relevancia de apostar por la participaci\u00f3n temprana en su configuraci\u00f3n, especialmente aqu\u00e9lla con acento comunitario. Otro aspecto valorado de manera positiva ha sido la oportunidad de acercarse a un barrio y aprender a trabajar en esa escala, incluso, en el caso de San Mat\u00edas, contribuyendo a eliminar los estereotipos y prejuicios existentes sobre esta localidad lagunera.<\/p>\n<p>Para el alumnado ha sido una novedad trabajar en la titulaci\u00f3n con un marco de aprendizaje y servicio, siendo conscientes de que, \u201cmientras aprendemos, generamos una contribuci\u00f3n a la sociedad\u201d. De igual modo, les ha sorprendido y han valorado la c\u00e1lida acogida y la colaboraci\u00f3n que en todo momentos les han dispensado los vecinos y vecinas de San Mat\u00edas, incluso poniendo a su servicio un espacio f\u00edsico para desarrollar su labor en el Centro Ciudadano del barrio, desde donde han realizado buena parte de las actividades de campo previstas. El ayuntamiento lagunero asimismo ha colaborado con la iniciativa poniendo a disposici\u00f3n del equipo de trabajo el proyecto \u2018Comunidad\u2019.<\/p>\n<p>Para Vicente Zapata, profesor de geograf\u00eda responsable de la asignatura, \u201cla experiencia ha sido muy enriquecedora, adem\u00e1s de \u00fatil, reforzando otros proyectos que la propia Universidad viene desarrollando en los barrios meridionales laguneros\u201d. Se refiere, entre otros, al proyecto \u2018ParticipaBarrio\u2019, realizado entre cinco universidades espa\u00f1olas y financiado por el Ministerio de Ciencia, Innovaci\u00f3n y Universidades, cuyo objetivo es estudiar la participaci\u00f3n, las relaciones vecinales y la convivencia en barrios multiculturales, en particular durante las \u00faltimas etapas de dificultades ligadas a la crisis econ\u00f3mica primero y a la pandemia despu\u00e9s.<\/p>\n<p>La experiencia aporta un informe que contiene 25 conclusiones fruto de la labor colectiva realizada en San Mat\u00eda, vinculadas, sobre todo, con la acci\u00f3n de sus recursos sociocomunitarios, m\u00e1s una propuesta de trabajo que subraya la importancia de consolidar la coordinadora actualmente existente. Tambi\u00e9n plantea la necesidad de dar a conocer los recursos y colectivos existentes en el barrio, adem\u00e1s de disponer de una figura t\u00e9cnica que lleve a cabo all\u00ed una labor inespec\u00edfica relacionada con el impulso y la facilitaci\u00f3n de un proceso de desarrollo comunitario, asentado en una estrategia enunciada desde la participaci\u00f3n.<a href=\"https:\/\/www.ull.es\/portal\/noticias\/wp-content\/uploads\/sites\/13\/2023\/12\/fa5b7365-46ec-427e-ba42-bd228365d3c3.jpg\" target=\"_blank\" rel=\"noopener\"><img decoding=\"async\" loading=\"lazy\" class=\"alignright size-medium wp-image-73453\" src=\"https:\/\/www.ull.es\/portal\/noticias\/wp-content\/uploads\/sites\/13\/2023\/12\/fa5b7365-46ec-427e-ba42-bd228365d3c3-300x211.jpg\" alt=\"\" width=\"300\" height=\"211\" srcset=\"https:\/\/www.ull.es\/portal\/noticias\/wp-content\/uploads\/sites\/13\/2023\/12\/fa5b7365-46ec-427e-ba42-bd228365d3c3-300x211.jpg 300w, https:\/\/www.ull.es\/portal\/noticias\/wp-content\/uploads\/sites\/13\/2023\/12\/fa5b7365-46ec-427e-ba42-bd228365d3c3-1024x719.jpg 1024w, https:\/\/www.ull.es\/portal\/noticias\/wp-content\/uploads\/sites\/13\/2023\/12\/fa5b7365-46ec-427e-ba42-bd228365d3c3-768x540.jpg 768w, https:\/\/www.ull.es\/portal\/noticias\/wp-content\/uploads\/sites\/13\/2023\/12\/fa5b7365-46ec-427e-ba42-bd228365d3c3-1536x1079.jpg 1536w, https:\/\/www.ull.es\/portal\/noticias\/wp-content\/uploads\/sites\/13\/2023\/12\/fa5b7365-46ec-427e-ba42-bd228365d3c3-375x263.jpg 375w, https:\/\/www.ull.es\/portal\/noticias\/wp-content\/uploads\/sites\/13\/2023\/12\/fa5b7365-46ec-427e-ba42-bd228365d3c3-750x527.jpg 750w, https:\/\/www.ull.es\/portal\/noticias\/wp-content\/uploads\/sites\/13\/2023\/12\/fa5b7365-46ec-427e-ba42-bd228365d3c3-1140x801.jpg 1140w, https:\/\/www.ull.es\/portal\/noticias\/wp-content\/uploads\/sites\/13\/2023\/12\/fa5b7365-46ec-427e-ba42-bd228365d3c3.jpg 1600w\" sizes=\"(max-width: 300px) 100vw, 300px\" \/><\/a><\/p>\n<p>Seg\u00fan las partes involucradas, se han puesto las bases para continuar ligando el barrio con la Universidad y los estudios de geograf\u00eda y ordenaci\u00f3n del territorio, adem\u00e1s de otras titulaciones que deseen incorporarse. De hecho, se ha invitado al alumnado a que contin\u00fae participando en futuras iniciativas que est\u00e1n previstas en San Mat\u00edas durante los pr\u00f3ximos meses. En este sentido, el documento se\u00f1alado afirma que \u201cla presencia de la Universidad de La Laguna en el barrio es un activo importante, sobre todo en lo relativo a la aportaci\u00f3n de conocimiento, experiencia y m\u00e9todos de trabajo que faciliten el proceso de desarrollo comunitario\u201d.<\/p>\n","protected":false},"excerpt":{"rendered":"<p>Los resultados de cuatro meses de intenso trabajo acad\u00e9mico con una elevada componente aplicada se presentaron estos d\u00edas en el&#8230;<\/p>\n","protected":false},"author":67,"featured_media":73451,"comment_status":"closed","ping_status":"closed","sticky":false,"template":"","format":"standard","meta":{"inline_featured_image":false,"footnotes":""},"categories":[345,348,2765],"tags":[10645,10643,10644],"acf":[],"yoast_head":"<!-- This site is optimized with the Yoast SEO plugin v21.3 - https:\/\/yoast.com\/wordpress\/plugins\/seo\/ -->\n<title>Alumnado de la ULL culmina una iniciativa acad\u00e9mica de aprendizaje y servicio en San Mat\u00edas - ULL - Noticias<\/title>\n<meta name=\"description\" content=\"Los resultados de cuatro meses de intenso trabajo acad\u00e9mico con una elevada componente aplicada se presentaron estos d\u00edas en el encuentro mensual de la coordinadora de colectivos y recursos del barrio lagunero de San Mat\u00edas.\" \/>\n<meta name=\"robots\" content=\"index, follow, max-snippet:-1, max-image-preview:large, max-video-preview:-1\" \/>\n<link rel=\"canonical\" href=\"https:\/\/www.ull.es\/portal\/noticias\/2023\/alumnado-de-la-ull-culmina-una-iniciativa-academica-de-aprendizaje-y-servicio-en-san-matias\/\" \/>\n<meta property=\"og:locale\" content=\"es_ES\" \/>\n<meta property=\"og:type\" content=\"article\" \/>\n<meta property=\"og:title\" content=\"Alumnado de la ULL culmina una iniciativa acad\u00e9mica de aprendizaje y servicio en San Mat\u00edas - ULL - Noticias\" \/>\n<meta property=\"og:description\" content=\"Los resultados de cuatro meses de intenso trabajo acad\u00e9mico con una elevada componente aplicada se presentaron estos d\u00edas en el encuentro mensual de la coordinadora de colectivos y recursos del barrio lagunero de San Mat\u00edas.\" \/>\n<meta property=\"og:url\" content=\"https:\/\/www.ull.es\/portal\/noticias\/2023\/alumnado-de-la-ull-culmina-una-iniciativa-academica-de-aprendizaje-y-servicio-en-san-matias\/\" \/>\n<meta property=\"og:site_name\" content=\"ULL - Noticias\" \/>\n<meta property=\"article:publisher\" content=\"https:\/\/www.facebook.com\/universidaddelalaguna\/\" \/>\n<meta property=\"article:published_time\" content=\"2023-12-26T10:20:03+00:00\" \/>\n<meta property=\"og:image\" content=\"https:\/\/www.ull.es\/portal\/noticias\/wp-content\/uploads\/sites\/13\/2023\/12\/san-matias-1.jpg\" \/>\n\t<meta property=\"og:image:width\" content=\"1200\" \/>\n\t<meta property=\"og:image:height\" content=\"800\" \/>\n\t<meta property=\"og:image:type\" content=\"image\/jpeg\" \/>\n<meta name=\"author\" content=\"gcom5\" \/>\n<meta name=\"twitter:card\" content=\"summary_large_image\" \/>\n<meta name=\"twitter:creator\" content=\"@CanalULL\" \/>\n<meta name=\"twitter:site\" content=\"@CanalULL\" \/>\n<meta name=\"twitter:label1\" content=\"Escrito por\" \/>\n\t<meta name=\"twitter:data1\" content=\"gcom5\" \/>\n\t<meta name=\"twitter:label2\" content=\"Tiempo de lectura\" \/>\n\t<meta name=\"twitter:data2\" content=\"5 minutos\" \/>\n<script type=\"application\/ld+json\" class=\"yoast-schema-graph\">{\"@context\":\"https:\/\/schema.org\",\"@graph\":[{\"@type\":\"WebPage\",\"@id\":\"https:\/\/www.ull.es\/portal\/noticias\/2023\/alumnado-de-la-ull-culmina-una-iniciativa-academica-de-aprendizaje-y-servicio-en-san-matias\/\",\"url\":\"https:\/\/www.ull.es\/portal\/noticias\/2023\/alumnado-de-la-ull-culmina-una-iniciativa-academica-de-aprendizaje-y-servicio-en-san-matias\/\",\"name\":\"Alumnado de la ULL culmina una iniciativa acad\u00e9mica de aprendizaje y servicio en San Mat\u00edas - ULL - Noticias\",\"isPartOf\":{\"@id\":\"https:\/\/www.ull.es\/portal\/noticias\/#website\"},\"datePublished\":\"2023-12-26T10:20:03+00:00\",\"dateModified\":\"2023-12-26T10:20:03+00:00\",\"author\":{\"@id\":\"https:\/\/www.ull.es\/portal\/noticias\/#\/schema\/person\/8027c6c4687adc2c90dc1532715d34df\"},\"description\":\"Los resultados de cuatro meses de intenso trabajo acad\u00e9mico con una elevada componente aplicada se presentaron estos d\u00edas en el encuentro mensual de la coordinadora de colectivos y recursos del barrio lagunero de San Mat\u00edas.\",\"breadcrumb\":{\"@id\":\"https:\/\/www.ull.es\/portal\/noticias\/2023\/alumnado-de-la-ull-culmina-una-iniciativa-academica-de-aprendizaje-y-servicio-en-san-matias\/#breadcrumb\"},\"inLanguage\":\"es\",\"potentialAction\":[{\"@type\":\"ReadAction\",\"target\":[\"https:\/\/www.ull.es\/portal\/noticias\/2023\/alumnado-de-la-ull-culmina-una-iniciativa-academica-de-aprendizaje-y-servicio-en-san-matias\/\"]}]},{\"@type\":\"BreadcrumbList\",\"@id\":\"https:\/\/www.ull.es\/portal\/noticias\/2023\/alumnado-de-la-ull-culmina-una-iniciativa-academica-de-aprendizaje-y-servicio-en-san-matias\/#breadcrumb\",\"itemListElement\":[{\"@type\":\"ListItem\",\"position\":1,\"name\":\"Portada\",\"item\":\"https:\/\/www.ull.es\/portal\/noticias\/\"},{\"@type\":\"ListItem\",\"position\":2,\"name\":\"Alumnado de la ULL culmina una iniciativa acad\u00e9mica de aprendizaje y servicio en San Mat\u00edas\"}]},{\"@type\":\"WebSite\",\"@id\":\"https:\/\/www.ull.es\/portal\/noticias\/#website\",\"url\":\"https:\/\/www.ull.es\/portal\/noticias\/\",\"name\":\"ULL - Noticias\",\"description\":\"\",\"potentialAction\":[{\"@type\":\"SearchAction\",\"target\":{\"@type\":\"EntryPoint\",\"urlTemplate\":\"https:\/\/www.ull.es\/portal\/noticias\/?s={search_term_string}\"},\"query-input\":\"required name=search_term_string\"}],\"inLanguage\":\"es\"},{\"@type\":\"Person\",\"@id\":\"https:\/\/www.ull.es\/portal\/noticias\/#\/schema\/person\/8027c6c4687adc2c90dc1532715d34df\",\"name\":\"gcom5\",\"image\":{\"@type\":\"ImageObject\",\"inLanguage\":\"es\",\"@id\":\"https:\/\/www.ull.es\/portal\/noticias\/#\/schema\/person\/image\/\",\"url\":\"https:\/\/secure.gravatar.com\/avatar\/8b3777f8048001fa57b88338ce5605b9?s=96&d=mm&r=g\",\"contentUrl\":\"https:\/\/secure.gravatar.com\/avatar\/8b3777f8048001fa57b88338ce5605b9?s=96&d=mm&r=g\",\"caption\":\"gcom5\"},\"url\":\"https:\/\/www.ull.es\/portal\/noticias\/author\/gcom5\/\"}]}<\/script>\n<!-- \/ Yoast SEO plugin. -->","yoast_head_json":{"title":"Alumnado de la ULL culmina una iniciativa acad\u00e9mica de aprendizaje y servicio en San Mat\u00edas - ULL - Noticias","description":"Los resultados de cuatro meses de intenso trabajo acad\u00e9mico con una elevada componente aplicada se presentaron estos d\u00edas en el encuentro mensual de la coordinadora de colectivos y recursos del barrio lagunero de San Mat\u00edas.","robots":{"index":"index","follow":"follow","max-snippet":"max-snippet:-1","max-image-preview":"max-image-preview:large","max-video-preview":"max-video-preview:-1"},"canonical":"https:\/\/www.ull.es\/portal\/noticias\/2023\/alumnado-de-la-ull-culmina-una-iniciativa-academica-de-aprendizaje-y-servicio-en-san-matias\/","og_locale":"es_ES","og_type":"article","og_title":"Alumnado de la ULL culmina una iniciativa acad\u00e9mica de aprendizaje y servicio en San Mat\u00edas - ULL - Noticias","og_description":"Los resultados de cuatro meses de intenso trabajo acad\u00e9mico con una elevada componente aplicada se presentaron estos d\u00edas en el encuentro mensual de la coordinadora de colectivos y recursos del barrio lagunero de San Mat\u00edas.","og_url":"https:\/\/www.ull.es\/portal\/noticias\/2023\/alumnado-de-la-ull-culmina-una-iniciativa-academica-de-aprendizaje-y-servicio-en-san-matias\/","og_site_name":"ULL - Noticias","article_publisher":"https:\/\/www.facebook.com\/universidaddelalaguna\/","article_published_time":"2023-12-26T10:20:03+00:00","og_image":[{"width":1200,"height":800,"url":"https:\/\/www.ull.es\/portal\/noticias\/wp-content\/uploads\/sites\/13\/2023\/12\/san-matias-1.jpg","type":"image\/jpeg"}],"author":"gcom5","twitter_card":"summary_large_image","twitter_creator":"@CanalULL","twitter_site":"@CanalULL","twitter_misc":{"Escrito por":"gcom5","Tiempo de lectura":"5 minutos"},"schema":{"@context":"https:\/\/schema.org","@graph":[{"@type":"WebPage","@id":"https:\/\/www.ull.es\/portal\/noticias\/2023\/alumnado-de-la-ull-culmina-una-iniciativa-academica-de-aprendizaje-y-servicio-en-san-matias\/","url":"https:\/\/www.ull.es\/portal\/noticias\/2023\/alumnado-de-la-ull-culmina-una-iniciativa-academica-de-aprendizaje-y-servicio-en-san-matias\/","name":"Alumnado de la ULL culmina una iniciativa acad\u00e9mica de aprendizaje y servicio en San Mat\u00edas - ULL - Noticias","isPartOf":{"@id":"https:\/\/www.ull.es\/portal\/noticias\/#website"},"datePublished":"2023-12-26T10:20:03+00:00","dateModified":"2023-12-26T10:20:03+00:00","author":{"@id":"https:\/\/www.ull.es\/portal\/noticias\/#\/schema\/person\/8027c6c4687adc2c90dc1532715d34df"},"description":"Los resultados de cuatro meses de intenso trabajo acad\u00e9mico con una elevada componente aplicada se presentaron estos d\u00edas en el encuentro mensual de la coordinadora de colectivos y recursos del barrio lagunero de San Mat\u00edas.","breadcrumb":{"@id":"https:\/\/www.ull.es\/portal\/noticias\/2023\/alumnado-de-la-ull-culmina-una-iniciativa-academica-de-aprendizaje-y-servicio-en-san-matias\/#breadcrumb"},"inLanguage":"es","potentialAction":[{"@type":"ReadAction","target":["https:\/\/www.ull.es\/portal\/noticias\/2023\/alumnado-de-la-ull-culmina-una-iniciativa-academica-de-aprendizaje-y-servicio-en-san-matias\/"]}]},{"@type":"BreadcrumbList","@id":"https:\/\/www.ull.es\/portal\/noticias\/2023\/alumnado-de-la-ull-culmina-una-iniciativa-academica-de-aprendizaje-y-servicio-en-san-matias\/#breadcrumb","itemListElement":[{"@type":"ListItem","position":1,"name":"Portada","item":"https:\/\/www.ull.es\/portal\/noticias\/"},{"@type":"ListItem","position":2,"name":"Alumnado de la ULL culmina una iniciativa acad\u00e9mica de aprendizaje y servicio en San Mat\u00edas"}]},{"@type":"WebSite","@id":"https:\/\/www.ull.es\/portal\/noticias\/#website","url":"https:\/\/www.ull.es\/portal\/noticias\/","name":"ULL - Noticias","description":"","potentialAction":[{"@type":"SearchAction","target":{"@type":"EntryPoint","urlTemplate":"https:\/\/www.ull.es\/portal\/noticias\/?s={search_term_string}"},"query-input":"required name=search_term_string"}],"inLanguage":"es"},{"@type":"Person","@id":"https:\/\/www.ull.es\/portal\/noticias\/#\/schema\/person\/8027c6c4687adc2c90dc1532715d34df","name":"gcom5","image":{"@type":"ImageObject","inLanguage":"es","@id":"https:\/\/www.ull.es\/portal\/noticias\/#\/schema\/person\/image\/","url":"https:\/\/secure.gravatar.com\/avatar\/8b3777f8048001fa57b88338ce5605b9?s=96&d=mm&r=g","contentUrl":"https:\/\/secure.gravatar.com\/avatar\/8b3777f8048001fa57b88338ce5605b9?s=96&d=mm&r=g","caption":"gcom5"},"url":"https:\/\/www.ull.es\/portal\/noticias\/author\/gcom5\/"}]}},"primary_category":{"id":345,"name":"Destacado","slug":"destacado","link":"https:\/\/www.ull.es\/portal\/noticias\/category\/destacado\/"},"featured_image_thumbnail_url":"https:\/\/www.ull.es\/portal\/noticias\/wp-content\/uploads\/sites\/13\/2023\/12\/san-matias-1-300x200.jpg","_links":{"self":[{"href":"https:\/\/www.ull.es\/portal\/noticias\/wp-json\/wp\/v2\/posts\/73450"}],"collection":[{"href":"https:\/\/www.ull.es\/portal\/noticias\/wp-json\/wp\/v2\/posts"}],"about":[{"href":"https:\/\/www.ull.es\/portal\/noticias\/wp-json\/wp\/v2\/types\/post"}],"author":[{"embeddable":true,"href":"https:\/\/www.ull.es\/portal\/noticias\/wp-json\/wp\/v2\/users\/67"}],"replies":[{"embeddable":true,"href":"https:\/\/www.ull.es\/portal\/noticias\/wp-json\/wp\/v2\/comments?post=73450"}],"version-history":[{"count":1,"href":"https:\/\/www.ull.es\/portal\/noticias\/wp-json\/wp\/v2\/posts\/73450\/revisions"}],"predecessor-version":[{"id":73454,"href":"https:\/\/www.ull.es\/portal\/noticias\/wp-json\/wp\/v2\/posts\/73450\/revisions\/73454"}],"wp:featuredmedia":[{"embeddable":true,"href":"https:\/\/www.ull.es\/portal\/noticias\/wp-json\/wp\/v2\/media\/73451"}],"wp:attachment":[{"href":"https:\/\/www.ull.es\/portal\/noticias\/wp-json\/wp\/v2\/media?parent=73450"}],"wp:term":[{"taxonomy":"category","embeddable":true,"href":"https:\/\/www.ull.es\/portal\/noticias\/wp-json\/wp\/v2\/categories?post=73450"},{"taxonomy":"post_tag","embeddable":true,"href":"https:\/\/www.ull.es\/portal\/noticias\/wp-json\/wp\/v2\/tags?post=73450"}],"curies":[{"name":"wp","href":"https:\/\/api.w.org\/{rel}","templated":true}]}}