{"id":73462,"date":"2023-12-29T09:44:03","date_gmt":"2023-12-29T09:44:03","guid":{"rendered":"https:\/\/www.ull.es\/portal\/noticias\/?p=73462"},"modified":"2023-12-29T09:44:03","modified_gmt":"2023-12-29T09:44:03","slug":"alumni-ull-convoca-sus-premios-anuales-para-2024","status":"publish","type":"post","link":"https:\/\/www.ull.es\/portal\/noticias\/2023\/alumni-ull-convoca-sus-premios-anuales-para-2024\/","title":{"rendered":"Alumni ULL convoca sus premios anuales para 2024"},"content":{"rendered":"<p>La asociaci\u00f3n <a href=\"https:\/\/www.alumniull.es\/noticias\/\" target=\"_blank\" rel=\"noopener\" target=\"_blank\" rel=\"noopener\">Alumni ULL<\/a>, conformada por antiguos alumnos y amigos de la Universidad de La Laguna, ha anunciado la apertura de las convocatorias para sus cuatro premios anuales. Estos reconocimientos se entregar\u00e1n durante la ceremonia solemne del D\u00eda Institucional de la Universidad de La Laguna de 2024, manteniendo as\u00ed la tradici\u00f3n. Los premios incluyen el XIV Premio Alonso de Nava y Grim\u00f3n Universidad de La Laguna, el XXI Premio a los Valores Humanos en la Universidad de La Laguna Jos\u00e9 Luis Garc\u00eda P\u00e9rez, el VI Premio a los mejores trabajos fin de M\u00e1ster de la Universidad de La Laguna durante el curso 2022-2023, y el XII Premio al Mejor Expediente Acad\u00e9mico en el mismo a\u00f1o acad\u00e9mico.<\/p>\n<p>El<a href=\"https:\/\/www.alumniull.es\/convocatoria-xiv-premio-alonso-de-nava-y-grimon-universidad-de-la-laguna\/\" target=\"_blank\" rel=\"noopener\" target=\"_blank\" rel=\"noopener\"> XIV Premio Alonso de Nava y Grim\u00f3n Universidad de La Laguna<\/a>, sin dotaci\u00f3n econ\u00f3mica, busca reconocer a individuos que hayan estado o est\u00e9n vinculados directamente con la Universidad de La Laguna, incluyendo mecenas, que se destaquen por su labor, esp\u00edritu cr\u00edtico y conciliador, as\u00ed como por su contribuci\u00f3n a la comunidad. El plazo para postularse finaliza a las 13:00 del martes 20 de febrero de 2024, debiendo enviarse la documentaci\u00f3n al <a href=\"mailto:alumni@ull.es\" target=\"_blank\" rel=\"noopener\" target=\"_blank\" rel=\"noopener\">correo electr\u00f3nico de la asociaci\u00f3n<\/a>.<\/p>\n<p>El <a href=\"https:\/\/www.alumniull.es\/convocatoria-xxi-premio-a-los-valores-humanos-en-la-universidad-de-la-laguna-jose-luis-garcia-perez\/\" target=\"_blank\" rel=\"noopener\" target=\"_blank\" rel=\"noopener\">XXI Premio a los Valores Humanos en la Universidad de La Laguna Jos\u00e9 Luis Garc\u00eda P\u00e9rez<\/a> se dirige a personas y colectivos de la Universidad, prioritariamente a estudiantes, que hayan demostrado destacadas cualidades humanas mediante su participaci\u00f3n en actividades solidarias, sociales, humanitarias, culturales o ambientales, o a trav\u00e9s de Trabajos de Fin de Grado o M\u00e1ster sobre estas tem\u00e1ticas. El premio incluye una ayuda de 1.500\u20ac destinada a una entidad sin \u00e1nimo de lucro. El plazo de presentaci\u00f3n de candidaturas es hasta las 12:00 horas del martes 20 de febrero de 2024, y la documentaci\u00f3n debe remitirse a este <a href=\"mailto:alumni@ull.es\" target=\"_blank\" rel=\"noopener\" target=\"_blank\" rel=\"noopener\">correo electr\u00f3nico<\/a>.<\/p>\n<p>En cuanto al <a href=\"https:\/\/www.alumniull.es\/vi-premio-a-los-mejores-trabajos-fin-de-master-de-la-universidad-de-la-laguna-2022-2023-alumni-ull\/\" target=\"_blank\" rel=\"noopener\" target=\"_blank\" rel=\"noopener\">VI Premio a los mejores trabajos fin de M\u00e1ster de la Universidad de La Laguna 2022-2023<\/a>, Alumni ULL entregar\u00e1 galardones en cada una de las cinco ramas de conocimiento universitario: Artes y Humanidades; Ciencias; Ciencias de la Salud; Ciencias Sociales y Jur\u00eddicas; e Ingenier\u00eda y Arquitectura. Cada premio estar\u00e1 dotado con 600\u20ac y se conceder\u00e1 a los trabajos presentados durante el curso 2022-2023. Los ganadores ser\u00e1n designados mediante certificaci\u00f3n emitida por la direcci\u00f3n de la Escuela de Doctorado y Estudios de Posgrado de la Universidad de La Laguna.<\/p>\n<p>Por \u00faltimo, el <a href=\"https:\/\/www.alumniull.es\/xii-premio-al-mejor-expediente-academico-alumni-ull-curso-2022-2023\/\" target=\"_blank\" rel=\"noopener\" target=\"_blank\" rel=\"noopener\">XII Premio al Mejor Expediente Acad\u00e9mico Alumni ULL<\/a> del curso 2022\/2023, con una dotaci\u00f3n de 1.000\u20ac, se otorgar\u00e1 seg\u00fan la certificaci\u00f3n emitida por la Secretar\u00eda General de la Universidad de La Laguna, de acuerdo con la normativa vigente.<\/p>\n","protected":false},"excerpt":{"rendered":"<p>La asociaci\u00f3n Alumni ULL, conformada por antiguos alumnos y amigos de la Universidad de La Laguna, ha anunciado la apertura&#8230;<\/p>\n","protected":false},"author":67,"featured_media":73463,"comment_status":"closed","ping_status":"closed","sticky":false,"template":"","format":"standard","meta":{"inline_featured_image":false,"footnotes":""},"categories":[345,348,2765],"tags":[465,1031,2150],"acf":[],"yoast_head":"<!-- This site is optimized with the Yoast SEO plugin v21.3 - https:\/\/yoast.com\/wordpress\/plugins\/seo\/ -->\n<title>Alumni ULL convoca sus premios anuales para 2024 - ULL - Noticias<\/title>\n<meta name=\"description\" content=\"La asociaci\u00f3n Alumni ULL, conformada por antiguos alumnos y amigos de la Universidad de La Laguna, ha anunciado la apertura de las convocatorias para sus cuatro premios anuales. Estos reconocimientos se entregar\u00e1n durante la ceremonia solemne del D\u00eda Institucional de la Universidad de La Laguna de 2024.\" \/>\n<meta name=\"robots\" content=\"index, follow, max-snippet:-1, max-image-preview:large, max-video-preview:-1\" \/>\n<link rel=\"canonical\" href=\"https:\/\/www.ull.es\/portal\/noticias\/2023\/alumni-ull-convoca-sus-premios-anuales-para-2024\/\" \/>\n<meta property=\"og:locale\" content=\"es_ES\" \/>\n<meta property=\"og:type\" content=\"article\" \/>\n<meta property=\"og:title\" content=\"Alumni ULL convoca sus premios anuales para 2024 - ULL - Noticias\" \/>\n<meta property=\"og:description\" content=\"La asociaci\u00f3n Alumni ULL, conformada por antiguos alumnos y amigos de la Universidad de La Laguna, ha anunciado la apertura de las convocatorias para sus cuatro premios anuales. Estos reconocimientos se entregar\u00e1n durante la ceremonia solemne del D\u00eda Institucional de la Universidad de La Laguna de 2024.\" \/>\n<meta property=\"og:url\" content=\"https:\/\/www.ull.es\/portal\/noticias\/2023\/alumni-ull-convoca-sus-premios-anuales-para-2024\/\" \/>\n<meta property=\"og:site_name\" content=\"ULL - Noticias\" \/>\n<meta property=\"article:publisher\" content=\"https:\/\/www.facebook.com\/universidaddelalaguna\/\" \/>\n<meta property=\"article:published_time\" content=\"2023-12-29T09:44:03+00:00\" \/>\n<meta property=\"og:image\" content=\"https:\/\/www.ull.es\/portal\/noticias\/wp-content\/uploads\/sites\/13\/2023\/12\/Premiados-Alumni-ULL-2023-.jpg\" \/>\n\t<meta property=\"og:image:width\" content=\"1200\" \/>\n\t<meta property=\"og:image:height\" content=\"800\" \/>\n\t<meta property=\"og:image:type\" content=\"image\/jpeg\" \/>\n<meta name=\"author\" content=\"gcom5\" \/>\n<meta name=\"twitter:card\" content=\"summary_large_image\" \/>\n<meta name=\"twitter:creator\" content=\"@CanalULL\" \/>\n<meta name=\"twitter:site\" content=\"@CanalULL\" \/>\n<meta name=\"twitter:label1\" content=\"Escrito por\" \/>\n\t<meta name=\"twitter:data1\" content=\"gcom5\" \/>\n\t<meta name=\"twitter:label2\" content=\"Tiempo de lectura\" \/>\n\t<meta name=\"twitter:data2\" content=\"2 minutos\" \/>\n<script type=\"application\/ld+json\" class=\"yoast-schema-graph\">{\"@context\":\"https:\/\/schema.org\",\"@graph\":[{\"@type\":\"WebPage\",\"@id\":\"https:\/\/www.ull.es\/portal\/noticias\/2023\/alumni-ull-convoca-sus-premios-anuales-para-2024\/\",\"url\":\"https:\/\/www.ull.es\/portal\/noticias\/2023\/alumni-ull-convoca-sus-premios-anuales-para-2024\/\",\"name\":\"Alumni ULL convoca sus premios anuales para 2024 - ULL - Noticias\",\"isPartOf\":{\"@id\":\"https:\/\/www.ull.es\/portal\/noticias\/#website\"},\"datePublished\":\"2023-12-29T09:44:03+00:00\",\"dateModified\":\"2023-12-29T09:44:03+00:00\",\"author\":{\"@id\":\"https:\/\/www.ull.es\/portal\/noticias\/#\/schema\/person\/8027c6c4687adc2c90dc1532715d34df\"},\"description\":\"La asociaci\u00f3n Alumni ULL, conformada por antiguos alumnos y amigos de la Universidad de La Laguna, ha anunciado la apertura de las convocatorias para sus cuatro premios anuales. Estos reconocimientos se entregar\u00e1n durante la ceremonia solemne del D\u00eda Institucional de la Universidad de La Laguna de 2024.\",\"breadcrumb\":{\"@id\":\"https:\/\/www.ull.es\/portal\/noticias\/2023\/alumni-ull-convoca-sus-premios-anuales-para-2024\/#breadcrumb\"},\"inLanguage\":\"es\",\"potentialAction\":[{\"@type\":\"ReadAction\",\"target\":[\"https:\/\/www.ull.es\/portal\/noticias\/2023\/alumni-ull-convoca-sus-premios-anuales-para-2024\/\"]}]},{\"@type\":\"BreadcrumbList\",\"@id\":\"https:\/\/www.ull.es\/portal\/noticias\/2023\/alumni-ull-convoca-sus-premios-anuales-para-2024\/#breadcrumb\",\"itemListElement\":[{\"@type\":\"ListItem\",\"position\":1,\"name\":\"Portada\",\"item\":\"https:\/\/www.ull.es\/portal\/noticias\/\"},{\"@type\":\"ListItem\",\"position\":2,\"name\":\"Alumni ULL convoca sus premios anuales para 2024\"}]},{\"@type\":\"WebSite\",\"@id\":\"https:\/\/www.ull.es\/portal\/noticias\/#website\",\"url\":\"https:\/\/www.ull.es\/portal\/noticias\/\",\"name\":\"ULL - Noticias\",\"description\":\"\",\"potentialAction\":[{\"@type\":\"SearchAction\",\"target\":{\"@type\":\"EntryPoint\",\"urlTemplate\":\"https:\/\/www.ull.es\/portal\/noticias\/?s={search_term_string}\"},\"query-input\":\"required name=search_term_string\"}],\"inLanguage\":\"es\"},{\"@type\":\"Person\",\"@id\":\"https:\/\/www.ull.es\/portal\/noticias\/#\/schema\/person\/8027c6c4687adc2c90dc1532715d34df\",\"name\":\"gcom5\",\"image\":{\"@type\":\"ImageObject\",\"inLanguage\":\"es\",\"@id\":\"https:\/\/www.ull.es\/portal\/noticias\/#\/schema\/person\/image\/\",\"url\":\"https:\/\/secure.gravatar.com\/avatar\/8b3777f8048001fa57b88338ce5605b9?s=96&d=mm&r=g\",\"contentUrl\":\"https:\/\/secure.gravatar.com\/avatar\/8b3777f8048001fa57b88338ce5605b9?s=96&d=mm&r=g\",\"caption\":\"gcom5\"},\"url\":\"https:\/\/www.ull.es\/portal\/noticias\/author\/gcom5\/\"}]}<\/script>\n<!-- \/ Yoast SEO plugin. -->","yoast_head_json":{"title":"Alumni ULL convoca sus premios anuales para 2024 - ULL - Noticias","description":"La asociaci\u00f3n Alumni ULL, conformada por antiguos alumnos y amigos de la Universidad de La Laguna, ha anunciado la apertura de las convocatorias para sus cuatro premios anuales. Estos reconocimientos se entregar\u00e1n durante la ceremonia solemne del D\u00eda Institucional de la Universidad de La Laguna de 2024.","robots":{"index":"index","follow":"follow","max-snippet":"max-snippet:-1","max-image-preview":"max-image-preview:large","max-video-preview":"max-video-preview:-1"},"canonical":"https:\/\/www.ull.es\/portal\/noticias\/2023\/alumni-ull-convoca-sus-premios-anuales-para-2024\/","og_locale":"es_ES","og_type":"article","og_title":"Alumni ULL convoca sus premios anuales para 2024 - ULL - Noticias","og_description":"La asociaci\u00f3n Alumni ULL, conformada por antiguos alumnos y amigos de la Universidad de La Laguna, ha anunciado la apertura de las convocatorias para sus cuatro premios anuales. Estos reconocimientos se entregar\u00e1n durante la ceremonia solemne del D\u00eda Institucional de la Universidad de La Laguna de 2024.","og_url":"https:\/\/www.ull.es\/portal\/noticias\/2023\/alumni-ull-convoca-sus-premios-anuales-para-2024\/","og_site_name":"ULL - Noticias","article_publisher":"https:\/\/www.facebook.com\/universidaddelalaguna\/","article_published_time":"2023-12-29T09:44:03+00:00","og_image":[{"width":1200,"height":800,"url":"https:\/\/www.ull.es\/portal\/noticias\/wp-content\/uploads\/sites\/13\/2023\/12\/Premiados-Alumni-ULL-2023-.jpg","type":"image\/jpeg"}],"author":"gcom5","twitter_card":"summary_large_image","twitter_creator":"@CanalULL","twitter_site":"@CanalULL","twitter_misc":{"Escrito por":"gcom5","Tiempo de lectura":"2 minutos"},"schema":{"@context":"https:\/\/schema.org","@graph":[{"@type":"WebPage","@id":"https:\/\/www.ull.es\/portal\/noticias\/2023\/alumni-ull-convoca-sus-premios-anuales-para-2024\/","url":"https:\/\/www.ull.es\/portal\/noticias\/2023\/alumni-ull-convoca-sus-premios-anuales-para-2024\/","name":"Alumni ULL convoca sus premios anuales para 2024 - ULL - Noticias","isPartOf":{"@id":"https:\/\/www.ull.es\/portal\/noticias\/#website"},"datePublished":"2023-12-29T09:44:03+00:00","dateModified":"2023-12-29T09:44:03+00:00","author":{"@id":"https:\/\/www.ull.es\/portal\/noticias\/#\/schema\/person\/8027c6c4687adc2c90dc1532715d34df"},"description":"La asociaci\u00f3n Alumni ULL, conformada por antiguos alumnos y amigos de la Universidad de La Laguna, ha anunciado la apertura de las convocatorias para sus cuatro premios anuales. Estos reconocimientos se entregar\u00e1n durante la ceremonia solemne del D\u00eda Institucional de la Universidad de La Laguna de 2024.","breadcrumb":{"@id":"https:\/\/www.ull.es\/portal\/noticias\/2023\/alumni-ull-convoca-sus-premios-anuales-para-2024\/#breadcrumb"},"inLanguage":"es","potentialAction":[{"@type":"ReadAction","target":["https:\/\/www.ull.es\/portal\/noticias\/2023\/alumni-ull-convoca-sus-premios-anuales-para-2024\/"]}]},{"@type":"BreadcrumbList","@id":"https:\/\/www.ull.es\/portal\/noticias\/2023\/alumni-ull-convoca-sus-premios-anuales-para-2024\/#breadcrumb","itemListElement":[{"@type":"ListItem","position":1,"name":"Portada","item":"https:\/\/www.ull.es\/portal\/noticias\/"},{"@type":"ListItem","position":2,"name":"Alumni ULL convoca sus premios anuales para 2024"}]},{"@type":"WebSite","@id":"https:\/\/www.ull.es\/portal\/noticias\/#website","url":"https:\/\/www.ull.es\/portal\/noticias\/","name":"ULL - Noticias","description":"","potentialAction":[{"@type":"SearchAction","target":{"@type":"EntryPoint","urlTemplate":"https:\/\/www.ull.es\/portal\/noticias\/?s={search_term_string}"},"query-input":"required name=search_term_string"}],"inLanguage":"es"},{"@type":"Person","@id":"https:\/\/www.ull.es\/portal\/noticias\/#\/schema\/person\/8027c6c4687adc2c90dc1532715d34df","name":"gcom5","image":{"@type":"ImageObject","inLanguage":"es","@id":"https:\/\/www.ull.es\/portal\/noticias\/#\/schema\/person\/image\/","url":"https:\/\/secure.gravatar.com\/avatar\/8b3777f8048001fa57b88338ce5605b9?s=96&d=mm&r=g","contentUrl":"https:\/\/secure.gravatar.com\/avatar\/8b3777f8048001fa57b88338ce5605b9?s=96&d=mm&r=g","caption":"gcom5"},"url":"https:\/\/www.ull.es\/portal\/noticias\/author\/gcom5\/"}]}},"primary_category":{"id":345,"name":"Destacado","slug":"destacado","link":"https:\/\/www.ull.es\/portal\/noticias\/category\/destacado\/"},"featured_image_thumbnail_url":"https:\/\/www.ull.es\/portal\/noticias\/wp-content\/uploads\/sites\/13\/2023\/12\/Premiados-Alumni-ULL-2023--300x200.jpg","_links":{"self":[{"href":"https:\/\/www.ull.es\/portal\/noticias\/wp-json\/wp\/v2\/posts\/73462"}],"collection":[{"href":"https:\/\/www.ull.es\/portal\/noticias\/wp-json\/wp\/v2\/posts"}],"about":[{"href":"https:\/\/www.ull.es\/portal\/noticias\/wp-json\/wp\/v2\/types\/post"}],"author":[{"embeddable":true,"href":"https:\/\/www.ull.es\/portal\/noticias\/wp-json\/wp\/v2\/users\/67"}],"replies":[{"embeddable":true,"href":"https:\/\/www.ull.es\/portal\/noticias\/wp-json\/wp\/v2\/comments?post=73462"}],"version-history":[{"count":1,"href":"https:\/\/www.ull.es\/portal\/noticias\/wp-json\/wp\/v2\/posts\/73462\/revisions"}],"predecessor-version":[{"id":73464,"href":"https:\/\/www.ull.es\/portal\/noticias\/wp-json\/wp\/v2\/posts\/73462\/revisions\/73464"}],"wp:featuredmedia":[{"embeddable":true,"href":"https:\/\/www.ull.es\/portal\/noticias\/wp-json\/wp\/v2\/media\/73463"}],"wp:attachment":[{"href":"https:\/\/www.ull.es\/portal\/noticias\/wp-json\/wp\/v2\/media?parent=73462"}],"wp:term":[{"taxonomy":"category","embeddable":true,"href":"https:\/\/www.ull.es\/portal\/noticias\/wp-json\/wp\/v2\/categories?post=73462"},{"taxonomy":"post_tag","embeddable":true,"href":"https:\/\/www.ull.es\/portal\/noticias\/wp-json\/wp\/v2\/tags?post=73462"}],"curies":[{"name":"wp","href":"https:\/\/api.w.org\/{rel}","templated":true}]}}