{"id":73580,"date":"2024-01-16T13:34:40","date_gmt":"2024-01-16T13:34:40","guid":{"rendered":"https:\/\/www.ull.es\/portal\/noticias\/?p=73580"},"modified":"2024-01-16T13:34:40","modified_gmt":"2024-01-16T13:34:40","slug":"el-consejo-de-gobierno-de-la-universidad-de-la-laguna-aborda-varios-asuntos-de-tramite","status":"publish","type":"post","link":"https:\/\/www.ull.es\/portal\/noticias\/2024\/el-consejo-de-gobierno-de-la-universidad-de-la-laguna-aborda-varios-asuntos-de-tramite\/","title":{"rendered":"El Consejo de Gobierno de la Universidad de La Laguna aborda varios asuntos de tr\u00e1mite"},"content":{"rendered":"<p>El Consejo de Gobierno de la Universidad de La Laguna ha celebrado hoy 16 de enero una sesi\u00f3n plenaria online para tratar varios asuntos de tr\u00e1mite. Uno de ellos tiene que ver con el abono inmediato de los complementos retributivos al profesorado, por la consecuci\u00f3n de determinados objetivos de excelencia que han sido valorados por la agencia canaria de la calidad universitaria en un total de 400.000 euros para su convocatoria de 2023. Ser\u00e1 ahora el Consejo Social el que ratifique este acuerdo, adoptado hoy por unanimidad.<\/p>\n<p>Los miembros del \u00f3rgano colegiado tambi\u00e9n han dado su visto bueno a la modificaci\u00f3n del reglamento por el que se regula la figura del profesorado em\u00e9rito, para ajustar las peticiones al nuevo calendario acad\u00e9mico.<\/p>\n<p>De igual manera, se ha aprobado la determinaci\u00f3n de las condiciones de beneficiarios del disfrute de la ayuda asistencial para compensar los gastos de matr\u00edcula universitaria y para las pruebas de acceso al centro acad\u00e9mico del a\u00f1o 2024 para los trabajadores de la Universidad de La Laguna, un derecho que se ejecuta todos los a\u00f1os.<\/p>\n","protected":false},"excerpt":{"rendered":"<p>El Consejo de Gobierno de la Universidad de La Laguna ha celebrado hoy 16 de enero una sesi\u00f3n plenaria online&#8230;<\/p>\n","protected":false},"author":23,"featured_media":73581,"comment_status":"closed","ping_status":"closed","sticky":false,"template":"","format":"standard","meta":{"inline_featured_image":false,"footnotes":""},"categories":[345,347,2765],"tags":[],"acf":[],"yoast_head":"<!-- This site is optimized with the Yoast SEO plugin v21.3 - https:\/\/yoast.com\/wordpress\/plugins\/seo\/ -->\n<title>El Consejo de Gobierno de la Universidad de La Laguna aborda varios asuntos de tr\u00e1mite - ULL - Noticias<\/title>\n<meta name=\"robots\" content=\"index, follow, max-snippet:-1, max-image-preview:large, max-video-preview:-1\" \/>\n<link rel=\"canonical\" href=\"https:\/\/www.ull.es\/portal\/noticias\/2024\/el-consejo-de-gobierno-de-la-universidad-de-la-laguna-aborda-varios-asuntos-de-tramite\/\" \/>\n<meta property=\"og:locale\" content=\"es_ES\" \/>\n<meta property=\"og:type\" content=\"article\" \/>\n<meta property=\"og:title\" content=\"El Consejo de Gobierno de la Universidad de La Laguna aborda varios asuntos de tr\u00e1mite - ULL - Noticias\" \/>\n<meta property=\"og:description\" content=\"El Consejo de Gobierno de la Universidad de La Laguna ha celebrado hoy 16 de enero una sesi\u00f3n plenaria online...\" \/>\n<meta property=\"og:url\" content=\"https:\/\/www.ull.es\/portal\/noticias\/2024\/el-consejo-de-gobierno-de-la-universidad-de-la-laguna-aborda-varios-asuntos-de-tramite\/\" \/>\n<meta property=\"og:site_name\" content=\"ULL - Noticias\" \/>\n<meta property=\"article:publisher\" content=\"https:\/\/www.facebook.com\/universidaddelalaguna\/\" \/>\n<meta property=\"article:published_time\" content=\"2024-01-16T13:34:40+00:00\" \/>\n<meta property=\"og:image\" content=\"https:\/\/www.ull.es\/portal\/noticias\/wp-content\/uploads\/sites\/13\/2024\/01\/Cons-Gobierno-16-01-07.jpg\" \/>\n\t<meta property=\"og:image:width\" content=\"1024\" \/>\n\t<meta property=\"og:image:height\" content=\"683\" \/>\n\t<meta property=\"og:image:type\" content=\"image\/jpeg\" \/>\n<meta name=\"author\" content=\"gaprsa\" \/>\n<meta name=\"twitter:card\" content=\"summary_large_image\" \/>\n<meta name=\"twitter:creator\" content=\"@CanalULL\" \/>\n<meta name=\"twitter:site\" content=\"@CanalULL\" \/>\n<meta name=\"twitter:label1\" content=\"Escrito por\" \/>\n\t<meta name=\"twitter:data1\" content=\"gaprsa\" \/>\n\t<meta name=\"twitter:label2\" content=\"Tiempo de lectura\" \/>\n\t<meta name=\"twitter:data2\" content=\"1 minuto\" \/>\n<script type=\"application\/ld+json\" class=\"yoast-schema-graph\">{\"@context\":\"https:\/\/schema.org\",\"@graph\":[{\"@type\":\"WebPage\",\"@id\":\"https:\/\/www.ull.es\/portal\/noticias\/2024\/el-consejo-de-gobierno-de-la-universidad-de-la-laguna-aborda-varios-asuntos-de-tramite\/\",\"url\":\"https:\/\/www.ull.es\/portal\/noticias\/2024\/el-consejo-de-gobierno-de-la-universidad-de-la-laguna-aborda-varios-asuntos-de-tramite\/\",\"name\":\"El Consejo de Gobierno de la Universidad de La Laguna aborda varios asuntos de tr\u00e1mite - ULL - Noticias\",\"isPartOf\":{\"@id\":\"https:\/\/www.ull.es\/portal\/noticias\/#website\"},\"datePublished\":\"2024-01-16T13:34:40+00:00\",\"dateModified\":\"2024-01-16T13:34:40+00:00\",\"author\":{\"@id\":\"https:\/\/www.ull.es\/portal\/noticias\/#\/schema\/person\/b2b1a89d43ffa609e591f7df8ef3e817\"},\"breadcrumb\":{\"@id\":\"https:\/\/www.ull.es\/portal\/noticias\/2024\/el-consejo-de-gobierno-de-la-universidad-de-la-laguna-aborda-varios-asuntos-de-tramite\/#breadcrumb\"},\"inLanguage\":\"es\",\"potentialAction\":[{\"@type\":\"ReadAction\",\"target\":[\"https:\/\/www.ull.es\/portal\/noticias\/2024\/el-consejo-de-gobierno-de-la-universidad-de-la-laguna-aborda-varios-asuntos-de-tramite\/\"]}]},{\"@type\":\"BreadcrumbList\",\"@id\":\"https:\/\/www.ull.es\/portal\/noticias\/2024\/el-consejo-de-gobierno-de-la-universidad-de-la-laguna-aborda-varios-asuntos-de-tramite\/#breadcrumb\",\"itemListElement\":[{\"@type\":\"ListItem\",\"position\":1,\"name\":\"Portada\",\"item\":\"https:\/\/www.ull.es\/portal\/noticias\/\"},{\"@type\":\"ListItem\",\"position\":2,\"name\":\"El Consejo de Gobierno de la Universidad de La Laguna aborda varios asuntos de tr\u00e1mite\"}]},{\"@type\":\"WebSite\",\"@id\":\"https:\/\/www.ull.es\/portal\/noticias\/#website\",\"url\":\"https:\/\/www.ull.es\/portal\/noticias\/\",\"name\":\"ULL - Noticias\",\"description\":\"\",\"potentialAction\":[{\"@type\":\"SearchAction\",\"target\":{\"@type\":\"EntryPoint\",\"urlTemplate\":\"https:\/\/www.ull.es\/portal\/noticias\/?s={search_term_string}\"},\"query-input\":\"required name=search_term_string\"}],\"inLanguage\":\"es\"},{\"@type\":\"Person\",\"@id\":\"https:\/\/www.ull.es\/portal\/noticias\/#\/schema\/person\/b2b1a89d43ffa609e591f7df8ef3e817\",\"name\":\"gaprsa\",\"image\":{\"@type\":\"ImageObject\",\"inLanguage\":\"es\",\"@id\":\"https:\/\/www.ull.es\/portal\/noticias\/#\/schema\/person\/image\/\",\"url\":\"https:\/\/secure.gravatar.com\/avatar\/443820550921091458b4823867723b3d?s=96&d=mm&r=g\",\"contentUrl\":\"https:\/\/secure.gravatar.com\/avatar\/443820550921091458b4823867723b3d?s=96&d=mm&r=g\",\"caption\":\"gaprsa\"},\"url\":\"https:\/\/www.ull.es\/portal\/noticias\/author\/gaprsa\/\"}]}<\/script>\n<!-- \/ Yoast SEO plugin. -->","yoast_head_json":{"title":"El Consejo de Gobierno de la Universidad de La Laguna aborda varios asuntos de tr\u00e1mite - ULL - Noticias","robots":{"index":"index","follow":"follow","max-snippet":"max-snippet:-1","max-image-preview":"max-image-preview:large","max-video-preview":"max-video-preview:-1"},"canonical":"https:\/\/www.ull.es\/portal\/noticias\/2024\/el-consejo-de-gobierno-de-la-universidad-de-la-laguna-aborda-varios-asuntos-de-tramite\/","og_locale":"es_ES","og_type":"article","og_title":"El Consejo de Gobierno de la Universidad de La Laguna aborda varios asuntos de tr\u00e1mite - ULL - Noticias","og_description":"El Consejo de Gobierno de la Universidad de La Laguna ha celebrado hoy 16 de enero una sesi\u00f3n plenaria online...","og_url":"https:\/\/www.ull.es\/portal\/noticias\/2024\/el-consejo-de-gobierno-de-la-universidad-de-la-laguna-aborda-varios-asuntos-de-tramite\/","og_site_name":"ULL - Noticias","article_publisher":"https:\/\/www.facebook.com\/universidaddelalaguna\/","article_published_time":"2024-01-16T13:34:40+00:00","og_image":[{"width":1024,"height":683,"url":"https:\/\/www.ull.es\/portal\/noticias\/wp-content\/uploads\/sites\/13\/2024\/01\/Cons-Gobierno-16-01-07.jpg","type":"image\/jpeg"}],"author":"gaprsa","twitter_card":"summary_large_image","twitter_creator":"@CanalULL","twitter_site":"@CanalULL","twitter_misc":{"Escrito por":"gaprsa","Tiempo de lectura":"1 minuto"},"schema":{"@context":"https:\/\/schema.org","@graph":[{"@type":"WebPage","@id":"https:\/\/www.ull.es\/portal\/noticias\/2024\/el-consejo-de-gobierno-de-la-universidad-de-la-laguna-aborda-varios-asuntos-de-tramite\/","url":"https:\/\/www.ull.es\/portal\/noticias\/2024\/el-consejo-de-gobierno-de-la-universidad-de-la-laguna-aborda-varios-asuntos-de-tramite\/","name":"El Consejo de Gobierno de la Universidad de La Laguna aborda varios asuntos de tr\u00e1mite - ULL - Noticias","isPartOf":{"@id":"https:\/\/www.ull.es\/portal\/noticias\/#website"},"datePublished":"2024-01-16T13:34:40+00:00","dateModified":"2024-01-16T13:34:40+00:00","author":{"@id":"https:\/\/www.ull.es\/portal\/noticias\/#\/schema\/person\/b2b1a89d43ffa609e591f7df8ef3e817"},"breadcrumb":{"@id":"https:\/\/www.ull.es\/portal\/noticias\/2024\/el-consejo-de-gobierno-de-la-universidad-de-la-laguna-aborda-varios-asuntos-de-tramite\/#breadcrumb"},"inLanguage":"es","potentialAction":[{"@type":"ReadAction","target":["https:\/\/www.ull.es\/portal\/noticias\/2024\/el-consejo-de-gobierno-de-la-universidad-de-la-laguna-aborda-varios-asuntos-de-tramite\/"]}]},{"@type":"BreadcrumbList","@id":"https:\/\/www.ull.es\/portal\/noticias\/2024\/el-consejo-de-gobierno-de-la-universidad-de-la-laguna-aborda-varios-asuntos-de-tramite\/#breadcrumb","itemListElement":[{"@type":"ListItem","position":1,"name":"Portada","item":"https:\/\/www.ull.es\/portal\/noticias\/"},{"@type":"ListItem","position":2,"name":"El Consejo de Gobierno de la Universidad de La Laguna aborda varios asuntos de tr\u00e1mite"}]},{"@type":"WebSite","@id":"https:\/\/www.ull.es\/portal\/noticias\/#website","url":"https:\/\/www.ull.es\/portal\/noticias\/","name":"ULL - Noticias","description":"","potentialAction":[{"@type":"SearchAction","target":{"@type":"EntryPoint","urlTemplate":"https:\/\/www.ull.es\/portal\/noticias\/?s={search_term_string}"},"query-input":"required name=search_term_string"}],"inLanguage":"es"},{"@type":"Person","@id":"https:\/\/www.ull.es\/portal\/noticias\/#\/schema\/person\/b2b1a89d43ffa609e591f7df8ef3e817","name":"gaprsa","image":{"@type":"ImageObject","inLanguage":"es","@id":"https:\/\/www.ull.es\/portal\/noticias\/#\/schema\/person\/image\/","url":"https:\/\/secure.gravatar.com\/avatar\/443820550921091458b4823867723b3d?s=96&d=mm&r=g","contentUrl":"https:\/\/secure.gravatar.com\/avatar\/443820550921091458b4823867723b3d?s=96&d=mm&r=g","caption":"gaprsa"},"url":"https:\/\/www.ull.es\/portal\/noticias\/author\/gaprsa\/"}]}},"primary_category":{"id":345,"name":"Destacado","slug":"destacado","link":"https:\/\/www.ull.es\/portal\/noticias\/category\/destacado\/"},"featured_image_thumbnail_url":"https:\/\/www.ull.es\/portal\/noticias\/wp-content\/uploads\/sites\/13\/2024\/01\/Cons-Gobierno-16-01-07-300x200.jpg","_links":{"self":[{"href":"https:\/\/www.ull.es\/portal\/noticias\/wp-json\/wp\/v2\/posts\/73580"}],"collection":[{"href":"https:\/\/www.ull.es\/portal\/noticias\/wp-json\/wp\/v2\/posts"}],"about":[{"href":"https:\/\/www.ull.es\/portal\/noticias\/wp-json\/wp\/v2\/types\/post"}],"author":[{"embeddable":true,"href":"https:\/\/www.ull.es\/portal\/noticias\/wp-json\/wp\/v2\/users\/23"}],"replies":[{"embeddable":true,"href":"https:\/\/www.ull.es\/portal\/noticias\/wp-json\/wp\/v2\/comments?post=73580"}],"version-history":[{"count":1,"href":"https:\/\/www.ull.es\/portal\/noticias\/wp-json\/wp\/v2\/posts\/73580\/revisions"}],"predecessor-version":[{"id":73582,"href":"https:\/\/www.ull.es\/portal\/noticias\/wp-json\/wp\/v2\/posts\/73580\/revisions\/73582"}],"wp:featuredmedia":[{"embeddable":true,"href":"https:\/\/www.ull.es\/portal\/noticias\/wp-json\/wp\/v2\/media\/73581"}],"wp:attachment":[{"href":"https:\/\/www.ull.es\/portal\/noticias\/wp-json\/wp\/v2\/media?parent=73580"}],"wp:term":[{"taxonomy":"category","embeddable":true,"href":"https:\/\/www.ull.es\/portal\/noticias\/wp-json\/wp\/v2\/categories?post=73580"},{"taxonomy":"post_tag","embeddable":true,"href":"https:\/\/www.ull.es\/portal\/noticias\/wp-json\/wp\/v2\/tags?post=73580"}],"curies":[{"name":"wp","href":"https:\/\/api.w.org\/{rel}","templated":true}]}}