{"id":73606,"date":"2024-01-17T14:30:35","date_gmt":"2024-01-17T14:30:35","guid":{"rendered":"https:\/\/www.ull.es\/portal\/noticias\/?p=73606"},"modified":"2024-01-17T14:35:52","modified_gmt":"2024-01-17T14:35:52","slug":"la-ministra-de-universidades-visita-el-rectorado-de-la-ull-y-adelanta-algunos-avances-de-la-losu","status":"publish","type":"post","link":"https:\/\/www.ull.es\/portal\/noticias\/2024\/la-ministra-de-universidades-visita-el-rectorado-de-la-ull-y-adelanta-algunos-avances-de-la-losu\/","title":{"rendered":"La ministra de Universidades visita el Rectorado de la ULL y adelanta algunos avances de la LOSU"},"content":{"rendered":"<p>La <a href=\"https:\/\/www.universidades.gob.es\/\" target=\"_blank\" rel=\"noopener\">ministra de Ciencia, Innovaci\u00f3n y Universidades<\/a> del Gobierno de Espa\u00f1a, Diana Morant, ha visitado hoy 17 de enero el Rectorado de la Universidad de La Laguna, donde ha sido recibida por el rector, Francisco Garc\u00eda, y parte de su equipo.<\/p>\n<p>El rector, acompa\u00f1ado del vicerrector del Personal Docente e Investigador, Alfonso Ruiz, ha mantenido una reuni\u00f3n con la ministra, quien les adelant\u00f3 algunos de los avances en la implantaci\u00f3n de la Ley Org\u00e1nica del Sistema Universitario (LOSU) y los desarrollos normativos que quedan pendientes, entre ellos el referido a los departamentos.<br \/>\nMorant apunt\u00f3 que el Gobierno de la naci\u00f3n ha aumentado la financiaci\u00f3n a las comunidades aut\u00f3nomas en este \u00faltimo presupuesto y que buena parte de ella debe llegar a las universidades p\u00fablicas.<\/p>\n<div id=\"attachment_73607\" style=\"width: 310px\" class=\"wp-caption alignleft\"><a href=\"https:\/\/www.ull.es\/portal\/noticias\/wp-content\/uploads\/sites\/13\/2024\/01\/Visita-ministra-Diana-Morant-21.jpg\" target=\"_blank\" rel=\"noopener\"><img aria-describedby=\"caption-attachment-73607\" decoding=\"async\" loading=\"lazy\" class=\"size-medium wp-image-73607\" src=\"https:\/\/www.ull.es\/portal\/noticias\/wp-content\/uploads\/sites\/13\/2024\/01\/Visita-ministra-Diana-Morant-21-300x200.jpg\" alt=\"\" width=\"300\" height=\"200\" srcset=\"https:\/\/www.ull.es\/portal\/noticias\/wp-content\/uploads\/sites\/13\/2024\/01\/Visita-ministra-Diana-Morant-21-300x200.jpg 300w, https:\/\/www.ull.es\/portal\/noticias\/wp-content\/uploads\/sites\/13\/2024\/01\/Visita-ministra-Diana-Morant-21-768x512.jpg 768w, https:\/\/www.ull.es\/portal\/noticias\/wp-content\/uploads\/sites\/13\/2024\/01\/Visita-ministra-Diana-Morant-21-375x250.jpg 375w, https:\/\/www.ull.es\/portal\/noticias\/wp-content\/uploads\/sites\/13\/2024\/01\/Visita-ministra-Diana-Morant-21-750x500.jpg 750w, https:\/\/www.ull.es\/portal\/noticias\/wp-content\/uploads\/sites\/13\/2024\/01\/Visita-ministra-Diana-Morant-21.jpg 1024w\" sizes=\"(max-width: 300px) 100vw, 300px\" \/><\/a><p id=\"caption-attachment-73607\" class=\"wp-caption-text\">Un momento de la reuni\u00f3n, con la presencia del vicerrector de PDI, a la izquierda, y del delegado del Gobierno.<\/p><\/div>\n<p>La ministra se mostr\u00f3 en este punto muy de acuerdo con el rector en la necesaria financiaci\u00f3n de los centros de educaci\u00f3n superior para que puedan asumir sus retos y el desarrollo de su agenda acad\u00e9mica e investigadora.<\/p>\n<p>En este sentido, tanto la ministra como el rector coincidieron en que urge especialmente la dotaci\u00f3n de recursos para el desarrollo de la nueva ley en materia de profesorado, algo especialmente relevante para la Universidad de La Laguna, dada la elevada edad media de su personal docente e investigador.<\/p>\n<p>Asimismo, se plante\u00f3 la necesidad de una especial sensibilidad presupuestaria con las universidades p\u00fablicas canarias, materializando una de las especificidades recogidas en la propia ley universitaria.<\/p>\n<p>Tambi\u00e9n se destac\u00f3 el proceso de dise\u00f1o en el que las universidades p\u00fablicas canarias, conjuntamente con otras, est\u00e1n llevando a cabo en la puesta en<\/p>\n<div id=\"attachment_73612\" style=\"width: 310px\" class=\"wp-caption alignright\"><a href=\"https:\/\/www.ull.es\/portal\/noticias\/wp-content\/uploads\/sites\/13\/2024\/01\/Visita-ministra-Diana-Morant-14.jpg\" target=\"_blank\" rel=\"noopener\"><img aria-describedby=\"caption-attachment-73612\" decoding=\"async\" loading=\"lazy\" class=\"size-medium wp-image-73612\" src=\"https:\/\/www.ull.es\/portal\/noticias\/wp-content\/uploads\/sites\/13\/2024\/01\/Visita-ministra-Diana-Morant-14-300x200.jpg\" alt=\"\" width=\"300\" height=\"200\" srcset=\"https:\/\/www.ull.es\/portal\/noticias\/wp-content\/uploads\/sites\/13\/2024\/01\/Visita-ministra-Diana-Morant-14-300x200.jpg 300w, https:\/\/www.ull.es\/portal\/noticias\/wp-content\/uploads\/sites\/13\/2024\/01\/Visita-ministra-Diana-Morant-14-768x512.jpg 768w, https:\/\/www.ull.es\/portal\/noticias\/wp-content\/uploads\/sites\/13\/2024\/01\/Visita-ministra-Diana-Morant-14-375x250.jpg 375w, https:\/\/www.ull.es\/portal\/noticias\/wp-content\/uploads\/sites\/13\/2024\/01\/Visita-ministra-Diana-Morant-14-750x500.jpg 750w, https:\/\/www.ull.es\/portal\/noticias\/wp-content\/uploads\/sites\/13\/2024\/01\/Visita-ministra-Diana-Morant-14.jpg 1024w\" sizes=\"(max-width: 300px) 100vw, 300px\" \/><\/a><p id=\"caption-attachment-73612\" class=\"wp-caption-text\">En la entrada del Rectorado, recibida tambi\u00e9n por la gerenta de la universidad.<\/p><\/div>\n<p>marcha de un M\u00e1ster en Vulcanolog\u00eda para su impartici\u00f3n en la isla de La Palma. Tambi\u00e9n la Universidad de La Laguna est\u00e1 implicada, conjuntamente con el IAC, en el dise\u00f1o de un M\u00e1ster en Astrof\u00edsica con el mismo fin.<\/p>\n<p>Igualmente hubo tiempo en la reuni\u00f3n para que comentar la proliferaci\u00f3n de centros privados en la geograf\u00eda insular, constatando ella misma que uno de los que est\u00e1 en proceso de creaci\u00f3n no tiene el informe favorable del ministerio para su implantaci\u00f3n.<\/p>\n","protected":false},"excerpt":{"rendered":"<p>La ministra de Ciencia, Innovaci\u00f3n y Universidades del Gobierno de Espa\u00f1a, Diana Morant, ha visitado hoy 17 de enero el&#8230;<\/p>\n","protected":false},"author":23,"featured_media":73608,"comment_status":"closed","ping_status":"closed","sticky":false,"template":"","format":"standard","meta":{"inline_featured_image":false,"footnotes":""},"categories":[345,348,2765],"tags":[8113,9606,10665],"acf":[],"yoast_head":"<!-- This site is optimized with the Yoast SEO plugin v21.3 - https:\/\/yoast.com\/wordpress\/plugins\/seo\/ -->\n<title>La ministra de Universidades visita el Rectorado de la ULL y adelanta algunos avances de la LOSU - ULL - Noticias<\/title>\n<meta name=\"robots\" content=\"index, follow, max-snippet:-1, max-image-preview:large, max-video-preview:-1\" \/>\n<link rel=\"canonical\" href=\"https:\/\/www.ull.es\/portal\/noticias\/2024\/la-ministra-de-universidades-visita-el-rectorado-de-la-ull-y-adelanta-algunos-avances-de-la-losu\/\" \/>\n<meta property=\"og:locale\" content=\"es_ES\" \/>\n<meta property=\"og:type\" content=\"article\" \/>\n<meta property=\"og:title\" content=\"La ministra de Universidades visita el Rectorado de la ULL y adelanta algunos avances de la LOSU - ULL - Noticias\" \/>\n<meta property=\"og:description\" content=\"La ministra de Ciencia, Innovaci\u00f3n y Universidades del Gobierno de Espa\u00f1a, Diana Morant, ha visitado hoy 17 de enero el...\" \/>\n<meta property=\"og:url\" content=\"https:\/\/www.ull.es\/portal\/noticias\/2024\/la-ministra-de-universidades-visita-el-rectorado-de-la-ull-y-adelanta-algunos-avances-de-la-losu\/\" \/>\n<meta property=\"og:site_name\" content=\"ULL - Noticias\" \/>\n<meta property=\"article:publisher\" content=\"https:\/\/www.facebook.com\/universidaddelalaguna\/\" \/>\n<meta property=\"article:published_time\" content=\"2024-01-17T14:30:35+00:00\" \/>\n<meta property=\"article:modified_time\" content=\"2024-01-17T14:35:52+00:00\" \/>\n<meta property=\"og:image\" content=\"https:\/\/www.ull.es\/portal\/noticias\/wp-content\/uploads\/sites\/13\/2024\/01\/Visita-ministra-Diana-Morant-16.jpg\" \/>\n\t<meta property=\"og:image:width\" content=\"1024\" \/>\n\t<meta property=\"og:image:height\" content=\"683\" \/>\n\t<meta property=\"og:image:type\" content=\"image\/jpeg\" \/>\n<meta name=\"author\" content=\"gaprsa\" \/>\n<meta name=\"twitter:card\" content=\"summary_large_image\" \/>\n<meta name=\"twitter:creator\" content=\"@CanalULL\" \/>\n<meta name=\"twitter:site\" content=\"@CanalULL\" \/>\n<meta name=\"twitter:label1\" content=\"Escrito por\" \/>\n\t<meta name=\"twitter:data1\" content=\"gaprsa\" \/>\n\t<meta name=\"twitter:label2\" content=\"Tiempo de lectura\" \/>\n\t<meta name=\"twitter:data2\" content=\"3 minutos\" \/>\n<script type=\"application\/ld+json\" class=\"yoast-schema-graph\">{\"@context\":\"https:\/\/schema.org\",\"@graph\":[{\"@type\":\"WebPage\",\"@id\":\"https:\/\/www.ull.es\/portal\/noticias\/2024\/la-ministra-de-universidades-visita-el-rectorado-de-la-ull-y-adelanta-algunos-avances-de-la-losu\/\",\"url\":\"https:\/\/www.ull.es\/portal\/noticias\/2024\/la-ministra-de-universidades-visita-el-rectorado-de-la-ull-y-adelanta-algunos-avances-de-la-losu\/\",\"name\":\"La ministra de Universidades visita el Rectorado de la ULL y adelanta algunos avances de la LOSU - ULL - Noticias\",\"isPartOf\":{\"@id\":\"https:\/\/www.ull.es\/portal\/noticias\/#website\"},\"datePublished\":\"2024-01-17T14:30:35+00:00\",\"dateModified\":\"2024-01-17T14:35:52+00:00\",\"author\":{\"@id\":\"https:\/\/www.ull.es\/portal\/noticias\/#\/schema\/person\/b2b1a89d43ffa609e591f7df8ef3e817\"},\"breadcrumb\":{\"@id\":\"https:\/\/www.ull.es\/portal\/noticias\/2024\/la-ministra-de-universidades-visita-el-rectorado-de-la-ull-y-adelanta-algunos-avances-de-la-losu\/#breadcrumb\"},\"inLanguage\":\"es\",\"potentialAction\":[{\"@type\":\"ReadAction\",\"target\":[\"https:\/\/www.ull.es\/portal\/noticias\/2024\/la-ministra-de-universidades-visita-el-rectorado-de-la-ull-y-adelanta-algunos-avances-de-la-losu\/\"]}]},{\"@type\":\"BreadcrumbList\",\"@id\":\"https:\/\/www.ull.es\/portal\/noticias\/2024\/la-ministra-de-universidades-visita-el-rectorado-de-la-ull-y-adelanta-algunos-avances-de-la-losu\/#breadcrumb\",\"itemListElement\":[{\"@type\":\"ListItem\",\"position\":1,\"name\":\"Portada\",\"item\":\"https:\/\/www.ull.es\/portal\/noticias\/\"},{\"@type\":\"ListItem\",\"position\":2,\"name\":\"La ministra de Universidades visita el Rectorado de la ULL y adelanta algunos avances de la LOSU\"}]},{\"@type\":\"WebSite\",\"@id\":\"https:\/\/www.ull.es\/portal\/noticias\/#website\",\"url\":\"https:\/\/www.ull.es\/portal\/noticias\/\",\"name\":\"ULL - Noticias\",\"description\":\"\",\"potentialAction\":[{\"@type\":\"SearchAction\",\"target\":{\"@type\":\"EntryPoint\",\"urlTemplate\":\"https:\/\/www.ull.es\/portal\/noticias\/?s={search_term_string}\"},\"query-input\":\"required name=search_term_string\"}],\"inLanguage\":\"es\"},{\"@type\":\"Person\",\"@id\":\"https:\/\/www.ull.es\/portal\/noticias\/#\/schema\/person\/b2b1a89d43ffa609e591f7df8ef3e817\",\"name\":\"gaprsa\",\"image\":{\"@type\":\"ImageObject\",\"inLanguage\":\"es\",\"@id\":\"https:\/\/www.ull.es\/portal\/noticias\/#\/schema\/person\/image\/\",\"url\":\"https:\/\/secure.gravatar.com\/avatar\/443820550921091458b4823867723b3d?s=96&d=mm&r=g\",\"contentUrl\":\"https:\/\/secure.gravatar.com\/avatar\/443820550921091458b4823867723b3d?s=96&d=mm&r=g\",\"caption\":\"gaprsa\"},\"url\":\"https:\/\/www.ull.es\/portal\/noticias\/author\/gaprsa\/\"}]}<\/script>\n<!-- \/ Yoast SEO plugin. -->","yoast_head_json":{"title":"La ministra de Universidades visita el Rectorado de la ULL y adelanta algunos avances de la LOSU - ULL - Noticias","robots":{"index":"index","follow":"follow","max-snippet":"max-snippet:-1","max-image-preview":"max-image-preview:large","max-video-preview":"max-video-preview:-1"},"canonical":"https:\/\/www.ull.es\/portal\/noticias\/2024\/la-ministra-de-universidades-visita-el-rectorado-de-la-ull-y-adelanta-algunos-avances-de-la-losu\/","og_locale":"es_ES","og_type":"article","og_title":"La ministra de Universidades visita el Rectorado de la ULL y adelanta algunos avances de la LOSU - ULL - Noticias","og_description":"La ministra de Ciencia, Innovaci\u00f3n y Universidades del Gobierno de Espa\u00f1a, Diana Morant, ha visitado hoy 17 de enero el...","og_url":"https:\/\/www.ull.es\/portal\/noticias\/2024\/la-ministra-de-universidades-visita-el-rectorado-de-la-ull-y-adelanta-algunos-avances-de-la-losu\/","og_site_name":"ULL - Noticias","article_publisher":"https:\/\/www.facebook.com\/universidaddelalaguna\/","article_published_time":"2024-01-17T14:30:35+00:00","article_modified_time":"2024-01-17T14:35:52+00:00","og_image":[{"width":1024,"height":683,"url":"https:\/\/www.ull.es\/portal\/noticias\/wp-content\/uploads\/sites\/13\/2024\/01\/Visita-ministra-Diana-Morant-16.jpg","type":"image\/jpeg"}],"author":"gaprsa","twitter_card":"summary_large_image","twitter_creator":"@CanalULL","twitter_site":"@CanalULL","twitter_misc":{"Escrito por":"gaprsa","Tiempo de lectura":"3 minutos"},"schema":{"@context":"https:\/\/schema.org","@graph":[{"@type":"WebPage","@id":"https:\/\/www.ull.es\/portal\/noticias\/2024\/la-ministra-de-universidades-visita-el-rectorado-de-la-ull-y-adelanta-algunos-avances-de-la-losu\/","url":"https:\/\/www.ull.es\/portal\/noticias\/2024\/la-ministra-de-universidades-visita-el-rectorado-de-la-ull-y-adelanta-algunos-avances-de-la-losu\/","name":"La ministra de Universidades visita el Rectorado de la ULL y adelanta algunos avances de la LOSU - ULL - Noticias","isPartOf":{"@id":"https:\/\/www.ull.es\/portal\/noticias\/#website"},"datePublished":"2024-01-17T14:30:35+00:00","dateModified":"2024-01-17T14:35:52+00:00","author":{"@id":"https:\/\/www.ull.es\/portal\/noticias\/#\/schema\/person\/b2b1a89d43ffa609e591f7df8ef3e817"},"breadcrumb":{"@id":"https:\/\/www.ull.es\/portal\/noticias\/2024\/la-ministra-de-universidades-visita-el-rectorado-de-la-ull-y-adelanta-algunos-avances-de-la-losu\/#breadcrumb"},"inLanguage":"es","potentialAction":[{"@type":"ReadAction","target":["https:\/\/www.ull.es\/portal\/noticias\/2024\/la-ministra-de-universidades-visita-el-rectorado-de-la-ull-y-adelanta-algunos-avances-de-la-losu\/"]}]},{"@type":"BreadcrumbList","@id":"https:\/\/www.ull.es\/portal\/noticias\/2024\/la-ministra-de-universidades-visita-el-rectorado-de-la-ull-y-adelanta-algunos-avances-de-la-losu\/#breadcrumb","itemListElement":[{"@type":"ListItem","position":1,"name":"Portada","item":"https:\/\/www.ull.es\/portal\/noticias\/"},{"@type":"ListItem","position":2,"name":"La ministra de Universidades visita el Rectorado de la ULL y adelanta algunos avances de la LOSU"}]},{"@type":"WebSite","@id":"https:\/\/www.ull.es\/portal\/noticias\/#website","url":"https:\/\/www.ull.es\/portal\/noticias\/","name":"ULL - Noticias","description":"","potentialAction":[{"@type":"SearchAction","target":{"@type":"EntryPoint","urlTemplate":"https:\/\/www.ull.es\/portal\/noticias\/?s={search_term_string}"},"query-input":"required name=search_term_string"}],"inLanguage":"es"},{"@type":"Person","@id":"https:\/\/www.ull.es\/portal\/noticias\/#\/schema\/person\/b2b1a89d43ffa609e591f7df8ef3e817","name":"gaprsa","image":{"@type":"ImageObject","inLanguage":"es","@id":"https:\/\/www.ull.es\/portal\/noticias\/#\/schema\/person\/image\/","url":"https:\/\/secure.gravatar.com\/avatar\/443820550921091458b4823867723b3d?s=96&d=mm&r=g","contentUrl":"https:\/\/secure.gravatar.com\/avatar\/443820550921091458b4823867723b3d?s=96&d=mm&r=g","caption":"gaprsa"},"url":"https:\/\/www.ull.es\/portal\/noticias\/author\/gaprsa\/"}]}},"primary_category":{"id":345,"name":"Destacado","slug":"destacado","link":"https:\/\/www.ull.es\/portal\/noticias\/category\/destacado\/"},"featured_image_thumbnail_url":"https:\/\/www.ull.es\/portal\/noticias\/wp-content\/uploads\/sites\/13\/2024\/01\/Visita-ministra-Diana-Morant-16-300x200.jpg","_links":{"self":[{"href":"https:\/\/www.ull.es\/portal\/noticias\/wp-json\/wp\/v2\/posts\/73606"}],"collection":[{"href":"https:\/\/www.ull.es\/portal\/noticias\/wp-json\/wp\/v2\/posts"}],"about":[{"href":"https:\/\/www.ull.es\/portal\/noticias\/wp-json\/wp\/v2\/types\/post"}],"author":[{"embeddable":true,"href":"https:\/\/www.ull.es\/portal\/noticias\/wp-json\/wp\/v2\/users\/23"}],"replies":[{"embeddable":true,"href":"https:\/\/www.ull.es\/portal\/noticias\/wp-json\/wp\/v2\/comments?post=73606"}],"version-history":[{"count":5,"href":"https:\/\/www.ull.es\/portal\/noticias\/wp-json\/wp\/v2\/posts\/73606\/revisions"}],"predecessor-version":[{"id":73615,"href":"https:\/\/www.ull.es\/portal\/noticias\/wp-json\/wp\/v2\/posts\/73606\/revisions\/73615"}],"wp:featuredmedia":[{"embeddable":true,"href":"https:\/\/www.ull.es\/portal\/noticias\/wp-json\/wp\/v2\/media\/73608"}],"wp:attachment":[{"href":"https:\/\/www.ull.es\/portal\/noticias\/wp-json\/wp\/v2\/media?parent=73606"}],"wp:term":[{"taxonomy":"category","embeddable":true,"href":"https:\/\/www.ull.es\/portal\/noticias\/wp-json\/wp\/v2\/categories?post=73606"},{"taxonomy":"post_tag","embeddable":true,"href":"https:\/\/www.ull.es\/portal\/noticias\/wp-json\/wp\/v2\/tags?post=73606"}],"curies":[{"name":"wp","href":"https:\/\/api.w.org\/{rel}","templated":true}]}}