{"id":73634,"date":"2024-01-19T11:45:09","date_gmt":"2024-01-19T11:45:09","guid":{"rendered":"https:\/\/www.ull.es\/portal\/noticias\/?p=73634"},"modified":"2024-01-19T11:45:09","modified_gmt":"2024-01-19T11:45:09","slug":"ull-sede-fase-local-lx-olimpiada-matematica-espanola","status":"publish","type":"post","link":"https:\/\/www.ull.es\/portal\/noticias\/2024\/ull-sede-fase-local-lx-olimpiada-matematica-espanola\/","title":{"rendered":"La ULL ha sido una de las sedes de la fase local de la LX Olimpiada Matem\u00e1tica Espa\u00f1ola"},"content":{"rendered":"<p>La sexag\u00e9sima edici\u00f3n de la fase local de la Olimpiada Matem\u00e1tica Espa\u00f1ola correspondiente a los distritos universitarios de Canarias se ha celebrado hoy, viernes 19 de enero. Han participado de 53 estudiantes de 25 centros de la provincia de Las Palmas y 44 estudiantes de 17 centros de la provincia de Santa Cruz de Tenerife, en las cinco sedes insulares dispuestas para esta competici\u00f3n: el edificio de las Secciones de Matem\u00e1ticas y F\u00edsica de la Facultad de Ciencias de la Universidad de La Laguna (Tenerife), el IES San Diego de Alcal\u00e1 (Fuerteventura), la Escuela de Ingenier\u00eda Inform\u00e1tica de la Universidad de Las Palmas de Gran Canaria (Gran Canaria), el IES Luis Cobiella Cuevas (La Palma) y el IES Costa Teguise (Lanzarote).<\/p>\n<p>La prueba ha consistido en la resoluci\u00f3n de seis problemas de Matem\u00e1ticas en doble sesi\u00f3n de tres horas y media, y est\u00e1 dirigida a alumnado matriculado en el curso actual en Bachillerato y, excepcionalmente, en tercer y cuarto curso de Educaci\u00f3n Secundaria Obligatoria cuando sea avalado por su profesorado y destaque por sus capacidades.<\/p>\n<p>La Real Sociedad Matem\u00e1tica Espa\u00f1ola premiar\u00e1 a las tres personas ganadoras de cada provincia con un diploma acreditativo y una cuota anual de membres\u00eda de estudiante, lo que da derecho, entre otros beneficios, a acceder durante un a\u00f1os a la revista La Gaceta editada por la entidad.<\/p>\n<p>Tras el concurso se proceder\u00e1 a seleccionar al equipo de tres estudiantes que podr\u00e1n representar a la Comunidad Aut\u00f3noma de Canarias en la fase final de la LX Olimpiada Matem\u00e1tica Espa\u00f1ola, que se celebrar\u00e1 en Calatayud (Zaragoza) entre los d\u00edas 14 y 17 de marzo de 2024.<\/p>\n","protected":false},"excerpt":{"rendered":"<p>La sexag\u00e9sima edici\u00f3n de la fase local de la Olimpiada Matem\u00e1tica Espa\u00f1ola correspondiente a los distritos universitarios de Canarias se&#8230;<\/p>\n","protected":false},"author":21,"featured_media":73635,"comment_status":"closed","ping_status":"closed","sticky":false,"template":"","format":"standard","meta":{"inline_featured_image":false,"footnotes":""},"categories":[345,3924,348,2765],"tags":[1215,1861,2008,2344],"acf":[],"yoast_head":"<!-- This site is optimized with the Yoast SEO plugin v21.3 - https:\/\/yoast.com\/wordpress\/plugins\/seo\/ -->\n<title>La ULL, una de las sedes de la LX Olimpiada Matem\u00e1tica Espa\u00f1ola<\/title>\n<meta name=\"description\" content=\"Han participado 53 estudiantes de 25 centros de la provincia de Las Palmas y 44 de 17 centros de la provincia de Santa Cruz de Tenerife.\" \/>\n<meta name=\"robots\" content=\"index, follow, max-snippet:-1, max-image-preview:large, max-video-preview:-1\" \/>\n<link rel=\"canonical\" href=\"https:\/\/www.ull.es\/portal\/noticias\/2024\/ull-sede-fase-local-lx-olimpiada-matematica-espanola\/\" \/>\n<meta property=\"og:locale\" content=\"es_ES\" \/>\n<meta property=\"og:type\" content=\"article\" \/>\n<meta property=\"og:title\" content=\"La ULL, una de las sedes de la LX Olimpiada Matem\u00e1tica Espa\u00f1ola\" \/>\n<meta property=\"og:description\" content=\"Han participado 53 estudiantes de 25 centros de la provincia de Las Palmas y 44 de 17 centros de la provincia de Santa Cruz de Tenerife.\" \/>\n<meta property=\"og:url\" content=\"https:\/\/www.ull.es\/portal\/noticias\/2024\/ull-sede-fase-local-lx-olimpiada-matematica-espanola\/\" \/>\n<meta property=\"og:site_name\" content=\"ULL - Noticias\" \/>\n<meta property=\"article:publisher\" content=\"https:\/\/www.facebook.com\/universidaddelalaguna\/\" \/>\n<meta property=\"article:published_time\" content=\"2024-01-19T11:45:09+00:00\" \/>\n<meta property=\"og:image\" content=\"https:\/\/www.ull.es\/portal\/noticias\/wp-content\/uploads\/sites\/13\/2024\/01\/lx-olimpiada-matematica-ull.jpg\" \/>\n\t<meta property=\"og:image:width\" content=\"1200\" \/>\n\t<meta property=\"og:image:height\" content=\"560\" \/>\n\t<meta property=\"og:image:type\" content=\"image\/jpeg\" \/>\n<meta name=\"author\" content=\"prensa2\" \/>\n<meta name=\"twitter:card\" content=\"summary_large_image\" \/>\n<meta name=\"twitter:creator\" content=\"@CanalULL\" \/>\n<meta name=\"twitter:site\" content=\"@CanalULL\" \/>\n<meta name=\"twitter:label1\" content=\"Escrito por\" \/>\n\t<meta name=\"twitter:data1\" content=\"prensa2\" \/>\n\t<meta name=\"twitter:label2\" content=\"Tiempo de lectura\" \/>\n\t<meta name=\"twitter:data2\" content=\"2 minutos\" \/>\n<script type=\"application\/ld+json\" class=\"yoast-schema-graph\">{\"@context\":\"https:\/\/schema.org\",\"@graph\":[{\"@type\":\"WebPage\",\"@id\":\"https:\/\/www.ull.es\/portal\/noticias\/2024\/ull-sede-fase-local-lx-olimpiada-matematica-espanola\/\",\"url\":\"https:\/\/www.ull.es\/portal\/noticias\/2024\/ull-sede-fase-local-lx-olimpiada-matematica-espanola\/\",\"name\":\"La ULL, una de las sedes de la LX Olimpiada Matem\u00e1tica Espa\u00f1ola\",\"isPartOf\":{\"@id\":\"https:\/\/www.ull.es\/portal\/noticias\/#website\"},\"datePublished\":\"2024-01-19T11:45:09+00:00\",\"dateModified\":\"2024-01-19T11:45:09+00:00\",\"author\":{\"@id\":\"https:\/\/www.ull.es\/portal\/noticias\/#\/schema\/person\/c3b2aa857797592927a03740d6664376\"},\"description\":\"Han participado 53 estudiantes de 25 centros de la provincia de Las Palmas y 44 de 17 centros de la provincia de Santa Cruz de Tenerife.\",\"breadcrumb\":{\"@id\":\"https:\/\/www.ull.es\/portal\/noticias\/2024\/ull-sede-fase-local-lx-olimpiada-matematica-espanola\/#breadcrumb\"},\"inLanguage\":\"es\",\"potentialAction\":[{\"@type\":\"ReadAction\",\"target\":[\"https:\/\/www.ull.es\/portal\/noticias\/2024\/ull-sede-fase-local-lx-olimpiada-matematica-espanola\/\"]}]},{\"@type\":\"BreadcrumbList\",\"@id\":\"https:\/\/www.ull.es\/portal\/noticias\/2024\/ull-sede-fase-local-lx-olimpiada-matematica-espanola\/#breadcrumb\",\"itemListElement\":[{\"@type\":\"ListItem\",\"position\":1,\"name\":\"Portada\",\"item\":\"https:\/\/www.ull.es\/portal\/noticias\/\"},{\"@type\":\"ListItem\",\"position\":2,\"name\":\"La ULL ha sido una de las sedes de la fase local de la LX Olimpiada Matem\u00e1tica Espa\u00f1ola\"}]},{\"@type\":\"WebSite\",\"@id\":\"https:\/\/www.ull.es\/portal\/noticias\/#website\",\"url\":\"https:\/\/www.ull.es\/portal\/noticias\/\",\"name\":\"ULL - Noticias\",\"description\":\"\",\"potentialAction\":[{\"@type\":\"SearchAction\",\"target\":{\"@type\":\"EntryPoint\",\"urlTemplate\":\"https:\/\/www.ull.es\/portal\/noticias\/?s={search_term_string}\"},\"query-input\":\"required name=search_term_string\"}],\"inLanguage\":\"es\"},{\"@type\":\"Person\",\"@id\":\"https:\/\/www.ull.es\/portal\/noticias\/#\/schema\/person\/c3b2aa857797592927a03740d6664376\",\"name\":\"prensa2\",\"image\":{\"@type\":\"ImageObject\",\"inLanguage\":\"es\",\"@id\":\"https:\/\/www.ull.es\/portal\/noticias\/#\/schema\/person\/image\/\",\"url\":\"https:\/\/secure.gravatar.com\/avatar\/b58f310a5de5feb33d1e026d2493f23c?s=96&d=mm&r=g\",\"contentUrl\":\"https:\/\/secure.gravatar.com\/avatar\/b58f310a5de5feb33d1e026d2493f23c?s=96&d=mm&r=g\",\"caption\":\"prensa2\"},\"url\":\"https:\/\/www.ull.es\/portal\/noticias\/author\/prensa2\/\"}]}<\/script>\n<!-- \/ Yoast SEO plugin. -->","yoast_head_json":{"title":"La ULL, una de las sedes de la LX Olimpiada Matem\u00e1tica Espa\u00f1ola","description":"Han participado 53 estudiantes de 25 centros de la provincia de Las Palmas y 44 de 17 centros de la provincia de Santa Cruz de Tenerife.","robots":{"index":"index","follow":"follow","max-snippet":"max-snippet:-1","max-image-preview":"max-image-preview:large","max-video-preview":"max-video-preview:-1"},"canonical":"https:\/\/www.ull.es\/portal\/noticias\/2024\/ull-sede-fase-local-lx-olimpiada-matematica-espanola\/","og_locale":"es_ES","og_type":"article","og_title":"La ULL, una de las sedes de la LX Olimpiada Matem\u00e1tica Espa\u00f1ola","og_description":"Han participado 53 estudiantes de 25 centros de la provincia de Las Palmas y 44 de 17 centros de la provincia de Santa Cruz de Tenerife.","og_url":"https:\/\/www.ull.es\/portal\/noticias\/2024\/ull-sede-fase-local-lx-olimpiada-matematica-espanola\/","og_site_name":"ULL - Noticias","article_publisher":"https:\/\/www.facebook.com\/universidaddelalaguna\/","article_published_time":"2024-01-19T11:45:09+00:00","og_image":[{"width":1200,"height":560,"url":"https:\/\/www.ull.es\/portal\/noticias\/wp-content\/uploads\/sites\/13\/2024\/01\/lx-olimpiada-matematica-ull.jpg","type":"image\/jpeg"}],"author":"prensa2","twitter_card":"summary_large_image","twitter_creator":"@CanalULL","twitter_site":"@CanalULL","twitter_misc":{"Escrito por":"prensa2","Tiempo de lectura":"2 minutos"},"schema":{"@context":"https:\/\/schema.org","@graph":[{"@type":"WebPage","@id":"https:\/\/www.ull.es\/portal\/noticias\/2024\/ull-sede-fase-local-lx-olimpiada-matematica-espanola\/","url":"https:\/\/www.ull.es\/portal\/noticias\/2024\/ull-sede-fase-local-lx-olimpiada-matematica-espanola\/","name":"La ULL, una de las sedes de la LX Olimpiada Matem\u00e1tica Espa\u00f1ola","isPartOf":{"@id":"https:\/\/www.ull.es\/portal\/noticias\/#website"},"datePublished":"2024-01-19T11:45:09+00:00","dateModified":"2024-01-19T11:45:09+00:00","author":{"@id":"https:\/\/www.ull.es\/portal\/noticias\/#\/schema\/person\/c3b2aa857797592927a03740d6664376"},"description":"Han participado 53 estudiantes de 25 centros de la provincia de Las Palmas y 44 de 17 centros de la provincia de Santa Cruz de Tenerife.","breadcrumb":{"@id":"https:\/\/www.ull.es\/portal\/noticias\/2024\/ull-sede-fase-local-lx-olimpiada-matematica-espanola\/#breadcrumb"},"inLanguage":"es","potentialAction":[{"@type":"ReadAction","target":["https:\/\/www.ull.es\/portal\/noticias\/2024\/ull-sede-fase-local-lx-olimpiada-matematica-espanola\/"]}]},{"@type":"BreadcrumbList","@id":"https:\/\/www.ull.es\/portal\/noticias\/2024\/ull-sede-fase-local-lx-olimpiada-matematica-espanola\/#breadcrumb","itemListElement":[{"@type":"ListItem","position":1,"name":"Portada","item":"https:\/\/www.ull.es\/portal\/noticias\/"},{"@type":"ListItem","position":2,"name":"La ULL ha sido una de las sedes de la fase local de la LX Olimpiada Matem\u00e1tica Espa\u00f1ola"}]},{"@type":"WebSite","@id":"https:\/\/www.ull.es\/portal\/noticias\/#website","url":"https:\/\/www.ull.es\/portal\/noticias\/","name":"ULL - Noticias","description":"","potentialAction":[{"@type":"SearchAction","target":{"@type":"EntryPoint","urlTemplate":"https:\/\/www.ull.es\/portal\/noticias\/?s={search_term_string}"},"query-input":"required name=search_term_string"}],"inLanguage":"es"},{"@type":"Person","@id":"https:\/\/www.ull.es\/portal\/noticias\/#\/schema\/person\/c3b2aa857797592927a03740d6664376","name":"prensa2","image":{"@type":"ImageObject","inLanguage":"es","@id":"https:\/\/www.ull.es\/portal\/noticias\/#\/schema\/person\/image\/","url":"https:\/\/secure.gravatar.com\/avatar\/b58f310a5de5feb33d1e026d2493f23c?s=96&d=mm&r=g","contentUrl":"https:\/\/secure.gravatar.com\/avatar\/b58f310a5de5feb33d1e026d2493f23c?s=96&d=mm&r=g","caption":"prensa2"},"url":"https:\/\/www.ull.es\/portal\/noticias\/author\/prensa2\/"}]}},"primary_category":{"id":345,"name":"Destacado","slug":"destacado","link":"https:\/\/www.ull.es\/portal\/noticias\/category\/destacado\/"},"featured_image_thumbnail_url":"https:\/\/www.ull.es\/portal\/noticias\/wp-content\/uploads\/sites\/13\/2024\/01\/lx-olimpiada-matematica-ull-300x140.jpg","_links":{"self":[{"href":"https:\/\/www.ull.es\/portal\/noticias\/wp-json\/wp\/v2\/posts\/73634"}],"collection":[{"href":"https:\/\/www.ull.es\/portal\/noticias\/wp-json\/wp\/v2\/posts"}],"about":[{"href":"https:\/\/www.ull.es\/portal\/noticias\/wp-json\/wp\/v2\/types\/post"}],"author":[{"embeddable":true,"href":"https:\/\/www.ull.es\/portal\/noticias\/wp-json\/wp\/v2\/users\/21"}],"replies":[{"embeddable":true,"href":"https:\/\/www.ull.es\/portal\/noticias\/wp-json\/wp\/v2\/comments?post=73634"}],"version-history":[{"count":1,"href":"https:\/\/www.ull.es\/portal\/noticias\/wp-json\/wp\/v2\/posts\/73634\/revisions"}],"predecessor-version":[{"id":73636,"href":"https:\/\/www.ull.es\/portal\/noticias\/wp-json\/wp\/v2\/posts\/73634\/revisions\/73636"}],"wp:featuredmedia":[{"embeddable":true,"href":"https:\/\/www.ull.es\/portal\/noticias\/wp-json\/wp\/v2\/media\/73635"}],"wp:attachment":[{"href":"https:\/\/www.ull.es\/portal\/noticias\/wp-json\/wp\/v2\/media?parent=73634"}],"wp:term":[{"taxonomy":"category","embeddable":true,"href":"https:\/\/www.ull.es\/portal\/noticias\/wp-json\/wp\/v2\/categories?post=73634"},{"taxonomy":"post_tag","embeddable":true,"href":"https:\/\/www.ull.es\/portal\/noticias\/wp-json\/wp\/v2\/tags?post=73634"}],"curies":[{"name":"wp","href":"https:\/\/api.w.org\/{rel}","templated":true}]}}