{"id":73637,"date":"2024-01-19T12:39:47","date_gmt":"2024-01-19T12:39:47","guid":{"rendered":"https:\/\/www.ull.es\/portal\/noticias\/?p=73637"},"modified":"2024-01-19T14:06:18","modified_gmt":"2024-01-19T14:06:18","slug":"la-ull-una-universidad-europea","status":"publish","type":"post","link":"https:\/\/www.ull.es\/portal\/noticias\/2024\/la-ull-una-universidad-europea\/","title":{"rendered":"La ULL, una Universidad Europea"},"content":{"rendered":"<p><span style=\"font-weight: 400\">La Universidad de La Laguna forma parte, junto a otras ocho instituciones acad\u00e9micas de Pa\u00edses Bajos, Suecia, Portugal, Alemania, Polonia, Chequia, Francia y Albania, de <\/span><a href=\"https:\/\/starseu.org\/\" target=\"_blank\" rel=\"noopener\" target=\"_blank\" rel=\"noopener\"><span style=\"font-weight: 400\">STARS EU<\/span><\/a><span style=\"font-weight: 400\">, una alianza que lleva fragu\u00e1ndose desde 2021 y en julio de 2023 alcanz\u00f3 el estatus de \u201cUniversidad Europea\u201d al ser evaluada favorablemente en la <\/span><a href=\"https:\/\/education.ec.europa.eu\/es\/education-levels\/higher-education\/european-universities-initiative\" target=\"_blank\" rel=\"noopener\" target=\"_blank\" rel=\"noopener\"><span style=\"font-weight: 400\">convocatoria abierta por la Comisi\u00f3n Europea<\/span><\/a><span style=\"font-weight: 400\"> para fomentar la creaci\u00f3n de este tipo de asociaciones de educaci\u00f3n superior. Supone un aval al trabajo realizado hasta ahora y conlleva una financiaci\u00f3n de 12,4 millones durante los pr\u00f3ximos cuatro a\u00f1os, para ayudar a poner en marcha sus acciones de docencia, investigaci\u00f3n y desarrollo local. Pero, \u00bfen qu\u00e9 consiste exactamente este tipo de alianza y por qu\u00e9 es tan importante haber logrado integrarnos en una de ellas?<\/span><\/p>\n<p><span style=\"font-weight: 400\">Para ello hay que remontarse al inter\u00e9s de las instituciones europeas en apoyar la educaci\u00f3n superior como herramienta para fortalecer los lazos comunitarios. Tras el shock que gener\u00f3 la Segunda Guerra Mundial, poner en marcha una entidad tan compleja como la Uni\u00f3n Europea supuso un logro pol\u00edtico que, objetivamente, ha tra\u00eddo un largo periodo de (relativa) estabilidad a los territorios que la conforman. Las universidades han sido un instrumento clave para conseguirlo y, m\u00e1s concretamente, el programa <\/span><a href=\"https:\/\/erasmus-plus.ec.europa.eu\/es\" target=\"_blank\" rel=\"noopener\" target=\"_blank\" rel=\"noopener\"><span style=\"font-weight: 400\">Erasmus+,<\/span><\/a><span style=\"font-weight: 400\"> que en sus m\u00e1s de treinta y cinco a\u00f1os de trayectoria, ha ampliado los horizontes de varias generaciones de j\u00f3venes europeos.<\/span><\/p>\n<p><span style=\"font-weight: 400\">A este programa hay que sumar el revulsivo que conllev\u00f3 la creaci\u00f3n del <\/span><a href=\"https:\/\/education.ec.europa.eu\/es\/education-levels\/higher-education\/inclusive-and-connected-higher-education\/bologna-process\" target=\"_blank\" rel=\"noopener\" target=\"_blank\" rel=\"noopener\"><span style=\"font-weight: 400\">Espacio Europeo de Educaci\u00f3n Superior<\/span><\/a><span style=\"font-weight: 400\">, gracias al cual se equipararon, al menos hasta cierto grado, los sistemas universitarios de los pa\u00edses miembros para facilitar la movilidad acad\u00e9mica. Sin embargo, la deseada internacionalizaci\u00f3n de los curr\u00edculos no ha logrado la profundidad esperada, y a ello hay que sumar que, tal y como demuestran m\u00faltiples r\u00e1nquines internacionales, la pujanza global de las universidades de \u00e1mbito anglosaj\u00f3n sigue siendo preeminente.\u00a0<\/span><\/p>\n<div id=\"attachment_73656\" style=\"width: 310px\" class=\"wp-caption alignleft\"><a href=\"https:\/\/www.ull.es\/portal\/noticias\/wp-content\/uploads\/sites\/13\/2024\/01\/logo-starseu.jpg\" target=\"_blank\" rel=\"noopener\" target=\"_blank\" rel=\"noopener\"><img aria-describedby=\"caption-attachment-73656\" decoding=\"async\" loading=\"lazy\" class=\"wp-image-73656 size-medium\" src=\"https:\/\/www.ull.es\/portal\/noticias\/wp-content\/uploads\/sites\/13\/2024\/01\/logo-starseu-300x200.jpg\" alt=\"\" width=\"300\" height=\"200\" srcset=\"https:\/\/www.ull.es\/portal\/noticias\/wp-content\/uploads\/sites\/13\/2024\/01\/logo-starseu-300x200.jpg 300w, https:\/\/www.ull.es\/portal\/noticias\/wp-content\/uploads\/sites\/13\/2024\/01\/logo-starseu-1024x683.jpg 1024w, https:\/\/www.ull.es\/portal\/noticias\/wp-content\/uploads\/sites\/13\/2024\/01\/logo-starseu-768x512.jpg 768w, https:\/\/www.ull.es\/portal\/noticias\/wp-content\/uploads\/sites\/13\/2024\/01\/logo-starseu-375x250.jpg 375w, https:\/\/www.ull.es\/portal\/noticias\/wp-content\/uploads\/sites\/13\/2024\/01\/logo-starseu-750x500.jpg 750w, https:\/\/www.ull.es\/portal\/noticias\/wp-content\/uploads\/sites\/13\/2024\/01\/logo-starseu-1140x760.jpg 1140w, https:\/\/www.ull.es\/portal\/noticias\/wp-content\/uploads\/sites\/13\/2024\/01\/logo-starseu.jpg 1200w\" sizes=\"(max-width: 300px) 100vw, 300px\" \/><\/a><p id=\"caption-attachment-73656\" class=\"wp-caption-text\">Logo de la alianza.<\/p><\/div>\n<p><b>Universidades Europeas<\/b><\/p>\n<p><span style=\"font-weight: 400\">Europa, tanto por n\u00famero de estudiantes como de personal docente, cient\u00edfico y administrativo, posee capital humano cualificado m\u00e1s que sobrado para lograr ese salto de calidad en la internacionalizaci\u00f3n al que apunta desde hace lustros, pero quiz\u00e1 haya faltado un marco institucional adecuado para articularlo. Por ello, la Comisi\u00f3n Europea puso en marcha en 2019 la iniciativa \u201cUniversidades Europeas\u201d, cuyo objetivo es crear alianzas entre, al menos, cinco instituciones acad\u00e9micas de tres pa\u00edses diferentes para generar programas formativos y proyectos de investigaci\u00f3n comunes. Una, por as\u00ed decirlo, universidad supranacional en la que cada una de las universidades nacionales que la integran actuaran como \u201ccampus\u201d.<\/span><\/p>\n<p><span style=\"font-weight: 400\">Esta iniciativa parti\u00f3 del debate desarrollado durante los a\u00f1os anteriores en el seno del Consejo Europeo, que ya el 14 de diciembre de 2017 hablaba de \u201creforzar en toda la Uni\u00f3n Europea las asociaciones estrat\u00e9gicas entre instituciones de ense\u00f1anza superior y promover la constituci\u00f3n, de aqu\u00ed a 2024, de una veintena de \u2018Universidades Europeas\u2019, que ser\u00edan redes de universidades de toda la UE creadas desde abajo, lo cual permitir\u00e1 a los estudiantes graduarse combinando periodos de estudio en varios pa\u00edses de la UE y contribuir\u00e1 a la competitividad internacional de las universidades europeas\u201d.<\/span><\/p>\n<p><span style=\"font-weight: 400\">La idea evolucion\u00f3 a partir de esa declaraci\u00f3n de 2017 ampliando sus objetivos: en la actualidad, la iniciativa Universidades Europeas pretende alcanzar no las veinte alianzas inicialmente se\u00f1aladas, sino 60, que impliquen a alrededor de 500 instituciones acad\u00e9micas de todos los pa\u00edses de la UE, as\u00ed como de pa\u00edses candidatos a la adhesi\u00f3n.\u00a0<\/span><\/p>\n<p><span style=\"font-weight: 400\">Desde 2019, aproximadamente cada a\u00f1o la Comisi\u00f3n ha publicado una convocatoria para evaluar las diferentes propuestas y avalar las que alcancen su m\u00e1xima puntuaci\u00f3n con la consideraci\u00f3n oficial como \u201cUniversidad Europea\u201d y, adem\u00e1s, otorgarle una financiaci\u00f3n a trav\u00e9s del programa Erasmus+ que oscila entre las 12 y los 14 millones de euros, para poner en marcha los proyectos. Hasta el momento, se han aprobado ya 50 de estas alianzas, por lo que solamente restar\u00edan otras 10, cuyo resultado se dirimir\u00e1 este a\u00f1o y, previsiblemente, cerrar\u00e1 la fase de configuraci\u00f3n de estas alianzas.<\/span><\/p>\n<p><b>La ULL busca la adhesi\u00f3n<\/b><\/p>\n<p><span style=\"font-weight: 400\">La Universidad de La Laguna estuvo interesada en adherirse a esta iniciativa pr\u00e1cticamente desde que supo de su existencia. No s\u00f3lo por las evidentes ventajas que supone poder colaborar de manera muy estrecha con instituciones de otros pa\u00edses, sino porque, seg\u00fan se ha podido saber, en el futuro las instituciones europeas puede que abran convocatorias de ayudas espec\u00edficas para estas Universidades Europeas, por lo que quedar fuera de este selecto grupo supondr\u00eda perder muchas posibilidades de acceder a potenciales v\u00edas de financiaci\u00f3n. Hab\u00eda que estar s\u00ed o s\u00ed.<\/span><\/p>\n<p><span style=\"font-weight: 400\">Ya en 2019 la Universidad de La Laguna realiz\u00f3 un primer intento de incorporarse a una alianza promovida por la <\/span><a href=\"https:\/\/www.ulpgc.es\/\" target=\"_blank\" rel=\"noopener\" target=\"_blank\" rel=\"noopener\"><span style=\"font-weight: 400\">Universidad de Las Palmas de Gran Canaria<\/span><\/a><span style=\"font-weight: 400\"> que implicaba a varias universidades de las regiones ultraperif\u00e9ricas de Europa. Sin embargo, la evaluaci\u00f3n de la UE lo fren\u00f3 porque esa concentraci\u00f3n en un \u00e1rea geogr\u00e1fica espec\u00edfica iba contra del esp\u00edritu de la iniciativa, cuya preferencia era integrar centros de diferentes regiones y procurar que las de regiones ultraperif\u00e9ricas establecieran conexiones con las continentales.\u00a0<\/span><\/p>\n<div id=\"attachment_73652\" style=\"width: 310px\" class=\"wp-caption alignright\"><a href=\"https:\/\/www.ull.es\/portal\/noticias\/wp-content\/uploads\/sites\/13\/2024\/01\/Ernesto-Pereda.jpg\" target=\"_blank\" rel=\"noopener\" target=\"_blank\" rel=\"noopener\"><img aria-describedby=\"caption-attachment-73652\" decoding=\"async\" loading=\"lazy\" class=\"wp-image-73652 size-medium\" src=\"https:\/\/www.ull.es\/portal\/noticias\/wp-content\/uploads\/sites\/13\/2024\/01\/Ernesto-Pereda-300x200.jpg\" alt=\"Ernesto Pereda, coordinador acad\u00e9mico.\" width=\"300\" height=\"200\" srcset=\"https:\/\/www.ull.es\/portal\/noticias\/wp-content\/uploads\/sites\/13\/2024\/01\/Ernesto-Pereda-300x200.jpg 300w, https:\/\/www.ull.es\/portal\/noticias\/wp-content\/uploads\/sites\/13\/2024\/01\/Ernesto-Pereda-768x512.jpg 768w, https:\/\/www.ull.es\/portal\/noticias\/wp-content\/uploads\/sites\/13\/2024\/01\/Ernesto-Pereda-375x250.jpg 375w, https:\/\/www.ull.es\/portal\/noticias\/wp-content\/uploads\/sites\/13\/2024\/01\/Ernesto-Pereda-750x500.jpg 750w, https:\/\/www.ull.es\/portal\/noticias\/wp-content\/uploads\/sites\/13\/2024\/01\/Ernesto-Pereda.jpg 1024w\" sizes=\"(max-width: 300px) 100vw, 300px\" \/><\/a><p id=\"caption-attachment-73652\" class=\"wp-caption-text\">Ernesto Pereda, coordinador acad\u00e9mico.<\/p><\/div>\n<p><span style=\"font-weight: 400\">Como explica el catedr\u00e1tico de Ingenier\u00eda El\u00e9ctrica <\/span><a href=\"https:\/\/portalciencia.ull.es\/investigadores\/80814\/detalle\" target=\"_blank\" rel=\"noopener\" target=\"_blank\" rel=\"noopener\"><span style=\"font-weight: 400\">Ernesto Pereda de Pablo<\/span><\/a><span style=\"font-weight: 400\">, que en aquella \u00e9poca era vicerrector de Investigaci\u00f3n y Transferencia y actualmente es coordinador acad\u00e9mico de la alianza, tras el par\u00f3n que supuso la pandemia, en 2021 se retom\u00f3 el asunto poniendo sobre la mesa la disyuntiva entre entrar en una alianza ya activa o crear una nueva. \u201cSobre la primera, se explor\u00f3 la posibilidad de adherirse a una alianza que estaba muy enfocada a la ingenier\u00eda aeroespacial, que era una tem\u00e1tica muy espec\u00edfica. Al final, cre\u00edmos que la segunda opci\u00f3n era preferible porque, aunque crear una alianza desde cero supusiera mucho m\u00e1s trabajo, nos permitir\u00eda hacerlo de manera m\u00e1s adaptada a nuestro estilo y caracter\u00edsticas\u201d.\u00a0<\/span><\/p>\n<p><span style=\"font-weight: 400\">Justo en esos momentos, la <\/span><a href=\"https:\/\/www.hanze.nl\/eng\" target=\"_blank\" rel=\"noopener\" target=\"_blank\" rel=\"noopener\"><span style=\"font-weight: 400\">Universidad de Ciencias Aplicadas de Hanze<\/span><\/a><span style=\"font-weight: 400\"> (Pa\u00edses Bajos) invit\u00f3 al centro tinerfe\u00f1o a adherirse al proyecto que estaba poniendo en marcha -denominado por aquel entonces Engage y que finalmente se acabar\u00eda convirtiendo en la actual alianza STARS EU- porque en las primeras evaluaciones a las que se hab\u00eda sometido, la Comisi\u00f3n le hab\u00eda indicado la oportunidad de implicar a universidades del sur de Europa y potenciar la proyecci\u00f3n de la investigaci\u00f3n. El punto de conexi\u00f3n entre ambos centros fue <\/span><a href=\"https:\/\/research.hanze.nl\/en\/persons\/madelon-van-oostrom\" target=\"_blank\" rel=\"noopener\" target=\"_blank\" rel=\"noopener\"><span style=\"font-weight: 400\">Madelon van Oostrom<\/span><\/a><span style=\"font-weight: 400\">, una soci\u00f3loga de la instituci\u00f3n neerlandesa que se hab\u00eda doctorado y hab\u00eda sido docente en la Universidad de La Laguna y conoc\u00eda el potencial del centro canario en diversos campos cient\u00edficos.<\/span><\/p>\n<p><span style=\"font-weight: 400\">De este modo, la Universidad de La Laguna es, desde 2022, integrante de la alianza a todos los niveles y, por tanto, con representaci\u00f3n en el m\u00e1ximo \u00f3rgano de gesti\u00f3n de la alianza, su comit\u00e9 directivo (<\/span><i><span style=\"font-weight: 400\">steering committee<\/span><\/i><span style=\"font-weight: 400\">): concretamente, forman parte de \u00e9l <\/span><a href=\"https:\/\/portalciencia.ull.es\/investigadores\/81159\/detalle\" target=\"_blank\" rel=\"noopener\" target=\"_blank\" rel=\"noopener\"><span style=\"font-weight: 400\">Jos\u00e9 Francisco Sigut Saavedra<\/span><\/a><span style=\"font-weight: 400\">, coordinador general de la alianza y actualmente director de Secretariado de Movilidad y Cooperaci\u00f3n con Europa y Norteam\u00e9rica; el profesor titular de An\u00e1lisis Matem\u00e1tico <\/span><a href=\"https:\/\/portalciencia.ull.es\/investigadores\/82004\/detalle\" target=\"_blank\" rel=\"noopener\" target=\"_blank\" rel=\"noopener\"><span style=\"font-weight: 400\">Rodrigo Trujillo Gonz\u00e1lez<\/span><\/a><span style=\"font-weight: 400\">; y el ya citado Ernesto Pereda.<\/span><\/p>\n<div id=\"attachment_73650\" style=\"width: 310px\" class=\"wp-caption alignleft\"><a href=\"https:\/\/www.ull.es\/portal\/noticias\/wp-content\/uploads\/sites\/13\/2024\/01\/Inmaculada-Glez.jpg\" target=\"_blank\" rel=\"noopener\" target=\"_blank\" rel=\"noopener\"><img aria-describedby=\"caption-attachment-73650\" decoding=\"async\" loading=\"lazy\" class=\"wp-image-73650 size-medium\" src=\"https:\/\/www.ull.es\/portal\/noticias\/wp-content\/uploads\/sites\/13\/2024\/01\/Inmaculada-Glez-300x300.jpg\" alt=\"La vicerrectora Inmaculada Gonz\u00e1lez.\" width=\"300\" height=\"300\" srcset=\"https:\/\/www.ull.es\/portal\/noticias\/wp-content\/uploads\/sites\/13\/2024\/01\/Inmaculada-Glez-300x300.jpg 300w, https:\/\/www.ull.es\/portal\/noticias\/wp-content\/uploads\/sites\/13\/2024\/01\/Inmaculada-Glez-150x150.jpg 150w, https:\/\/www.ull.es\/portal\/noticias\/wp-content\/uploads\/sites\/13\/2024\/01\/Inmaculada-Glez-375x375.jpg 375w, https:\/\/www.ull.es\/portal\/noticias\/wp-content\/uploads\/sites\/13\/2024\/01\/Inmaculada-Glez-50x50.jpg 50w, https:\/\/www.ull.es\/portal\/noticias\/wp-content\/uploads\/sites\/13\/2024\/01\/Inmaculada-Glez.jpg 640w\" sizes=\"(max-width: 300px) 100vw, 300px\" \/><\/a><p id=\"caption-attachment-73650\" class=\"wp-caption-text\">La vicerrectora Inmaculada Gonz\u00e1lez.<\/p><\/div>\n<p><span style=\"font-weight: 400\">\u201cLa visi\u00f3n estrat\u00e9gica del grupo motor de esta iniciativa y el enorme esfuerzo realizado han sido indispensables para que esta oportunidad no pasase desaprovechada por nuestra universidad. Desde entonces hasta la actualidad, las labores realizadas han sido incesantes dado que la alianza STARS EU es un objetivo estrat\u00e9gico del Vicerrectorado de Internacionalizaci\u00f3n y Cooperaci\u00f3n. Ahora queda mucho trabajo por delante, pero conf\u00edo en que nuestro profesorado, alumnado y personal de administraci\u00f3n y servicios comprenda la relevancia de la alianza y se implique en el logro de las metas que debemos alcanzar en los pr\u00f3ximos a\u00f1os\u201d, se\u00f1ala la vicerrectora de Internacionalizaci\u00f3n y Cooperaci\u00f3n, <\/span><a href=\"https:\/\/portalciencia.ull.es\/investigadores\/82115\/detalle\" target=\"_blank\" rel=\"noopener\" target=\"_blank\" rel=\"noopener\"><span style=\"font-weight: 400\">Inmaculada Gonz\u00e1lez P\u00e9rez<\/span><\/a><span style=\"font-weight: 400\">, en cuyo departamento recae la gesti\u00f3n de la alianza.<\/span><\/p>\n<p><span style=\"font-weight: 400\">\u201cEl futuro de nuestra internacionalizaci\u00f3n depende en gran medida de nuestra capacidad para poner en marcha el enorme potencial del que disponemos, especialmente de nuestros recursos humanos\u201d, prosigue la vicerrectora. \u201cAunando esfuerzos y remando en la misma direcci\u00f3n, podremos dar un salto cualitativo y cuantitativo en nuestra proyecci\u00f3n internacional, permitiendo que nuestra universidad se transforme para poder afrontar los complejos retos a los que nos enfrentamos actualmente. Esto conlleva necesariamente hallar soluciones compartidas en un mundo global. Nuestro reto es, gracias a la oportunidad \u00fanica que se nos presenta, ser un ejemplo del insustituible papel de la educaci\u00f3n superior p\u00fablica en la construcci\u00f3n de un mundo sin fronteras\u00bb.<\/span><\/p>\n<p><span style=\"font-weight: 400\">En este punto, es importante recalcar que una cosa es la alianza en s\u00ed y otra es el proyecto que se ha de desarrollar durante los pr\u00f3ximos cuatro a\u00f1os, una vez conseguida la aprobaci\u00f3n en la convocatoria de Universidades Europas de la Comisi\u00f3n. \u00c9ste, como todo proyecto internacional, tiene una serie de objetivos que se deben cumplir en plazo para asegurar la financiaci\u00f3n asociada. Pero es solamente una de las facetas de lo que es STARS EU: la alianza exist\u00eda antes de julio de 2023 y, de hecho, ya se han hecho algunas actividades antes de esa fecha y del <\/span><a href=\"https:\/\/www.ull.es\/portal\/noticias\/2023\/la-alianza-stars-eu-celebra-su-evento-de-lanzamiento-en-suecia-con-una-destacada-presencia-de-la-universidad-de-la-laguna\/\" target=\"_blank\" rel=\"noopener\" target=\"_blank\" rel=\"noopener\"><span style=\"font-weight: 400\">lanzamiento oficial<\/span><\/a><span style=\"font-weight: 400\"> del proyecto, en noviembre de 2023.<\/span><\/p>\n<div id=\"attachment_73657\" style=\"width: 310px\" class=\"wp-caption alignright\"><a href=\"https:\/\/www.ull.es\/portal\/noticias\/wp-content\/uploads\/sites\/13\/2024\/01\/stars-eu-grupo.jpg\" target=\"_blank\" rel=\"noopener\" target=\"_blank\" rel=\"noopener\"><img aria-describedby=\"caption-attachment-73657\" decoding=\"async\" loading=\"lazy\" class=\"wp-image-73657 size-medium\" src=\"https:\/\/www.ull.es\/portal\/noticias\/wp-content\/uploads\/sites\/13\/2024\/01\/stars-eu-grupo-300x201.jpg\" alt=\"Conferencia anual de STARS EU celebrada en la ULL en 2023\" width=\"300\" height=\"201\" srcset=\"https:\/\/www.ull.es\/portal\/noticias\/wp-content\/uploads\/sites\/13\/2024\/01\/stars-eu-grupo-300x201.jpg 300w, https:\/\/www.ull.es\/portal\/noticias\/wp-content\/uploads\/sites\/13\/2024\/01\/stars-eu-grupo-768x515.jpg 768w, https:\/\/www.ull.es\/portal\/noticias\/wp-content\/uploads\/sites\/13\/2024\/01\/stars-eu-grupo-375x251.jpg 375w, https:\/\/www.ull.es\/portal\/noticias\/wp-content\/uploads\/sites\/13\/2024\/01\/stars-eu-grupo-750x502.jpg 750w, https:\/\/www.ull.es\/portal\/noticias\/wp-content\/uploads\/sites\/13\/2024\/01\/stars-eu-grupo.jpg 1024w\" sizes=\"(max-width: 300px) 100vw, 300px\" \/><\/a><p id=\"caption-attachment-73657\" class=\"wp-caption-text\">Conferencia anual de STARS EU celebrada en la ULL en 2023<\/p><\/div>\n<p><span style=\"font-weight: 400\">Sin ir m\u00e1s lejos, en marzo de 2023 (es decir, meses antes de lograr el reconocimiento oficial de la Comisi\u00f3n Europea), la Universidad de La Laguna acogi\u00f3 la <\/span><a href=\"https:\/\/www.ull.es\/portal\/noticias\/2023\/la-alianza-stars-eu-presenta-sus-retos-y-conoce-el-ejemplo-de-otra-red-europea\/\" target=\"_blank\" rel=\"noopener\"><span style=\"font-weight: 400\">conferencia anual<\/span><\/a><span style=\"font-weight: 400\"> de la alianza, evento que se celebra cada a\u00f1o en una de las instituciones socias. Y en junio de ese mismo a\u00f1o, nuestra instituci\u00f3n recibi\u00f3 a veinticinco estudiantes de siete pa\u00edses europeos para participar en un <\/span><i><span style=\"font-weight: 400\">Blended Intensive Programme<\/span><\/i><span style=\"font-weight: 400\"> (BIP) promovido por el Instituto Polit\u00e9cnico de Bragan\u00e7a. Este tipo de cursos est\u00e1 financiado a trav\u00e9s del programa Erasmus+, y consiste en una formaci\u00f3n de pocas semanas de duraci\u00f3n abierta a alumnado internacional que se imparte mayoritariamente online pero que, durante una semana, celebra actividades presenciales en una de las instituciones implicadas, para favorecer as\u00ed la movilidad.<\/span><\/p>\n<p><b>Regiones perif\u00e9ricas y desarrollo regional<\/b><\/p>\n<p><span style=\"font-weight: 400\">STARS EU es un acr\u00f3nimo derivado de la expresi\u00f3n <\/span><i><span style=\"font-weight: 400\">STrategic Alliance for Regional TranSition<\/span><\/i><span style=\"font-weight: 400\"> (\u201cAlianza estrat\u00e9gica para la transici\u00f3n regional\u201d), que ya avanza una de los rasgos diferenciales de esta agrupaci\u00f3n de universidades: la implicaci\u00f3n de sus participantes con sus respectivos entornos inmediatos. De este modo, las acciones que desarrolle a partir de ahora tendr\u00e1n siempre muy presente su capacidad para mejorar las comunidades en las que se asientan las instituciones, lo cual implica que los contactos y colaboraci\u00f3n con los agentes locales ser\u00e1n esenciales. Todo ello queda reflejado igualmente en el lema que se ha elegido para el arranque de la alianza \u201c<\/span><i><span style=\"font-weight: 400\">Reach for the stars. Transforming regions. Empowering people<\/span><\/i><span style=\"font-weight: 400\">\u201d. (Alcanza las estrellas. Transformar regiones. Empoderar a las personas).<\/span><\/p>\n<div id=\"attachment_73658\" style=\"width: 310px\" class=\"wp-caption alignleft\"><a href=\"https:\/\/www.ull.es\/portal\/noticias\/wp-content\/uploads\/sites\/13\/2024\/01\/Programa-STARS-04.jpg\" target=\"_blank\" rel=\"noopener\" target=\"_blank\" rel=\"noopener\"><img aria-describedby=\"caption-attachment-73658\" decoding=\"async\" loading=\"lazy\" class=\"wp-image-73658 size-medium\" src=\"https:\/\/www.ull.es\/portal\/noticias\/wp-content\/uploads\/sites\/13\/2024\/01\/Programa-STARS-04-300x200.jpg\" alt=\"BIP celebrado en la ULL en junio de 2023.\" width=\"300\" height=\"200\" srcset=\"https:\/\/www.ull.es\/portal\/noticias\/wp-content\/uploads\/sites\/13\/2024\/01\/Programa-STARS-04-300x200.jpg 300w, https:\/\/www.ull.es\/portal\/noticias\/wp-content\/uploads\/sites\/13\/2024\/01\/Programa-STARS-04-768x512.jpg 768w, https:\/\/www.ull.es\/portal\/noticias\/wp-content\/uploads\/sites\/13\/2024\/01\/Programa-STARS-04-375x250.jpg 375w, https:\/\/www.ull.es\/portal\/noticias\/wp-content\/uploads\/sites\/13\/2024\/01\/Programa-STARS-04-750x500.jpg 750w, https:\/\/www.ull.es\/portal\/noticias\/wp-content\/uploads\/sites\/13\/2024\/01\/Programa-STARS-04.jpg 1024w\" sizes=\"(max-width: 300px) 100vw, 300px\" \/><\/a><p id=\"caption-attachment-73658\" class=\"wp-caption-text\">BIP celebrado en la ULL en junio de 2023.<\/p><\/div>\n<p><span style=\"font-weight: 400\">Otra caracter\u00edstica de la alianza es que las universidades que la integran est\u00e1n ubicadas en regiones perif\u00e9ricas y no capitalinas de sus respectivos pa\u00edses. En el caso de la Universidad de La Laguna es bastante obvio; el resto de integrantes son la ya citada l\u00edder de STARS EU, la Universidad de Ciencias Aplicadas Hanze (Pa\u00edses Bajos); el <\/span><a href=\"https:\/\/portal3.ipb.pt\/index.php\/pt\/ipb\/\" target=\"_blank\" rel=\"noopener\" target=\"_blank\" rel=\"noopener\"><span style=\"font-weight: 400\">Instituto Polit\u00e9cnico de Bragan\u00e7a<\/span><\/a><span style=\"font-weight: 400\"> (Portugal); la <\/span><a href=\"https:\/\/www.hs-bremen.de\/en\/\" target=\"_blank\" rel=\"noopener\" target=\"_blank\" rel=\"noopener\"><span style=\"font-weight: 400\">Universidad de Ciencias Aplicadas de Breme<\/span><\/a><span style=\"font-weight: 400\">n (Alemania); la <\/span><a href=\"https:\/\/www.slu.cz\/slu\/en\/\" target=\"_blank\" rel=\"noopener\" target=\"_blank\" rel=\"noopener\"><span style=\"font-weight: 400\">Universidad de Silesia en Opava<\/span><\/a><span style=\"font-weight: 400\"> (Chequia), la <\/span><a href=\"https:\/\/www.hv.se\/en\/\" target=\"_blank\" rel=\"noopener\" target=\"_blank\" rel=\"noopener\"><span style=\"font-weight: 400\">Universidad del Oeste<\/span><\/a><span style=\"font-weight: 400\"> (Suecia); la <\/span><a href=\"https:\/\/www.pk.edu.pl\/index.php?option=com_content&amp;view=article&amp;id=65&amp;Itemid=121&amp;lang=en\" target=\"_blank\" rel=\"noopener\" target=\"_blank\" rel=\"noopener\"><span style=\"font-weight: 400\">Universidad Tecnol\u00f3gica de Cracovia<\/span><\/a><span style=\"font-weight: 400\"> (Polonia); la <\/span><a href=\"https:\/\/univ-fcomte.fr\/presentation-de-luniversite\" target=\"_blank\" rel=\"noopener\" target=\"_blank\" rel=\"noopener\"><span style=\"font-weight: 400\">Universidad del Franco Condado<\/span><\/a><span style=\"font-weight: 400\"> (Francia) y la <\/span><a href=\"https:\/\/univ-fcomte.fr\/presentation-de-luniversite\" target=\"_blank\" rel=\"noopener\" target=\"_blank\" rel=\"noopener\"><span style=\"font-weight: 400\">Universidad Aleksand\u00ebr Moisiu de Durr\u00ebs<\/span><\/a><span style=\"font-weight: 400\"> (Albania).<\/span><\/p>\n<p><span style=\"font-weight: 400\">Durante la reuni\u00f3n celebrada en 2022 en la Universidad de La Laguna, la coordinadora general de STARS EU, Rima Dijkstra, de la Universidad de Ciencias Aplicadas de Hanze, resumi\u00f3 cu\u00e1les ser\u00edan las principales aspiraciones de la alianza para los pr\u00f3ximos a\u00f1os: incentivar el trabajo en red con semanarios, talleres y conferencias; dise\u00f1ar titulaciones compartidas tanto de grado como de posgrado; fomentar el intercambio de estudiantes entre los distintos campus; continuar con el trabajo curricular para crear micro credenciales v\u00e1lidas en las diferentes universidades; estancias de pr\u00e1cticas; trabajo de cooperaci\u00f3n interregional; y buscar f\u00f3rmulas para la sostenibilidad de la alianza.<\/span><\/p>\n<p><b>Estructura de la alianza<\/b><\/p>\n<p><span style=\"font-weight: 400\">Para lograr esos objetivos, la relativamente compleja estructura de la alianza se ha dotado de una serie de elementos que permiten articular las tareas. Para empezar, est\u00e1n los Grupos de Inter\u00e9s Tem\u00e1tico (<\/span><i><span style=\"font-weight: 400\">Thematic Interest Groups<\/span><\/i><span style=\"font-weight: 400\"> o TIG), que son las \u00e1reas en las que centrar los esfuerzos, los cuales se alinean con materias que las instituciones europeas han considerado prioritarias. Actualmente, estos TIG abordan la econom\u00eda circular, la transici\u00f3n energ\u00e9tica, el emprendimiento, la transformaci\u00f3n digital, el arte y las industrias creativas, el envejecimiento saludable y los espacios vitales. No es un listado cerrado, por lo que es posible que en alg\u00fan momento se pueda abrir alg\u00fan \u00e1rea adicional y, de hecho, ya se est\u00e1 estudiado la posibilidad de incorporar un nuevo grupo relacionado con las humanidades.\u00a0<\/span><\/p>\n<div id=\"attachment_73653\" style=\"width: 310px\" class=\"wp-caption alignright\"><a href=\"https:\/\/www.ull.es\/portal\/noticias\/wp-content\/uploads\/sites\/13\/2024\/01\/Benjamin-03.jpg\" target=\"_blank\" rel=\"noopener\" target=\"_blank\" rel=\"noopener\"><img aria-describedby=\"caption-attachment-73653\" decoding=\"async\" loading=\"lazy\" class=\"wp-image-73653 size-medium\" src=\"https:\/\/www.ull.es\/portal\/noticias\/wp-content\/uploads\/sites\/13\/2024\/01\/Benjamin-03-300x200.jpg\" alt=\"Benjam\u00edn Gonz\u00e1lez, l\u00edder del TIG sobre Transici\u00f3n Energ\u00e9tica.\" width=\"300\" height=\"200\" srcset=\"https:\/\/www.ull.es\/portal\/noticias\/wp-content\/uploads\/sites\/13\/2024\/01\/Benjamin-03-300x200.jpg 300w, https:\/\/www.ull.es\/portal\/noticias\/wp-content\/uploads\/sites\/13\/2024\/01\/Benjamin-03-768x512.jpg 768w, https:\/\/www.ull.es\/portal\/noticias\/wp-content\/uploads\/sites\/13\/2024\/01\/Benjamin-03-375x250.jpg 375w, https:\/\/www.ull.es\/portal\/noticias\/wp-content\/uploads\/sites\/13\/2024\/01\/Benjamin-03-750x500.jpg 750w, https:\/\/www.ull.es\/portal\/noticias\/wp-content\/uploads\/sites\/13\/2024\/01\/Benjamin-03.jpg 1024w\" sizes=\"(max-width: 300px) 100vw, 300px\" \/><\/a><p id=\"caption-attachment-73653\" class=\"wp-caption-text\">Benjam\u00edn Gonz\u00e1lez, l\u00edder del TIG sobre Transici\u00f3n Energ\u00e9tica.<\/p><\/div>\n<p><span style=\"font-weight: 400\">Cada uno de estos TIG cuenta con una universidad l\u00edder y otra col\u00edder, y la Universidad de La Laguna es la responsable del concerniente a la transici\u00f3n energ\u00e9tica, cuyo responsable es el profesor titular del \u00e1rea de Ingenier\u00eda El\u00e9ctrica <\/span><a href=\"https:\/\/portalciencia.ull.es\/investigadores\/81003\/detalle\" target=\"_blank\" rel=\"noopener\" target=\"_blank\" rel=\"noopener\"><span style=\"font-weight: 400\">Benjam\u00edn Gonz\u00e1lez D\u00edaz<\/span><\/a><span style=\"font-weight: 400\">, quien, entre otros asuntos, ha estado implicado en el BIP que se imparti\u00f3 parcialmente en Tenerife. De hecho, se\u00f1ala que uno de los objetivos de los TIG es poner en marcha tres de estos cursos para el a\u00f1o acad\u00e9mico 2024\/25. Tambi\u00e9n habla de proponer proyectos Erasmus+ focalizados en la innovaci\u00f3n docente y la concurrencia a convocatorias de investigaci\u00f3n: ya se ha presentado una propuesta dentro del <\/span><a href=\"https:\/\/cinea.ec.europa.eu\/programmes\/life\/life-calls-proposals_en\" target=\"_blank\" rel=\"noopener\" target=\"_blank\" rel=\"noopener\"><span style=\"font-weight: 400\">programa LIFE<\/span><\/a><span style=\"font-weight: 400\"> sobre transici\u00f3n energ\u00e9tica focalizada en el consumo de los edificios, en la cual participan cuatro miembros de la alianza.<\/span><\/p>\n<p><span style=\"font-weight: 400\">\u201cLos TIG son estructuras para coordinar los esfuerzos de una serie de investigadores, debatir ideas, trabajar conjuntamente, lograr recursos a los que no podr\u00edamos acceder de manera individual y ofrecer a las regiones una transferencia adecuada que sea de ayuda para las regiones\u201d, explica Gonz\u00e1lez, quien tambi\u00e9n se\u00f1ala que el hecho de poder concurrir a las convocatorias con el apoyo de otras ocho universidades da una mayor fortaleza y abre un abanico grande de posibilidades.<\/span><\/p>\n<p><span style=\"font-weight: 400\">Adem\u00e1s de los TIG, los otros pilares de la alianza son las denominadas estructuras de concreci\u00f3n, erigidas en \u00e1mbitos para proponer y experimentar nuevas propuestas metodol\u00f3gicas e innovaciones en el campo de los estudios, la ense\u00f1anza y la investigaci\u00f3n que pueden no tener cabida en las estructuras ordinarias de una universidad formal y que, en caso de resultar viables, podr\u00edan aplicarse a las actividades organizadas por STARS EU.<\/span><\/p>\n<p><span style=\"font-weight: 400\">Estas estructuras son cuatro: el <\/span><i><span style=\"font-weight: 400\">Regional Transition Accelerator<\/span><\/i><span style=\"font-weight: 400\">, centrado en el desarrollo regional probando modelos y estructuras en las que participen no solo la comunidad acad\u00e9mica, sino organizaciones de la sociedad civil; el <\/span><i><span style=\"font-weight: 400\">Curriculum Lab<\/span><\/i><span style=\"font-weight: 400\">, enfocado en todo lo concerniente a la innovaci\u00f3n de las titulaciones y docencia, con especial \u00e9nfasis en la formaci\u00f3n a lo largo de la vida y la educaci\u00f3n modular a trav\u00e9s del uso de microcredenciales; el <\/span><i><span style=\"font-weight: 400\">Knowledge Creation<\/span><\/i><span style=\"font-weight: 400\"> and <\/span><i><span style=\"font-weight: 400\">Challenge Lab<\/span><\/i><span style=\"font-weight: 400\">, que trabaja de manera multidisciplinar para responder a los desaf\u00edos sociales con soluciones adaptables a las diferentes regiones europeas; y el <\/span><i><span style=\"font-weight: 400\">Co-Creation Campus<\/span><\/i><span style=\"font-weight: 400\">, referido a la puesta en marcha de espacios tanto f\u00edsicos como virtuales que faciliten el trabajo en com\u00fan de las personas integradas en las anteriores estructuras en colaboraci\u00f3n con representantes de los grupos de inter\u00e9s externos.<\/span><\/p>\n<div id=\"attachment_73655\" style=\"width: 310px\" class=\"wp-caption alignleft\"><a href=\"https:\/\/www.ull.es\/portal\/noticias\/wp-content\/uploads\/sites\/13\/2024\/01\/rodrigo-trujillo.jpg\" target=\"_blank\" rel=\"noopener\" target=\"_blank\" rel=\"noopener\"><img aria-describedby=\"caption-attachment-73655\" decoding=\"async\" loading=\"lazy\" class=\"wp-image-73655 size-medium\" src=\"https:\/\/www.ull.es\/portal\/noticias\/wp-content\/uploads\/sites\/13\/2024\/01\/rodrigo-trujillo-300x200.jpg\" alt=\"\" width=\"300\" height=\"200\" srcset=\"https:\/\/www.ull.es\/portal\/noticias\/wp-content\/uploads\/sites\/13\/2024\/01\/rodrigo-trujillo-300x200.jpg 300w, https:\/\/www.ull.es\/portal\/noticias\/wp-content\/uploads\/sites\/13\/2024\/01\/rodrigo-trujillo-768x512.jpg 768w, https:\/\/www.ull.es\/portal\/noticias\/wp-content\/uploads\/sites\/13\/2024\/01\/rodrigo-trujillo-375x250.jpg 375w, https:\/\/www.ull.es\/portal\/noticias\/wp-content\/uploads\/sites\/13\/2024\/01\/rodrigo-trujillo-750x500.jpg 750w, https:\/\/www.ull.es\/portal\/noticias\/wp-content\/uploads\/sites\/13\/2024\/01\/rodrigo-trujillo.jpg 1024w\" sizes=\"(max-width: 300px) 100vw, 300px\" \/><\/a><p id=\"caption-attachment-73655\" class=\"wp-caption-text\">Rodrigo Trujillo, miembro de la ULL en el steering committee de la alianza.<\/p><\/div>\n<p><span style=\"font-weight: 400\">La labor de Rodrigo Trujillo dentro de la alianza est\u00e1 especialmente enfocada en estas estructuras colaborativas, que implican enfoques innovadores y hol\u00edsticos, es decir, en los que participan varios agentes diferentes para potenciar una investigaci\u00f3n m\u00e1s competitiva y ajustada a la demanda de los agentes sociales y una docencia capaz de crear nuevos curr\u00edculos \u201c\u00e1giles, flexibles e innovadores\u201d tanto para capacitar a las generaciones m\u00e1s j\u00f3venes de cara a los retos del futuro, como para ayudar a la recualificaci\u00f3n de quienes est\u00e9n ya en plena carrera profesional.\u00a0<\/span><\/p>\n<p><span style=\"font-weight: 400\">Ese foco en el alumnado, el personal investigador y, en definitiva, los recursos humanos, es lo que Trujillo destaca como el valor estrat\u00e9gico que posee la iniciativa de Universidades Europeas: \u201cLa UE ha decidido orientar su estrategia con el \u00fanico arma que no tienen todas las dem\u00e1s universidades globales: mientras el resto de instituciones acad\u00e9micas compite por el alumnado, el profesorado y los investigadores que le den prestigio, la UE decide apostar por compartir esos mismos protagonistas de la vida universitaria mediante estas alianzas, que cumplen unos requisitos de calidad y presenten un plan estrat\u00e9gico ambicioso y sostenible\u201d.<\/span><\/p>\n<p><b>Proyecto europeo<\/b><\/p>\n<p><span style=\"font-weight: 400\">Si bien la alianza lleva funcionando desde 2021, con la participaci\u00f3n de la Universidad de La Laguna un a\u00f1o despu\u00e9s, desde julio de 2023 STARS EU es tambi\u00e9n un proyecto cuatrienal de la Comisi\u00f3n Europea con una financiaci\u00f3n asociada condicionada al cumplimiento de objetivos que, como dijimos, asciende a un total de 12,4 millones.\u00a0<\/span><\/p>\n<p><span style=\"font-weight: 400\">El proyecto cuenta con ocho paquetes de trabajo, cada uno de los cuales con cierto n\u00famero de tareas. Las entidades socias participan en mayor o menor medida en todos ellos y lideran alguno; en el caso de la Universidad de La Laguna, suya es la coordinaci\u00f3n del octavo paquete, sobre comunicaci\u00f3n y diseminaci\u00f3n y, de hecho, el primer material que debe entregarse ante las autoridades comunitarias tiene que ver precisamente con este apartado: el plan de comunicaci\u00f3n general, que debe ser entregado traducido en las nueve lenguas de las universidades aliadas, adem\u00e1s de en ingl\u00e9s, con las correspondientes adaptaciones locales. El centro canario es tambi\u00e9n col\u00edder del paquete cuarto, centrado en el <\/span><i><span style=\"font-weight: 400\">Knowledge Creation and Challenge Lab<\/span><\/i><span style=\"font-weight: 400\">.<\/span><\/p>\n<div id=\"attachment_73654\" style=\"width: 310px\" class=\"wp-caption alignright\"><a href=\"https:\/\/www.ull.es\/portal\/noticias\/wp-content\/uploads\/sites\/13\/2024\/01\/Jose-Sigut.jpg\" target=\"_blank\" rel=\"noopener\" target=\"_blank\" rel=\"noopener\"><img aria-describedby=\"caption-attachment-73654\" decoding=\"async\" loading=\"lazy\" class=\"wp-image-73654 size-medium\" src=\"https:\/\/www.ull.es\/portal\/noticias\/wp-content\/uploads\/sites\/13\/2024\/01\/Jose-Sigut-300x200.jpg\" alt=\"Jos\u00e9 Sigut, coordinador general de STARS EU en la ULL.\" width=\"300\" height=\"200\" srcset=\"https:\/\/www.ull.es\/portal\/noticias\/wp-content\/uploads\/sites\/13\/2024\/01\/Jose-Sigut-300x200.jpg 300w, https:\/\/www.ull.es\/portal\/noticias\/wp-content\/uploads\/sites\/13\/2024\/01\/Jose-Sigut-768x512.jpg 768w, https:\/\/www.ull.es\/portal\/noticias\/wp-content\/uploads\/sites\/13\/2024\/01\/Jose-Sigut-375x250.jpg 375w, https:\/\/www.ull.es\/portal\/noticias\/wp-content\/uploads\/sites\/13\/2024\/01\/Jose-Sigut-750x500.jpg 750w, https:\/\/www.ull.es\/portal\/noticias\/wp-content\/uploads\/sites\/13\/2024\/01\/Jose-Sigut.jpg 1024w\" sizes=\"(max-width: 300px) 100vw, 300px\" \/><\/a><p id=\"caption-attachment-73654\" class=\"wp-caption-text\">Jos\u00e9 Sigut, coordinador general de STARS EU en la ULL.<\/p><\/div>\n<p><span style=\"font-weight: 400\">\u00abLa coordinaci\u00f3n de STARS EU en la Universidad de La Laguna supone un gran reto por la propia naturaleza de la alianza, al involucrar a nueve universidades con diferentes organizaciones internas y formas de trabajar. En lo que se refiere al proyecto europeo, hay que garantizar que se cumplen los objetivos marcados en el mismo y se completan las tareas previstas en los plazos especificados, especialmente aquellas en las que nuestra universidad es l\u00edder. Esto conlleva, necesariamente, la implicaci\u00f3n del profesorado, estudiantado y PAS, y este es uno de los desaf\u00edos m\u00e1s importantes que tenemos por delante, que se conozca la alianza en la comunidad universitaria, a todos los niveles, para que empiece a calar la idea de pertenencia a una estructura acad\u00e9mica que va m\u00e1s all\u00e1 de los l\u00edmites de nuestros campus, y que, sin duda, contribuir\u00e1 a enriquecernos como instituci\u00f3n\u201d, explica Jos\u00e9 Sigut, el coordinador general de la alianza en nuestro centro.<\/span><\/p>\n<p><span style=\"font-weight: 400\">Con este proyecto europeo, la alianza STARS EU cobra un nuevo impulso y tiene por delante cuatro a\u00f1os para avanzar en sus objetivos. Gracias a la financiaci\u00f3n obtenida, va a ser posible contratar personal t\u00e9cnico asociado al proyecto para, por ejemplo, poner en marcha en nuestro centro la STARS EU Office, entidad ya existente en la mayor\u00eda de universidades asociadas que sirve para canalizar todas las tareas relacionadas con la iniciativa. La oficina tambi\u00e9n se coordinar\u00e1 con el <\/span><i><span style=\"font-weight: 400\">Student Board<\/span><\/i><span style=\"font-weight: 400\"> local, \u00f3rgano que aglutina las iniciativas emanadas desde el alumnado, ya que el impulso de la participaci\u00f3n estudiantil es otro de los puntos clave de la alianza.<\/span><\/p>\n<p><span style=\"font-weight: 400\">La Universidad de La Laguna tambi\u00e9n es, a partir de ahora, STARS EU, lo cual supone un valor a\u00f1adido para nuestra instituci\u00f3n, pues entra en el selecto grupo de las Universidades Europeas y cuenta as\u00ed con mayor potencial para ofertar una formaci\u00f3n e investigaci\u00f3n con perfil m\u00e1s internacional. Se trata de un proyecto que requerir\u00e1 mucho esfuerzo y creatividad, por lo que desde la instituci\u00f3n se invita a todas las personas de la comunidad universitaria interesadas en implicarse e informarse a trav\u00e9s del Vicerrectorado de Internacionalizaci\u00f3n y Cooperaci\u00f3n.<\/span><\/p>\n<p style=\"text-align: right\">Gabinete de Comunicaci\u00f3n<\/p>\n","protected":false},"excerpt":{"rendered":"<p>La Universidad de La Laguna forma parte, junto a otras ocho instituciones acad\u00e9micas de Pa\u00edses Bajos, Suecia, Portugal, Alemania, Polonia,&#8230;<\/p>\n","protected":false},"author":65,"featured_media":73649,"comment_status":"closed","ping_status":"closed","sticky":false,"template":"","format":"standard","meta":{"inline_featured_image":false,"footnotes":""},"categories":[348,2750,8764],"tags":[9672,4875,1155,1501,1669,2286,8684,9810],"acf":[],"yoast_head":"<!-- This site is optimized with the Yoast SEO plugin v21.3 - https:\/\/yoast.com\/wordpress\/plugins\/seo\/ -->\n<title>La ULL, una Universidad Europea<\/title>\n<meta name=\"description\" content=\"En julio de 2023 la alianza STARS EU, de la que forma parte la ULL, logr\u00f3 la consideraci\u00f3n de &quot;Universidad Europea&quot; por parte de la UE.\" \/>\n<meta name=\"robots\" content=\"index, follow, max-snippet:-1, max-image-preview:large, max-video-preview:-1\" \/>\n<link rel=\"canonical\" href=\"https:\/\/www.ull.es\/portal\/noticias\/2024\/la-ull-una-universidad-europea\/\" \/>\n<meta property=\"og:locale\" content=\"es_ES\" \/>\n<meta property=\"og:type\" content=\"article\" \/>\n<meta property=\"og:title\" content=\"La ULL, una Universidad Europea\" \/>\n<meta property=\"og:description\" content=\"En julio de 2023 la alianza STARS EU, de la que forma parte la ULL, logr\u00f3 la consideraci\u00f3n de &quot;Universidad Europea&quot; por parte de la UE.\" \/>\n<meta property=\"og:url\" content=\"https:\/\/www.ull.es\/portal\/noticias\/2024\/la-ull-una-universidad-europea\/\" \/>\n<meta property=\"og:site_name\" content=\"ULL - Noticias\" \/>\n<meta property=\"article:publisher\" content=\"https:\/\/www.facebook.com\/universidaddelalaguna\/\" \/>\n<meta property=\"article:published_time\" content=\"2024-01-19T12:39:47+00:00\" \/>\n<meta property=\"article:modified_time\" content=\"2024-01-19T14:06:18+00:00\" \/>\n<meta property=\"og:image\" content=\"https:\/\/www.ull.es\/portal\/noticias\/wp-content\/uploads\/sites\/13\/2024\/01\/Grupo-STARS-EU-04.jpg\" \/>\n\t<meta property=\"og:image:width\" content=\"1024\" \/>\n\t<meta property=\"og:image:height\" content=\"683\" \/>\n\t<meta property=\"og:image:type\" content=\"image\/jpeg\" \/>\n<meta name=\"author\" content=\"gcom4\" \/>\n<meta name=\"twitter:card\" content=\"summary_large_image\" \/>\n<meta name=\"twitter:creator\" content=\"@CanalULL\" \/>\n<meta name=\"twitter:site\" content=\"@CanalULL\" \/>\n<meta name=\"twitter:label1\" content=\"Escrito por\" \/>\n\t<meta name=\"twitter:data1\" content=\"gcom4\" \/>\n\t<meta name=\"twitter:label2\" content=\"Tiempo de lectura\" \/>\n\t<meta name=\"twitter:data2\" content=\"17 minutos\" \/>\n<script type=\"application\/ld+json\" class=\"yoast-schema-graph\">{\"@context\":\"https:\/\/schema.org\",\"@graph\":[{\"@type\":\"WebPage\",\"@id\":\"https:\/\/www.ull.es\/portal\/noticias\/2024\/la-ull-una-universidad-europea\/\",\"url\":\"https:\/\/www.ull.es\/portal\/noticias\/2024\/la-ull-una-universidad-europea\/\",\"name\":\"La ULL, una Universidad Europea\",\"isPartOf\":{\"@id\":\"https:\/\/www.ull.es\/portal\/noticias\/#website\"},\"datePublished\":\"2024-01-19T12:39:47+00:00\",\"dateModified\":\"2024-01-19T14:06:18+00:00\",\"author\":{\"@id\":\"https:\/\/www.ull.es\/portal\/noticias\/#\/schema\/person\/9924518fb1ad37d4428e7b5d6f311773\"},\"description\":\"En julio de 2023 la alianza STARS EU, de la que forma parte la ULL, logr\u00f3 la consideraci\u00f3n de \\\"Universidad Europea\\\" por parte de la UE.\",\"breadcrumb\":{\"@id\":\"https:\/\/www.ull.es\/portal\/noticias\/2024\/la-ull-una-universidad-europea\/#breadcrumb\"},\"inLanguage\":\"es\",\"potentialAction\":[{\"@type\":\"ReadAction\",\"target\":[\"https:\/\/www.ull.es\/portal\/noticias\/2024\/la-ull-una-universidad-europea\/\"]}]},{\"@type\":\"BreadcrumbList\",\"@id\":\"https:\/\/www.ull.es\/portal\/noticias\/2024\/la-ull-una-universidad-europea\/#breadcrumb\",\"itemListElement\":[{\"@type\":\"ListItem\",\"position\":1,\"name\":\"Portada\",\"item\":\"https:\/\/www.ull.es\/portal\/noticias\/\"},{\"@type\":\"ListItem\",\"position\":2,\"name\":\"La ULL, una Universidad Europea\"}]},{\"@type\":\"WebSite\",\"@id\":\"https:\/\/www.ull.es\/portal\/noticias\/#website\",\"url\":\"https:\/\/www.ull.es\/portal\/noticias\/\",\"name\":\"ULL - Noticias\",\"description\":\"\",\"potentialAction\":[{\"@type\":\"SearchAction\",\"target\":{\"@type\":\"EntryPoint\",\"urlTemplate\":\"https:\/\/www.ull.es\/portal\/noticias\/?s={search_term_string}\"},\"query-input\":\"required name=search_term_string\"}],\"inLanguage\":\"es\"},{\"@type\":\"Person\",\"@id\":\"https:\/\/www.ull.es\/portal\/noticias\/#\/schema\/person\/9924518fb1ad37d4428e7b5d6f311773\",\"name\":\"gcom4\",\"image\":{\"@type\":\"ImageObject\",\"inLanguage\":\"es\",\"@id\":\"https:\/\/www.ull.es\/portal\/noticias\/#\/schema\/person\/image\/\",\"url\":\"https:\/\/secure.gravatar.com\/avatar\/a5d1f5573f10617ccfcc209aaf6aa7fb?s=96&d=mm&r=g\",\"contentUrl\":\"https:\/\/secure.gravatar.com\/avatar\/a5d1f5573f10617ccfcc209aaf6aa7fb?s=96&d=mm&r=g\",\"caption\":\"gcom4\"},\"url\":\"https:\/\/www.ull.es\/portal\/noticias\/author\/gcom4\/\"}]}<\/script>\n<!-- \/ Yoast SEO plugin. -->","yoast_head_json":{"title":"La ULL, una Universidad Europea","description":"En julio de 2023 la alianza STARS EU, de la que forma parte la ULL, logr\u00f3 la consideraci\u00f3n de \"Universidad Europea\" por parte de la UE.","robots":{"index":"index","follow":"follow","max-snippet":"max-snippet:-1","max-image-preview":"max-image-preview:large","max-video-preview":"max-video-preview:-1"},"canonical":"https:\/\/www.ull.es\/portal\/noticias\/2024\/la-ull-una-universidad-europea\/","og_locale":"es_ES","og_type":"article","og_title":"La ULL, una Universidad Europea","og_description":"En julio de 2023 la alianza STARS EU, de la que forma parte la ULL, logr\u00f3 la consideraci\u00f3n de \"Universidad Europea\" por parte de la UE.","og_url":"https:\/\/www.ull.es\/portal\/noticias\/2024\/la-ull-una-universidad-europea\/","og_site_name":"ULL - Noticias","article_publisher":"https:\/\/www.facebook.com\/universidaddelalaguna\/","article_published_time":"2024-01-19T12:39:47+00:00","article_modified_time":"2024-01-19T14:06:18+00:00","og_image":[{"width":1024,"height":683,"url":"https:\/\/www.ull.es\/portal\/noticias\/wp-content\/uploads\/sites\/13\/2024\/01\/Grupo-STARS-EU-04.jpg","type":"image\/jpeg"}],"author":"gcom4","twitter_card":"summary_large_image","twitter_creator":"@CanalULL","twitter_site":"@CanalULL","twitter_misc":{"Escrito por":"gcom4","Tiempo de lectura":"17 minutos"},"schema":{"@context":"https:\/\/schema.org","@graph":[{"@type":"WebPage","@id":"https:\/\/www.ull.es\/portal\/noticias\/2024\/la-ull-una-universidad-europea\/","url":"https:\/\/www.ull.es\/portal\/noticias\/2024\/la-ull-una-universidad-europea\/","name":"La ULL, una Universidad Europea","isPartOf":{"@id":"https:\/\/www.ull.es\/portal\/noticias\/#website"},"datePublished":"2024-01-19T12:39:47+00:00","dateModified":"2024-01-19T14:06:18+00:00","author":{"@id":"https:\/\/www.ull.es\/portal\/noticias\/#\/schema\/person\/9924518fb1ad37d4428e7b5d6f311773"},"description":"En julio de 2023 la alianza STARS EU, de la que forma parte la ULL, logr\u00f3 la consideraci\u00f3n de \"Universidad Europea\" por parte de la UE.","breadcrumb":{"@id":"https:\/\/www.ull.es\/portal\/noticias\/2024\/la-ull-una-universidad-europea\/#breadcrumb"},"inLanguage":"es","potentialAction":[{"@type":"ReadAction","target":["https:\/\/www.ull.es\/portal\/noticias\/2024\/la-ull-una-universidad-europea\/"]}]},{"@type":"BreadcrumbList","@id":"https:\/\/www.ull.es\/portal\/noticias\/2024\/la-ull-una-universidad-europea\/#breadcrumb","itemListElement":[{"@type":"ListItem","position":1,"name":"Portada","item":"https:\/\/www.ull.es\/portal\/noticias\/"},{"@type":"ListItem","position":2,"name":"La ULL, una Universidad Europea"}]},{"@type":"WebSite","@id":"https:\/\/www.ull.es\/portal\/noticias\/#website","url":"https:\/\/www.ull.es\/portal\/noticias\/","name":"ULL - Noticias","description":"","potentialAction":[{"@type":"SearchAction","target":{"@type":"EntryPoint","urlTemplate":"https:\/\/www.ull.es\/portal\/noticias\/?s={search_term_string}"},"query-input":"required name=search_term_string"}],"inLanguage":"es"},{"@type":"Person","@id":"https:\/\/www.ull.es\/portal\/noticias\/#\/schema\/person\/9924518fb1ad37d4428e7b5d6f311773","name":"gcom4","image":{"@type":"ImageObject","inLanguage":"es","@id":"https:\/\/www.ull.es\/portal\/noticias\/#\/schema\/person\/image\/","url":"https:\/\/secure.gravatar.com\/avatar\/a5d1f5573f10617ccfcc209aaf6aa7fb?s=96&d=mm&r=g","contentUrl":"https:\/\/secure.gravatar.com\/avatar\/a5d1f5573f10617ccfcc209aaf6aa7fb?s=96&d=mm&r=g","caption":"gcom4"},"url":"https:\/\/www.ull.es\/portal\/noticias\/author\/gcom4\/"}]}},"primary_category":{"id":2750,"name":"Protagonistas","slug":"protagonistas","link":"https:\/\/www.ull.es\/portal\/noticias\/category\/protagonistas\/"},"featured_image_thumbnail_url":"https:\/\/www.ull.es\/portal\/noticias\/wp-content\/uploads\/sites\/13\/2024\/01\/Grupo-STARS-EU-04-300x200.jpg","_links":{"self":[{"href":"https:\/\/www.ull.es\/portal\/noticias\/wp-json\/wp\/v2\/posts\/73637"}],"collection":[{"href":"https:\/\/www.ull.es\/portal\/noticias\/wp-json\/wp\/v2\/posts"}],"about":[{"href":"https:\/\/www.ull.es\/portal\/noticias\/wp-json\/wp\/v2\/types\/post"}],"author":[{"embeddable":true,"href":"https:\/\/www.ull.es\/portal\/noticias\/wp-json\/wp\/v2\/users\/65"}],"replies":[{"embeddable":true,"href":"https:\/\/www.ull.es\/portal\/noticias\/wp-json\/wp\/v2\/comments?post=73637"}],"version-history":[{"count":7,"href":"https:\/\/www.ull.es\/portal\/noticias\/wp-json\/wp\/v2\/posts\/73637\/revisions"}],"predecessor-version":[{"id":73660,"href":"https:\/\/www.ull.es\/portal\/noticias\/wp-json\/wp\/v2\/posts\/73637\/revisions\/73660"}],"wp:featuredmedia":[{"embeddable":true,"href":"https:\/\/www.ull.es\/portal\/noticias\/wp-json\/wp\/v2\/media\/73649"}],"wp:attachment":[{"href":"https:\/\/www.ull.es\/portal\/noticias\/wp-json\/wp\/v2\/media?parent=73637"}],"wp:term":[{"taxonomy":"category","embeddable":true,"href":"https:\/\/www.ull.es\/portal\/noticias\/wp-json\/wp\/v2\/categories?post=73637"},{"taxonomy":"post_tag","embeddable":true,"href":"https:\/\/www.ull.es\/portal\/noticias\/wp-json\/wp\/v2\/tags?post=73637"}],"curies":[{"name":"wp","href":"https:\/\/api.w.org\/{rel}","templated":true}]}}