{"id":73698,"date":"2024-01-23T14:52:10","date_gmt":"2024-01-23T14:52:10","guid":{"rendered":"https:\/\/www.ull.es\/portal\/noticias\/?p=73698"},"modified":"2024-01-23T14:52:10","modified_gmt":"2024-01-23T14:52:10","slug":"la-asociacion-de-jovenes-empresarios-entrega-a-la-ull-una-propuesta-de-ley-para-regular-la-actividad-de-este-colectivo","status":"publish","type":"post","link":"https:\/\/www.ull.es\/portal\/noticias\/2024\/la-asociacion-de-jovenes-empresarios-entrega-a-la-ull-una-propuesta-de-ley-para-regular-la-actividad-de-este-colectivo\/","title":{"rendered":"La Asociaci\u00f3n de J\u00f3venes Empresarios entrega a la ULL una propuesta de ley para regular la actividad de este colectivo"},"content":{"rendered":"<p>El hasta hace poco presidente de la <a href=\"https:\/\/ajetenerife.com\/\" target=\"_blank\" rel=\"noopener\">Asociaci\u00f3n de J\u00f3venes Empresarios<\/a>, y ahora vocal de la misma organizaci\u00f3n, Agoney Meli\u00e1n, ha presentado hoy 23 de enero al rector de la instituci\u00f3n acad\u00e9mica una propuesta de ley para regular la figura de los emprendedores y emprendedoras menores de 40 a\u00f1os. La idea es que el centro acad\u00e9mico, a trav\u00e9s de su Secretar\u00eda General, realice una revisi\u00f3n jur\u00eddica del texto y que, por otra parte, el Vicerrectorado de Estudiantes, con competencias en esta materia, aporte las sugerencias que considere oportunas.<\/p>\n<p>La idea de este colectivo es que el ejecutivo regional y todos los partidos pol\u00edticos hagan suya esta propuesta, que ya fue consensuada con ellos de antemano, para que luego siga el tr\u00e1mite parlamentario pertinente. A su vez, la asociaci\u00f3n ha remitido el documento a otras instancias como son los cabildos insulares, confederaci\u00f3n de empresarios y otras organizaciones para llevar a cabo una consulta informal y mejorar as\u00ed el documento final.<\/p>\n<div id=\"attachment_73703\" style=\"width: 310px\" class=\"wp-caption alignleft\"><a href=\"https:\/\/www.ull.es\/portal\/noticias\/wp-content\/uploads\/sites\/13\/2024\/01\/Ley-Juventud-Empresaria-05.jpg\" target=\"_blank\" rel=\"noopener\"><img aria-describedby=\"caption-attachment-73703\" decoding=\"async\" loading=\"lazy\" class=\"size-medium wp-image-73703\" src=\"https:\/\/www.ull.es\/portal\/noticias\/wp-content\/uploads\/sites\/13\/2024\/01\/Ley-Juventud-Empresaria-05-300x200.jpg\" alt=\"\" width=\"300\" height=\"200\" srcset=\"https:\/\/www.ull.es\/portal\/noticias\/wp-content\/uploads\/sites\/13\/2024\/01\/Ley-Juventud-Empresaria-05-300x200.jpg 300w, https:\/\/www.ull.es\/portal\/noticias\/wp-content\/uploads\/sites\/13\/2024\/01\/Ley-Juventud-Empresaria-05-768x512.jpg 768w, https:\/\/www.ull.es\/portal\/noticias\/wp-content\/uploads\/sites\/13\/2024\/01\/Ley-Juventud-Empresaria-05-375x250.jpg 375w, https:\/\/www.ull.es\/portal\/noticias\/wp-content\/uploads\/sites\/13\/2024\/01\/Ley-Juventud-Empresaria-05-750x500.jpg 750w, https:\/\/www.ull.es\/portal\/noticias\/wp-content\/uploads\/sites\/13\/2024\/01\/Ley-Juventud-Empresaria-05.jpg 1024w\" sizes=\"(max-width: 300px) 100vw, 300px\" \/><\/a><p id=\"caption-attachment-73703\" class=\"wp-caption-text\">Al encuentro se incorpor\u00f3 la gerenta, Teresa Covisa.<\/p><\/div>\n<p>El texto propone el reconocimiento del empresariado joven, de tal manera que pueda acceder a financiaci\u00f3n, forme parte de un ecosistema de apoyo y tenga derecho al acompa\u00f1amiento a trav\u00e9s de un sistema de mentor\u00eda necesario para llevar a cabo su actividad. Para Meli\u00e1n, no puede ser que el empresario joven est\u00e9 abocado al fracaso o se sostenga solo si hereda una empresa familiar, \u201cporque toda la juventud deber\u00eda tener las mismas oportunidades de emprender\u201d, aleg\u00f3.<\/p>\n<p>El rector de la Universidad de La Laguna, Francisco Garc\u00eda, se\u00f1al\u00f3 que esta propuesta de ley ser\u00e1 clave para apuntalar la actividad emprendedora de los egresados y egresadas de la universidad, de tal forma que encuentren en ella el escenario propicio para poner en pr\u00e1ctica su idea empresarial. En la reuni\u00f3n tambi\u00e9n estuvo presente la gerenta de la instituci\u00f3n acad\u00e9mica, Teresa Covisa, y el coordinador de este proyecto por parte de la asociaci\u00f3n, Pablo Mart\u00edn.<\/p>\n","protected":false},"excerpt":{"rendered":"<p>El hasta hace poco presidente de la Asociaci\u00f3n de J\u00f3venes Empresarios, y ahora vocal de la misma organizaci\u00f3n, Agoney Meli\u00e1n,&#8230;<\/p>\n","protected":false},"author":23,"featured_media":73701,"comment_status":"closed","ping_status":"closed","sticky":false,"template":"","format":"standard","meta":{"inline_featured_image":false,"footnotes":""},"categories":[345,348,2765],"tags":[10674,9032],"acf":[],"yoast_head":"<!-- This site is optimized with the Yoast SEO plugin v21.3 - https:\/\/yoast.com\/wordpress\/plugins\/seo\/ -->\n<title>La Asociaci\u00f3n de J\u00f3venes Empresarios entrega a la ULL una propuesta de ley para regular la actividad de este colectivo - ULL - Noticias<\/title>\n<meta name=\"robots\" content=\"index, follow, max-snippet:-1, max-image-preview:large, max-video-preview:-1\" \/>\n<link rel=\"canonical\" href=\"https:\/\/www.ull.es\/portal\/noticias\/2024\/la-asociacion-de-jovenes-empresarios-entrega-a-la-ull-una-propuesta-de-ley-para-regular-la-actividad-de-este-colectivo\/\" \/>\n<meta property=\"og:locale\" content=\"es_ES\" \/>\n<meta property=\"og:type\" content=\"article\" \/>\n<meta property=\"og:title\" content=\"La Asociaci\u00f3n de J\u00f3venes Empresarios entrega a la ULL una propuesta de ley para regular la actividad de este colectivo - ULL - Noticias\" \/>\n<meta property=\"og:description\" content=\"El hasta hace poco presidente de la Asociaci\u00f3n de J\u00f3venes Empresarios, y ahora vocal de la misma organizaci\u00f3n, Agoney Meli\u00e1n,...\" \/>\n<meta property=\"og:url\" content=\"https:\/\/www.ull.es\/portal\/noticias\/2024\/la-asociacion-de-jovenes-empresarios-entrega-a-la-ull-una-propuesta-de-ley-para-regular-la-actividad-de-este-colectivo\/\" \/>\n<meta property=\"og:site_name\" content=\"ULL - Noticias\" \/>\n<meta property=\"article:publisher\" content=\"https:\/\/www.facebook.com\/universidaddelalaguna\/\" \/>\n<meta property=\"article:published_time\" content=\"2024-01-23T14:52:10+00:00\" \/>\n<meta property=\"og:image\" content=\"https:\/\/www.ull.es\/portal\/noticias\/wp-content\/uploads\/sites\/13\/2024\/01\/Ley-Juventud-Empresaria-02.jpg\" \/>\n\t<meta property=\"og:image:width\" content=\"1024\" \/>\n\t<meta property=\"og:image:height\" content=\"683\" \/>\n\t<meta property=\"og:image:type\" content=\"image\/jpeg\" \/>\n<meta name=\"author\" content=\"gaprsa\" \/>\n<meta name=\"twitter:card\" content=\"summary_large_image\" \/>\n<meta name=\"twitter:creator\" content=\"@CanalULL\" \/>\n<meta name=\"twitter:site\" content=\"@CanalULL\" \/>\n<meta name=\"twitter:label1\" content=\"Escrito por\" \/>\n\t<meta name=\"twitter:data1\" content=\"gaprsa\" \/>\n\t<meta name=\"twitter:label2\" content=\"Tiempo de lectura\" \/>\n\t<meta name=\"twitter:data2\" content=\"2 minutos\" \/>\n<script type=\"application\/ld+json\" class=\"yoast-schema-graph\">{\"@context\":\"https:\/\/schema.org\",\"@graph\":[{\"@type\":\"WebPage\",\"@id\":\"https:\/\/www.ull.es\/portal\/noticias\/2024\/la-asociacion-de-jovenes-empresarios-entrega-a-la-ull-una-propuesta-de-ley-para-regular-la-actividad-de-este-colectivo\/\",\"url\":\"https:\/\/www.ull.es\/portal\/noticias\/2024\/la-asociacion-de-jovenes-empresarios-entrega-a-la-ull-una-propuesta-de-ley-para-regular-la-actividad-de-este-colectivo\/\",\"name\":\"La Asociaci\u00f3n de J\u00f3venes Empresarios entrega a la ULL una propuesta de ley para regular la actividad de este colectivo - ULL - Noticias\",\"isPartOf\":{\"@id\":\"https:\/\/www.ull.es\/portal\/noticias\/#website\"},\"datePublished\":\"2024-01-23T14:52:10+00:00\",\"dateModified\":\"2024-01-23T14:52:10+00:00\",\"author\":{\"@id\":\"https:\/\/www.ull.es\/portal\/noticias\/#\/schema\/person\/b2b1a89d43ffa609e591f7df8ef3e817\"},\"breadcrumb\":{\"@id\":\"https:\/\/www.ull.es\/portal\/noticias\/2024\/la-asociacion-de-jovenes-empresarios-entrega-a-la-ull-una-propuesta-de-ley-para-regular-la-actividad-de-este-colectivo\/#breadcrumb\"},\"inLanguage\":\"es\",\"potentialAction\":[{\"@type\":\"ReadAction\",\"target\":[\"https:\/\/www.ull.es\/portal\/noticias\/2024\/la-asociacion-de-jovenes-empresarios-entrega-a-la-ull-una-propuesta-de-ley-para-regular-la-actividad-de-este-colectivo\/\"]}]},{\"@type\":\"BreadcrumbList\",\"@id\":\"https:\/\/www.ull.es\/portal\/noticias\/2024\/la-asociacion-de-jovenes-empresarios-entrega-a-la-ull-una-propuesta-de-ley-para-regular-la-actividad-de-este-colectivo\/#breadcrumb\",\"itemListElement\":[{\"@type\":\"ListItem\",\"position\":1,\"name\":\"Portada\",\"item\":\"https:\/\/www.ull.es\/portal\/noticias\/\"},{\"@type\":\"ListItem\",\"position\":2,\"name\":\"La Asociaci\u00f3n de J\u00f3venes Empresarios entrega a la ULL una propuesta de ley para regular la actividad de este colectivo\"}]},{\"@type\":\"WebSite\",\"@id\":\"https:\/\/www.ull.es\/portal\/noticias\/#website\",\"url\":\"https:\/\/www.ull.es\/portal\/noticias\/\",\"name\":\"ULL - Noticias\",\"description\":\"\",\"potentialAction\":[{\"@type\":\"SearchAction\",\"target\":{\"@type\":\"EntryPoint\",\"urlTemplate\":\"https:\/\/www.ull.es\/portal\/noticias\/?s={search_term_string}\"},\"query-input\":\"required name=search_term_string\"}],\"inLanguage\":\"es\"},{\"@type\":\"Person\",\"@id\":\"https:\/\/www.ull.es\/portal\/noticias\/#\/schema\/person\/b2b1a89d43ffa609e591f7df8ef3e817\",\"name\":\"gaprsa\",\"image\":{\"@type\":\"ImageObject\",\"inLanguage\":\"es\",\"@id\":\"https:\/\/www.ull.es\/portal\/noticias\/#\/schema\/person\/image\/\",\"url\":\"https:\/\/secure.gravatar.com\/avatar\/443820550921091458b4823867723b3d?s=96&d=mm&r=g\",\"contentUrl\":\"https:\/\/secure.gravatar.com\/avatar\/443820550921091458b4823867723b3d?s=96&d=mm&r=g\",\"caption\":\"gaprsa\"},\"url\":\"https:\/\/www.ull.es\/portal\/noticias\/author\/gaprsa\/\"}]}<\/script>\n<!-- \/ Yoast SEO plugin. -->","yoast_head_json":{"title":"La Asociaci\u00f3n de J\u00f3venes Empresarios entrega a la ULL una propuesta de ley para regular la actividad de este colectivo - ULL - Noticias","robots":{"index":"index","follow":"follow","max-snippet":"max-snippet:-1","max-image-preview":"max-image-preview:large","max-video-preview":"max-video-preview:-1"},"canonical":"https:\/\/www.ull.es\/portal\/noticias\/2024\/la-asociacion-de-jovenes-empresarios-entrega-a-la-ull-una-propuesta-de-ley-para-regular-la-actividad-de-este-colectivo\/","og_locale":"es_ES","og_type":"article","og_title":"La Asociaci\u00f3n de J\u00f3venes Empresarios entrega a la ULL una propuesta de ley para regular la actividad de este colectivo - ULL - Noticias","og_description":"El hasta hace poco presidente de la Asociaci\u00f3n de J\u00f3venes Empresarios, y ahora vocal de la misma organizaci\u00f3n, Agoney Meli\u00e1n,...","og_url":"https:\/\/www.ull.es\/portal\/noticias\/2024\/la-asociacion-de-jovenes-empresarios-entrega-a-la-ull-una-propuesta-de-ley-para-regular-la-actividad-de-este-colectivo\/","og_site_name":"ULL - Noticias","article_publisher":"https:\/\/www.facebook.com\/universidaddelalaguna\/","article_published_time":"2024-01-23T14:52:10+00:00","og_image":[{"width":1024,"height":683,"url":"https:\/\/www.ull.es\/portal\/noticias\/wp-content\/uploads\/sites\/13\/2024\/01\/Ley-Juventud-Empresaria-02.jpg","type":"image\/jpeg"}],"author":"gaprsa","twitter_card":"summary_large_image","twitter_creator":"@CanalULL","twitter_site":"@CanalULL","twitter_misc":{"Escrito por":"gaprsa","Tiempo de lectura":"2 minutos"},"schema":{"@context":"https:\/\/schema.org","@graph":[{"@type":"WebPage","@id":"https:\/\/www.ull.es\/portal\/noticias\/2024\/la-asociacion-de-jovenes-empresarios-entrega-a-la-ull-una-propuesta-de-ley-para-regular-la-actividad-de-este-colectivo\/","url":"https:\/\/www.ull.es\/portal\/noticias\/2024\/la-asociacion-de-jovenes-empresarios-entrega-a-la-ull-una-propuesta-de-ley-para-regular-la-actividad-de-este-colectivo\/","name":"La Asociaci\u00f3n de J\u00f3venes Empresarios entrega a la ULL una propuesta de ley para regular la actividad de este colectivo - ULL - Noticias","isPartOf":{"@id":"https:\/\/www.ull.es\/portal\/noticias\/#website"},"datePublished":"2024-01-23T14:52:10+00:00","dateModified":"2024-01-23T14:52:10+00:00","author":{"@id":"https:\/\/www.ull.es\/portal\/noticias\/#\/schema\/person\/b2b1a89d43ffa609e591f7df8ef3e817"},"breadcrumb":{"@id":"https:\/\/www.ull.es\/portal\/noticias\/2024\/la-asociacion-de-jovenes-empresarios-entrega-a-la-ull-una-propuesta-de-ley-para-regular-la-actividad-de-este-colectivo\/#breadcrumb"},"inLanguage":"es","potentialAction":[{"@type":"ReadAction","target":["https:\/\/www.ull.es\/portal\/noticias\/2024\/la-asociacion-de-jovenes-empresarios-entrega-a-la-ull-una-propuesta-de-ley-para-regular-la-actividad-de-este-colectivo\/"]}]},{"@type":"BreadcrumbList","@id":"https:\/\/www.ull.es\/portal\/noticias\/2024\/la-asociacion-de-jovenes-empresarios-entrega-a-la-ull-una-propuesta-de-ley-para-regular-la-actividad-de-este-colectivo\/#breadcrumb","itemListElement":[{"@type":"ListItem","position":1,"name":"Portada","item":"https:\/\/www.ull.es\/portal\/noticias\/"},{"@type":"ListItem","position":2,"name":"La Asociaci\u00f3n de J\u00f3venes Empresarios entrega a la ULL una propuesta de ley para regular la actividad de este colectivo"}]},{"@type":"WebSite","@id":"https:\/\/www.ull.es\/portal\/noticias\/#website","url":"https:\/\/www.ull.es\/portal\/noticias\/","name":"ULL - Noticias","description":"","potentialAction":[{"@type":"SearchAction","target":{"@type":"EntryPoint","urlTemplate":"https:\/\/www.ull.es\/portal\/noticias\/?s={search_term_string}"},"query-input":"required name=search_term_string"}],"inLanguage":"es"},{"@type":"Person","@id":"https:\/\/www.ull.es\/portal\/noticias\/#\/schema\/person\/b2b1a89d43ffa609e591f7df8ef3e817","name":"gaprsa","image":{"@type":"ImageObject","inLanguage":"es","@id":"https:\/\/www.ull.es\/portal\/noticias\/#\/schema\/person\/image\/","url":"https:\/\/secure.gravatar.com\/avatar\/443820550921091458b4823867723b3d?s=96&d=mm&r=g","contentUrl":"https:\/\/secure.gravatar.com\/avatar\/443820550921091458b4823867723b3d?s=96&d=mm&r=g","caption":"gaprsa"},"url":"https:\/\/www.ull.es\/portal\/noticias\/author\/gaprsa\/"}]}},"primary_category":{"id":345,"name":"Destacado","slug":"destacado","link":"https:\/\/www.ull.es\/portal\/noticias\/category\/destacado\/"},"featured_image_thumbnail_url":"https:\/\/www.ull.es\/portal\/noticias\/wp-content\/uploads\/sites\/13\/2024\/01\/Ley-Juventud-Empresaria-02-300x200.jpg","_links":{"self":[{"href":"https:\/\/www.ull.es\/portal\/noticias\/wp-json\/wp\/v2\/posts\/73698"}],"collection":[{"href":"https:\/\/www.ull.es\/portal\/noticias\/wp-json\/wp\/v2\/posts"}],"about":[{"href":"https:\/\/www.ull.es\/portal\/noticias\/wp-json\/wp\/v2\/types\/post"}],"author":[{"embeddable":true,"href":"https:\/\/www.ull.es\/portal\/noticias\/wp-json\/wp\/v2\/users\/23"}],"replies":[{"embeddable":true,"href":"https:\/\/www.ull.es\/portal\/noticias\/wp-json\/wp\/v2\/comments?post=73698"}],"version-history":[{"count":2,"href":"https:\/\/www.ull.es\/portal\/noticias\/wp-json\/wp\/v2\/posts\/73698\/revisions"}],"predecessor-version":[{"id":73704,"href":"https:\/\/www.ull.es\/portal\/noticias\/wp-json\/wp\/v2\/posts\/73698\/revisions\/73704"}],"wp:featuredmedia":[{"embeddable":true,"href":"https:\/\/www.ull.es\/portal\/noticias\/wp-json\/wp\/v2\/media\/73701"}],"wp:attachment":[{"href":"https:\/\/www.ull.es\/portal\/noticias\/wp-json\/wp\/v2\/media?parent=73698"}],"wp:term":[{"taxonomy":"category","embeddable":true,"href":"https:\/\/www.ull.es\/portal\/noticias\/wp-json\/wp\/v2\/categories?post=73698"},{"taxonomy":"post_tag","embeddable":true,"href":"https:\/\/www.ull.es\/portal\/noticias\/wp-json\/wp\/v2\/tags?post=73698"}],"curies":[{"name":"wp","href":"https:\/\/api.w.org\/{rel}","templated":true}]}}