{"id":74076,"date":"2024-02-15T13:55:08","date_gmt":"2024-02-15T13:55:08","guid":{"rendered":"https:\/\/www.ull.es\/portal\/noticias\/?p=74076"},"modified":"2024-02-15T13:55:08","modified_gmt":"2024-02-15T13:55:08","slug":"ull-bienvenida-proyectos-ingenia","status":"publish","type":"post","link":"https:\/\/www.ull.es\/portal\/noticias\/2024\/ull-bienvenida-proyectos-ingenia\/","title":{"rendered":"La ULL da la bienvenida a los proyectos seleccionados de la nueva edici\u00f3n de Ingenia"},"content":{"rendered":"<p>La Universidad de La Laguna celebr\u00f3 el pasado viernes, 9 de febrero, el acto inaugural de la quinta edici\u00f3n del programa de emprendimiento e innovaci\u00f3n Ingenia, celebrado en el Sal\u00f3n de Actos de la Facultad de Ciencias Sociales y de la Comunicaci\u00f3n. Durante el evento, se presentaron los grupos que desarrollar\u00e1n durante los pr\u00f3ximos meses sus proyectos dentro de la iniciativa.<\/p>\n<p style=\"text-align: center\"><a href=\"https:\/\/drive.google.com\/drive\/folders\/1PEExeD5g8nzzfO77BzIorQpc0gMstApu?usp=sharing\" target=\"_blank\" rel=\"noopener\" target=\"_blank\" rel=\"noopener\"><strong>Galer\u00eda de im\u00e1genes<\/strong><\/a><\/p>\n<p>Entre los seleccionados se encuentran equipos de educaci\u00f3n preuniversitaria, grado y posgrado: Firlow, Plataforma de Acci\u00f3n Cooperativa Guayota, Odyssey, Canary Island Carbon CApture &amp; Storage, Sistema Inform\u00e1tico para la estimaci\u00f3n de la edad en MENAS, Pl\u00e1sticos Plant\u00e1sticos, Triakis y Algas marinas del intermareal y sublitoral de Tenerife.<\/p>\n<div id=\"attachment_74078\" style=\"width: 310px\" class=\"wp-caption alignleft\"><a href=\"https:\/\/www.ull.es\/portal\/noticias\/wp-content\/uploads\/sites\/13\/2024\/02\/INGENIA-24-48.jpg\" target=\"_blank\" rel=\"noopener\" target=\"_blank\" rel=\"noopener\"><img aria-describedby=\"caption-attachment-74078\" decoding=\"async\" loading=\"lazy\" class=\"wp-image-74078 size-medium\" src=\"https:\/\/www.ull.es\/portal\/noticias\/wp-content\/uploads\/sites\/13\/2024\/02\/INGENIA-24-48-300x200.jpg\" alt=\"Jos\u00e9 Manuel Garc\u00eda.\" width=\"300\" height=\"200\" srcset=\"https:\/\/www.ull.es\/portal\/noticias\/wp-content\/uploads\/sites\/13\/2024\/02\/INGENIA-24-48-300x200.jpg 300w, https:\/\/www.ull.es\/portal\/noticias\/wp-content\/uploads\/sites\/13\/2024\/02\/INGENIA-24-48-1024x683.jpg 1024w, https:\/\/www.ull.es\/portal\/noticias\/wp-content\/uploads\/sites\/13\/2024\/02\/INGENIA-24-48-768x512.jpg 768w, https:\/\/www.ull.es\/portal\/noticias\/wp-content\/uploads\/sites\/13\/2024\/02\/INGENIA-24-48-375x250.jpg 375w, https:\/\/www.ull.es\/portal\/noticias\/wp-content\/uploads\/sites\/13\/2024\/02\/INGENIA-24-48-750x500.jpg 750w, https:\/\/www.ull.es\/portal\/noticias\/wp-content\/uploads\/sites\/13\/2024\/02\/INGENIA-24-48-1140x760.jpg 1140w, https:\/\/www.ull.es\/portal\/noticias\/wp-content\/uploads\/sites\/13\/2024\/02\/INGENIA-24-48.jpg 1200w\" sizes=\"(max-width: 300px) 100vw, 300px\" \/><\/a><p id=\"caption-attachment-74078\" class=\"wp-caption-text\">Jos\u00e9 Manuel Garc\u00eda.<\/p><\/div>\n<p>En el acto de bienvenida estuvo presente el vicerrector de Docencia de la Universidad de La Laguna, Jos\u00e9 Manuel Garc\u00eda Fraga, quien manifest\u00f3 el orgullo que siente por el alumnado que va a participar en esta quinta edici\u00f3n y c\u00f3mo la instituci\u00f3n acad\u00e9mica tiene el deber de potenciar e impulsar el desarrollo sostenible, puesto que, \u201ctodas las titulaciones tienen una implicaci\u00f3n significativa en los ODS\u201d.<\/p>\n<p>La t\u00e9cnica del \u00c1rea Insular de Empleo, Educaci\u00f3n y Juventud del Cabildo, N\u00e1yade Guerra, resalt\u00f3 la gran labor de Ingenia como programa universitario que fomenta la innovaci\u00f3n y el emprendimiento desde el \u00e1mbito social dirigido a la juventud isle\u00f1a.<\/p>\n<p>Julio Brito, gerente de la Fundaci\u00f3n General de la Universidad de La Laguna, expres\u00f3 que uno de los principales objetivos del centro docente e investigador es ayudar a generar ideas entre su comunidad y colaborar a favor del compromiso por la transformaci\u00f3n social y el entorno local, aportando valor.<\/p>\n<p>Durante el acto, tambi\u00e9n se presentaron las experiencias de equipos de anteriores ediciones, as\u00ed como a los equipos promotores y facilitadores de esta edici\u00f3n. Los directores acad\u00e9micos del programa, Mar\u00eda Bel\u00e9n San Nicol\u00e1s (doctora y miembro del Laboratorio de Educaci\u00f3n y Nuevas Tecnolog\u00edas de la Universidad de La Laguna) y Carlos Efr\u00e9n Mora (doctor y miembro del grupo de investigaci\u00f3n LDF-TECNOMAR) destacaron la gran calidad de las propuestas presentadas a la convocatoria de esta edici\u00f3n, que han sido evaluadas por un comit\u00e9 de expertos.<\/p>\n<p>Ingenia es un programa desarrollado y ejecutado por la Universidad de La Laguna y la Fundaci\u00f3n General Universidad de La Laguna, que cuenta con la financiaci\u00f3n del Cabildo Insular de Tenerife, a trav\u00e9s del \u00c1rea Insular de Empleo, Educaci\u00f3n y Juventud.<\/p>\n<p>&nbsp;<\/p>\n","protected":false},"excerpt":{"rendered":"<p>La Universidad de La Laguna celebr\u00f3 el pasado viernes, 9 de febrero, el acto inaugural de la quinta edici\u00f3n del&#8230;<\/p>\n","protected":false},"author":21,"featured_media":74077,"comment_status":"closed","ping_status":"closed","sticky":false,"template":"","format":"standard","meta":{"inline_featured_image":false,"footnotes":""},"categories":[345,348,2765],"tags":[3692,1127,1493,4150],"acf":[],"yoast_head":"<!-- This site is optimized with the Yoast SEO plugin v21.3 - https:\/\/yoast.com\/wordpress\/plugins\/seo\/ -->\n<title>La ULL da la bienvenida a los nuevos proyectos Ingenia<\/title>\n<meta name=\"description\" content=\"El 9 de febrero, se celebr\u00f3 el acto inaugural de la quinta edici\u00f3n del programa de emprendimiento e innovaci\u00f3n Ingenia.\" \/>\n<meta name=\"robots\" content=\"index, follow, max-snippet:-1, max-image-preview:large, max-video-preview:-1\" \/>\n<link rel=\"canonical\" href=\"https:\/\/www.ull.es\/portal\/noticias\/2024\/ull-bienvenida-proyectos-ingenia\/\" \/>\n<meta property=\"og:locale\" content=\"es_ES\" \/>\n<meta property=\"og:type\" content=\"article\" \/>\n<meta property=\"og:title\" content=\"La ULL da la bienvenida a los nuevos proyectos Ingenia\" \/>\n<meta property=\"og:description\" content=\"El 9 de febrero, se celebr\u00f3 el acto inaugural de la quinta edici\u00f3n del programa de emprendimiento e innovaci\u00f3n Ingenia.\" \/>\n<meta property=\"og:url\" content=\"https:\/\/www.ull.es\/portal\/noticias\/2024\/ull-bienvenida-proyectos-ingenia\/\" \/>\n<meta property=\"og:site_name\" content=\"ULL - Noticias\" \/>\n<meta property=\"article:publisher\" content=\"https:\/\/www.facebook.com\/universidaddelalaguna\/\" \/>\n<meta property=\"article:published_time\" content=\"2024-02-15T13:55:08+00:00\" \/>\n<meta property=\"og:image\" content=\"https:\/\/www.ull.es\/portal\/noticias\/wp-content\/uploads\/sites\/13\/2024\/02\/INGENIA-24-59.jpg\" \/>\n\t<meta property=\"og:image:width\" content=\"1200\" \/>\n\t<meta property=\"og:image:height\" content=\"800\" \/>\n\t<meta property=\"og:image:type\" content=\"image\/jpeg\" \/>\n<meta name=\"author\" content=\"prensa2\" \/>\n<meta name=\"twitter:card\" content=\"summary_large_image\" \/>\n<meta name=\"twitter:creator\" content=\"@CanalULL\" \/>\n<meta name=\"twitter:site\" content=\"@CanalULL\" \/>\n<meta name=\"twitter:label1\" content=\"Escrito por\" \/>\n\t<meta name=\"twitter:data1\" content=\"prensa2\" \/>\n\t<meta name=\"twitter:label2\" content=\"Tiempo de lectura\" \/>\n\t<meta name=\"twitter:data2\" content=\"3 minutos\" \/>\n<script type=\"application\/ld+json\" class=\"yoast-schema-graph\">{\"@context\":\"https:\/\/schema.org\",\"@graph\":[{\"@type\":\"WebPage\",\"@id\":\"https:\/\/www.ull.es\/portal\/noticias\/2024\/ull-bienvenida-proyectos-ingenia\/\",\"url\":\"https:\/\/www.ull.es\/portal\/noticias\/2024\/ull-bienvenida-proyectos-ingenia\/\",\"name\":\"La ULL da la bienvenida a los nuevos proyectos Ingenia\",\"isPartOf\":{\"@id\":\"https:\/\/www.ull.es\/portal\/noticias\/#website\"},\"datePublished\":\"2024-02-15T13:55:08+00:00\",\"dateModified\":\"2024-02-15T13:55:08+00:00\",\"author\":{\"@id\":\"https:\/\/www.ull.es\/portal\/noticias\/#\/schema\/person\/c3b2aa857797592927a03740d6664376\"},\"description\":\"El 9 de febrero, se celebr\u00f3 el acto inaugural de la quinta edici\u00f3n del programa de emprendimiento e innovaci\u00f3n Ingenia.\",\"breadcrumb\":{\"@id\":\"https:\/\/www.ull.es\/portal\/noticias\/2024\/ull-bienvenida-proyectos-ingenia\/#breadcrumb\"},\"inLanguage\":\"es\",\"potentialAction\":[{\"@type\":\"ReadAction\",\"target\":[\"https:\/\/www.ull.es\/portal\/noticias\/2024\/ull-bienvenida-proyectos-ingenia\/\"]}]},{\"@type\":\"BreadcrumbList\",\"@id\":\"https:\/\/www.ull.es\/portal\/noticias\/2024\/ull-bienvenida-proyectos-ingenia\/#breadcrumb\",\"itemListElement\":[{\"@type\":\"ListItem\",\"position\":1,\"name\":\"Portada\",\"item\":\"https:\/\/www.ull.es\/portal\/noticias\/\"},{\"@type\":\"ListItem\",\"position\":2,\"name\":\"La ULL da la bienvenida a los proyectos seleccionados de la nueva edici\u00f3n de Ingenia\"}]},{\"@type\":\"WebSite\",\"@id\":\"https:\/\/www.ull.es\/portal\/noticias\/#website\",\"url\":\"https:\/\/www.ull.es\/portal\/noticias\/\",\"name\":\"ULL - Noticias\",\"description\":\"\",\"potentialAction\":[{\"@type\":\"SearchAction\",\"target\":{\"@type\":\"EntryPoint\",\"urlTemplate\":\"https:\/\/www.ull.es\/portal\/noticias\/?s={search_term_string}\"},\"query-input\":\"required name=search_term_string\"}],\"inLanguage\":\"es\"},{\"@type\":\"Person\",\"@id\":\"https:\/\/www.ull.es\/portal\/noticias\/#\/schema\/person\/c3b2aa857797592927a03740d6664376\",\"name\":\"prensa2\",\"image\":{\"@type\":\"ImageObject\",\"inLanguage\":\"es\",\"@id\":\"https:\/\/www.ull.es\/portal\/noticias\/#\/schema\/person\/image\/\",\"url\":\"https:\/\/secure.gravatar.com\/avatar\/b58f310a5de5feb33d1e026d2493f23c?s=96&d=mm&r=g\",\"contentUrl\":\"https:\/\/secure.gravatar.com\/avatar\/b58f310a5de5feb33d1e026d2493f23c?s=96&d=mm&r=g\",\"caption\":\"prensa2\"},\"url\":\"https:\/\/www.ull.es\/portal\/noticias\/author\/prensa2\/\"}]}<\/script>\n<!-- \/ Yoast SEO plugin. -->","yoast_head_json":{"title":"La ULL da la bienvenida a los nuevos proyectos Ingenia","description":"El 9 de febrero, se celebr\u00f3 el acto inaugural de la quinta edici\u00f3n del programa de emprendimiento e innovaci\u00f3n Ingenia.","robots":{"index":"index","follow":"follow","max-snippet":"max-snippet:-1","max-image-preview":"max-image-preview:large","max-video-preview":"max-video-preview:-1"},"canonical":"https:\/\/www.ull.es\/portal\/noticias\/2024\/ull-bienvenida-proyectos-ingenia\/","og_locale":"es_ES","og_type":"article","og_title":"La ULL da la bienvenida a los nuevos proyectos Ingenia","og_description":"El 9 de febrero, se celebr\u00f3 el acto inaugural de la quinta edici\u00f3n del programa de emprendimiento e innovaci\u00f3n Ingenia.","og_url":"https:\/\/www.ull.es\/portal\/noticias\/2024\/ull-bienvenida-proyectos-ingenia\/","og_site_name":"ULL - Noticias","article_publisher":"https:\/\/www.facebook.com\/universidaddelalaguna\/","article_published_time":"2024-02-15T13:55:08+00:00","og_image":[{"width":1200,"height":800,"url":"https:\/\/www.ull.es\/portal\/noticias\/wp-content\/uploads\/sites\/13\/2024\/02\/INGENIA-24-59.jpg","type":"image\/jpeg"}],"author":"prensa2","twitter_card":"summary_large_image","twitter_creator":"@CanalULL","twitter_site":"@CanalULL","twitter_misc":{"Escrito por":"prensa2","Tiempo de lectura":"3 minutos"},"schema":{"@context":"https:\/\/schema.org","@graph":[{"@type":"WebPage","@id":"https:\/\/www.ull.es\/portal\/noticias\/2024\/ull-bienvenida-proyectos-ingenia\/","url":"https:\/\/www.ull.es\/portal\/noticias\/2024\/ull-bienvenida-proyectos-ingenia\/","name":"La ULL da la bienvenida a los nuevos proyectos Ingenia","isPartOf":{"@id":"https:\/\/www.ull.es\/portal\/noticias\/#website"},"datePublished":"2024-02-15T13:55:08+00:00","dateModified":"2024-02-15T13:55:08+00:00","author":{"@id":"https:\/\/www.ull.es\/portal\/noticias\/#\/schema\/person\/c3b2aa857797592927a03740d6664376"},"description":"El 9 de febrero, se celebr\u00f3 el acto inaugural de la quinta edici\u00f3n del programa de emprendimiento e innovaci\u00f3n Ingenia.","breadcrumb":{"@id":"https:\/\/www.ull.es\/portal\/noticias\/2024\/ull-bienvenida-proyectos-ingenia\/#breadcrumb"},"inLanguage":"es","potentialAction":[{"@type":"ReadAction","target":["https:\/\/www.ull.es\/portal\/noticias\/2024\/ull-bienvenida-proyectos-ingenia\/"]}]},{"@type":"BreadcrumbList","@id":"https:\/\/www.ull.es\/portal\/noticias\/2024\/ull-bienvenida-proyectos-ingenia\/#breadcrumb","itemListElement":[{"@type":"ListItem","position":1,"name":"Portada","item":"https:\/\/www.ull.es\/portal\/noticias\/"},{"@type":"ListItem","position":2,"name":"La ULL da la bienvenida a los proyectos seleccionados de la nueva edici\u00f3n de Ingenia"}]},{"@type":"WebSite","@id":"https:\/\/www.ull.es\/portal\/noticias\/#website","url":"https:\/\/www.ull.es\/portal\/noticias\/","name":"ULL - Noticias","description":"","potentialAction":[{"@type":"SearchAction","target":{"@type":"EntryPoint","urlTemplate":"https:\/\/www.ull.es\/portal\/noticias\/?s={search_term_string}"},"query-input":"required name=search_term_string"}],"inLanguage":"es"},{"@type":"Person","@id":"https:\/\/www.ull.es\/portal\/noticias\/#\/schema\/person\/c3b2aa857797592927a03740d6664376","name":"prensa2","image":{"@type":"ImageObject","inLanguage":"es","@id":"https:\/\/www.ull.es\/portal\/noticias\/#\/schema\/person\/image\/","url":"https:\/\/secure.gravatar.com\/avatar\/b58f310a5de5feb33d1e026d2493f23c?s=96&d=mm&r=g","contentUrl":"https:\/\/secure.gravatar.com\/avatar\/b58f310a5de5feb33d1e026d2493f23c?s=96&d=mm&r=g","caption":"prensa2"},"url":"https:\/\/www.ull.es\/portal\/noticias\/author\/prensa2\/"}]}},"primary_category":{"id":345,"name":"Destacado","slug":"destacado","link":"https:\/\/www.ull.es\/portal\/noticias\/category\/destacado\/"},"featured_image_thumbnail_url":"https:\/\/www.ull.es\/portal\/noticias\/wp-content\/uploads\/sites\/13\/2024\/02\/INGENIA-24-59-300x200.jpg","_links":{"self":[{"href":"https:\/\/www.ull.es\/portal\/noticias\/wp-json\/wp\/v2\/posts\/74076"}],"collection":[{"href":"https:\/\/www.ull.es\/portal\/noticias\/wp-json\/wp\/v2\/posts"}],"about":[{"href":"https:\/\/www.ull.es\/portal\/noticias\/wp-json\/wp\/v2\/types\/post"}],"author":[{"embeddable":true,"href":"https:\/\/www.ull.es\/portal\/noticias\/wp-json\/wp\/v2\/users\/21"}],"replies":[{"embeddable":true,"href":"https:\/\/www.ull.es\/portal\/noticias\/wp-json\/wp\/v2\/comments?post=74076"}],"version-history":[{"count":1,"href":"https:\/\/www.ull.es\/portal\/noticias\/wp-json\/wp\/v2\/posts\/74076\/revisions"}],"predecessor-version":[{"id":74079,"href":"https:\/\/www.ull.es\/portal\/noticias\/wp-json\/wp\/v2\/posts\/74076\/revisions\/74079"}],"wp:featuredmedia":[{"embeddable":true,"href":"https:\/\/www.ull.es\/portal\/noticias\/wp-json\/wp\/v2\/media\/74077"}],"wp:attachment":[{"href":"https:\/\/www.ull.es\/portal\/noticias\/wp-json\/wp\/v2\/media?parent=74076"}],"wp:term":[{"taxonomy":"category","embeddable":true,"href":"https:\/\/www.ull.es\/portal\/noticias\/wp-json\/wp\/v2\/categories?post=74076"},{"taxonomy":"post_tag","embeddable":true,"href":"https:\/\/www.ull.es\/portal\/noticias\/wp-json\/wp\/v2\/tags?post=74076"}],"curies":[{"name":"wp","href":"https:\/\/api.w.org\/{rel}","templated":true}]}}