{"id":74228,"date":"2024-02-23T13:37:18","date_gmt":"2024-02-23T13:37:18","guid":{"rendered":"https:\/\/www.ull.es\/portal\/noticias\/?p=74228"},"modified":"2024-02-23T13:37:18","modified_gmt":"2024-02-23T13:37:18","slug":"la-universidad-de-la-laguna-renueva-su-colaboracion-con-el-club-rotario","status":"publish","type":"post","link":"https:\/\/www.ull.es\/portal\/noticias\/2024\/la-universidad-de-la-laguna-renueva-su-colaboracion-con-el-club-rotario\/","title":{"rendered":"La Universidad de La Laguna renueva su colaboraci\u00f3n con el Club Rotario"},"content":{"rendered":"<p>El rector de la Universidad de La Laguna, Francisco Garc\u00eda, ha suscrito hoy 23 de febrero un convenio de colaboraci\u00f3n con el <a href=\"https:\/\/www.rotary.org\/es\/get-involved\/rotary-clubs\" target=\"_blank\" rel=\"noopener\">Club Rotario<\/a> en sus diferentes sedes: Santa Cruz de Tenerife, Tenerife Sur, La Laguna y Servicio Humanitario Tenerife Ramblas. Se trata de una entidad que viene apoyando al centro acad\u00e9mico desde hace a\u00f1os, bien atenta a lo que la propia instituci\u00f3n universitaria le demanda, bien presentando ella nuevos proyectos.<\/p>\n<p>As\u00ed, en los \u00faltimos cinco a\u00f1os los rotarios se han centrado en el refuerzo de \u00a0becas de grado y posgrado, apoyo a estancias de alumnado en el extranjero, compra de material inform\u00e1tico para estudiantes durante la pandemia y ayudas a las familias del alumnado afectado por el fen\u00f3meno volc\u00e1nico en La Palma.<\/p>\n<p>En esta ocasi\u00f3n, la colaboraci\u00f3n se ha extendido por primera vez a Rotaract La Laguna, asociaci\u00f3n con los mismos fines sociales, pero en este caso gestionada por personal m\u00e1s joven, muchos de ellos universitarios y, de hecho, su presidente es el mismo del Consejo de Estudiantes del centro acad\u00e9mico, El\u00edas Falc\u00f3n.<\/p>\n<p>Este \u00faltimo colectivo quiere iniciar una l\u00ednea de colaboraci\u00f3n la instituci\u00f3n universitaria, muy especialmente centrada en las necesidades del alumnado, entre ellas la salud mental y la puesta en marcha de un programa de voluntariado.<\/p>\n<p>El rector, por su parte, sostuvo que la universidad p\u00fablica comparte los mismos valores sociales que estos colectivos, muy enfocados en aspectos solidarios y de mitigaci\u00f3n de la desigualdad, por lo cual les agradeci\u00f3 su cooperaci\u00f3n, especialmente en momentos complicados como la pandemia, cuando result\u00f3 de m\u00e1xima utilidad para la instituci\u00f3n universitaria.<\/p>\n","protected":false},"excerpt":{"rendered":"<p>El rector de la Universidad de La Laguna, Francisco Garc\u00eda, ha suscrito hoy 23 de febrero un convenio de colaboraci\u00f3n&#8230;<\/p>\n","protected":false},"author":23,"featured_media":74231,"comment_status":"closed","ping_status":"closed","sticky":false,"template":"","format":"standard","meta":{"inline_featured_image":false,"footnotes":""},"categories":[345,348,2765],"tags":[],"acf":[],"yoast_head":"<!-- This site is optimized with the Yoast SEO plugin v21.3 - https:\/\/yoast.com\/wordpress\/plugins\/seo\/ -->\n<title>La Universidad de La Laguna renueva su colaboraci\u00f3n con el Club Rotario - ULL - Noticias<\/title>\n<meta name=\"robots\" content=\"index, follow, max-snippet:-1, max-image-preview:large, max-video-preview:-1\" \/>\n<link rel=\"canonical\" href=\"https:\/\/www.ull.es\/portal\/noticias\/2024\/la-universidad-de-la-laguna-renueva-su-colaboracion-con-el-club-rotario\/\" \/>\n<meta property=\"og:locale\" content=\"es_ES\" \/>\n<meta property=\"og:type\" content=\"article\" \/>\n<meta property=\"og:title\" content=\"La Universidad de La Laguna renueva su colaboraci\u00f3n con el Club Rotario - ULL - Noticias\" \/>\n<meta property=\"og:description\" content=\"El rector de la Universidad de La Laguna, Francisco Garc\u00eda, ha suscrito hoy 23 de febrero un convenio de colaboraci\u00f3n...\" \/>\n<meta property=\"og:url\" content=\"https:\/\/www.ull.es\/portal\/noticias\/2024\/la-universidad-de-la-laguna-renueva-su-colaboracion-con-el-club-rotario\/\" \/>\n<meta property=\"og:site_name\" content=\"ULL - Noticias\" \/>\n<meta property=\"article:publisher\" content=\"https:\/\/www.facebook.com\/universidaddelalaguna\/\" \/>\n<meta property=\"article:published_time\" content=\"2024-02-23T13:37:18+00:00\" \/>\n<meta property=\"og:image\" content=\"https:\/\/www.ull.es\/portal\/noticias\/wp-content\/uploads\/sites\/13\/2024\/02\/rotarios-1.jpg\" \/>\n\t<meta property=\"og:image:width\" content=\"1200\" \/>\n\t<meta property=\"og:image:height\" content=\"800\" \/>\n\t<meta property=\"og:image:type\" content=\"image\/jpeg\" \/>\n<meta name=\"author\" content=\"gaprsa\" \/>\n<meta name=\"twitter:card\" content=\"summary_large_image\" \/>\n<meta name=\"twitter:creator\" content=\"@CanalULL\" \/>\n<meta name=\"twitter:site\" content=\"@CanalULL\" \/>\n<meta name=\"twitter:label1\" content=\"Escrito por\" \/>\n\t<meta name=\"twitter:data1\" content=\"gaprsa\" \/>\n\t<meta name=\"twitter:label2\" content=\"Tiempo de lectura\" \/>\n\t<meta name=\"twitter:data2\" content=\"2 minutos\" \/>\n<script type=\"application\/ld+json\" class=\"yoast-schema-graph\">{\"@context\":\"https:\/\/schema.org\",\"@graph\":[{\"@type\":\"WebPage\",\"@id\":\"https:\/\/www.ull.es\/portal\/noticias\/2024\/la-universidad-de-la-laguna-renueva-su-colaboracion-con-el-club-rotario\/\",\"url\":\"https:\/\/www.ull.es\/portal\/noticias\/2024\/la-universidad-de-la-laguna-renueva-su-colaboracion-con-el-club-rotario\/\",\"name\":\"La Universidad de La Laguna renueva su colaboraci\u00f3n con el Club Rotario - ULL - Noticias\",\"isPartOf\":{\"@id\":\"https:\/\/www.ull.es\/portal\/noticias\/#website\"},\"datePublished\":\"2024-02-23T13:37:18+00:00\",\"dateModified\":\"2024-02-23T13:37:18+00:00\",\"author\":{\"@id\":\"https:\/\/www.ull.es\/portal\/noticias\/#\/schema\/person\/b2b1a89d43ffa609e591f7df8ef3e817\"},\"breadcrumb\":{\"@id\":\"https:\/\/www.ull.es\/portal\/noticias\/2024\/la-universidad-de-la-laguna-renueva-su-colaboracion-con-el-club-rotario\/#breadcrumb\"},\"inLanguage\":\"es\",\"potentialAction\":[{\"@type\":\"ReadAction\",\"target\":[\"https:\/\/www.ull.es\/portal\/noticias\/2024\/la-universidad-de-la-laguna-renueva-su-colaboracion-con-el-club-rotario\/\"]}]},{\"@type\":\"BreadcrumbList\",\"@id\":\"https:\/\/www.ull.es\/portal\/noticias\/2024\/la-universidad-de-la-laguna-renueva-su-colaboracion-con-el-club-rotario\/#breadcrumb\",\"itemListElement\":[{\"@type\":\"ListItem\",\"position\":1,\"name\":\"Portada\",\"item\":\"https:\/\/www.ull.es\/portal\/noticias\/\"},{\"@type\":\"ListItem\",\"position\":2,\"name\":\"La Universidad de La Laguna renueva su colaboraci\u00f3n con el Club Rotario\"}]},{\"@type\":\"WebSite\",\"@id\":\"https:\/\/www.ull.es\/portal\/noticias\/#website\",\"url\":\"https:\/\/www.ull.es\/portal\/noticias\/\",\"name\":\"ULL - Noticias\",\"description\":\"\",\"potentialAction\":[{\"@type\":\"SearchAction\",\"target\":{\"@type\":\"EntryPoint\",\"urlTemplate\":\"https:\/\/www.ull.es\/portal\/noticias\/?s={search_term_string}\"},\"query-input\":\"required name=search_term_string\"}],\"inLanguage\":\"es\"},{\"@type\":\"Person\",\"@id\":\"https:\/\/www.ull.es\/portal\/noticias\/#\/schema\/person\/b2b1a89d43ffa609e591f7df8ef3e817\",\"name\":\"gaprsa\",\"image\":{\"@type\":\"ImageObject\",\"inLanguage\":\"es\",\"@id\":\"https:\/\/www.ull.es\/portal\/noticias\/#\/schema\/person\/image\/\",\"url\":\"https:\/\/secure.gravatar.com\/avatar\/443820550921091458b4823867723b3d?s=96&d=mm&r=g\",\"contentUrl\":\"https:\/\/secure.gravatar.com\/avatar\/443820550921091458b4823867723b3d?s=96&d=mm&r=g\",\"caption\":\"gaprsa\"},\"url\":\"https:\/\/www.ull.es\/portal\/noticias\/author\/gaprsa\/\"}]}<\/script>\n<!-- \/ Yoast SEO plugin. -->","yoast_head_json":{"title":"La Universidad de La Laguna renueva su colaboraci\u00f3n con el Club Rotario - ULL - Noticias","robots":{"index":"index","follow":"follow","max-snippet":"max-snippet:-1","max-image-preview":"max-image-preview:large","max-video-preview":"max-video-preview:-1"},"canonical":"https:\/\/www.ull.es\/portal\/noticias\/2024\/la-universidad-de-la-laguna-renueva-su-colaboracion-con-el-club-rotario\/","og_locale":"es_ES","og_type":"article","og_title":"La Universidad de La Laguna renueva su colaboraci\u00f3n con el Club Rotario - ULL - Noticias","og_description":"El rector de la Universidad de La Laguna, Francisco Garc\u00eda, ha suscrito hoy 23 de febrero un convenio de colaboraci\u00f3n...","og_url":"https:\/\/www.ull.es\/portal\/noticias\/2024\/la-universidad-de-la-laguna-renueva-su-colaboracion-con-el-club-rotario\/","og_site_name":"ULL - Noticias","article_publisher":"https:\/\/www.facebook.com\/universidaddelalaguna\/","article_published_time":"2024-02-23T13:37:18+00:00","og_image":[{"width":1200,"height":800,"url":"https:\/\/www.ull.es\/portal\/noticias\/wp-content\/uploads\/sites\/13\/2024\/02\/rotarios-1.jpg","type":"image\/jpeg"}],"author":"gaprsa","twitter_card":"summary_large_image","twitter_creator":"@CanalULL","twitter_site":"@CanalULL","twitter_misc":{"Escrito por":"gaprsa","Tiempo de lectura":"2 minutos"},"schema":{"@context":"https:\/\/schema.org","@graph":[{"@type":"WebPage","@id":"https:\/\/www.ull.es\/portal\/noticias\/2024\/la-universidad-de-la-laguna-renueva-su-colaboracion-con-el-club-rotario\/","url":"https:\/\/www.ull.es\/portal\/noticias\/2024\/la-universidad-de-la-laguna-renueva-su-colaboracion-con-el-club-rotario\/","name":"La Universidad de La Laguna renueva su colaboraci\u00f3n con el Club Rotario - ULL - Noticias","isPartOf":{"@id":"https:\/\/www.ull.es\/portal\/noticias\/#website"},"datePublished":"2024-02-23T13:37:18+00:00","dateModified":"2024-02-23T13:37:18+00:00","author":{"@id":"https:\/\/www.ull.es\/portal\/noticias\/#\/schema\/person\/b2b1a89d43ffa609e591f7df8ef3e817"},"breadcrumb":{"@id":"https:\/\/www.ull.es\/portal\/noticias\/2024\/la-universidad-de-la-laguna-renueva-su-colaboracion-con-el-club-rotario\/#breadcrumb"},"inLanguage":"es","potentialAction":[{"@type":"ReadAction","target":["https:\/\/www.ull.es\/portal\/noticias\/2024\/la-universidad-de-la-laguna-renueva-su-colaboracion-con-el-club-rotario\/"]}]},{"@type":"BreadcrumbList","@id":"https:\/\/www.ull.es\/portal\/noticias\/2024\/la-universidad-de-la-laguna-renueva-su-colaboracion-con-el-club-rotario\/#breadcrumb","itemListElement":[{"@type":"ListItem","position":1,"name":"Portada","item":"https:\/\/www.ull.es\/portal\/noticias\/"},{"@type":"ListItem","position":2,"name":"La Universidad de La Laguna renueva su colaboraci\u00f3n con el Club Rotario"}]},{"@type":"WebSite","@id":"https:\/\/www.ull.es\/portal\/noticias\/#website","url":"https:\/\/www.ull.es\/portal\/noticias\/","name":"ULL - Noticias","description":"","potentialAction":[{"@type":"SearchAction","target":{"@type":"EntryPoint","urlTemplate":"https:\/\/www.ull.es\/portal\/noticias\/?s={search_term_string}"},"query-input":"required name=search_term_string"}],"inLanguage":"es"},{"@type":"Person","@id":"https:\/\/www.ull.es\/portal\/noticias\/#\/schema\/person\/b2b1a89d43ffa609e591f7df8ef3e817","name":"gaprsa","image":{"@type":"ImageObject","inLanguage":"es","@id":"https:\/\/www.ull.es\/portal\/noticias\/#\/schema\/person\/image\/","url":"https:\/\/secure.gravatar.com\/avatar\/443820550921091458b4823867723b3d?s=96&d=mm&r=g","contentUrl":"https:\/\/secure.gravatar.com\/avatar\/443820550921091458b4823867723b3d?s=96&d=mm&r=g","caption":"gaprsa"},"url":"https:\/\/www.ull.es\/portal\/noticias\/author\/gaprsa\/"}]}},"primary_category":{"id":345,"name":"Destacado","slug":"destacado","link":"https:\/\/www.ull.es\/portal\/noticias\/category\/destacado\/"},"featured_image_thumbnail_url":"https:\/\/www.ull.es\/portal\/noticias\/wp-content\/uploads\/sites\/13\/2024\/02\/rotarios-1-300x200.jpg","_links":{"self":[{"href":"https:\/\/www.ull.es\/portal\/noticias\/wp-json\/wp\/v2\/posts\/74228"}],"collection":[{"href":"https:\/\/www.ull.es\/portal\/noticias\/wp-json\/wp\/v2\/posts"}],"about":[{"href":"https:\/\/www.ull.es\/portal\/noticias\/wp-json\/wp\/v2\/types\/post"}],"author":[{"embeddable":true,"href":"https:\/\/www.ull.es\/portal\/noticias\/wp-json\/wp\/v2\/users\/23"}],"replies":[{"embeddable":true,"href":"https:\/\/www.ull.es\/portal\/noticias\/wp-json\/wp\/v2\/comments?post=74228"}],"version-history":[{"count":2,"href":"https:\/\/www.ull.es\/portal\/noticias\/wp-json\/wp\/v2\/posts\/74228\/revisions"}],"predecessor-version":[{"id":74234,"href":"https:\/\/www.ull.es\/portal\/noticias\/wp-json\/wp\/v2\/posts\/74228\/revisions\/74234"}],"wp:featuredmedia":[{"embeddable":true,"href":"https:\/\/www.ull.es\/portal\/noticias\/wp-json\/wp\/v2\/media\/74231"}],"wp:attachment":[{"href":"https:\/\/www.ull.es\/portal\/noticias\/wp-json\/wp\/v2\/media?parent=74228"}],"wp:term":[{"taxonomy":"category","embeddable":true,"href":"https:\/\/www.ull.es\/portal\/noticias\/wp-json\/wp\/v2\/categories?post=74228"},{"taxonomy":"post_tag","embeddable":true,"href":"https:\/\/www.ull.es\/portal\/noticias\/wp-json\/wp\/v2\/tags?post=74228"}],"curies":[{"name":"wp","href":"https:\/\/api.w.org\/{rel}","templated":true}]}}