{"id":74235,"date":"2024-02-23T19:44:17","date_gmt":"2024-02-23T19:44:17","guid":{"rendered":"https:\/\/www.ull.es\/portal\/noticias\/?p=74235"},"modified":"2024-02-26T14:31:36","modified_gmt":"2024-02-26T14:31:36","slug":"inaki-gabilondo-infunde-una-mirada-de-esperanza-en-el-cierre-de-la-universidad-de-otono-invierno-de-la-palma","status":"publish","type":"post","link":"https:\/\/www.ull.es\/portal\/noticias\/2024\/inaki-gabilondo-infunde-una-mirada-de-esperanza-en-el-cierre-de-la-universidad-de-otono-invierno-de-la-palma\/","title":{"rendered":"I\u00f1aki Gabilondo infunde una mirada de esperanza en el cierre de la Universidad de Oto\u00f1o-Invierno de La Palma"},"content":{"rendered":"<p><span style=\"font-weight: 400\">La <a href=\"https:\/\/www.ull.es\/cultura\/cursos-extension-universitaria\/\" target=\"_blank\" rel=\"noopener\">Universidad de Oto\u00f1o-Invierno de La Palma<\/a> lleg\u00f3 a su fin ayer 22 de febrero con la inspiradora charla del periodista y escritor <a href=\"https:\/\/es.wikipedia.org\/wiki\/I%C3%B1aki_Gabilondo\" target=\"_blank\" rel=\"noopener\">I\u00f1aki Gabilondo<\/a>, titulada \u201cEl futuro no est\u00e1 escrito\u201d, que el rector de la Universidad de La Laguna, Francisco Garc\u00eda, reformul\u00f3 con el fin de que \u201ctrabajemos en el presente para construir el futuro\u201d. El rector coincidi\u00f3 as\u00ed con el presidente del Cabildo Insular de La Palma, Sergio Rodr\u00edguez, en la necesidad y compromiso de seguir avanzando en la educaci\u00f3n superior de la Isla, respondiendo a las demandas de sus habitantes.\u00a0<\/span><\/p>\n<p><span style=\"font-weight: 400\">Precisamente, ha sido Sergio Rodr\u00edguez quien ha destacado que la voz e imagen de Gabilondo \u201ces memoria viva del periodo m\u00e1s intenso y positivo de nuestro pa\u00eds\u201d. Por su parte, el periodista confes\u00f3 que cumpli\u00f3 con el prop\u00f3sito encomendado por su hija, residente de Lanzarote, de enamorarse de la Isla Bonita, una tarea que le result\u00f3 \u201cf\u00e1cil\u201d.\u00a0\u00a0<\/span><\/p>\n<p><span style=\"font-weight: 400\"><a href=\"https:\/\/www.ull.es\/portal\/noticias\/wp-content\/uploads\/sites\/13\/2024\/02\/gabilondo-espalda.jpg\" target=\"_blank\" rel=\"noopener\"><img decoding=\"async\" loading=\"lazy\" class=\"alignleft size-medium wp-image-74238\" src=\"https:\/\/www.ull.es\/portal\/noticias\/wp-content\/uploads\/sites\/13\/2024\/02\/gabilondo-espalda-300x200.jpg\" alt=\"\" width=\"300\" height=\"200\" srcset=\"https:\/\/www.ull.es\/portal\/noticias\/wp-content\/uploads\/sites\/13\/2024\/02\/gabilondo-espalda-300x200.jpg 300w, https:\/\/www.ull.es\/portal\/noticias\/wp-content\/uploads\/sites\/13\/2024\/02\/gabilondo-espalda-1024x683.jpg 1024w, https:\/\/www.ull.es\/portal\/noticias\/wp-content\/uploads\/sites\/13\/2024\/02\/gabilondo-espalda-768x512.jpg 768w, https:\/\/www.ull.es\/portal\/noticias\/wp-content\/uploads\/sites\/13\/2024\/02\/gabilondo-espalda-1536x1024.jpg 1536w, https:\/\/www.ull.es\/portal\/noticias\/wp-content\/uploads\/sites\/13\/2024\/02\/gabilondo-espalda-375x250.jpg 375w, https:\/\/www.ull.es\/portal\/noticias\/wp-content\/uploads\/sites\/13\/2024\/02\/gabilondo-espalda-750x500.jpg 750w, https:\/\/www.ull.es\/portal\/noticias\/wp-content\/uploads\/sites\/13\/2024\/02\/gabilondo-espalda-1140x760.jpg 1140w, https:\/\/www.ull.es\/portal\/noticias\/wp-content\/uploads\/sites\/13\/2024\/02\/gabilondo-espalda.jpg 1800w\" sizes=\"(max-width: 300px) 100vw, 300px\" \/><\/a>I\u00f1aki Gabilondo, con unos 60 a\u00f1os de carrera a sus espaldas, pudo materializar profesionalmente su pasi\u00f3n por la radio despu\u00e9s de haber encadenado cinco cargos directivos en diferentes medios de comunicaci\u00f3n, siendo protagonista acontecimientos tan relevantes como el 23-F. A\u00fan as\u00ed, reconoci\u00f3 en la tarde de ayer que el mundo en el presente \u201cda bastante miedo\u201d, en el que existen muchos tipos de amenaza que se agudizan con la imagen de una \u201cdemocracia fatigada\u201d y lo que define como \u201cla nostalgia del autoritarismo\u201d.\u00a0<\/span><\/p>\n<p><span style=\"font-weight: 400\">Girando desde distintos \u00e1ngulos en reflexiones alrededor del t\u00edtulo de su charla, relat\u00f3 c\u00f3mo, hacia el final de su trayectoria, Gabilondo condujo un programa de entrevistas bajo del nombre de \u201cCuando yo no est\u00e9\u201d, en el que preguntaba a investigadores e investigadoras de renombre internacional \u201c\u00bfqu\u00e9 va a pasar?\u201d. Advirti\u00f3 pronto que la pregunta estaba equivocada, cuando estas personas expertas coincid\u00edan en exponer una posibilidad de futuro, que va a depender tambi\u00e9n \u201cde lo que la sociedad haga con esa posibilidad y de las respuestas morales, \u00e9ticas, pol\u00edticas, jur\u00eddicas que demos\u201d.\u00a0<\/span><\/p>\n<p><span style=\"font-weight: 400\">As\u00ed es que la pregunta se transforma en \u201c\u00bfqu\u00e9 vamos a hacer?\u201d, reconduciendo su discurso hacia la corresponsabilidad para alcanzar consensos en el \u201cterritorio de lo com\u00fan\u201d, por el bien com\u00fan. El escritor donostiarra citaba el ejemplo de la educaci\u00f3n como un asunto que \u201cno se puede abordar de una manera partidaria\u201d.\u00a0<\/span><\/p>\n<p><span style=\"font-weight: 400\">Gabilondo animaba a huir del impuesto \u201cprincipio fatalista de inexorabilidad\u201d, que se combina con \u201cun mundo donde recibimos m\u00faltiples impactos constantes\u201d y la \u201chisteria actual de perseguirlo todo, el temor a perderse algo\u201d que vive la sociedad actual, con un anhelo com\u00fan que conduzca hacia un momento de despertar, con un cambio de paradigma de un nuevo humanismo que nos lleve a una vida m\u00e1s relajada y adaptable.\u00a0<\/span><\/p>\n<p><span style=\"font-weight: 400\">Por \u00faltimo, hizo una llamada a la esperanza, ya que \u201cel futuro siempre nos sorprende\u201d, como sucede con los inesperados hallazgos de la ciencia, animando a \u201caprender a elegir, pero tambi\u00e9n a<a href=\"https:\/\/www.ull.es\/portal\/noticias\/wp-content\/uploads\/sites\/13\/2024\/02\/gabilondo-pantalla.jpg\" target=\"_blank\" rel=\"noopener\"><img decoding=\"async\" loading=\"lazy\" class=\"alignright size-medium wp-image-74236\" src=\"https:\/\/www.ull.es\/portal\/noticias\/wp-content\/uploads\/sites\/13\/2024\/02\/gabilondo-pantalla-300x200.jpg\" alt=\"\" width=\"300\" height=\"200\" srcset=\"https:\/\/www.ull.es\/portal\/noticias\/wp-content\/uploads\/sites\/13\/2024\/02\/gabilondo-pantalla-300x200.jpg 300w, https:\/\/www.ull.es\/portal\/noticias\/wp-content\/uploads\/sites\/13\/2024\/02\/gabilondo-pantalla-1024x683.jpg 1024w, https:\/\/www.ull.es\/portal\/noticias\/wp-content\/uploads\/sites\/13\/2024\/02\/gabilondo-pantalla-768x512.jpg 768w, https:\/\/www.ull.es\/portal\/noticias\/wp-content\/uploads\/sites\/13\/2024\/02\/gabilondo-pantalla-1536x1024.jpg 1536w, https:\/\/www.ull.es\/portal\/noticias\/wp-content\/uploads\/sites\/13\/2024\/02\/gabilondo-pantalla-375x250.jpg 375w, https:\/\/www.ull.es\/portal\/noticias\/wp-content\/uploads\/sites\/13\/2024\/02\/gabilondo-pantalla-750x500.jpg 750w, https:\/\/www.ull.es\/portal\/noticias\/wp-content\/uploads\/sites\/13\/2024\/02\/gabilondo-pantalla-1140x760.jpg 1140w, https:\/\/www.ull.es\/portal\/noticias\/wp-content\/uploads\/sites\/13\/2024\/02\/gabilondo-pantalla.jpg 1800w\" sizes=\"(max-width: 300px) 100vw, 300px\" \/><\/a> descartar\u201d, dejando en nuestras manos lo que decidimos y lo permitimos o no para nuestro futuro.<\/span><\/p>\n<p><span style=\"font-weight: 400\">La conferencia de I\u00f1aki Gabilondo puso el broche de oro a un nuevo programa de la Universidad de Oto\u00f1o-Invierno de La Palma, que organiza la Universidad de La Laguna junto al Cabildo Insular de La Palma, y que ha ofrecido una docena de cursos, as\u00ed como varios talleres y actividades culturales y de ocio para que la formaci\u00f3n sea accesible a toda la poblaci\u00f3n palmera.\u00a0<\/span><\/p>\n","protected":false},"excerpt":{"rendered":"<p>La Universidad de Oto\u00f1o-Invierno de La Palma lleg\u00f3 a su fin ayer 22 de febrero con la inspiradora charla del&#8230;<\/p>\n","protected":false},"author":23,"featured_media":74237,"comment_status":"closed","ping_status":"closed","sticky":false,"template":"","format":"standard","meta":{"inline_featured_image":false,"footnotes":""},"categories":[345,348,2765],"tags":[],"acf":[],"yoast_head":"<!-- This site is optimized with the Yoast SEO plugin v21.3 - https:\/\/yoast.com\/wordpress\/plugins\/seo\/ -->\n<title>I\u00f1aki Gabilondo infunde una mirada de esperanza en el cierre de la Universidad de Oto\u00f1o-Invierno de La Palma - ULL - Noticias<\/title>\n<meta name=\"robots\" content=\"index, follow, max-snippet:-1, max-image-preview:large, max-video-preview:-1\" \/>\n<link rel=\"canonical\" href=\"https:\/\/www.ull.es\/portal\/noticias\/2024\/inaki-gabilondo-infunde-una-mirada-de-esperanza-en-el-cierre-de-la-universidad-de-otono-invierno-de-la-palma\/\" \/>\n<meta property=\"og:locale\" content=\"es_ES\" \/>\n<meta property=\"og:type\" content=\"article\" \/>\n<meta property=\"og:title\" content=\"I\u00f1aki Gabilondo infunde una mirada de esperanza en el cierre de la Universidad de Oto\u00f1o-Invierno de La Palma - ULL - Noticias\" \/>\n<meta property=\"og:description\" content=\"La Universidad de Oto\u00f1o-Invierno de La Palma lleg\u00f3 a su fin ayer 22 de febrero con la inspiradora charla del...\" \/>\n<meta property=\"og:url\" content=\"https:\/\/www.ull.es\/portal\/noticias\/2024\/inaki-gabilondo-infunde-una-mirada-de-esperanza-en-el-cierre-de-la-universidad-de-otono-invierno-de-la-palma\/\" \/>\n<meta property=\"og:site_name\" content=\"ULL - Noticias\" \/>\n<meta property=\"article:publisher\" content=\"https:\/\/www.facebook.com\/universidaddelalaguna\/\" \/>\n<meta property=\"article:published_time\" content=\"2024-02-23T19:44:17+00:00\" \/>\n<meta property=\"article:modified_time\" content=\"2024-02-26T14:31:36+00:00\" \/>\n<meta property=\"og:image\" content=\"https:\/\/www.ull.es\/portal\/noticias\/wp-content\/uploads\/sites\/13\/2024\/02\/gabilondo-primer-plano.jpg\" \/>\n\t<meta property=\"og:image:width\" content=\"1800\" \/>\n\t<meta property=\"og:image:height\" content=\"1200\" \/>\n\t<meta property=\"og:image:type\" content=\"image\/jpeg\" \/>\n<meta name=\"author\" content=\"gaprsa\" \/>\n<meta name=\"twitter:card\" content=\"summary_large_image\" \/>\n<meta name=\"twitter:creator\" content=\"@CanalULL\" \/>\n<meta name=\"twitter:site\" content=\"@CanalULL\" \/>\n<meta name=\"twitter:label1\" content=\"Escrito por\" \/>\n\t<meta name=\"twitter:data1\" content=\"gaprsa\" \/>\n\t<meta name=\"twitter:label2\" content=\"Tiempo de lectura\" \/>\n\t<meta name=\"twitter:data2\" content=\"3 minutos\" \/>\n<script type=\"application\/ld+json\" class=\"yoast-schema-graph\">{\"@context\":\"https:\/\/schema.org\",\"@graph\":[{\"@type\":\"WebPage\",\"@id\":\"https:\/\/www.ull.es\/portal\/noticias\/2024\/inaki-gabilondo-infunde-una-mirada-de-esperanza-en-el-cierre-de-la-universidad-de-otono-invierno-de-la-palma\/\",\"url\":\"https:\/\/www.ull.es\/portal\/noticias\/2024\/inaki-gabilondo-infunde-una-mirada-de-esperanza-en-el-cierre-de-la-universidad-de-otono-invierno-de-la-palma\/\",\"name\":\"I\u00f1aki Gabilondo infunde una mirada de esperanza en el cierre de la Universidad de Oto\u00f1o-Invierno de La Palma - ULL - Noticias\",\"isPartOf\":{\"@id\":\"https:\/\/www.ull.es\/portal\/noticias\/#website\"},\"datePublished\":\"2024-02-23T19:44:17+00:00\",\"dateModified\":\"2024-02-26T14:31:36+00:00\",\"author\":{\"@id\":\"https:\/\/www.ull.es\/portal\/noticias\/#\/schema\/person\/b2b1a89d43ffa609e591f7df8ef3e817\"},\"breadcrumb\":{\"@id\":\"https:\/\/www.ull.es\/portal\/noticias\/2024\/inaki-gabilondo-infunde-una-mirada-de-esperanza-en-el-cierre-de-la-universidad-de-otono-invierno-de-la-palma\/#breadcrumb\"},\"inLanguage\":\"es\",\"potentialAction\":[{\"@type\":\"ReadAction\",\"target\":[\"https:\/\/www.ull.es\/portal\/noticias\/2024\/inaki-gabilondo-infunde-una-mirada-de-esperanza-en-el-cierre-de-la-universidad-de-otono-invierno-de-la-palma\/\"]}]},{\"@type\":\"BreadcrumbList\",\"@id\":\"https:\/\/www.ull.es\/portal\/noticias\/2024\/inaki-gabilondo-infunde-una-mirada-de-esperanza-en-el-cierre-de-la-universidad-de-otono-invierno-de-la-palma\/#breadcrumb\",\"itemListElement\":[{\"@type\":\"ListItem\",\"position\":1,\"name\":\"Portada\",\"item\":\"https:\/\/www.ull.es\/portal\/noticias\/\"},{\"@type\":\"ListItem\",\"position\":2,\"name\":\"I\u00f1aki Gabilondo infunde una mirada de esperanza en el cierre de la Universidad de Oto\u00f1o-Invierno de La Palma\"}]},{\"@type\":\"WebSite\",\"@id\":\"https:\/\/www.ull.es\/portal\/noticias\/#website\",\"url\":\"https:\/\/www.ull.es\/portal\/noticias\/\",\"name\":\"ULL - Noticias\",\"description\":\"\",\"potentialAction\":[{\"@type\":\"SearchAction\",\"target\":{\"@type\":\"EntryPoint\",\"urlTemplate\":\"https:\/\/www.ull.es\/portal\/noticias\/?s={search_term_string}\"},\"query-input\":\"required name=search_term_string\"}],\"inLanguage\":\"es\"},{\"@type\":\"Person\",\"@id\":\"https:\/\/www.ull.es\/portal\/noticias\/#\/schema\/person\/b2b1a89d43ffa609e591f7df8ef3e817\",\"name\":\"gaprsa\",\"image\":{\"@type\":\"ImageObject\",\"inLanguage\":\"es\",\"@id\":\"https:\/\/www.ull.es\/portal\/noticias\/#\/schema\/person\/image\/\",\"url\":\"https:\/\/secure.gravatar.com\/avatar\/443820550921091458b4823867723b3d?s=96&d=mm&r=g\",\"contentUrl\":\"https:\/\/secure.gravatar.com\/avatar\/443820550921091458b4823867723b3d?s=96&d=mm&r=g\",\"caption\":\"gaprsa\"},\"url\":\"https:\/\/www.ull.es\/portal\/noticias\/author\/gaprsa\/\"}]}<\/script>\n<!-- \/ Yoast SEO plugin. -->","yoast_head_json":{"title":"I\u00f1aki Gabilondo infunde una mirada de esperanza en el cierre de la Universidad de Oto\u00f1o-Invierno de La Palma - ULL - Noticias","robots":{"index":"index","follow":"follow","max-snippet":"max-snippet:-1","max-image-preview":"max-image-preview:large","max-video-preview":"max-video-preview:-1"},"canonical":"https:\/\/www.ull.es\/portal\/noticias\/2024\/inaki-gabilondo-infunde-una-mirada-de-esperanza-en-el-cierre-de-la-universidad-de-otono-invierno-de-la-palma\/","og_locale":"es_ES","og_type":"article","og_title":"I\u00f1aki Gabilondo infunde una mirada de esperanza en el cierre de la Universidad de Oto\u00f1o-Invierno de La Palma - ULL - Noticias","og_description":"La Universidad de Oto\u00f1o-Invierno de La Palma lleg\u00f3 a su fin ayer 22 de febrero con la inspiradora charla del...","og_url":"https:\/\/www.ull.es\/portal\/noticias\/2024\/inaki-gabilondo-infunde-una-mirada-de-esperanza-en-el-cierre-de-la-universidad-de-otono-invierno-de-la-palma\/","og_site_name":"ULL - Noticias","article_publisher":"https:\/\/www.facebook.com\/universidaddelalaguna\/","article_published_time":"2024-02-23T19:44:17+00:00","article_modified_time":"2024-02-26T14:31:36+00:00","og_image":[{"width":1800,"height":1200,"url":"https:\/\/www.ull.es\/portal\/noticias\/wp-content\/uploads\/sites\/13\/2024\/02\/gabilondo-primer-plano.jpg","type":"image\/jpeg"}],"author":"gaprsa","twitter_card":"summary_large_image","twitter_creator":"@CanalULL","twitter_site":"@CanalULL","twitter_misc":{"Escrito por":"gaprsa","Tiempo de lectura":"3 minutos"},"schema":{"@context":"https:\/\/schema.org","@graph":[{"@type":"WebPage","@id":"https:\/\/www.ull.es\/portal\/noticias\/2024\/inaki-gabilondo-infunde-una-mirada-de-esperanza-en-el-cierre-de-la-universidad-de-otono-invierno-de-la-palma\/","url":"https:\/\/www.ull.es\/portal\/noticias\/2024\/inaki-gabilondo-infunde-una-mirada-de-esperanza-en-el-cierre-de-la-universidad-de-otono-invierno-de-la-palma\/","name":"I\u00f1aki Gabilondo infunde una mirada de esperanza en el cierre de la Universidad de Oto\u00f1o-Invierno de La Palma - ULL - Noticias","isPartOf":{"@id":"https:\/\/www.ull.es\/portal\/noticias\/#website"},"datePublished":"2024-02-23T19:44:17+00:00","dateModified":"2024-02-26T14:31:36+00:00","author":{"@id":"https:\/\/www.ull.es\/portal\/noticias\/#\/schema\/person\/b2b1a89d43ffa609e591f7df8ef3e817"},"breadcrumb":{"@id":"https:\/\/www.ull.es\/portal\/noticias\/2024\/inaki-gabilondo-infunde-una-mirada-de-esperanza-en-el-cierre-de-la-universidad-de-otono-invierno-de-la-palma\/#breadcrumb"},"inLanguage":"es","potentialAction":[{"@type":"ReadAction","target":["https:\/\/www.ull.es\/portal\/noticias\/2024\/inaki-gabilondo-infunde-una-mirada-de-esperanza-en-el-cierre-de-la-universidad-de-otono-invierno-de-la-palma\/"]}]},{"@type":"BreadcrumbList","@id":"https:\/\/www.ull.es\/portal\/noticias\/2024\/inaki-gabilondo-infunde-una-mirada-de-esperanza-en-el-cierre-de-la-universidad-de-otono-invierno-de-la-palma\/#breadcrumb","itemListElement":[{"@type":"ListItem","position":1,"name":"Portada","item":"https:\/\/www.ull.es\/portal\/noticias\/"},{"@type":"ListItem","position":2,"name":"I\u00f1aki Gabilondo infunde una mirada de esperanza en el cierre de la Universidad de Oto\u00f1o-Invierno de La Palma"}]},{"@type":"WebSite","@id":"https:\/\/www.ull.es\/portal\/noticias\/#website","url":"https:\/\/www.ull.es\/portal\/noticias\/","name":"ULL - Noticias","description":"","potentialAction":[{"@type":"SearchAction","target":{"@type":"EntryPoint","urlTemplate":"https:\/\/www.ull.es\/portal\/noticias\/?s={search_term_string}"},"query-input":"required name=search_term_string"}],"inLanguage":"es"},{"@type":"Person","@id":"https:\/\/www.ull.es\/portal\/noticias\/#\/schema\/person\/b2b1a89d43ffa609e591f7df8ef3e817","name":"gaprsa","image":{"@type":"ImageObject","inLanguage":"es","@id":"https:\/\/www.ull.es\/portal\/noticias\/#\/schema\/person\/image\/","url":"https:\/\/secure.gravatar.com\/avatar\/443820550921091458b4823867723b3d?s=96&d=mm&r=g","contentUrl":"https:\/\/secure.gravatar.com\/avatar\/443820550921091458b4823867723b3d?s=96&d=mm&r=g","caption":"gaprsa"},"url":"https:\/\/www.ull.es\/portal\/noticias\/author\/gaprsa\/"}]}},"primary_category":{"id":345,"name":"Destacado","slug":"destacado","link":"https:\/\/www.ull.es\/portal\/noticias\/category\/destacado\/"},"featured_image_thumbnail_url":"https:\/\/www.ull.es\/portal\/noticias\/wp-content\/uploads\/sites\/13\/2024\/02\/gabilondo-primer-plano-300x200.jpg","_links":{"self":[{"href":"https:\/\/www.ull.es\/portal\/noticias\/wp-json\/wp\/v2\/posts\/74235"}],"collection":[{"href":"https:\/\/www.ull.es\/portal\/noticias\/wp-json\/wp\/v2\/posts"}],"about":[{"href":"https:\/\/www.ull.es\/portal\/noticias\/wp-json\/wp\/v2\/types\/post"}],"author":[{"embeddable":true,"href":"https:\/\/www.ull.es\/portal\/noticias\/wp-json\/wp\/v2\/users\/23"}],"replies":[{"embeddable":true,"href":"https:\/\/www.ull.es\/portal\/noticias\/wp-json\/wp\/v2\/comments?post=74235"}],"version-history":[{"count":4,"href":"https:\/\/www.ull.es\/portal\/noticias\/wp-json\/wp\/v2\/posts\/74235\/revisions"}],"predecessor-version":[{"id":74242,"href":"https:\/\/www.ull.es\/portal\/noticias\/wp-json\/wp\/v2\/posts\/74235\/revisions\/74242"}],"wp:featuredmedia":[{"embeddable":true,"href":"https:\/\/www.ull.es\/portal\/noticias\/wp-json\/wp\/v2\/media\/74237"}],"wp:attachment":[{"href":"https:\/\/www.ull.es\/portal\/noticias\/wp-json\/wp\/v2\/media?parent=74235"}],"wp:term":[{"taxonomy":"category","embeddable":true,"href":"https:\/\/www.ull.es\/portal\/noticias\/wp-json\/wp\/v2\/categories?post=74235"},{"taxonomy":"post_tag","embeddable":true,"href":"https:\/\/www.ull.es\/portal\/noticias\/wp-json\/wp\/v2\/tags?post=74235"}],"curies":[{"name":"wp","href":"https:\/\/api.w.org\/{rel}","templated":true}]}}