{"id":74278,"date":"2024-02-28T08:00:46","date_gmt":"2024-02-28T08:00:46","guid":{"rendered":"https:\/\/www.ull.es\/portal\/noticias\/?p=74278"},"modified":"2024-02-28T10:21:19","modified_gmt":"2024-02-28T10:21:19","slug":"enfermedades-tropicales-colabora-con-sanidad-en-la-nueva-deteccion-de-aedes-aegipty-en-el-puerto-de-santa-cruz-de-tenerife","status":"publish","type":"post","link":"https:\/\/www.ull.es\/portal\/noticias\/2024\/enfermedades-tropicales-colabora-con-sanidad-en-la-nueva-deteccion-de-aedes-aegipty-en-el-puerto-de-santa-cruz-de-tenerife\/","title":{"rendered":"Enfermedades Tropicales colabora con Sanidad en la nueva detecci\u00f3n de Aedes aegypti en el puerto de Santa Cruz de Tenerife"},"content":{"rendered":"<p>La Consejer\u00eda de Sanidad del Gobierno de Canarias ha activado de nuevo el protocolo previsto en el Sistema de Vigilancia Entomol\u00f3gica de las islas tras detectarse un ejemplar adulto de la especie <a href=\"https:\/\/ca.wikipedia.org\/wiki\/Aedes_aegypti\" target=\"_blank\" rel=\"noopener\"><em>Aedes aegypti<\/em><\/a> en la terminal de cruceros de Santa Cruz de Tenerife. Nuevamente, la colaboraci\u00f3n del <a href=\"https:\/\/www.ull.es\/institutos\/instituto-enfermedades-tropicales-salud-publica-canarias\/\" target=\"_blank\" rel=\"noopener\">Instituto de Enfermedades Tropicales y Salud P\u00fablica de Canarias<\/a>, adscrito a la Universidad de La Laguna, ha resultado fundamental en esta operaci\u00f3n.<\/p>\n<p>En el an\u00e1lisis procedente del muestreo realizado del 21 de febrero, se detect\u00f3 la presencia de mosquitos adultos en una de las trampas BG-Sentinel, que hab\u00edan sido colocadas para el refuerzo de la vigilancia tras la detecci\u00f3n inicial en el mes de enero. Este \u00faltimo hallazgo coincide con la llegada en d\u00edas previos y el mismo d\u00eda de la captura de cruceros procedentes de Funchal (Madeira), donde el vector <em>Aedes aegypti<\/em> se encuentra establecido.<\/p>\n<p>El sistema de vigilancia ha intensificado el muestreo en la zona, revisando los posibles focos de cr\u00eda que se puedan originar en el radio de dispersi\u00f3n potencial del vector. En los \u00faltimos meses, tras las distintas detecciones de Ae. aegypti en el recinto portuario, se ha continuado con las labores de vigilancia entomol\u00f3gica, actualmente reforzadas tanto en el n\u00famero de trampas instaladas como en la frecuencia de muestreo establecida.<\/p>\n<p>Desde el Servicio Canario de la Salud se ha solicitado colaboraci\u00f3n al Ministerio de Sanidad para exigir que los pa\u00edses de origen cumplan las medidas de control de los buques procedentes de zonas donde el Aedes aegypti est\u00e1 muy implantado, como es el caso de Madeira y Cabo Verde, ya que existen protocolos que podr\u00edan evitar la llegada tan frecuente de estos vectores. Fruto del aumento de la comunicaci\u00f3n entre ambos archipi\u00e9lagos macaron\u00e9sicos, se ha detectado la presencia en numerosas ocasiones del vector en lo recintos portuarios, as\u00ed como en el interior de buques procedentes de \u00e1reas de riesgo donde el vector se encuentra establecido.<\/p>\n<p>As\u00ed, en el Puerto de Tenerife, desde enero de 2023, se ha hallado esta especie peri\u00f3dicamente en los meses de febrero, marzo y un ejemplar de <em>Ae. albopictu<\/em>s en noviembre de 2023 asociado tambi\u00e9n al tr\u00e1fico de buques. Tambi\u00e9n en noviembre de 2023 y enero de 2024 fue detectada la presencia de <em>Ae. aegypti<\/em> en el Puerto de Las Palmas, en Gran Canaria. No obstante, en ninguno de los dos casos se ha detectado focos de cr\u00eda ni alertas de picaduras de los trabajadores que desarrollan su actividad en las instalaciones portuarias.<\/p>\n","protected":false},"excerpt":{"rendered":"<p>La Consejer\u00eda de Sanidad del Gobierno de Canarias ha activado de nuevo el protocolo previsto en el Sistema de Vigilancia&#8230;<\/p>\n","protected":false},"author":23,"featured_media":73112,"comment_status":"closed","ping_status":"closed","sticky":false,"template":"","format":"standard","meta":{"inline_featured_image":false,"footnotes":""},"categories":[345,348,350,2765],"tags":[],"acf":[],"yoast_head":"<!-- This site is optimized with the Yoast SEO plugin v21.3 - https:\/\/yoast.com\/wordpress\/plugins\/seo\/ -->\n<title>Enfermedades Tropicales colabora con Sanidad en la nueva detecci\u00f3n de Aedes aegypti en el puerto de Santa Cruz de Tenerife - ULL - Noticias<\/title>\n<meta name=\"robots\" content=\"index, follow, max-snippet:-1, max-image-preview:large, max-video-preview:-1\" \/>\n<link rel=\"canonical\" href=\"https:\/\/www.ull.es\/portal\/noticias\/2024\/enfermedades-tropicales-colabora-con-sanidad-en-la-nueva-deteccion-de-aedes-aegipty-en-el-puerto-de-santa-cruz-de-tenerife\/\" \/>\n<meta property=\"og:locale\" content=\"es_ES\" \/>\n<meta property=\"og:type\" content=\"article\" \/>\n<meta property=\"og:title\" content=\"Enfermedades Tropicales colabora con Sanidad en la nueva detecci\u00f3n de Aedes aegypti en el puerto de Santa Cruz de Tenerife - ULL - Noticias\" \/>\n<meta property=\"og:description\" content=\"La Consejer\u00eda de Sanidad del Gobierno de Canarias ha activado de nuevo el protocolo previsto en el Sistema de Vigilancia...\" \/>\n<meta property=\"og:url\" content=\"https:\/\/www.ull.es\/portal\/noticias\/2024\/enfermedades-tropicales-colabora-con-sanidad-en-la-nueva-deteccion-de-aedes-aegipty-en-el-puerto-de-santa-cruz-de-tenerife\/\" \/>\n<meta property=\"og:site_name\" content=\"ULL - Noticias\" \/>\n<meta property=\"article:publisher\" content=\"https:\/\/www.facebook.com\/universidaddelalaguna\/\" \/>\n<meta property=\"article:published_time\" content=\"2024-02-28T08:00:46+00:00\" \/>\n<meta property=\"article:modified_time\" content=\"2024-02-28T10:21:19+00:00\" \/>\n<meta property=\"og:image\" content=\"https:\/\/www.ull.es\/portal\/noticias\/wp-content\/uploads\/sites\/13\/2023\/12\/Aedes_aegypti.jpg\" \/>\n\t<meta property=\"og:image:width\" content=\"700\" \/>\n\t<meta property=\"og:image:height\" content=\"470\" \/>\n\t<meta property=\"og:image:type\" content=\"image\/jpeg\" \/>\n<meta name=\"author\" content=\"gaprsa\" \/>\n<meta name=\"twitter:card\" content=\"summary_large_image\" \/>\n<meta name=\"twitter:creator\" content=\"@CanalULL\" \/>\n<meta name=\"twitter:site\" content=\"@CanalULL\" \/>\n<meta name=\"twitter:label1\" content=\"Escrito por\" \/>\n\t<meta name=\"twitter:data1\" content=\"gaprsa\" \/>\n\t<meta name=\"twitter:label2\" content=\"Tiempo de lectura\" \/>\n\t<meta name=\"twitter:data2\" content=\"2 minutos\" \/>\n<script type=\"application\/ld+json\" class=\"yoast-schema-graph\">{\"@context\":\"https:\/\/schema.org\",\"@graph\":[{\"@type\":\"WebPage\",\"@id\":\"https:\/\/www.ull.es\/portal\/noticias\/2024\/enfermedades-tropicales-colabora-con-sanidad-en-la-nueva-deteccion-de-aedes-aegipty-en-el-puerto-de-santa-cruz-de-tenerife\/\",\"url\":\"https:\/\/www.ull.es\/portal\/noticias\/2024\/enfermedades-tropicales-colabora-con-sanidad-en-la-nueva-deteccion-de-aedes-aegipty-en-el-puerto-de-santa-cruz-de-tenerife\/\",\"name\":\"Enfermedades Tropicales colabora con Sanidad en la nueva detecci\u00f3n de Aedes aegypti en el puerto de Santa Cruz de Tenerife - ULL - Noticias\",\"isPartOf\":{\"@id\":\"https:\/\/www.ull.es\/portal\/noticias\/#website\"},\"datePublished\":\"2024-02-28T08:00:46+00:00\",\"dateModified\":\"2024-02-28T10:21:19+00:00\",\"author\":{\"@id\":\"https:\/\/www.ull.es\/portal\/noticias\/#\/schema\/person\/b2b1a89d43ffa609e591f7df8ef3e817\"},\"breadcrumb\":{\"@id\":\"https:\/\/www.ull.es\/portal\/noticias\/2024\/enfermedades-tropicales-colabora-con-sanidad-en-la-nueva-deteccion-de-aedes-aegipty-en-el-puerto-de-santa-cruz-de-tenerife\/#breadcrumb\"},\"inLanguage\":\"es\",\"potentialAction\":[{\"@type\":\"ReadAction\",\"target\":[\"https:\/\/www.ull.es\/portal\/noticias\/2024\/enfermedades-tropicales-colabora-con-sanidad-en-la-nueva-deteccion-de-aedes-aegipty-en-el-puerto-de-santa-cruz-de-tenerife\/\"]}]},{\"@type\":\"BreadcrumbList\",\"@id\":\"https:\/\/www.ull.es\/portal\/noticias\/2024\/enfermedades-tropicales-colabora-con-sanidad-en-la-nueva-deteccion-de-aedes-aegipty-en-el-puerto-de-santa-cruz-de-tenerife\/#breadcrumb\",\"itemListElement\":[{\"@type\":\"ListItem\",\"position\":1,\"name\":\"Portada\",\"item\":\"https:\/\/www.ull.es\/portal\/noticias\/\"},{\"@type\":\"ListItem\",\"position\":2,\"name\":\"Enfermedades Tropicales colabora con Sanidad en la nueva detecci\u00f3n de Aedes aegypti en el puerto de Santa Cruz de Tenerife\"}]},{\"@type\":\"WebSite\",\"@id\":\"https:\/\/www.ull.es\/portal\/noticias\/#website\",\"url\":\"https:\/\/www.ull.es\/portal\/noticias\/\",\"name\":\"ULL - Noticias\",\"description\":\"\",\"potentialAction\":[{\"@type\":\"SearchAction\",\"target\":{\"@type\":\"EntryPoint\",\"urlTemplate\":\"https:\/\/www.ull.es\/portal\/noticias\/?s={search_term_string}\"},\"query-input\":\"required name=search_term_string\"}],\"inLanguage\":\"es\"},{\"@type\":\"Person\",\"@id\":\"https:\/\/www.ull.es\/portal\/noticias\/#\/schema\/person\/b2b1a89d43ffa609e591f7df8ef3e817\",\"name\":\"gaprsa\",\"image\":{\"@type\":\"ImageObject\",\"inLanguage\":\"es\",\"@id\":\"https:\/\/www.ull.es\/portal\/noticias\/#\/schema\/person\/image\/\",\"url\":\"https:\/\/secure.gravatar.com\/avatar\/443820550921091458b4823867723b3d?s=96&d=mm&r=g\",\"contentUrl\":\"https:\/\/secure.gravatar.com\/avatar\/443820550921091458b4823867723b3d?s=96&d=mm&r=g\",\"caption\":\"gaprsa\"},\"url\":\"https:\/\/www.ull.es\/portal\/noticias\/author\/gaprsa\/\"}]}<\/script>\n<!-- \/ Yoast SEO plugin. -->","yoast_head_json":{"title":"Enfermedades Tropicales colabora con Sanidad en la nueva detecci\u00f3n de Aedes aegypti en el puerto de Santa Cruz de Tenerife - ULL - Noticias","robots":{"index":"index","follow":"follow","max-snippet":"max-snippet:-1","max-image-preview":"max-image-preview:large","max-video-preview":"max-video-preview:-1"},"canonical":"https:\/\/www.ull.es\/portal\/noticias\/2024\/enfermedades-tropicales-colabora-con-sanidad-en-la-nueva-deteccion-de-aedes-aegipty-en-el-puerto-de-santa-cruz-de-tenerife\/","og_locale":"es_ES","og_type":"article","og_title":"Enfermedades Tropicales colabora con Sanidad en la nueva detecci\u00f3n de Aedes aegypti en el puerto de Santa Cruz de Tenerife - ULL - Noticias","og_description":"La Consejer\u00eda de Sanidad del Gobierno de Canarias ha activado de nuevo el protocolo previsto en el Sistema de Vigilancia...","og_url":"https:\/\/www.ull.es\/portal\/noticias\/2024\/enfermedades-tropicales-colabora-con-sanidad-en-la-nueva-deteccion-de-aedes-aegipty-en-el-puerto-de-santa-cruz-de-tenerife\/","og_site_name":"ULL - Noticias","article_publisher":"https:\/\/www.facebook.com\/universidaddelalaguna\/","article_published_time":"2024-02-28T08:00:46+00:00","article_modified_time":"2024-02-28T10:21:19+00:00","og_image":[{"width":700,"height":470,"url":"https:\/\/www.ull.es\/portal\/noticias\/wp-content\/uploads\/sites\/13\/2023\/12\/Aedes_aegypti.jpg","type":"image\/jpeg"}],"author":"gaprsa","twitter_card":"summary_large_image","twitter_creator":"@CanalULL","twitter_site":"@CanalULL","twitter_misc":{"Escrito por":"gaprsa","Tiempo de lectura":"2 minutos"},"schema":{"@context":"https:\/\/schema.org","@graph":[{"@type":"WebPage","@id":"https:\/\/www.ull.es\/portal\/noticias\/2024\/enfermedades-tropicales-colabora-con-sanidad-en-la-nueva-deteccion-de-aedes-aegipty-en-el-puerto-de-santa-cruz-de-tenerife\/","url":"https:\/\/www.ull.es\/portal\/noticias\/2024\/enfermedades-tropicales-colabora-con-sanidad-en-la-nueva-deteccion-de-aedes-aegipty-en-el-puerto-de-santa-cruz-de-tenerife\/","name":"Enfermedades Tropicales colabora con Sanidad en la nueva detecci\u00f3n de Aedes aegypti en el puerto de Santa Cruz de Tenerife - ULL - Noticias","isPartOf":{"@id":"https:\/\/www.ull.es\/portal\/noticias\/#website"},"datePublished":"2024-02-28T08:00:46+00:00","dateModified":"2024-02-28T10:21:19+00:00","author":{"@id":"https:\/\/www.ull.es\/portal\/noticias\/#\/schema\/person\/b2b1a89d43ffa609e591f7df8ef3e817"},"breadcrumb":{"@id":"https:\/\/www.ull.es\/portal\/noticias\/2024\/enfermedades-tropicales-colabora-con-sanidad-en-la-nueva-deteccion-de-aedes-aegipty-en-el-puerto-de-santa-cruz-de-tenerife\/#breadcrumb"},"inLanguage":"es","potentialAction":[{"@type":"ReadAction","target":["https:\/\/www.ull.es\/portal\/noticias\/2024\/enfermedades-tropicales-colabora-con-sanidad-en-la-nueva-deteccion-de-aedes-aegipty-en-el-puerto-de-santa-cruz-de-tenerife\/"]}]},{"@type":"BreadcrumbList","@id":"https:\/\/www.ull.es\/portal\/noticias\/2024\/enfermedades-tropicales-colabora-con-sanidad-en-la-nueva-deteccion-de-aedes-aegipty-en-el-puerto-de-santa-cruz-de-tenerife\/#breadcrumb","itemListElement":[{"@type":"ListItem","position":1,"name":"Portada","item":"https:\/\/www.ull.es\/portal\/noticias\/"},{"@type":"ListItem","position":2,"name":"Enfermedades Tropicales colabora con Sanidad en la nueva detecci\u00f3n de Aedes aegypti en el puerto de Santa Cruz de Tenerife"}]},{"@type":"WebSite","@id":"https:\/\/www.ull.es\/portal\/noticias\/#website","url":"https:\/\/www.ull.es\/portal\/noticias\/","name":"ULL - Noticias","description":"","potentialAction":[{"@type":"SearchAction","target":{"@type":"EntryPoint","urlTemplate":"https:\/\/www.ull.es\/portal\/noticias\/?s={search_term_string}"},"query-input":"required name=search_term_string"}],"inLanguage":"es"},{"@type":"Person","@id":"https:\/\/www.ull.es\/portal\/noticias\/#\/schema\/person\/b2b1a89d43ffa609e591f7df8ef3e817","name":"gaprsa","image":{"@type":"ImageObject","inLanguage":"es","@id":"https:\/\/www.ull.es\/portal\/noticias\/#\/schema\/person\/image\/","url":"https:\/\/secure.gravatar.com\/avatar\/443820550921091458b4823867723b3d?s=96&d=mm&r=g","contentUrl":"https:\/\/secure.gravatar.com\/avatar\/443820550921091458b4823867723b3d?s=96&d=mm&r=g","caption":"gaprsa"},"url":"https:\/\/www.ull.es\/portal\/noticias\/author\/gaprsa\/"}]}},"primary_category":{"id":345,"name":"Destacado","slug":"destacado","link":"https:\/\/www.ull.es\/portal\/noticias\/category\/destacado\/"},"featured_image_thumbnail_url":"https:\/\/www.ull.es\/portal\/noticias\/wp-content\/uploads\/sites\/13\/2023\/12\/Aedes_aegypti-300x201.jpg","_links":{"self":[{"href":"https:\/\/www.ull.es\/portal\/noticias\/wp-json\/wp\/v2\/posts\/74278"}],"collection":[{"href":"https:\/\/www.ull.es\/portal\/noticias\/wp-json\/wp\/v2\/posts"}],"about":[{"href":"https:\/\/www.ull.es\/portal\/noticias\/wp-json\/wp\/v2\/types\/post"}],"author":[{"embeddable":true,"href":"https:\/\/www.ull.es\/portal\/noticias\/wp-json\/wp\/v2\/users\/23"}],"replies":[{"embeddable":true,"href":"https:\/\/www.ull.es\/portal\/noticias\/wp-json\/wp\/v2\/comments?post=74278"}],"version-history":[{"count":5,"href":"https:\/\/www.ull.es\/portal\/noticias\/wp-json\/wp\/v2\/posts\/74278\/revisions"}],"predecessor-version":[{"id":74295,"href":"https:\/\/www.ull.es\/portal\/noticias\/wp-json\/wp\/v2\/posts\/74278\/revisions\/74295"}],"wp:featuredmedia":[{"embeddable":true,"href":"https:\/\/www.ull.es\/portal\/noticias\/wp-json\/wp\/v2\/media\/73112"}],"wp:attachment":[{"href":"https:\/\/www.ull.es\/portal\/noticias\/wp-json\/wp\/v2\/media?parent=74278"}],"wp:term":[{"taxonomy":"category","embeddable":true,"href":"https:\/\/www.ull.es\/portal\/noticias\/wp-json\/wp\/v2\/categories?post=74278"},{"taxonomy":"post_tag","embeddable":true,"href":"https:\/\/www.ull.es\/portal\/noticias\/wp-json\/wp\/v2\/tags?post=74278"}],"curies":[{"name":"wp","href":"https:\/\/api.w.org\/{rel}","templated":true}]}}