{"id":74300,"date":"2024-02-28T12:18:18","date_gmt":"2024-02-28T12:18:18","guid":{"rendered":"https:\/\/www.ull.es\/portal\/noticias\/?p=74300"},"modified":"2024-02-28T12:18:18","modified_gmt":"2024-02-28T12:18:18","slug":"la-ull-y-el-cabildo-colaboran-en-la-celebracion-en-tenerife-del-global-summit-tourism-2024","status":"publish","type":"post","link":"https:\/\/www.ull.es\/portal\/noticias\/2024\/la-ull-y-el-cabildo-colaboran-en-la-celebracion-en-tenerife-del-global-summit-tourism-2024\/","title":{"rendered":"La ULL y el Cabildo colaboran en la celebraci\u00f3n en Tenerife del Global Summit Tourism 2024"},"content":{"rendered":"<p>El <a href=\"https:\/\/www.tenerife.es\/portalcabtfe\/es\" target=\"_blank\" rel=\"noopener\" target=\"_blank\" rel=\"noopener\">Cabildo de Tenerife<\/a> acogi\u00f3 en la ma\u00f1ana de ayer, martes 27 de febrero, la presentaci\u00f3n del <a href=\"https:\/\/tenerifetsa2024.com\/\" target=\"_blank\" rel=\"noopener\" target=\"_blank\" rel=\"noopener\">Global Summit Tourism: The State of the Art, Tenerife 2024<\/a>. Se trata de un evento auspiciado por la <a href=\"https:\/\/www.unwto.org\/es\" target=\"_blank\" rel=\"noopener\" target=\"_blank\" rel=\"noopener\">Organizaci\u00f3n Mundial del Turismo (OMT)<\/a> y considerado como el mayor encuentro de conocimiento tur\u00edstico a nivel internacional, que tendr\u00e1 la isla como sede, m\u00e1s concretamente la Universidad de La Laguna, y que se celebrar\u00e1 desde el 19 al 21 de junio.<\/p>\n<p>El Cabildo, a trav\u00e9s de Turismo de Tenerife, la Universidad de La Laguna y la Universidad Strathclyde de Glasgow (Escocia), en un formato diferente, innovador y colaborativo, reunir\u00e1n a destacados expertos nacionales e internacionales para debatir acerca del estado del arte de la industria tur\u00edstica, con los desaf\u00edos de la inteligencia tur\u00edstica y su gobernanza, los destinos tur\u00edsticos inteligentes, la innovaci\u00f3n, creatividad, inclusividad, transici\u00f3n ecol\u00f3gica y la sostenibilidad como grandes ejes centrales. El encuentro es el tercero en la historia de este evento, despu\u00e9s de los celebrados en 1994 y 2004 en Escocia.<\/p>\n<p>El vicepresidente y consejero de Turismo del Cabildo de Tenerife, Lope Afonso, destac\u00f3 a Tenerife como \u00abdestino l\u00edder, pero que tiene que desarrollar necesariamente un liderazgo responsable para abordar las reflexiones a las que da lugar el desarrollo de la industria y tambi\u00e9n sus desequilibrios, des\u00f3rdenes y las cuestionen que tienen que ver con el sector y que la realidad econom\u00eda y social nos imponen. La sostenibilidad vista desde el \u00e1ngulo ambiental, social y econ\u00f3mico.\u00bb<\/p>\n<p>La vicerrectora de Sostenibilidad e Infraestructuras de la Universidad de La Laguna, Candela D\u00edaz, hizo hincapi\u00e9 en que \u00abla Universidad de La Laguna apuesta por ser referente mundial sobre destinos tur\u00edsticos inteligentes.\u00bb Adem\u00e1s, aprovech\u00f3 la ocasi\u00f3n para felicitar a todos los agentes implicados que han conseguido que Tenerife sea sede este gran evento el pr\u00f3ximo mes de junio de 202, destacando la relevancia de la isla en la industria tur\u00edstica como un ejemplo de un destino inteligente.<a href=\"https:\/\/www.ull.es\/portal\/noticias\/wp-content\/uploads\/sites\/13\/2024\/02\/cabildo.jpg\" target=\"_blank\" rel=\"noopener\"><img decoding=\"async\" loading=\"lazy\" class=\"alignright size-medium wp-image-74305\" src=\"https:\/\/www.ull.es\/portal\/noticias\/wp-content\/uploads\/sites\/13\/2024\/02\/cabildo-300x200.jpg\" alt=\"\" width=\"300\" height=\"200\" srcset=\"https:\/\/www.ull.es\/portal\/noticias\/wp-content\/uploads\/sites\/13\/2024\/02\/cabildo-300x200.jpg 300w, https:\/\/www.ull.es\/portal\/noticias\/wp-content\/uploads\/sites\/13\/2024\/02\/cabildo-1024x683.jpg 1024w, https:\/\/www.ull.es\/portal\/noticias\/wp-content\/uploads\/sites\/13\/2024\/02\/cabildo-768x512.jpg 768w, https:\/\/www.ull.es\/portal\/noticias\/wp-content\/uploads\/sites\/13\/2024\/02\/cabildo-375x250.jpg 375w, https:\/\/www.ull.es\/portal\/noticias\/wp-content\/uploads\/sites\/13\/2024\/02\/cabildo-750x500.jpg 750w, https:\/\/www.ull.es\/portal\/noticias\/wp-content\/uploads\/sites\/13\/2024\/02\/cabildo-1140x760.jpg 1140w, https:\/\/www.ull.es\/portal\/noticias\/wp-content\/uploads\/sites\/13\/2024\/02\/cabildo.jpg 1200w\" sizes=\"(max-width: 300px) 100vw, 300px\" \/><\/a><\/p>\n<p>El profesor titular de Organizaci\u00f3n de Empresas, Econom\u00eda Digital y Turismo del centro docente, Eduardo Parra, manifest\u00f3 que \u00abse trata de un proyecto muy ambicioso y para la isla ser\u00e1 muy importante tener a agentes de todo el mundo de la industria del turismo aqu\u00ed, debatiendo los retos del futuro.\u00bb Incluso, a\u00f1adi\u00f3 que la intenci\u00f3n es colocar a Tenerife como centro de conocimiento, y que a pesar de reconocer que \u00abqueda un trabajo dur\u00edsimo en los pr\u00f3ximos cuatro meses, se va a conseguir\u00bb.<\/p>\n<p>La contribuci\u00f3n del turismo con los Objetivos de Desarrollo Sostenible de la Agenda 2023 de las Naciones Unidas, que siente las bases de la transformaci\u00f3n del turismo hacia un modelo de crecimiento sostenible que permita mantener su posici\u00f3n de liderazgo mundial, y donde al mismo tiempo que mejora la capacidad y competitividad de los destinos refuerza los valores naturales y culturales de estos y distribuye equitativamente los beneficios, est\u00e1 entre los principales objetivos de la conferencia. Del mismo modo, la cita abordar\u00e1 la relevancia de la industria tur\u00edstica como impulsora de la econom\u00eda global que asume nuevos retos \u2014especialmente tras la pandemia de la covid-19\u2014 como el de la digitalizaci\u00f3n, con la tecnolog\u00eda como catalizadora de nuevos modelos de negocio para una mejor experiencia del viajero y mejor calidad de vida de sus residentes.<\/p>\n<p>Sobre estos asuntos realizar\u00e1n su aportaci\u00f3n los acad\u00e9micos, expertos en turismo, empresarios, analistas, funcionarios gubernamentales, universidades, centros de I+D+I y asociaciones y organizaciones de turismo que tomar\u00e1n parte en la conferencia, entre los que se encuentran Dimitrios Buhalis (Universidad de Bournemouth), Ion Vilcu (OMT), Youcheng Wang (Universidad de Florida), o Sara Dolnicar (Universidad Queensland Australia), entre otros.<\/p>\n<p>La conferencia, en un formato novedoso e innovador, se dividir\u00e1 en seis ejes: gobernanza colaborativa e inteligente del turismo; nuevos liderazgos y crecimiento sostenible e inclusivo del turismo; mercado laboral y transformaci\u00f3n competitiva de los destinos; espacio tur\u00edstico, empresas y personas; producto, marketing e inteligencia tur\u00edstica; y transformaci\u00f3n digital y digitalizaci\u00f3n del turismo.<\/p>\n<p>Las sesiones se distribuir\u00e1n en ponencias tem\u00e1ticas, sesiones de trabajo profesionales versus acad\u00e9micos, encuentros virtuales, foros verticales y talleres. Dentro de las actividades programadas, la organizaci\u00f3n invita a que investigaciones innovadoras que hayan desarrollado proyectos sostenibles o aplicaciones digitales enfocadas a la industria tur\u00edstica sean presentadas en el evento y puedan recibir apoyo.<\/p>\n<p>Las personas interesadas en asistir al Global Summit Tenerife 2024 pueden consultar toda la informaci\u00f3n sobre el evento as\u00ed como inscribirse en la p\u00e1gina web del evento.<\/p>\n<p><strong>Nota de prensa y fotograf\u00edas cedidas.<\/strong><\/p>\n","protected":false},"excerpt":{"rendered":"<p>El Cabildo de Tenerife acogi\u00f3 en la ma\u00f1ana de ayer, martes 27 de febrero, la presentaci\u00f3n del Global Summit Tourism:&#8230;<\/p>\n","protected":false},"author":67,"featured_media":74302,"comment_status":"closed","ping_status":"closed","sticky":false,"template":"","format":"standard","meta":{"inline_featured_image":false,"footnotes":""},"categories":[345,348,2765],"tags":[665,10775,10776,10777],"acf":[],"yoast_head":"<!-- This site is optimized with the Yoast SEO plugin v21.3 - https:\/\/yoast.com\/wordpress\/plugins\/seo\/ -->\n<title>La ULL y el Cabildo colaboran en la celebraci\u00f3n en Tenerife del Global Summit Tourism 2024 - ULL - Noticias<\/title>\n<meta name=\"description\" content=\"El Cabildo de Tenerife acogi\u00f3 en la ma\u00f1ana de ayer, martes 27 de febrero, la presentaci\u00f3n del Global Summit Tourism: The State of the Art, Tenerife 2024.\" \/>\n<meta name=\"robots\" content=\"index, follow, max-snippet:-1, max-image-preview:large, max-video-preview:-1\" \/>\n<link rel=\"canonical\" href=\"https:\/\/www.ull.es\/portal\/noticias\/2024\/la-ull-y-el-cabildo-colaboran-en-la-celebracion-en-tenerife-del-global-summit-tourism-2024\/\" \/>\n<meta property=\"og:locale\" content=\"es_ES\" \/>\n<meta property=\"og:type\" content=\"article\" \/>\n<meta property=\"og:title\" content=\"La ULL y el Cabildo colaboran en la celebraci\u00f3n en Tenerife del Global Summit Tourism 2024 - ULL - Noticias\" \/>\n<meta property=\"og:description\" content=\"El Cabildo de Tenerife acogi\u00f3 en la ma\u00f1ana de ayer, martes 27 de febrero, la presentaci\u00f3n del Global Summit Tourism: The State of the Art, Tenerife 2024.\" \/>\n<meta property=\"og:url\" content=\"https:\/\/www.ull.es\/portal\/noticias\/2024\/la-ull-y-el-cabildo-colaboran-en-la-celebracion-en-tenerife-del-global-summit-tourism-2024\/\" \/>\n<meta property=\"og:site_name\" content=\"ULL - Noticias\" \/>\n<meta property=\"article:publisher\" content=\"https:\/\/www.facebook.com\/universidaddelalaguna\/\" \/>\n<meta property=\"article:published_time\" content=\"2024-02-28T12:18:18+00:00\" \/>\n<meta property=\"og:image\" content=\"https:\/\/www.ull.es\/portal\/noticias\/wp-content\/uploads\/sites\/13\/2024\/02\/cabildo-2.jpg\" \/>\n\t<meta property=\"og:image:width\" content=\"1200\" \/>\n\t<meta property=\"og:image:height\" content=\"800\" \/>\n\t<meta property=\"og:image:type\" content=\"image\/jpeg\" \/>\n<meta name=\"author\" content=\"gcom5\" \/>\n<meta name=\"twitter:card\" content=\"summary_large_image\" \/>\n<meta name=\"twitter:creator\" content=\"@CanalULL\" \/>\n<meta name=\"twitter:site\" content=\"@CanalULL\" \/>\n<meta name=\"twitter:label1\" content=\"Escrito por\" \/>\n\t<meta name=\"twitter:data1\" content=\"gcom5\" \/>\n\t<meta name=\"twitter:label2\" content=\"Tiempo de lectura\" \/>\n\t<meta name=\"twitter:data2\" content=\"4 minutos\" \/>\n<script type=\"application\/ld+json\" class=\"yoast-schema-graph\">{\"@context\":\"https:\/\/schema.org\",\"@graph\":[{\"@type\":\"WebPage\",\"@id\":\"https:\/\/www.ull.es\/portal\/noticias\/2024\/la-ull-y-el-cabildo-colaboran-en-la-celebracion-en-tenerife-del-global-summit-tourism-2024\/\",\"url\":\"https:\/\/www.ull.es\/portal\/noticias\/2024\/la-ull-y-el-cabildo-colaboran-en-la-celebracion-en-tenerife-del-global-summit-tourism-2024\/\",\"name\":\"La ULL y el Cabildo colaboran en la celebraci\u00f3n en Tenerife del Global Summit Tourism 2024 - ULL - Noticias\",\"isPartOf\":{\"@id\":\"https:\/\/www.ull.es\/portal\/noticias\/#website\"},\"datePublished\":\"2024-02-28T12:18:18+00:00\",\"dateModified\":\"2024-02-28T12:18:18+00:00\",\"author\":{\"@id\":\"https:\/\/www.ull.es\/portal\/noticias\/#\/schema\/person\/8027c6c4687adc2c90dc1532715d34df\"},\"description\":\"El Cabildo de Tenerife acogi\u00f3 en la ma\u00f1ana de ayer, martes 27 de febrero, la presentaci\u00f3n del Global Summit Tourism: The State of the Art, Tenerife 2024.\",\"breadcrumb\":{\"@id\":\"https:\/\/www.ull.es\/portal\/noticias\/2024\/la-ull-y-el-cabildo-colaboran-en-la-celebracion-en-tenerife-del-global-summit-tourism-2024\/#breadcrumb\"},\"inLanguage\":\"es\",\"potentialAction\":[{\"@type\":\"ReadAction\",\"target\":[\"https:\/\/www.ull.es\/portal\/noticias\/2024\/la-ull-y-el-cabildo-colaboran-en-la-celebracion-en-tenerife-del-global-summit-tourism-2024\/\"]}]},{\"@type\":\"BreadcrumbList\",\"@id\":\"https:\/\/www.ull.es\/portal\/noticias\/2024\/la-ull-y-el-cabildo-colaboran-en-la-celebracion-en-tenerife-del-global-summit-tourism-2024\/#breadcrumb\",\"itemListElement\":[{\"@type\":\"ListItem\",\"position\":1,\"name\":\"Portada\",\"item\":\"https:\/\/www.ull.es\/portal\/noticias\/\"},{\"@type\":\"ListItem\",\"position\":2,\"name\":\"La ULL y el Cabildo colaboran en la celebraci\u00f3n en Tenerife del Global Summit Tourism 2024\"}]},{\"@type\":\"WebSite\",\"@id\":\"https:\/\/www.ull.es\/portal\/noticias\/#website\",\"url\":\"https:\/\/www.ull.es\/portal\/noticias\/\",\"name\":\"ULL - Noticias\",\"description\":\"\",\"potentialAction\":[{\"@type\":\"SearchAction\",\"target\":{\"@type\":\"EntryPoint\",\"urlTemplate\":\"https:\/\/www.ull.es\/portal\/noticias\/?s={search_term_string}\"},\"query-input\":\"required name=search_term_string\"}],\"inLanguage\":\"es\"},{\"@type\":\"Person\",\"@id\":\"https:\/\/www.ull.es\/portal\/noticias\/#\/schema\/person\/8027c6c4687adc2c90dc1532715d34df\",\"name\":\"gcom5\",\"image\":{\"@type\":\"ImageObject\",\"inLanguage\":\"es\",\"@id\":\"https:\/\/www.ull.es\/portal\/noticias\/#\/schema\/person\/image\/\",\"url\":\"https:\/\/secure.gravatar.com\/avatar\/8b3777f8048001fa57b88338ce5605b9?s=96&d=mm&r=g\",\"contentUrl\":\"https:\/\/secure.gravatar.com\/avatar\/8b3777f8048001fa57b88338ce5605b9?s=96&d=mm&r=g\",\"caption\":\"gcom5\"},\"url\":\"https:\/\/www.ull.es\/portal\/noticias\/author\/gcom5\/\"}]}<\/script>\n<!-- \/ Yoast SEO plugin. -->","yoast_head_json":{"title":"La ULL y el Cabildo colaboran en la celebraci\u00f3n en Tenerife del Global Summit Tourism 2024 - ULL - Noticias","description":"El Cabildo de Tenerife acogi\u00f3 en la ma\u00f1ana de ayer, martes 27 de febrero, la presentaci\u00f3n del Global Summit Tourism: The State of the Art, Tenerife 2024.","robots":{"index":"index","follow":"follow","max-snippet":"max-snippet:-1","max-image-preview":"max-image-preview:large","max-video-preview":"max-video-preview:-1"},"canonical":"https:\/\/www.ull.es\/portal\/noticias\/2024\/la-ull-y-el-cabildo-colaboran-en-la-celebracion-en-tenerife-del-global-summit-tourism-2024\/","og_locale":"es_ES","og_type":"article","og_title":"La ULL y el Cabildo colaboran en la celebraci\u00f3n en Tenerife del Global Summit Tourism 2024 - ULL - Noticias","og_description":"El Cabildo de Tenerife acogi\u00f3 en la ma\u00f1ana de ayer, martes 27 de febrero, la presentaci\u00f3n del Global Summit Tourism: The State of the Art, Tenerife 2024.","og_url":"https:\/\/www.ull.es\/portal\/noticias\/2024\/la-ull-y-el-cabildo-colaboran-en-la-celebracion-en-tenerife-del-global-summit-tourism-2024\/","og_site_name":"ULL - Noticias","article_publisher":"https:\/\/www.facebook.com\/universidaddelalaguna\/","article_published_time":"2024-02-28T12:18:18+00:00","og_image":[{"width":1200,"height":800,"url":"https:\/\/www.ull.es\/portal\/noticias\/wp-content\/uploads\/sites\/13\/2024\/02\/cabildo-2.jpg","type":"image\/jpeg"}],"author":"gcom5","twitter_card":"summary_large_image","twitter_creator":"@CanalULL","twitter_site":"@CanalULL","twitter_misc":{"Escrito por":"gcom5","Tiempo de lectura":"4 minutos"},"schema":{"@context":"https:\/\/schema.org","@graph":[{"@type":"WebPage","@id":"https:\/\/www.ull.es\/portal\/noticias\/2024\/la-ull-y-el-cabildo-colaboran-en-la-celebracion-en-tenerife-del-global-summit-tourism-2024\/","url":"https:\/\/www.ull.es\/portal\/noticias\/2024\/la-ull-y-el-cabildo-colaboran-en-la-celebracion-en-tenerife-del-global-summit-tourism-2024\/","name":"La ULL y el Cabildo colaboran en la celebraci\u00f3n en Tenerife del Global Summit Tourism 2024 - ULL - Noticias","isPartOf":{"@id":"https:\/\/www.ull.es\/portal\/noticias\/#website"},"datePublished":"2024-02-28T12:18:18+00:00","dateModified":"2024-02-28T12:18:18+00:00","author":{"@id":"https:\/\/www.ull.es\/portal\/noticias\/#\/schema\/person\/8027c6c4687adc2c90dc1532715d34df"},"description":"El Cabildo de Tenerife acogi\u00f3 en la ma\u00f1ana de ayer, martes 27 de febrero, la presentaci\u00f3n del Global Summit Tourism: The State of the Art, Tenerife 2024.","breadcrumb":{"@id":"https:\/\/www.ull.es\/portal\/noticias\/2024\/la-ull-y-el-cabildo-colaboran-en-la-celebracion-en-tenerife-del-global-summit-tourism-2024\/#breadcrumb"},"inLanguage":"es","potentialAction":[{"@type":"ReadAction","target":["https:\/\/www.ull.es\/portal\/noticias\/2024\/la-ull-y-el-cabildo-colaboran-en-la-celebracion-en-tenerife-del-global-summit-tourism-2024\/"]}]},{"@type":"BreadcrumbList","@id":"https:\/\/www.ull.es\/portal\/noticias\/2024\/la-ull-y-el-cabildo-colaboran-en-la-celebracion-en-tenerife-del-global-summit-tourism-2024\/#breadcrumb","itemListElement":[{"@type":"ListItem","position":1,"name":"Portada","item":"https:\/\/www.ull.es\/portal\/noticias\/"},{"@type":"ListItem","position":2,"name":"La ULL y el Cabildo colaboran en la celebraci\u00f3n en Tenerife del Global Summit Tourism 2024"}]},{"@type":"WebSite","@id":"https:\/\/www.ull.es\/portal\/noticias\/#website","url":"https:\/\/www.ull.es\/portal\/noticias\/","name":"ULL - Noticias","description":"","potentialAction":[{"@type":"SearchAction","target":{"@type":"EntryPoint","urlTemplate":"https:\/\/www.ull.es\/portal\/noticias\/?s={search_term_string}"},"query-input":"required name=search_term_string"}],"inLanguage":"es"},{"@type":"Person","@id":"https:\/\/www.ull.es\/portal\/noticias\/#\/schema\/person\/8027c6c4687adc2c90dc1532715d34df","name":"gcom5","image":{"@type":"ImageObject","inLanguage":"es","@id":"https:\/\/www.ull.es\/portal\/noticias\/#\/schema\/person\/image\/","url":"https:\/\/secure.gravatar.com\/avatar\/8b3777f8048001fa57b88338ce5605b9?s=96&d=mm&r=g","contentUrl":"https:\/\/secure.gravatar.com\/avatar\/8b3777f8048001fa57b88338ce5605b9?s=96&d=mm&r=g","caption":"gcom5"},"url":"https:\/\/www.ull.es\/portal\/noticias\/author\/gcom5\/"}]}},"primary_category":{"id":345,"name":"Destacado","slug":"destacado","link":"https:\/\/www.ull.es\/portal\/noticias\/category\/destacado\/"},"featured_image_thumbnail_url":"https:\/\/www.ull.es\/portal\/noticias\/wp-content\/uploads\/sites\/13\/2024\/02\/cabildo-2-300x200.jpg","_links":{"self":[{"href":"https:\/\/www.ull.es\/portal\/noticias\/wp-json\/wp\/v2\/posts\/74300"}],"collection":[{"href":"https:\/\/www.ull.es\/portal\/noticias\/wp-json\/wp\/v2\/posts"}],"about":[{"href":"https:\/\/www.ull.es\/portal\/noticias\/wp-json\/wp\/v2\/types\/post"}],"author":[{"embeddable":true,"href":"https:\/\/www.ull.es\/portal\/noticias\/wp-json\/wp\/v2\/users\/67"}],"replies":[{"embeddable":true,"href":"https:\/\/www.ull.es\/portal\/noticias\/wp-json\/wp\/v2\/comments?post=74300"}],"version-history":[{"count":2,"href":"https:\/\/www.ull.es\/portal\/noticias\/wp-json\/wp\/v2\/posts\/74300\/revisions"}],"predecessor-version":[{"id":74308,"href":"https:\/\/www.ull.es\/portal\/noticias\/wp-json\/wp\/v2\/posts\/74300\/revisions\/74308"}],"wp:featuredmedia":[{"embeddable":true,"href":"https:\/\/www.ull.es\/portal\/noticias\/wp-json\/wp\/v2\/media\/74302"}],"wp:attachment":[{"href":"https:\/\/www.ull.es\/portal\/noticias\/wp-json\/wp\/v2\/media?parent=74300"}],"wp:term":[{"taxonomy":"category","embeddable":true,"href":"https:\/\/www.ull.es\/portal\/noticias\/wp-json\/wp\/v2\/categories?post=74300"},{"taxonomy":"post_tag","embeddable":true,"href":"https:\/\/www.ull.es\/portal\/noticias\/wp-json\/wp\/v2\/tags?post=74300"}],"curies":[{"name":"wp","href":"https:\/\/api.w.org\/{rel}","templated":true}]}}