{"id":74309,"date":"2024-02-28T13:24:13","date_gmt":"2024-02-28T13:24:13","guid":{"rendered":"https:\/\/www.ull.es\/portal\/noticias\/?p=74309"},"modified":"2024-02-28T13:24:13","modified_gmt":"2024-02-28T13:24:13","slug":"coordinadora-aps-ull-ecuador","status":"publish","type":"post","link":"https:\/\/www.ull.es\/portal\/noticias\/2024\/coordinadora-aps-ull-ecuador\/","title":{"rendered":"La coordinadora del programa de Aprendizaje-Servicio de la ULL particip\u00f3 en un encuentro para Ecuador"},"content":{"rendered":"<p>Mar\u00eda Auxiliadora Gabino, profesora de la Universidad de La Laguna y directora acad\u00e9mica del<a href=\"https:\/\/www.ull.es\/portal\/aprendizajeservicio\/\" target=\"_blank\" rel=\"noopener\" target=\"_blank\" rel=\"noopener\"> programa de Aprendizaje-Servicio<\/a> de la Universidad de La Laguna y el Cabildo de Tenerife, imparti\u00f3 el pasado mi\u00e9rcoles 21 de febrero la conferencia \u201cEl Aprendizaje-Servicio: Una experiencia innovadora\u201d, en las IV Jornadas de Networking INNOVA para la Pontificia Universidad Cat\u00f3lica del Ecuador Santo Domingo (PUCESD), donde particip\u00f3 profesorado de todos los grados de sus sedes de Santo Domingo, Quito y Amazon\u00eda.<\/p>\n<p>La prorectora de la PUCESD, Mar\u00eda Luj\u00e1n Gonz\u00e1lez Portela, manifest\u00f3 que esta actividad es un esfuerzo por promover el intercambio de conocimientos y fortalecer la colaboraci\u00f3n acad\u00e9mica entre la Universidad de La Laguna y su instituci\u00f3n. Destac\u00f3 la importancia de las metodolog\u00edas activas para la mejora del aprendizaje del alumnado, entre ellas el Aprendizaje-Servicio, donde no solo se ense\u00f1an contenidos, sino se promueven valores de compromiso social con las problem\u00e1ticas del entorno del alumnado.<\/p>\n<p>El evento, transmitido de forma telem\u00e1tica, proporcion\u00f3 una visi\u00f3n detallada de los principios fundamentales del ApS, destacando la importancia de contar con una formaci\u00f3n integral por parte del estudiantado y el impacto que podr\u00eda tener en su comunidad.<\/p>\n<p>Gabino, citando a Josep Mar\u00eda Puig, se\u00f1al\u00f3 que el Aprendizaje-Servicio es m\u00e1s que una metodolog\u00eda pedag\u00f3gica, es una lenta y silenciosa revoluci\u00f3n educativa y social. La docente llamaba a abrir los ojos a los problemas y buscar soluciones para crear una sociedad mejor.<\/p>\n<p>Este coloquio no solo sirvi\u00f3 para explicar conceptos claves, sino para estimular el di\u00e1logo y la reflexi\u00f3n por lo cual al d\u00eda siguiente la profesora Gabino comparti\u00f3 diversos casos para ilustrar el \u00e9xito obtenido gracias a la implementaci\u00f3n del ApS en diferentes contextos educativos y comunitarios.<\/p>\n<p>La participaci\u00f3n y el inter\u00e9s demostrado por los asistentes subrayan el potencial del ApS como herramienta para abordar desaf\u00edos sociales y fortalecer el v\u00ednculo entre ambas instituciones. La PUCE y la ULL esperan que esto solo sea el comienzo de pr\u00f3ximas colaboraciones y proyectos que promuevan el aprendizaje personal y el servicio a la comunidad.<\/p>\n","protected":false},"excerpt":{"rendered":"<p>Mar\u00eda Auxiliadora Gabino, profesora de la Universidad de La Laguna y directora acad\u00e9mica del programa de Aprendizaje-Servicio de la Universidad&#8230;<\/p>\n","protected":false},"author":21,"featured_media":74319,"comment_status":"closed","ping_status":"closed","sticky":false,"template":"","format":"standard","meta":{"inline_featured_image":false,"footnotes":""},"categories":[8225,345,346],"tags":[3421,7040,10778,10779],"acf":[],"yoast_head":"<!-- This site is optimized with the Yoast SEO plugin v21.3 - https:\/\/yoast.com\/wordpress\/plugins\/seo\/ -->\n<title>El programa ApS-ULL, presente en un encuentro para Ecuador<\/title>\n<meta name=\"description\" content=\"La coordinadora del programa Aprendizaje Servicio imparti\u00f3 una conferencia para la Pontificia Universidad Cat\u00f3lica del Ecuador Santo Domingo.\" \/>\n<meta name=\"robots\" content=\"index, follow, max-snippet:-1, max-image-preview:large, max-video-preview:-1\" \/>\n<link rel=\"canonical\" href=\"https:\/\/www.ull.es\/portal\/noticias\/2024\/coordinadora-aps-ull-ecuador\/\" \/>\n<meta property=\"og:locale\" content=\"es_ES\" \/>\n<meta property=\"og:type\" content=\"article\" \/>\n<meta property=\"og:title\" content=\"El programa ApS-ULL, presente en un encuentro para Ecuador\" \/>\n<meta property=\"og:description\" content=\"La coordinadora del programa Aprendizaje Servicio imparti\u00f3 una conferencia para la Pontificia Universidad Cat\u00f3lica del Ecuador Santo Domingo.\" \/>\n<meta property=\"og:url\" content=\"https:\/\/www.ull.es\/portal\/noticias\/2024\/coordinadora-aps-ull-ecuador\/\" \/>\n<meta property=\"og:site_name\" content=\"ULL - Noticias\" \/>\n<meta property=\"article:publisher\" content=\"https:\/\/www.facebook.com\/universidaddelalaguna\/\" \/>\n<meta property=\"article:published_time\" content=\"2024-02-28T13:24:13+00:00\" \/>\n<meta property=\"og:image\" content=\"https:\/\/www.ull.es\/portal\/noticias\/wp-content\/uploads\/sites\/13\/2024\/02\/aps-ull-pucesd.jpg\" \/>\n\t<meta property=\"og:image:width\" content=\"1200\" \/>\n\t<meta property=\"og:image:height\" content=\"684\" \/>\n\t<meta property=\"og:image:type\" content=\"image\/jpeg\" \/>\n<meta name=\"author\" content=\"prensa2\" \/>\n<meta name=\"twitter:card\" content=\"summary_large_image\" \/>\n<meta name=\"twitter:creator\" content=\"@CanalULL\" \/>\n<meta name=\"twitter:site\" content=\"@CanalULL\" \/>\n<meta name=\"twitter:label1\" content=\"Escrito por\" \/>\n\t<meta name=\"twitter:data1\" content=\"prensa2\" \/>\n\t<meta name=\"twitter:label2\" content=\"Tiempo de lectura\" \/>\n\t<meta name=\"twitter:data2\" content=\"2 minutos\" \/>\n<script type=\"application\/ld+json\" class=\"yoast-schema-graph\">{\"@context\":\"https:\/\/schema.org\",\"@graph\":[{\"@type\":\"WebPage\",\"@id\":\"https:\/\/www.ull.es\/portal\/noticias\/2024\/coordinadora-aps-ull-ecuador\/\",\"url\":\"https:\/\/www.ull.es\/portal\/noticias\/2024\/coordinadora-aps-ull-ecuador\/\",\"name\":\"El programa ApS-ULL, presente en un encuentro para Ecuador\",\"isPartOf\":{\"@id\":\"https:\/\/www.ull.es\/portal\/noticias\/#website\"},\"datePublished\":\"2024-02-28T13:24:13+00:00\",\"dateModified\":\"2024-02-28T13:24:13+00:00\",\"author\":{\"@id\":\"https:\/\/www.ull.es\/portal\/noticias\/#\/schema\/person\/c3b2aa857797592927a03740d6664376\"},\"description\":\"La coordinadora del programa Aprendizaje Servicio imparti\u00f3 una conferencia para la Pontificia Universidad Cat\u00f3lica del Ecuador Santo Domingo.\",\"breadcrumb\":{\"@id\":\"https:\/\/www.ull.es\/portal\/noticias\/2024\/coordinadora-aps-ull-ecuador\/#breadcrumb\"},\"inLanguage\":\"es\",\"potentialAction\":[{\"@type\":\"ReadAction\",\"target\":[\"https:\/\/www.ull.es\/portal\/noticias\/2024\/coordinadora-aps-ull-ecuador\/\"]}]},{\"@type\":\"BreadcrumbList\",\"@id\":\"https:\/\/www.ull.es\/portal\/noticias\/2024\/coordinadora-aps-ull-ecuador\/#breadcrumb\",\"itemListElement\":[{\"@type\":\"ListItem\",\"position\":1,\"name\":\"Portada\",\"item\":\"https:\/\/www.ull.es\/portal\/noticias\/\"},{\"@type\":\"ListItem\",\"position\":2,\"name\":\"La coordinadora del programa de Aprendizaje-Servicio de la ULL particip\u00f3 en un encuentro para Ecuador\"}]},{\"@type\":\"WebSite\",\"@id\":\"https:\/\/www.ull.es\/portal\/noticias\/#website\",\"url\":\"https:\/\/www.ull.es\/portal\/noticias\/\",\"name\":\"ULL - Noticias\",\"description\":\"\",\"potentialAction\":[{\"@type\":\"SearchAction\",\"target\":{\"@type\":\"EntryPoint\",\"urlTemplate\":\"https:\/\/www.ull.es\/portal\/noticias\/?s={search_term_string}\"},\"query-input\":\"required name=search_term_string\"}],\"inLanguage\":\"es\"},{\"@type\":\"Person\",\"@id\":\"https:\/\/www.ull.es\/portal\/noticias\/#\/schema\/person\/c3b2aa857797592927a03740d6664376\",\"name\":\"prensa2\",\"image\":{\"@type\":\"ImageObject\",\"inLanguage\":\"es\",\"@id\":\"https:\/\/www.ull.es\/portal\/noticias\/#\/schema\/person\/image\/\",\"url\":\"https:\/\/secure.gravatar.com\/avatar\/b58f310a5de5feb33d1e026d2493f23c?s=96&d=mm&r=g\",\"contentUrl\":\"https:\/\/secure.gravatar.com\/avatar\/b58f310a5de5feb33d1e026d2493f23c?s=96&d=mm&r=g\",\"caption\":\"prensa2\"},\"url\":\"https:\/\/www.ull.es\/portal\/noticias\/author\/prensa2\/\"}]}<\/script>\n<!-- \/ Yoast SEO plugin. -->","yoast_head_json":{"title":"El programa ApS-ULL, presente en un encuentro para Ecuador","description":"La coordinadora del programa Aprendizaje Servicio imparti\u00f3 una conferencia para la Pontificia Universidad Cat\u00f3lica del Ecuador Santo Domingo.","robots":{"index":"index","follow":"follow","max-snippet":"max-snippet:-1","max-image-preview":"max-image-preview:large","max-video-preview":"max-video-preview:-1"},"canonical":"https:\/\/www.ull.es\/portal\/noticias\/2024\/coordinadora-aps-ull-ecuador\/","og_locale":"es_ES","og_type":"article","og_title":"El programa ApS-ULL, presente en un encuentro para Ecuador","og_description":"La coordinadora del programa Aprendizaje Servicio imparti\u00f3 una conferencia para la Pontificia Universidad Cat\u00f3lica del Ecuador Santo Domingo.","og_url":"https:\/\/www.ull.es\/portal\/noticias\/2024\/coordinadora-aps-ull-ecuador\/","og_site_name":"ULL - Noticias","article_publisher":"https:\/\/www.facebook.com\/universidaddelalaguna\/","article_published_time":"2024-02-28T13:24:13+00:00","og_image":[{"width":1200,"height":684,"url":"https:\/\/www.ull.es\/portal\/noticias\/wp-content\/uploads\/sites\/13\/2024\/02\/aps-ull-pucesd.jpg","type":"image\/jpeg"}],"author":"prensa2","twitter_card":"summary_large_image","twitter_creator":"@CanalULL","twitter_site":"@CanalULL","twitter_misc":{"Escrito por":"prensa2","Tiempo de lectura":"2 minutos"},"schema":{"@context":"https:\/\/schema.org","@graph":[{"@type":"WebPage","@id":"https:\/\/www.ull.es\/portal\/noticias\/2024\/coordinadora-aps-ull-ecuador\/","url":"https:\/\/www.ull.es\/portal\/noticias\/2024\/coordinadora-aps-ull-ecuador\/","name":"El programa ApS-ULL, presente en un encuentro para Ecuador","isPartOf":{"@id":"https:\/\/www.ull.es\/portal\/noticias\/#website"},"datePublished":"2024-02-28T13:24:13+00:00","dateModified":"2024-02-28T13:24:13+00:00","author":{"@id":"https:\/\/www.ull.es\/portal\/noticias\/#\/schema\/person\/c3b2aa857797592927a03740d6664376"},"description":"La coordinadora del programa Aprendizaje Servicio imparti\u00f3 una conferencia para la Pontificia Universidad Cat\u00f3lica del Ecuador Santo Domingo.","breadcrumb":{"@id":"https:\/\/www.ull.es\/portal\/noticias\/2024\/coordinadora-aps-ull-ecuador\/#breadcrumb"},"inLanguage":"es","potentialAction":[{"@type":"ReadAction","target":["https:\/\/www.ull.es\/portal\/noticias\/2024\/coordinadora-aps-ull-ecuador\/"]}]},{"@type":"BreadcrumbList","@id":"https:\/\/www.ull.es\/portal\/noticias\/2024\/coordinadora-aps-ull-ecuador\/#breadcrumb","itemListElement":[{"@type":"ListItem","position":1,"name":"Portada","item":"https:\/\/www.ull.es\/portal\/noticias\/"},{"@type":"ListItem","position":2,"name":"La coordinadora del programa de Aprendizaje-Servicio de la ULL particip\u00f3 en un encuentro para Ecuador"}]},{"@type":"WebSite","@id":"https:\/\/www.ull.es\/portal\/noticias\/#website","url":"https:\/\/www.ull.es\/portal\/noticias\/","name":"ULL - Noticias","description":"","potentialAction":[{"@type":"SearchAction","target":{"@type":"EntryPoint","urlTemplate":"https:\/\/www.ull.es\/portal\/noticias\/?s={search_term_string}"},"query-input":"required name=search_term_string"}],"inLanguage":"es"},{"@type":"Person","@id":"https:\/\/www.ull.es\/portal\/noticias\/#\/schema\/person\/c3b2aa857797592927a03740d6664376","name":"prensa2","image":{"@type":"ImageObject","inLanguage":"es","@id":"https:\/\/www.ull.es\/portal\/noticias\/#\/schema\/person\/image\/","url":"https:\/\/secure.gravatar.com\/avatar\/b58f310a5de5feb33d1e026d2493f23c?s=96&d=mm&r=g","contentUrl":"https:\/\/secure.gravatar.com\/avatar\/b58f310a5de5feb33d1e026d2493f23c?s=96&d=mm&r=g","caption":"prensa2"},"url":"https:\/\/www.ull.es\/portal\/noticias\/author\/prensa2\/"}]}},"primary_category":{"id":345,"name":"Destacado","slug":"destacado","link":"https:\/\/www.ull.es\/portal\/noticias\/category\/destacado\/"},"featured_image_thumbnail_url":"https:\/\/www.ull.es\/portal\/noticias\/wp-content\/uploads\/sites\/13\/2024\/02\/aps-ull-pucesd-300x171.jpg","_links":{"self":[{"href":"https:\/\/www.ull.es\/portal\/noticias\/wp-json\/wp\/v2\/posts\/74309"}],"collection":[{"href":"https:\/\/www.ull.es\/portal\/noticias\/wp-json\/wp\/v2\/posts"}],"about":[{"href":"https:\/\/www.ull.es\/portal\/noticias\/wp-json\/wp\/v2\/types\/post"}],"author":[{"embeddable":true,"href":"https:\/\/www.ull.es\/portal\/noticias\/wp-json\/wp\/v2\/users\/21"}],"replies":[{"embeddable":true,"href":"https:\/\/www.ull.es\/portal\/noticias\/wp-json\/wp\/v2\/comments?post=74309"}],"version-history":[{"count":1,"href":"https:\/\/www.ull.es\/portal\/noticias\/wp-json\/wp\/v2\/posts\/74309\/revisions"}],"predecessor-version":[{"id":74323,"href":"https:\/\/www.ull.es\/portal\/noticias\/wp-json\/wp\/v2\/posts\/74309\/revisions\/74323"}],"wp:featuredmedia":[{"embeddable":true,"href":"https:\/\/www.ull.es\/portal\/noticias\/wp-json\/wp\/v2\/media\/74319"}],"wp:attachment":[{"href":"https:\/\/www.ull.es\/portal\/noticias\/wp-json\/wp\/v2\/media?parent=74309"}],"wp:term":[{"taxonomy":"category","embeddable":true,"href":"https:\/\/www.ull.es\/portal\/noticias\/wp-json\/wp\/v2\/categories?post=74309"},{"taxonomy":"post_tag","embeddable":true,"href":"https:\/\/www.ull.es\/portal\/noticias\/wp-json\/wp\/v2\/tags?post=74309"}],"curies":[{"name":"wp","href":"https:\/\/api.w.org\/{rel}","templated":true}]}}