{"id":74455,"date":"2024-03-06T10:26:45","date_gmt":"2024-03-06T10:26:45","guid":{"rendered":"https:\/\/www.ull.es\/portal\/noticias\/?p=74455"},"modified":"2024-03-06T10:26:45","modified_gmt":"2024-03-06T10:26:45","slug":"la-catedra-de-economia-social-y-cooperativa-ull-cajasiete-organiza-su-quinta-jornada-tematica","status":"publish","type":"post","link":"https:\/\/www.ull.es\/portal\/noticias\/2024\/la-catedra-de-economia-social-y-cooperativa-ull-cajasiete-organiza-su-quinta-jornada-tematica\/","title":{"rendered":"La C\u00e1tedra de Econom\u00eda Social y Cooperativa ULL-Cajasiete organiza su quinta jornada tem\u00e1tica"},"content":{"rendered":"<p>La <a href=\"https:\/\/www.facebook.com\/catedraCESCO\/\" target=\"_blank\" rel=\"noopener\">C\u00e1tedra Cajasiete de Econom\u00eda Social y Cooperativa de la Universidad<\/a> de La Laguna ha organizado una quinta edici\u00f3n de su Semana Universitaria, que en esta ocasi\u00f3n se concentrar\u00e1 en una sola jornada, ma\u00f1ana jueves, 7 de marzo, a partir de las 10:00 horas en la Facultad de Econom\u00eda, Empresa y Turismo entre las 10:00 y las 12:30 horas. Este evento est\u00e1 convocado por el Centro Internacional de Investigaci\u00f3n e Informaci\u00f3n Sobre la Econom\u00eda P\u00fablica, Social y Cooperativa (<a href=\"https:\/\/ciriec.es\/\" target=\"_blank\" rel=\"noopener\">CIRIEC-Espa\u00f1a<\/a>) a trav\u00e9s de la Red ENUIES, de Centros e Institutos Universitarios de Investigaci\u00f3n en Econom\u00eda Social.<\/p>\n<p>El objetivo \u00faltimo es mostrar al p\u00fablico universitario las posibilidades de empleo y autoempleo que supone la Econom\u00eda Social, a la vez que se genera un lugar de acercamiento entre la academia y este sector econ\u00f3mico para propiciar la transferencia del conocimiento y generar innovaci\u00f3n sectorial y social en esta materia.<\/p>\n<p>Esta V Semana Universitaria de la Econom\u00eda Social, cuya direcci\u00f3n acad\u00e9mica es responsabilidad del director de la c\u00e1tedra organizadora, C\u00e1ndido Rom\u00e1n Cervantes, estar\u00e1 compuesta por conferencias, mesas redondas, presentaci\u00f3n de publicaciones y de resultados de proyectos de investigaci\u00f3n, seminarios, talleres o formaciones espec\u00edficas, entre otras. La asistencia es gratita y ser\u00e1 certificada, peor es <a href=\"https:\/\/sede.fg.ull.es\/es\/curso\/detalle?code=a24020044&amp;name=v-semana-universitaria-de-la-economia-social&amp;query=%3Fcode%3DA24020044\" target=\"_blank\" rel=\"noopener\">necesario inscribirse<\/a> para acudir a las sesiones.<\/p>\n<p><strong>Programa<\/strong><\/p>\n<p>10:00- Inauguraci\u00f3n, con la participaci\u00f3n del rector de la Universidad de La Laguna, Francisco Javier Garc\u00eda Rodr\u00edguez; la viceconsejera de Empleo del Gobierno de Canarias, Isabel Le\u00f3n Villalobos; el presidente de Cajasiete, Fernando Berje Royo; el decano de la Facultad de Econom\u00eda, Empresa y Turismo, Jos\u00e9 Adri\u00e1n Garc\u00eda Rojas; el director de CESCO, C\u00e1ndido Rom\u00e1n Cervantes; y el vicerrector de Estudiantes, Alumni y Empleabilidad de la Universidad de Las Palmas de Gran Canaria, David S\u00e1nchez Rodr\u00edguez.<\/p>\n<p>10:15: Conferencia: \u201cLas cooperativas: \u201c<em>Les enfants terribles<\/em> de la econom\u00eda. Algunas reflexiones sobre su naturaleza\u201d. C\u00e1ndido Rom\u00e1n Cervantes.<\/p>\n<p>10:45: Presentaci\u00f3n del Informe de Monetizaci\u00f3n del Valor Social de la cooperativa de cr\u00e9dito Cajasiete. Beatriz P\u00e9rez Guzm\u00e1n, Mar\u00eda Victoria P\u00e9rez Monteverde y Carlos Alberto Gonz\u00e1lez Delgado.<\/p>\n<p>11:00: Mesa redonda: \u201c\u00bfQu\u00e9 hace que las entidades de econom\u00eda social sean diferentes?\u201d. Participan los integrantes del Consejo Asesor de CESCO.<\/p>\n<p>12:00. Entrega de reconocimiento al fomento de la Econom\u00eda Social en Canarias. Carlos Sierra Sosa.<\/p>\n","protected":false},"excerpt":{"rendered":"<p>La C\u00e1tedra Cajasiete de Econom\u00eda Social y Cooperativa de la Universidad de La Laguna ha organizado una quinta edici\u00f3n de&#8230;<\/p>\n","protected":false},"author":23,"featured_media":74457,"comment_status":"closed","ping_status":"closed","sticky":false,"template":"","format":"standard","meta":{"inline_featured_image":false,"footnotes":""},"categories":[345,3906,348,2765],"tags":[],"acf":[],"yoast_head":"<!-- This site is optimized with the Yoast SEO plugin v21.3 - https:\/\/yoast.com\/wordpress\/plugins\/seo\/ -->\n<title>La C\u00e1tedra de Econom\u00eda Social y Cooperativa ULL-Cajasiete organiza su quinta jornada tem\u00e1tica - ULL - Noticias<\/title>\n<meta name=\"robots\" content=\"index, follow, max-snippet:-1, max-image-preview:large, max-video-preview:-1\" \/>\n<link rel=\"canonical\" href=\"https:\/\/www.ull.es\/portal\/noticias\/2024\/la-catedra-de-economia-social-y-cooperativa-ull-cajasiete-organiza-su-quinta-jornada-tematica\/\" \/>\n<meta property=\"og:locale\" content=\"es_ES\" \/>\n<meta property=\"og:type\" content=\"article\" \/>\n<meta property=\"og:title\" content=\"La C\u00e1tedra de Econom\u00eda Social y Cooperativa ULL-Cajasiete organiza su quinta jornada tem\u00e1tica - ULL - Noticias\" \/>\n<meta property=\"og:description\" content=\"La C\u00e1tedra Cajasiete de Econom\u00eda Social y Cooperativa de la Universidad de La Laguna ha organizado una quinta edici\u00f3n de...\" \/>\n<meta property=\"og:url\" content=\"https:\/\/www.ull.es\/portal\/noticias\/2024\/la-catedra-de-economia-social-y-cooperativa-ull-cajasiete-organiza-su-quinta-jornada-tematica\/\" \/>\n<meta property=\"og:site_name\" content=\"ULL - Noticias\" \/>\n<meta property=\"article:publisher\" content=\"https:\/\/www.facebook.com\/universidaddelalaguna\/\" \/>\n<meta property=\"article:published_time\" content=\"2024-03-06T10:26:45+00:00\" \/>\n<meta property=\"og:image\" content=\"https:\/\/www.ull.es\/portal\/noticias\/wp-content\/uploads\/sites\/13\/2024\/03\/EconomiaSocial.png\" \/>\n\t<meta property=\"og:image:width\" content=\"700\" \/>\n\t<meta property=\"og:image:height\" content=\"350\" \/>\n\t<meta property=\"og:image:type\" content=\"image\/png\" \/>\n<meta name=\"author\" content=\"gaprsa\" \/>\n<meta name=\"twitter:card\" content=\"summary_large_image\" \/>\n<meta name=\"twitter:creator\" content=\"@CanalULL\" \/>\n<meta name=\"twitter:site\" content=\"@CanalULL\" \/>\n<meta name=\"twitter:label1\" content=\"Escrito por\" \/>\n\t<meta name=\"twitter:data1\" content=\"gaprsa\" \/>\n\t<meta name=\"twitter:label2\" content=\"Tiempo de lectura\" \/>\n\t<meta name=\"twitter:data2\" content=\"2 minutos\" \/>\n<script type=\"application\/ld+json\" class=\"yoast-schema-graph\">{\"@context\":\"https:\/\/schema.org\",\"@graph\":[{\"@type\":\"WebPage\",\"@id\":\"https:\/\/www.ull.es\/portal\/noticias\/2024\/la-catedra-de-economia-social-y-cooperativa-ull-cajasiete-organiza-su-quinta-jornada-tematica\/\",\"url\":\"https:\/\/www.ull.es\/portal\/noticias\/2024\/la-catedra-de-economia-social-y-cooperativa-ull-cajasiete-organiza-su-quinta-jornada-tematica\/\",\"name\":\"La C\u00e1tedra de Econom\u00eda Social y Cooperativa ULL-Cajasiete organiza su quinta jornada tem\u00e1tica - ULL - Noticias\",\"isPartOf\":{\"@id\":\"https:\/\/www.ull.es\/portal\/noticias\/#website\"},\"datePublished\":\"2024-03-06T10:26:45+00:00\",\"dateModified\":\"2024-03-06T10:26:45+00:00\",\"author\":{\"@id\":\"https:\/\/www.ull.es\/portal\/noticias\/#\/schema\/person\/b2b1a89d43ffa609e591f7df8ef3e817\"},\"breadcrumb\":{\"@id\":\"https:\/\/www.ull.es\/portal\/noticias\/2024\/la-catedra-de-economia-social-y-cooperativa-ull-cajasiete-organiza-su-quinta-jornada-tematica\/#breadcrumb\"},\"inLanguage\":\"es\",\"potentialAction\":[{\"@type\":\"ReadAction\",\"target\":[\"https:\/\/www.ull.es\/portal\/noticias\/2024\/la-catedra-de-economia-social-y-cooperativa-ull-cajasiete-organiza-su-quinta-jornada-tematica\/\"]}]},{\"@type\":\"BreadcrumbList\",\"@id\":\"https:\/\/www.ull.es\/portal\/noticias\/2024\/la-catedra-de-economia-social-y-cooperativa-ull-cajasiete-organiza-su-quinta-jornada-tematica\/#breadcrumb\",\"itemListElement\":[{\"@type\":\"ListItem\",\"position\":1,\"name\":\"Portada\",\"item\":\"https:\/\/www.ull.es\/portal\/noticias\/\"},{\"@type\":\"ListItem\",\"position\":2,\"name\":\"La C\u00e1tedra de Econom\u00eda Social y Cooperativa ULL-Cajasiete organiza su quinta jornada tem\u00e1tica\"}]},{\"@type\":\"WebSite\",\"@id\":\"https:\/\/www.ull.es\/portal\/noticias\/#website\",\"url\":\"https:\/\/www.ull.es\/portal\/noticias\/\",\"name\":\"ULL - Noticias\",\"description\":\"\",\"potentialAction\":[{\"@type\":\"SearchAction\",\"target\":{\"@type\":\"EntryPoint\",\"urlTemplate\":\"https:\/\/www.ull.es\/portal\/noticias\/?s={search_term_string}\"},\"query-input\":\"required name=search_term_string\"}],\"inLanguage\":\"es\"},{\"@type\":\"Person\",\"@id\":\"https:\/\/www.ull.es\/portal\/noticias\/#\/schema\/person\/b2b1a89d43ffa609e591f7df8ef3e817\",\"name\":\"gaprsa\",\"image\":{\"@type\":\"ImageObject\",\"inLanguage\":\"es\",\"@id\":\"https:\/\/www.ull.es\/portal\/noticias\/#\/schema\/person\/image\/\",\"url\":\"https:\/\/secure.gravatar.com\/avatar\/443820550921091458b4823867723b3d?s=96&d=mm&r=g\",\"contentUrl\":\"https:\/\/secure.gravatar.com\/avatar\/443820550921091458b4823867723b3d?s=96&d=mm&r=g\",\"caption\":\"gaprsa\"},\"url\":\"https:\/\/www.ull.es\/portal\/noticias\/author\/gaprsa\/\"}]}<\/script>\n<!-- \/ Yoast SEO plugin. -->","yoast_head_json":{"title":"La C\u00e1tedra de Econom\u00eda Social y Cooperativa ULL-Cajasiete organiza su quinta jornada tem\u00e1tica - ULL - Noticias","robots":{"index":"index","follow":"follow","max-snippet":"max-snippet:-1","max-image-preview":"max-image-preview:large","max-video-preview":"max-video-preview:-1"},"canonical":"https:\/\/www.ull.es\/portal\/noticias\/2024\/la-catedra-de-economia-social-y-cooperativa-ull-cajasiete-organiza-su-quinta-jornada-tematica\/","og_locale":"es_ES","og_type":"article","og_title":"La C\u00e1tedra de Econom\u00eda Social y Cooperativa ULL-Cajasiete organiza su quinta jornada tem\u00e1tica - ULL - Noticias","og_description":"La C\u00e1tedra Cajasiete de Econom\u00eda Social y Cooperativa de la Universidad de La Laguna ha organizado una quinta edici\u00f3n de...","og_url":"https:\/\/www.ull.es\/portal\/noticias\/2024\/la-catedra-de-economia-social-y-cooperativa-ull-cajasiete-organiza-su-quinta-jornada-tematica\/","og_site_name":"ULL - Noticias","article_publisher":"https:\/\/www.facebook.com\/universidaddelalaguna\/","article_published_time":"2024-03-06T10:26:45+00:00","og_image":[{"width":700,"height":350,"url":"https:\/\/www.ull.es\/portal\/noticias\/wp-content\/uploads\/sites\/13\/2024\/03\/EconomiaSocial.png","type":"image\/png"}],"author":"gaprsa","twitter_card":"summary_large_image","twitter_creator":"@CanalULL","twitter_site":"@CanalULL","twitter_misc":{"Escrito por":"gaprsa","Tiempo de lectura":"2 minutos"},"schema":{"@context":"https:\/\/schema.org","@graph":[{"@type":"WebPage","@id":"https:\/\/www.ull.es\/portal\/noticias\/2024\/la-catedra-de-economia-social-y-cooperativa-ull-cajasiete-organiza-su-quinta-jornada-tematica\/","url":"https:\/\/www.ull.es\/portal\/noticias\/2024\/la-catedra-de-economia-social-y-cooperativa-ull-cajasiete-organiza-su-quinta-jornada-tematica\/","name":"La C\u00e1tedra de Econom\u00eda Social y Cooperativa ULL-Cajasiete organiza su quinta jornada tem\u00e1tica - ULL - Noticias","isPartOf":{"@id":"https:\/\/www.ull.es\/portal\/noticias\/#website"},"datePublished":"2024-03-06T10:26:45+00:00","dateModified":"2024-03-06T10:26:45+00:00","author":{"@id":"https:\/\/www.ull.es\/portal\/noticias\/#\/schema\/person\/b2b1a89d43ffa609e591f7df8ef3e817"},"breadcrumb":{"@id":"https:\/\/www.ull.es\/portal\/noticias\/2024\/la-catedra-de-economia-social-y-cooperativa-ull-cajasiete-organiza-su-quinta-jornada-tematica\/#breadcrumb"},"inLanguage":"es","potentialAction":[{"@type":"ReadAction","target":["https:\/\/www.ull.es\/portal\/noticias\/2024\/la-catedra-de-economia-social-y-cooperativa-ull-cajasiete-organiza-su-quinta-jornada-tematica\/"]}]},{"@type":"BreadcrumbList","@id":"https:\/\/www.ull.es\/portal\/noticias\/2024\/la-catedra-de-economia-social-y-cooperativa-ull-cajasiete-organiza-su-quinta-jornada-tematica\/#breadcrumb","itemListElement":[{"@type":"ListItem","position":1,"name":"Portada","item":"https:\/\/www.ull.es\/portal\/noticias\/"},{"@type":"ListItem","position":2,"name":"La C\u00e1tedra de Econom\u00eda Social y Cooperativa ULL-Cajasiete organiza su quinta jornada tem\u00e1tica"}]},{"@type":"WebSite","@id":"https:\/\/www.ull.es\/portal\/noticias\/#website","url":"https:\/\/www.ull.es\/portal\/noticias\/","name":"ULL - Noticias","description":"","potentialAction":[{"@type":"SearchAction","target":{"@type":"EntryPoint","urlTemplate":"https:\/\/www.ull.es\/portal\/noticias\/?s={search_term_string}"},"query-input":"required name=search_term_string"}],"inLanguage":"es"},{"@type":"Person","@id":"https:\/\/www.ull.es\/portal\/noticias\/#\/schema\/person\/b2b1a89d43ffa609e591f7df8ef3e817","name":"gaprsa","image":{"@type":"ImageObject","inLanguage":"es","@id":"https:\/\/www.ull.es\/portal\/noticias\/#\/schema\/person\/image\/","url":"https:\/\/secure.gravatar.com\/avatar\/443820550921091458b4823867723b3d?s=96&d=mm&r=g","contentUrl":"https:\/\/secure.gravatar.com\/avatar\/443820550921091458b4823867723b3d?s=96&d=mm&r=g","caption":"gaprsa"},"url":"https:\/\/www.ull.es\/portal\/noticias\/author\/gaprsa\/"}]}},"primary_category":{"id":345,"name":"Destacado","slug":"destacado","link":"https:\/\/www.ull.es\/portal\/noticias\/category\/destacado\/"},"featured_image_thumbnail_url":"https:\/\/www.ull.es\/portal\/noticias\/wp-content\/uploads\/sites\/13\/2024\/03\/EconomiaSocial-300x150.png","_links":{"self":[{"href":"https:\/\/www.ull.es\/portal\/noticias\/wp-json\/wp\/v2\/posts\/74455"}],"collection":[{"href":"https:\/\/www.ull.es\/portal\/noticias\/wp-json\/wp\/v2\/posts"}],"about":[{"href":"https:\/\/www.ull.es\/portal\/noticias\/wp-json\/wp\/v2\/types\/post"}],"author":[{"embeddable":true,"href":"https:\/\/www.ull.es\/portal\/noticias\/wp-json\/wp\/v2\/users\/23"}],"replies":[{"embeddable":true,"href":"https:\/\/www.ull.es\/portal\/noticias\/wp-json\/wp\/v2\/comments?post=74455"}],"version-history":[{"count":1,"href":"https:\/\/www.ull.es\/portal\/noticias\/wp-json\/wp\/v2\/posts\/74455\/revisions"}],"predecessor-version":[{"id":74456,"href":"https:\/\/www.ull.es\/portal\/noticias\/wp-json\/wp\/v2\/posts\/74455\/revisions\/74456"}],"wp:featuredmedia":[{"embeddable":true,"href":"https:\/\/www.ull.es\/portal\/noticias\/wp-json\/wp\/v2\/media\/74457"}],"wp:attachment":[{"href":"https:\/\/www.ull.es\/portal\/noticias\/wp-json\/wp\/v2\/media?parent=74455"}],"wp:term":[{"taxonomy":"category","embeddable":true,"href":"https:\/\/www.ull.es\/portal\/noticias\/wp-json\/wp\/v2\/categories?post=74455"},{"taxonomy":"post_tag","embeddable":true,"href":"https:\/\/www.ull.es\/portal\/noticias\/wp-json\/wp\/v2\/tags?post=74455"}],"curies":[{"name":"wp","href":"https:\/\/api.w.org\/{rel}","templated":true}]}}