{"id":74501,"date":"2024-03-07T15:12:18","date_gmt":"2024-03-07T15:12:18","guid":{"rendered":"https:\/\/www.ull.es\/portal\/noticias\/?p=74501"},"modified":"2024-03-07T17:38:16","modified_gmt":"2024-03-07T17:38:16","slug":"la-universidad-de-la-laguna-revaloriza-la-economia-social-como-modelo-productivo-mas-sostenible-e-inclusivo","status":"publish","type":"post","link":"https:\/\/www.ull.es\/portal\/noticias\/2024\/la-universidad-de-la-laguna-revaloriza-la-economia-social-como-modelo-productivo-mas-sostenible-e-inclusivo\/","title":{"rendered":"La Universidad de La Laguna revaloriza la econom\u00eda social como modelo productivo m\u00e1s sostenible e inclusivo"},"content":{"rendered":"<p>La C\u00e1tedra de Econom\u00eda Social de la Universidad de La Laguna ha celebrado un a\u00f1o m\u00e1s una jornada para presentar las \u00faltimas investigaciones en esta materia y defender un modelo econ\u00f3mico m\u00e1s sostenible, inclusivo y responsable, a trav\u00e9s de actividades de investigaci\u00f3n y formaci\u00f3n. As\u00ed lo aseveraron todos los participantes en la sesi\u00f3n de hoy 7 de marzo, presidida por el rector, Francisco Garc\u00eda, quien estuvo acompa\u00f1ado, entre otros, del presidente de Cajasiete, Fernando Berge, entidad que apoya directamente la actividad de la c\u00e1tedra.<\/p>\n<p>Otro prop\u00f3sito de esta actividad es mostrar a los universitarios y universitarias nuevos modelos de empleo y autoempleo, generando as\u00ed innovaci\u00f3n social en el propio tejido productivo. Esta actividad est\u00e1 apoyada por Red Espa\u00f1ola Interuniversitaria de Institutos y Centros de Investigaci\u00f3n en Econom\u00eda Social (Red Enuies) y de CIRIEC Espa\u00f1a.<\/p>\n<p>Dada la vocaci\u00f3n regional de la c\u00e1tedra, en la jornada de hoy, que celebra su quinta edici\u00f3n, estuvo presente el vicerrector de Estudiantes y Empleabilidad de la Universidad de Las Palmas de Gran Canaria, David S\u00e1nchez, quien destac\u00f3 que la econom\u00eda social pretende la autogesti\u00f3n del bienestar colectivo, y no solo la generaci\u00f3n de beneficios.<\/p>\n<div id=\"attachment_74505\" style=\"width: 310px\" class=\"wp-caption alignleft\"><a href=\"https:\/\/www.ull.es\/portal\/noticias\/wp-content\/uploads\/sites\/13\/2024\/03\/V-Semana-Econ-Social-mesa.jpg\" target=\"_blank\" rel=\"noopener\"><img aria-describedby=\"caption-attachment-74505\" decoding=\"async\" loading=\"lazy\" class=\"size-medium wp-image-74505\" src=\"https:\/\/www.ull.es\/portal\/noticias\/wp-content\/uploads\/sites\/13\/2024\/03\/V-Semana-Econ-Social-mesa-300x200.jpg\" alt=\"\" width=\"300\" height=\"200\" srcset=\"https:\/\/www.ull.es\/portal\/noticias\/wp-content\/uploads\/sites\/13\/2024\/03\/V-Semana-Econ-Social-mesa-300x200.jpg 300w, https:\/\/www.ull.es\/portal\/noticias\/wp-content\/uploads\/sites\/13\/2024\/03\/V-Semana-Econ-Social-mesa-768x512.jpg 768w, https:\/\/www.ull.es\/portal\/noticias\/wp-content\/uploads\/sites\/13\/2024\/03\/V-Semana-Econ-Social-mesa-375x250.jpg 375w, https:\/\/www.ull.es\/portal\/noticias\/wp-content\/uploads\/sites\/13\/2024\/03\/V-Semana-Econ-Social-mesa-750x500.jpg 750w, https:\/\/www.ull.es\/portal\/noticias\/wp-content\/uploads\/sites\/13\/2024\/03\/V-Semana-Econ-Social-mesa.jpg 1024w\" sizes=\"(max-width: 300px) 100vw, 300px\" \/><\/a><p id=\"caption-attachment-74505\" class=\"wp-caption-text\">Francisco Garc\u00eda (ULL), Fernando Verje (Cajasiete) y David S\u00e1nchez (ULPGC).<\/p><\/div>\n<p>Fernando Berge, presidente de Cajasiete, se\u00f1al\u00f3 que resulta fundamental esta actividad de difusi\u00f3n del cooperativismo y de la formaci\u00f3n de sus responsables. \u201cEs un movimiento con un enorme poder transformador para conseguir una sociedad moderna, comprometida con el desarrollo local, empleo estable y de calidad y la inserci\u00f3n de personas, en definitiva, hablamos de una econom\u00eda de valores sociales\u201d.<\/p>\n<p>La viceconsejera de Empleo del Gobierno de Canarias, Isabel Le\u00f3n, particip\u00f3 tambi\u00e9n en la sesi\u00f3n haciendo referencia a otro proyecto universitario como son las cooperativas escolares, ense\u00f1ando a los m\u00e1s peque\u00f1os a emprender, a asociarse con otros y a trabajar en un proyecto com\u00fan. \u201cEs una forma de potenciar la cohesi\u00f3n territorial y social, reduciendo las desigualdades, con una mayor tasa de empleo inclusivo y una distribuci\u00f3n salarial m\u00e1s igualitaria, tambi\u00e9n entre g\u00e9neros, y que ofrece mayores oportunidades laborales de primer empleo que la econom\u00eda mercantil\u201d, sostuvo.<\/p>\n<p>El rector, por su parte, apunt\u00f3 la posibilidad de introducir m\u00e1s contenido de econom\u00eda social en el curr\u00edculo universitario. \u201cCuando hablamos de teor\u00eda econ\u00f3mica, cada vez es menos cierto que el objetivo \u00fanico sea maximizar el beneficio, sino mejorar la sociedad y, de hecho, las empresas de econom\u00eda social lo llevan en el ADN\u201d.<\/p>\n<p>En su opini\u00f3n, queda demostrado que la econom\u00eda social es cada vez m\u00e1s eficaz, incluso en contribuci\u00f3n al PIB. Francisco Garc\u00eda agreg\u00f3 que esta c\u00e1tedra, dirigida por C\u00e1ndido Rom\u00e1n, es un ejemplo del programa de c\u00e1tedras y empresas de la Universidad de La Laguna que no ha dejado de crecer y de robustecerse con el acercamiento de sectores productivos al conocimiento universitario.<\/p>\n<p>C\u00e1ndido Rom\u00e1n fue el \u00faltimo en intervenir en la sesi\u00f3n de presentaci\u00f3n de esta ma\u00f1ana, indicando que la econom\u00eda social est\u00e1 tambi\u00e9n en la industria y en la digitalizaci\u00f3n. Es una forma de trabajar que casa muy bien, dijo, con los objetivos de Bruselas, para lograr las metas de 2030 marcadas por la ONU. De hecho, explic\u00f3 que las \u00faltimas directivas europeas en esta materia destacan que las entidades de econom\u00eda social pueden promover la participaci\u00f3n activa de los ciudadanos, proteger mejor los sistemas de cuidado de la poblaci\u00f3n, reactivar zonas despobladas y hasta mejorar las relaciones internacionales.<\/p>\n<p><strong>Colegio Echeyde, ejemplo de cooperativismo<\/strong><\/p>\n<p>Fue el ex rector de la Universidad de La Laguna Antonio Martin\u00f3n el encargado de presentar un claro ejemplo de cooperativismo en Tenerife que ha dejado huella. Se trata del Colegio Echeyde,<\/p>\n<div id=\"attachment_74504\" style=\"width: 310px\" class=\"wp-caption alignright\"><a href=\"https:\/\/www.ull.es\/portal\/noticias\/wp-content\/uploads\/sites\/13\/2024\/03\/V-Semana-Econ-Social-reconocimiento-cooperativa-echeyde.jpg\" target=\"_blank\" rel=\"noopener\"><img aria-describedby=\"caption-attachment-74504\" decoding=\"async\" loading=\"lazy\" class=\"size-medium wp-image-74504\" src=\"https:\/\/www.ull.es\/portal\/noticias\/wp-content\/uploads\/sites\/13\/2024\/03\/V-Semana-Econ-Social-reconocimiento-cooperativa-echeyde-300x200.jpg\" alt=\"\" width=\"300\" height=\"200\" srcset=\"https:\/\/www.ull.es\/portal\/noticias\/wp-content\/uploads\/sites\/13\/2024\/03\/V-Semana-Econ-Social-reconocimiento-cooperativa-echeyde-300x200.jpg 300w, https:\/\/www.ull.es\/portal\/noticias\/wp-content\/uploads\/sites\/13\/2024\/03\/V-Semana-Econ-Social-reconocimiento-cooperativa-echeyde-768x512.jpg 768w, https:\/\/www.ull.es\/portal\/noticias\/wp-content\/uploads\/sites\/13\/2024\/03\/V-Semana-Econ-Social-reconocimiento-cooperativa-echeyde-375x250.jpg 375w, https:\/\/www.ull.es\/portal\/noticias\/wp-content\/uploads\/sites\/13\/2024\/03\/V-Semana-Econ-Social-reconocimiento-cooperativa-echeyde-750x500.jpg 750w, https:\/\/www.ull.es\/portal\/noticias\/wp-content\/uploads\/sites\/13\/2024\/03\/V-Semana-Econ-Social-reconocimiento-cooperativa-echeyde.jpg 1024w\" sizes=\"(max-width: 300px) 100vw, 300px\" \/><\/a><p id=\"caption-attachment-74504\" class=\"wp-caption-text\">El ex rector Antonio Martin\u00f3n, el agasajado Carlos Sierra y el director de la c\u00e1tedra, C\u00e1ndido Rom\u00e1n.<\/p><\/div>\n<p>destacando el compromiso y la implicaci\u00f3n del que fuera su fundador, Carlos Sierra. Hace 44 a\u00f1os naci\u00f3 el primero de los colegios, con vocaci\u00f3n de implicarse en la formaci\u00f3n de la infancia y la juventud, creando una cooperativa para ello. \u201cHoy hay tres en Tenerife, con mucho alumnado, profesorado y padres y madres que forman una gran familia, con valores muy firmes y propios de una educaci\u00f3n moderna, europea, acorde con los tiempos que vivimos\u201d. Sierra ha sido adem\u00e1s l\u00edder de una cooperativa nacional de ense\u00f1anza durante m\u00e1s de veinte a\u00f1os, lo que demuestra su capacidad de liderazgo en el cooperativismo. Sierra, que forma parte del consejo asesor de Cajasiete, agradeci\u00f3 la distinci\u00f3n recibida por parte de la c\u00e1tedra universitaria y destac\u00f3 el valor del asociacionismo. \u201cEste es un premio individual pero que se recibe colectivamente\u201d.<\/p>\n","protected":false},"excerpt":{"rendered":"<p>La C\u00e1tedra de Econom\u00eda Social de la Universidad de La Laguna ha celebrado un a\u00f1o m\u00e1s una jornada para presentar&#8230;<\/p>\n","protected":false},"author":23,"featured_media":74503,"comment_status":"closed","ping_status":"closed","sticky":false,"template":"","format":"standard","meta":{"inline_featured_image":false,"footnotes":""},"categories":[345,348,2765],"tags":[],"acf":[],"yoast_head":"<!-- This site is optimized with the Yoast SEO plugin v21.3 - https:\/\/yoast.com\/wordpress\/plugins\/seo\/ -->\n<title>La Universidad de La Laguna revaloriza la econom\u00eda social como modelo productivo m\u00e1s sostenible e inclusivo - ULL - Noticias<\/title>\n<meta name=\"robots\" content=\"index, follow, max-snippet:-1, max-image-preview:large, max-video-preview:-1\" \/>\n<link rel=\"canonical\" href=\"https:\/\/www.ull.es\/portal\/noticias\/2024\/la-universidad-de-la-laguna-revaloriza-la-economia-social-como-modelo-productivo-mas-sostenible-e-inclusivo\/\" \/>\n<meta property=\"og:locale\" content=\"es_ES\" \/>\n<meta property=\"og:type\" content=\"article\" \/>\n<meta property=\"og:title\" content=\"La Universidad de La Laguna revaloriza la econom\u00eda social como modelo productivo m\u00e1s sostenible e inclusivo - ULL - Noticias\" \/>\n<meta property=\"og:description\" content=\"La C\u00e1tedra de Econom\u00eda Social de la Universidad de La Laguna ha celebrado un a\u00f1o m\u00e1s una jornada para presentar...\" \/>\n<meta property=\"og:url\" content=\"https:\/\/www.ull.es\/portal\/noticias\/2024\/la-universidad-de-la-laguna-revaloriza-la-economia-social-como-modelo-productivo-mas-sostenible-e-inclusivo\/\" \/>\n<meta property=\"og:site_name\" content=\"ULL - Noticias\" \/>\n<meta property=\"article:publisher\" content=\"https:\/\/www.facebook.com\/universidaddelalaguna\/\" \/>\n<meta property=\"article:published_time\" content=\"2024-03-07T15:12:18+00:00\" \/>\n<meta property=\"article:modified_time\" content=\"2024-03-07T17:38:16+00:00\" \/>\n<meta property=\"og:image\" content=\"https:\/\/www.ull.es\/portal\/noticias\/wp-content\/uploads\/sites\/13\/2024\/03\/V-Semana-Econ-Social-foto-familia.jpg\" \/>\n\t<meta property=\"og:image:width\" content=\"1024\" \/>\n\t<meta property=\"og:image:height\" content=\"683\" \/>\n\t<meta property=\"og:image:type\" content=\"image\/jpeg\" \/>\n<meta name=\"author\" content=\"gaprsa\" \/>\n<meta name=\"twitter:card\" content=\"summary_large_image\" \/>\n<meta name=\"twitter:creator\" content=\"@CanalULL\" \/>\n<meta name=\"twitter:site\" content=\"@CanalULL\" \/>\n<meta name=\"twitter:label1\" content=\"Escrito por\" \/>\n\t<meta name=\"twitter:data1\" content=\"gaprsa\" \/>\n\t<meta name=\"twitter:label2\" content=\"Tiempo de lectura\" \/>\n\t<meta name=\"twitter:data2\" content=\"4 minutos\" \/>\n<script type=\"application\/ld+json\" class=\"yoast-schema-graph\">{\"@context\":\"https:\/\/schema.org\",\"@graph\":[{\"@type\":\"WebPage\",\"@id\":\"https:\/\/www.ull.es\/portal\/noticias\/2024\/la-universidad-de-la-laguna-revaloriza-la-economia-social-como-modelo-productivo-mas-sostenible-e-inclusivo\/\",\"url\":\"https:\/\/www.ull.es\/portal\/noticias\/2024\/la-universidad-de-la-laguna-revaloriza-la-economia-social-como-modelo-productivo-mas-sostenible-e-inclusivo\/\",\"name\":\"La Universidad de La Laguna revaloriza la econom\u00eda social como modelo productivo m\u00e1s sostenible e inclusivo - ULL - Noticias\",\"isPartOf\":{\"@id\":\"https:\/\/www.ull.es\/portal\/noticias\/#website\"},\"datePublished\":\"2024-03-07T15:12:18+00:00\",\"dateModified\":\"2024-03-07T17:38:16+00:00\",\"author\":{\"@id\":\"https:\/\/www.ull.es\/portal\/noticias\/#\/schema\/person\/b2b1a89d43ffa609e591f7df8ef3e817\"},\"breadcrumb\":{\"@id\":\"https:\/\/www.ull.es\/portal\/noticias\/2024\/la-universidad-de-la-laguna-revaloriza-la-economia-social-como-modelo-productivo-mas-sostenible-e-inclusivo\/#breadcrumb\"},\"inLanguage\":\"es\",\"potentialAction\":[{\"@type\":\"ReadAction\",\"target\":[\"https:\/\/www.ull.es\/portal\/noticias\/2024\/la-universidad-de-la-laguna-revaloriza-la-economia-social-como-modelo-productivo-mas-sostenible-e-inclusivo\/\"]}]},{\"@type\":\"BreadcrumbList\",\"@id\":\"https:\/\/www.ull.es\/portal\/noticias\/2024\/la-universidad-de-la-laguna-revaloriza-la-economia-social-como-modelo-productivo-mas-sostenible-e-inclusivo\/#breadcrumb\",\"itemListElement\":[{\"@type\":\"ListItem\",\"position\":1,\"name\":\"Portada\",\"item\":\"https:\/\/www.ull.es\/portal\/noticias\/\"},{\"@type\":\"ListItem\",\"position\":2,\"name\":\"La Universidad de La Laguna revaloriza la econom\u00eda social como modelo productivo m\u00e1s sostenible e inclusivo\"}]},{\"@type\":\"WebSite\",\"@id\":\"https:\/\/www.ull.es\/portal\/noticias\/#website\",\"url\":\"https:\/\/www.ull.es\/portal\/noticias\/\",\"name\":\"ULL - Noticias\",\"description\":\"\",\"potentialAction\":[{\"@type\":\"SearchAction\",\"target\":{\"@type\":\"EntryPoint\",\"urlTemplate\":\"https:\/\/www.ull.es\/portal\/noticias\/?s={search_term_string}\"},\"query-input\":\"required name=search_term_string\"}],\"inLanguage\":\"es\"},{\"@type\":\"Person\",\"@id\":\"https:\/\/www.ull.es\/portal\/noticias\/#\/schema\/person\/b2b1a89d43ffa609e591f7df8ef3e817\",\"name\":\"gaprsa\",\"image\":{\"@type\":\"ImageObject\",\"inLanguage\":\"es\",\"@id\":\"https:\/\/www.ull.es\/portal\/noticias\/#\/schema\/person\/image\/\",\"url\":\"https:\/\/secure.gravatar.com\/avatar\/443820550921091458b4823867723b3d?s=96&d=mm&r=g\",\"contentUrl\":\"https:\/\/secure.gravatar.com\/avatar\/443820550921091458b4823867723b3d?s=96&d=mm&r=g\",\"caption\":\"gaprsa\"},\"url\":\"https:\/\/www.ull.es\/portal\/noticias\/author\/gaprsa\/\"}]}<\/script>\n<!-- \/ Yoast SEO plugin. -->","yoast_head_json":{"title":"La Universidad de La Laguna revaloriza la econom\u00eda social como modelo productivo m\u00e1s sostenible e inclusivo - ULL - Noticias","robots":{"index":"index","follow":"follow","max-snippet":"max-snippet:-1","max-image-preview":"max-image-preview:large","max-video-preview":"max-video-preview:-1"},"canonical":"https:\/\/www.ull.es\/portal\/noticias\/2024\/la-universidad-de-la-laguna-revaloriza-la-economia-social-como-modelo-productivo-mas-sostenible-e-inclusivo\/","og_locale":"es_ES","og_type":"article","og_title":"La Universidad de La Laguna revaloriza la econom\u00eda social como modelo productivo m\u00e1s sostenible e inclusivo - ULL - Noticias","og_description":"La C\u00e1tedra de Econom\u00eda Social de la Universidad de La Laguna ha celebrado un a\u00f1o m\u00e1s una jornada para presentar...","og_url":"https:\/\/www.ull.es\/portal\/noticias\/2024\/la-universidad-de-la-laguna-revaloriza-la-economia-social-como-modelo-productivo-mas-sostenible-e-inclusivo\/","og_site_name":"ULL - Noticias","article_publisher":"https:\/\/www.facebook.com\/universidaddelalaguna\/","article_published_time":"2024-03-07T15:12:18+00:00","article_modified_time":"2024-03-07T17:38:16+00:00","og_image":[{"width":1024,"height":683,"url":"https:\/\/www.ull.es\/portal\/noticias\/wp-content\/uploads\/sites\/13\/2024\/03\/V-Semana-Econ-Social-foto-familia.jpg","type":"image\/jpeg"}],"author":"gaprsa","twitter_card":"summary_large_image","twitter_creator":"@CanalULL","twitter_site":"@CanalULL","twitter_misc":{"Escrito por":"gaprsa","Tiempo de lectura":"4 minutos"},"schema":{"@context":"https:\/\/schema.org","@graph":[{"@type":"WebPage","@id":"https:\/\/www.ull.es\/portal\/noticias\/2024\/la-universidad-de-la-laguna-revaloriza-la-economia-social-como-modelo-productivo-mas-sostenible-e-inclusivo\/","url":"https:\/\/www.ull.es\/portal\/noticias\/2024\/la-universidad-de-la-laguna-revaloriza-la-economia-social-como-modelo-productivo-mas-sostenible-e-inclusivo\/","name":"La Universidad de La Laguna revaloriza la econom\u00eda social como modelo productivo m\u00e1s sostenible e inclusivo - ULL - Noticias","isPartOf":{"@id":"https:\/\/www.ull.es\/portal\/noticias\/#website"},"datePublished":"2024-03-07T15:12:18+00:00","dateModified":"2024-03-07T17:38:16+00:00","author":{"@id":"https:\/\/www.ull.es\/portal\/noticias\/#\/schema\/person\/b2b1a89d43ffa609e591f7df8ef3e817"},"breadcrumb":{"@id":"https:\/\/www.ull.es\/portal\/noticias\/2024\/la-universidad-de-la-laguna-revaloriza-la-economia-social-como-modelo-productivo-mas-sostenible-e-inclusivo\/#breadcrumb"},"inLanguage":"es","potentialAction":[{"@type":"ReadAction","target":["https:\/\/www.ull.es\/portal\/noticias\/2024\/la-universidad-de-la-laguna-revaloriza-la-economia-social-como-modelo-productivo-mas-sostenible-e-inclusivo\/"]}]},{"@type":"BreadcrumbList","@id":"https:\/\/www.ull.es\/portal\/noticias\/2024\/la-universidad-de-la-laguna-revaloriza-la-economia-social-como-modelo-productivo-mas-sostenible-e-inclusivo\/#breadcrumb","itemListElement":[{"@type":"ListItem","position":1,"name":"Portada","item":"https:\/\/www.ull.es\/portal\/noticias\/"},{"@type":"ListItem","position":2,"name":"La Universidad de La Laguna revaloriza la econom\u00eda social como modelo productivo m\u00e1s sostenible e inclusivo"}]},{"@type":"WebSite","@id":"https:\/\/www.ull.es\/portal\/noticias\/#website","url":"https:\/\/www.ull.es\/portal\/noticias\/","name":"ULL - Noticias","description":"","potentialAction":[{"@type":"SearchAction","target":{"@type":"EntryPoint","urlTemplate":"https:\/\/www.ull.es\/portal\/noticias\/?s={search_term_string}"},"query-input":"required name=search_term_string"}],"inLanguage":"es"},{"@type":"Person","@id":"https:\/\/www.ull.es\/portal\/noticias\/#\/schema\/person\/b2b1a89d43ffa609e591f7df8ef3e817","name":"gaprsa","image":{"@type":"ImageObject","inLanguage":"es","@id":"https:\/\/www.ull.es\/portal\/noticias\/#\/schema\/person\/image\/","url":"https:\/\/secure.gravatar.com\/avatar\/443820550921091458b4823867723b3d?s=96&d=mm&r=g","contentUrl":"https:\/\/secure.gravatar.com\/avatar\/443820550921091458b4823867723b3d?s=96&d=mm&r=g","caption":"gaprsa"},"url":"https:\/\/www.ull.es\/portal\/noticias\/author\/gaprsa\/"}]}},"primary_category":{"id":345,"name":"Destacado","slug":"destacado","link":"https:\/\/www.ull.es\/portal\/noticias\/category\/destacado\/"},"featured_image_thumbnail_url":"https:\/\/www.ull.es\/portal\/noticias\/wp-content\/uploads\/sites\/13\/2024\/03\/V-Semana-Econ-Social-foto-familia-300x200.jpg","_links":{"self":[{"href":"https:\/\/www.ull.es\/portal\/noticias\/wp-json\/wp\/v2\/posts\/74501"}],"collection":[{"href":"https:\/\/www.ull.es\/portal\/noticias\/wp-json\/wp\/v2\/posts"}],"about":[{"href":"https:\/\/www.ull.es\/portal\/noticias\/wp-json\/wp\/v2\/types\/post"}],"author":[{"embeddable":true,"href":"https:\/\/www.ull.es\/portal\/noticias\/wp-json\/wp\/v2\/users\/23"}],"replies":[{"embeddable":true,"href":"https:\/\/www.ull.es\/portal\/noticias\/wp-json\/wp\/v2\/comments?post=74501"}],"version-history":[{"count":4,"href":"https:\/\/www.ull.es\/portal\/noticias\/wp-json\/wp\/v2\/posts\/74501\/revisions"}],"predecessor-version":[{"id":74514,"href":"https:\/\/www.ull.es\/portal\/noticias\/wp-json\/wp\/v2\/posts\/74501\/revisions\/74514"}],"wp:featuredmedia":[{"embeddable":true,"href":"https:\/\/www.ull.es\/portal\/noticias\/wp-json\/wp\/v2\/media\/74503"}],"wp:attachment":[{"href":"https:\/\/www.ull.es\/portal\/noticias\/wp-json\/wp\/v2\/media?parent=74501"}],"wp:term":[{"taxonomy":"category","embeddable":true,"href":"https:\/\/www.ull.es\/portal\/noticias\/wp-json\/wp\/v2\/categories?post=74501"},{"taxonomy":"post_tag","embeddable":true,"href":"https:\/\/www.ull.es\/portal\/noticias\/wp-json\/wp\/v2\/tags?post=74501"}],"curies":[{"name":"wp","href":"https:\/\/api.w.org\/{rel}","templated":true}]}}