{"id":74520,"date":"2024-03-08T09:35:59","date_gmt":"2024-03-08T09:35:59","guid":{"rendered":"https:\/\/www.ull.es\/portal\/noticias\/?p=74520"},"modified":"2024-03-08T09:35:59","modified_gmt":"2024-03-08T09:35:59","slug":"la-universidad-de-la-laguna-celebra-su-dia-institucional-el-11-de-marzo-en-el-paraninfo","status":"publish","type":"post","link":"https:\/\/www.ull.es\/portal\/noticias\/2024\/la-universidad-de-la-laguna-celebra-su-dia-institucional-el-11-de-marzo-en-el-paraninfo\/","title":{"rendered":"La Universidad de La Laguna celebra su D\u00eda Institucional el 11 de marzo en el Paraninfo"},"content":{"rendered":"<p>La Universidad de La Laguna celebrar\u00e1 la ceremonia de su <a href=\"https:\/\/www.ull.es\/portal\/agenda\/evento\/dia-institucional-de-la-universidad-de-la-laguna-2024\/\" target=\"_blank\" rel=\"noopener\">D\u00eda Institucional<\/a> el pr\u00f3ximo lunes, 11 de marzo a las 19:00 horas en el Paraninfo, para conmemorar que, en esa fecha hace 232 a\u00f1os, un decreto de Carlos IV dio inicio a su andadura. Como es ya costumbre, durante este acto coorganizado en colaboraci\u00f3n con la asociaci\u00f3n Alumni ULL se har\u00e1 entrega de diferentes galardones que celebran la excelencia del alumnado, profesorado y personal de administraci\u00f3n y servicios del centro acad\u00e9mico, as\u00ed como el compromiso social de personas y entidades externas.<\/p>\n<p>La ceremonia comenzar\u00e1 con la proyecci\u00f3n del video \u201cLo que fue noticia en 2023\u201d, elaborado por el Gabinete de Comunicaci\u00f3n y, a continuaci\u00f3n, se proceder\u00e1 a la entrega del primer bloque de premios, correspondiente a los convocados por Alumni ULL: XII Premio al Mejor Expediente Acad\u00e9mico del curso 2022\/2023; VI Premio a los mejores trabajos fin de M\u00e1ster de la Universidad de La Laguna 2022-2023; XXI Premio a los Valores Humanos en la Universidad de La Laguna Jos\u00e9 Luis Garc\u00eda P\u00e9rez; y XIV Premio Alonso de Nava y Grim\u00f3n de la Universidad de La Laguna. Adem\u00e1s, se nombrar\u00e1 Socia de Honor a la exrectora Rosa Mar\u00eda Aguilar Chinea y el presidente de la entidad, Luis Ortigosa, se dirigir\u00e1 al p\u00fablico.<\/p>\n<p>Tras una actuaci\u00f3n del Coro Polif\u00f3nico, el segundo bloque de premios ser\u00e1 el de los convocados por la propia Universidad de La Laguna: XIII Premio a la Innovaci\u00f3n y Transferencia Educativa; XIII Premio a la Investigaci\u00f3n y II Premio a la investigaci\u00f3n categor\u00eda Junior; IX Premio a la Internacionalizaci\u00f3n; XIII Premio a las Mejores Pr\u00e1cticas en Administraci\u00f3n y Servicios; I Premio al M\u00e9rito Acad\u00e9mico; I Premio a la Excelencia Educativa; y Premio al Mecenazgo. Cerrar\u00e1 este bloque y todo el acto el rector, Francisco Garc\u00eda, con una intervenci\u00f3n que dar\u00e1 paso al himno universitario.<\/p>\n","protected":false},"excerpt":{"rendered":"<p>La Universidad de La Laguna celebrar\u00e1 la ceremonia de su D\u00eda Institucional el pr\u00f3ximo lunes, 11 de marzo a las&#8230;<\/p>\n","protected":false},"author":23,"featured_media":74521,"comment_status":"closed","ping_status":"closed","sticky":false,"template":"","format":"standard","meta":{"inline_featured_image":false,"footnotes":""},"categories":[345,348,2765],"tags":[],"acf":[],"yoast_head":"<!-- This site is optimized with the Yoast SEO plugin v21.3 - https:\/\/yoast.com\/wordpress\/plugins\/seo\/ -->\n<title>La Universidad de La Laguna celebra su D\u00eda Institucional el 11 de marzo en el Paraninfo - ULL - Noticias<\/title>\n<meta name=\"robots\" content=\"index, follow, max-snippet:-1, max-image-preview:large, max-video-preview:-1\" \/>\n<link rel=\"canonical\" href=\"https:\/\/www.ull.es\/portal\/noticias\/2024\/la-universidad-de-la-laguna-celebra-su-dia-institucional-el-11-de-marzo-en-el-paraninfo\/\" \/>\n<meta property=\"og:locale\" content=\"es_ES\" \/>\n<meta property=\"og:type\" content=\"article\" \/>\n<meta property=\"og:title\" content=\"La Universidad de La Laguna celebra su D\u00eda Institucional el 11 de marzo en el Paraninfo - ULL - Noticias\" \/>\n<meta property=\"og:description\" content=\"La Universidad de La Laguna celebrar\u00e1 la ceremonia de su D\u00eda Institucional el pr\u00f3ximo lunes, 11 de marzo a las...\" \/>\n<meta property=\"og:url\" content=\"https:\/\/www.ull.es\/portal\/noticias\/2024\/la-universidad-de-la-laguna-celebra-su-dia-institucional-el-11-de-marzo-en-el-paraninfo\/\" \/>\n<meta property=\"og:site_name\" content=\"ULL - Noticias\" \/>\n<meta property=\"article:publisher\" content=\"https:\/\/www.facebook.com\/universidaddelalaguna\/\" \/>\n<meta property=\"article:published_time\" content=\"2024-03-08T09:35:59+00:00\" \/>\n<meta property=\"og:image\" content=\"https:\/\/www.ull.es\/portal\/noticias\/wp-content\/uploads\/sites\/13\/2024\/03\/Dia-Institucional.png\" \/>\n\t<meta property=\"og:image:width\" content=\"750\" \/>\n\t<meta property=\"og:image:height\" content=\"370\" \/>\n\t<meta property=\"og:image:type\" content=\"image\/png\" \/>\n<meta name=\"author\" content=\"gaprsa\" \/>\n<meta name=\"twitter:card\" content=\"summary_large_image\" \/>\n<meta name=\"twitter:creator\" content=\"@CanalULL\" \/>\n<meta name=\"twitter:site\" content=\"@CanalULL\" \/>\n<meta name=\"twitter:label1\" content=\"Escrito por\" \/>\n\t<meta name=\"twitter:data1\" content=\"gaprsa\" \/>\n\t<meta name=\"twitter:label2\" content=\"Tiempo de lectura\" \/>\n\t<meta name=\"twitter:data2\" content=\"2 minutos\" \/>\n<script type=\"application\/ld+json\" class=\"yoast-schema-graph\">{\"@context\":\"https:\/\/schema.org\",\"@graph\":[{\"@type\":\"WebPage\",\"@id\":\"https:\/\/www.ull.es\/portal\/noticias\/2024\/la-universidad-de-la-laguna-celebra-su-dia-institucional-el-11-de-marzo-en-el-paraninfo\/\",\"url\":\"https:\/\/www.ull.es\/portal\/noticias\/2024\/la-universidad-de-la-laguna-celebra-su-dia-institucional-el-11-de-marzo-en-el-paraninfo\/\",\"name\":\"La Universidad de La Laguna celebra su D\u00eda Institucional el 11 de marzo en el Paraninfo - ULL - Noticias\",\"isPartOf\":{\"@id\":\"https:\/\/www.ull.es\/portal\/noticias\/#website\"},\"datePublished\":\"2024-03-08T09:35:59+00:00\",\"dateModified\":\"2024-03-08T09:35:59+00:00\",\"author\":{\"@id\":\"https:\/\/www.ull.es\/portal\/noticias\/#\/schema\/person\/b2b1a89d43ffa609e591f7df8ef3e817\"},\"breadcrumb\":{\"@id\":\"https:\/\/www.ull.es\/portal\/noticias\/2024\/la-universidad-de-la-laguna-celebra-su-dia-institucional-el-11-de-marzo-en-el-paraninfo\/#breadcrumb\"},\"inLanguage\":\"es\",\"potentialAction\":[{\"@type\":\"ReadAction\",\"target\":[\"https:\/\/www.ull.es\/portal\/noticias\/2024\/la-universidad-de-la-laguna-celebra-su-dia-institucional-el-11-de-marzo-en-el-paraninfo\/\"]}]},{\"@type\":\"BreadcrumbList\",\"@id\":\"https:\/\/www.ull.es\/portal\/noticias\/2024\/la-universidad-de-la-laguna-celebra-su-dia-institucional-el-11-de-marzo-en-el-paraninfo\/#breadcrumb\",\"itemListElement\":[{\"@type\":\"ListItem\",\"position\":1,\"name\":\"Portada\",\"item\":\"https:\/\/www.ull.es\/portal\/noticias\/\"},{\"@type\":\"ListItem\",\"position\":2,\"name\":\"La Universidad de La Laguna celebra su D\u00eda Institucional el 11 de marzo en el Paraninfo\"}]},{\"@type\":\"WebSite\",\"@id\":\"https:\/\/www.ull.es\/portal\/noticias\/#website\",\"url\":\"https:\/\/www.ull.es\/portal\/noticias\/\",\"name\":\"ULL - Noticias\",\"description\":\"\",\"potentialAction\":[{\"@type\":\"SearchAction\",\"target\":{\"@type\":\"EntryPoint\",\"urlTemplate\":\"https:\/\/www.ull.es\/portal\/noticias\/?s={search_term_string}\"},\"query-input\":\"required name=search_term_string\"}],\"inLanguage\":\"es\"},{\"@type\":\"Person\",\"@id\":\"https:\/\/www.ull.es\/portal\/noticias\/#\/schema\/person\/b2b1a89d43ffa609e591f7df8ef3e817\",\"name\":\"gaprsa\",\"image\":{\"@type\":\"ImageObject\",\"inLanguage\":\"es\",\"@id\":\"https:\/\/www.ull.es\/portal\/noticias\/#\/schema\/person\/image\/\",\"url\":\"https:\/\/secure.gravatar.com\/avatar\/443820550921091458b4823867723b3d?s=96&d=mm&r=g\",\"contentUrl\":\"https:\/\/secure.gravatar.com\/avatar\/443820550921091458b4823867723b3d?s=96&d=mm&r=g\",\"caption\":\"gaprsa\"},\"url\":\"https:\/\/www.ull.es\/portal\/noticias\/author\/gaprsa\/\"}]}<\/script>\n<!-- \/ Yoast SEO plugin. -->","yoast_head_json":{"title":"La Universidad de La Laguna celebra su D\u00eda Institucional el 11 de marzo en el Paraninfo - ULL - Noticias","robots":{"index":"index","follow":"follow","max-snippet":"max-snippet:-1","max-image-preview":"max-image-preview:large","max-video-preview":"max-video-preview:-1"},"canonical":"https:\/\/www.ull.es\/portal\/noticias\/2024\/la-universidad-de-la-laguna-celebra-su-dia-institucional-el-11-de-marzo-en-el-paraninfo\/","og_locale":"es_ES","og_type":"article","og_title":"La Universidad de La Laguna celebra su D\u00eda Institucional el 11 de marzo en el Paraninfo - ULL - Noticias","og_description":"La Universidad de La Laguna celebrar\u00e1 la ceremonia de su D\u00eda Institucional el pr\u00f3ximo lunes, 11 de marzo a las...","og_url":"https:\/\/www.ull.es\/portal\/noticias\/2024\/la-universidad-de-la-laguna-celebra-su-dia-institucional-el-11-de-marzo-en-el-paraninfo\/","og_site_name":"ULL - Noticias","article_publisher":"https:\/\/www.facebook.com\/universidaddelalaguna\/","article_published_time":"2024-03-08T09:35:59+00:00","og_image":[{"width":750,"height":370,"url":"https:\/\/www.ull.es\/portal\/noticias\/wp-content\/uploads\/sites\/13\/2024\/03\/Dia-Institucional.png","type":"image\/png"}],"author":"gaprsa","twitter_card":"summary_large_image","twitter_creator":"@CanalULL","twitter_site":"@CanalULL","twitter_misc":{"Escrito por":"gaprsa","Tiempo de lectura":"2 minutos"},"schema":{"@context":"https:\/\/schema.org","@graph":[{"@type":"WebPage","@id":"https:\/\/www.ull.es\/portal\/noticias\/2024\/la-universidad-de-la-laguna-celebra-su-dia-institucional-el-11-de-marzo-en-el-paraninfo\/","url":"https:\/\/www.ull.es\/portal\/noticias\/2024\/la-universidad-de-la-laguna-celebra-su-dia-institucional-el-11-de-marzo-en-el-paraninfo\/","name":"La Universidad de La Laguna celebra su D\u00eda Institucional el 11 de marzo en el Paraninfo - ULL - Noticias","isPartOf":{"@id":"https:\/\/www.ull.es\/portal\/noticias\/#website"},"datePublished":"2024-03-08T09:35:59+00:00","dateModified":"2024-03-08T09:35:59+00:00","author":{"@id":"https:\/\/www.ull.es\/portal\/noticias\/#\/schema\/person\/b2b1a89d43ffa609e591f7df8ef3e817"},"breadcrumb":{"@id":"https:\/\/www.ull.es\/portal\/noticias\/2024\/la-universidad-de-la-laguna-celebra-su-dia-institucional-el-11-de-marzo-en-el-paraninfo\/#breadcrumb"},"inLanguage":"es","potentialAction":[{"@type":"ReadAction","target":["https:\/\/www.ull.es\/portal\/noticias\/2024\/la-universidad-de-la-laguna-celebra-su-dia-institucional-el-11-de-marzo-en-el-paraninfo\/"]}]},{"@type":"BreadcrumbList","@id":"https:\/\/www.ull.es\/portal\/noticias\/2024\/la-universidad-de-la-laguna-celebra-su-dia-institucional-el-11-de-marzo-en-el-paraninfo\/#breadcrumb","itemListElement":[{"@type":"ListItem","position":1,"name":"Portada","item":"https:\/\/www.ull.es\/portal\/noticias\/"},{"@type":"ListItem","position":2,"name":"La Universidad de La Laguna celebra su D\u00eda Institucional el 11 de marzo en el Paraninfo"}]},{"@type":"WebSite","@id":"https:\/\/www.ull.es\/portal\/noticias\/#website","url":"https:\/\/www.ull.es\/portal\/noticias\/","name":"ULL - Noticias","description":"","potentialAction":[{"@type":"SearchAction","target":{"@type":"EntryPoint","urlTemplate":"https:\/\/www.ull.es\/portal\/noticias\/?s={search_term_string}"},"query-input":"required name=search_term_string"}],"inLanguage":"es"},{"@type":"Person","@id":"https:\/\/www.ull.es\/portal\/noticias\/#\/schema\/person\/b2b1a89d43ffa609e591f7df8ef3e817","name":"gaprsa","image":{"@type":"ImageObject","inLanguage":"es","@id":"https:\/\/www.ull.es\/portal\/noticias\/#\/schema\/person\/image\/","url":"https:\/\/secure.gravatar.com\/avatar\/443820550921091458b4823867723b3d?s=96&d=mm&r=g","contentUrl":"https:\/\/secure.gravatar.com\/avatar\/443820550921091458b4823867723b3d?s=96&d=mm&r=g","caption":"gaprsa"},"url":"https:\/\/www.ull.es\/portal\/noticias\/author\/gaprsa\/"}]}},"primary_category":{"id":345,"name":"Destacado","slug":"destacado","link":"https:\/\/www.ull.es\/portal\/noticias\/category\/destacado\/"},"featured_image_thumbnail_url":"https:\/\/www.ull.es\/portal\/noticias\/wp-content\/uploads\/sites\/13\/2024\/03\/Dia-Institucional-300x148.png","_links":{"self":[{"href":"https:\/\/www.ull.es\/portal\/noticias\/wp-json\/wp\/v2\/posts\/74520"}],"collection":[{"href":"https:\/\/www.ull.es\/portal\/noticias\/wp-json\/wp\/v2\/posts"}],"about":[{"href":"https:\/\/www.ull.es\/portal\/noticias\/wp-json\/wp\/v2\/types\/post"}],"author":[{"embeddable":true,"href":"https:\/\/www.ull.es\/portal\/noticias\/wp-json\/wp\/v2\/users\/23"}],"replies":[{"embeddable":true,"href":"https:\/\/www.ull.es\/portal\/noticias\/wp-json\/wp\/v2\/comments?post=74520"}],"version-history":[{"count":1,"href":"https:\/\/www.ull.es\/portal\/noticias\/wp-json\/wp\/v2\/posts\/74520\/revisions"}],"predecessor-version":[{"id":74522,"href":"https:\/\/www.ull.es\/portal\/noticias\/wp-json\/wp\/v2\/posts\/74520\/revisions\/74522"}],"wp:featuredmedia":[{"embeddable":true,"href":"https:\/\/www.ull.es\/portal\/noticias\/wp-json\/wp\/v2\/media\/74521"}],"wp:attachment":[{"href":"https:\/\/www.ull.es\/portal\/noticias\/wp-json\/wp\/v2\/media?parent=74520"}],"wp:term":[{"taxonomy":"category","embeddable":true,"href":"https:\/\/www.ull.es\/portal\/noticias\/wp-json\/wp\/v2\/categories?post=74520"},{"taxonomy":"post_tag","embeddable":true,"href":"https:\/\/www.ull.es\/portal\/noticias\/wp-json\/wp\/v2\/tags?post=74520"}],"curies":[{"name":"wp","href":"https:\/\/api.w.org\/{rel}","templated":true}]}}