{"id":74561,"date":"2024-03-11T11:31:34","date_gmt":"2024-03-11T11:31:34","guid":{"rendered":"https:\/\/www.ull.es\/portal\/noticias\/?p=74561"},"modified":"2024-03-11T11:31:34","modified_gmt":"2024-03-11T11:31:34","slug":"los-exrectores-de-la-universidad-de-la-laguna-reflexionan-sobre-los-retos-de-la-institucion-en-el-futuro-inmediato","status":"publish","type":"post","link":"https:\/\/www.ull.es\/portal\/noticias\/2024\/los-exrectores-de-la-universidad-de-la-laguna-reflexionan-sobre-los-retos-de-la-institucion-en-el-futuro-inmediato\/","title":{"rendered":"Los exrectores de la Universidad de La Laguna reflexionan sobre los retos de la instituci\u00f3n en el futuro inmediato"},"content":{"rendered":"<p>En torno a la efem\u00e9ride del <a href=\"https:\/\/www.ull.es\/portal\/agenda\/evento\/dia-institucional-de-la-universidad-de-la-laguna-2024\/\" target=\"_blank\" rel=\"noopener\">D\u00eda Institucional<\/a>, que celebra hoy 11 de marzo la Universidad de La Laguna con una ceremonia en el Paraninfo, el rector de la instituci\u00f3n acad\u00e9mica, convoc\u00f3 en d\u00edas pasados una reuni\u00f3n con los ex rectores de la instituci\u00f3n, a la que acudieron todos salvo Rosa Aguilar, quien por motivos de agenda no pudo asistir.<\/p>\n<p>As\u00ed, a esta cita acudieron Jos\u00e9 Carlos Alberto, Marisa Tejedor, Jos\u00e9 G\u00f3mez Soli\u00f1o, \u00c1ngel Guti\u00e9rrez, Eduardo Dom\u00e9nech y Antonio Martin\u00f3n. En esa reuni\u00f3n se abordaron algunos de los aspectos de la actualidad universitaria, como la urgente necesidad de contar con un marco financiero estable, adaptado a las circunstancias espec\u00edficas de la instituci\u00f3n lagunera o la proliferaci\u00f3n de la oferta universitaria privada en una regi\u00f3n como la canaria, con importantes problemas de inequidad y de debilidad de la renta per c\u00e1pita, lo que puede generar distorsiones en el acceso a la educaci\u00f3n superior por parte del conjunto de la poblaci\u00f3n.<\/p>\n<p>Asimismo, se abordaron diversos problemas vinculados al profesorado, tales como el impacto de la nueva Ley Org\u00e1nica del Sistema Universitario (LOSU), o diversas dificultades relacionadas con la captaci\u00f3n y renovaci\u00f3n de la plantilla, especialmente en algunos \u00e1mbitos como es el caso de Ciencias de la Salud.<\/p>\n<p>El encuentro discurri\u00f3 en t\u00e9rminos de gran cordialidad y se concluy\u00f3 en el inter\u00e9s de mantener reuniones de este tenor de manera peri\u00f3dica. El actual rector se mostr\u00f3 muy agradecido por la respuesta y disposici\u00f3n del conjunto de rectores y rectoras a la iniciativa. \u201cConstituye un privilegio contar con sus visiones y su experiencia para afrontar los importantes retos futuros de nuestra universidad\u201d.<\/p>\n","protected":false},"excerpt":{"rendered":"<p>En torno a la efem\u00e9ride del D\u00eda Institucional, que celebra hoy 11 de marzo la Universidad de La Laguna con&#8230;<\/p>\n","protected":false},"author":23,"featured_media":74564,"comment_status":"closed","ping_status":"closed","sticky":false,"template":"","format":"standard","meta":{"inline_featured_image":false,"footnotes":""},"categories":[345,348,2765],"tags":[],"acf":[],"yoast_head":"<!-- This site is optimized with the Yoast SEO plugin v21.3 - https:\/\/yoast.com\/wordpress\/plugins\/seo\/ -->\n<title>Los exrectores de la Universidad de La Laguna reflexionan sobre los retos de la instituci\u00f3n en el futuro inmediato - ULL - Noticias<\/title>\n<meta name=\"robots\" content=\"index, follow, max-snippet:-1, max-image-preview:large, max-video-preview:-1\" \/>\n<link rel=\"canonical\" href=\"https:\/\/www.ull.es\/portal\/noticias\/2024\/los-exrectores-de-la-universidad-de-la-laguna-reflexionan-sobre-los-retos-de-la-institucion-en-el-futuro-inmediato\/\" \/>\n<meta property=\"og:locale\" content=\"es_ES\" \/>\n<meta property=\"og:type\" content=\"article\" \/>\n<meta property=\"og:title\" content=\"Los exrectores de la Universidad de La Laguna reflexionan sobre los retos de la instituci\u00f3n en el futuro inmediato - ULL - Noticias\" \/>\n<meta property=\"og:description\" content=\"En torno a la efem\u00e9ride del D\u00eda Institucional, que celebra hoy 11 de marzo la Universidad de La Laguna con...\" \/>\n<meta property=\"og:url\" content=\"https:\/\/www.ull.es\/portal\/noticias\/2024\/los-exrectores-de-la-universidad-de-la-laguna-reflexionan-sobre-los-retos-de-la-institucion-en-el-futuro-inmediato\/\" \/>\n<meta property=\"og:site_name\" content=\"ULL - Noticias\" \/>\n<meta property=\"article:publisher\" content=\"https:\/\/www.facebook.com\/universidaddelalaguna\/\" \/>\n<meta property=\"article:published_time\" content=\"2024-03-11T11:31:34+00:00\" \/>\n<meta property=\"og:image\" content=\"https:\/\/www.ull.es\/portal\/noticias\/wp-content\/uploads\/sites\/13\/2024\/03\/rectores.jpg\" \/>\n\t<meta property=\"og:image:width\" content=\"1200\" \/>\n\t<meta property=\"og:image:height\" content=\"800\" \/>\n\t<meta property=\"og:image:type\" content=\"image\/jpeg\" \/>\n<meta name=\"author\" content=\"gaprsa\" \/>\n<meta name=\"twitter:card\" content=\"summary_large_image\" \/>\n<meta name=\"twitter:creator\" content=\"@CanalULL\" \/>\n<meta name=\"twitter:site\" content=\"@CanalULL\" \/>\n<meta name=\"twitter:label1\" content=\"Escrito por\" \/>\n\t<meta name=\"twitter:data1\" content=\"gaprsa\" \/>\n\t<meta name=\"twitter:label2\" content=\"Tiempo de lectura\" \/>\n\t<meta name=\"twitter:data2\" content=\"2 minutos\" \/>\n<script type=\"application\/ld+json\" class=\"yoast-schema-graph\">{\"@context\":\"https:\/\/schema.org\",\"@graph\":[{\"@type\":\"WebPage\",\"@id\":\"https:\/\/www.ull.es\/portal\/noticias\/2024\/los-exrectores-de-la-universidad-de-la-laguna-reflexionan-sobre-los-retos-de-la-institucion-en-el-futuro-inmediato\/\",\"url\":\"https:\/\/www.ull.es\/portal\/noticias\/2024\/los-exrectores-de-la-universidad-de-la-laguna-reflexionan-sobre-los-retos-de-la-institucion-en-el-futuro-inmediato\/\",\"name\":\"Los exrectores de la Universidad de La Laguna reflexionan sobre los retos de la instituci\u00f3n en el futuro inmediato - ULL - Noticias\",\"isPartOf\":{\"@id\":\"https:\/\/www.ull.es\/portal\/noticias\/#website\"},\"datePublished\":\"2024-03-11T11:31:34+00:00\",\"dateModified\":\"2024-03-11T11:31:34+00:00\",\"author\":{\"@id\":\"https:\/\/www.ull.es\/portal\/noticias\/#\/schema\/person\/b2b1a89d43ffa609e591f7df8ef3e817\"},\"breadcrumb\":{\"@id\":\"https:\/\/www.ull.es\/portal\/noticias\/2024\/los-exrectores-de-la-universidad-de-la-laguna-reflexionan-sobre-los-retos-de-la-institucion-en-el-futuro-inmediato\/#breadcrumb\"},\"inLanguage\":\"es\",\"potentialAction\":[{\"@type\":\"ReadAction\",\"target\":[\"https:\/\/www.ull.es\/portal\/noticias\/2024\/los-exrectores-de-la-universidad-de-la-laguna-reflexionan-sobre-los-retos-de-la-institucion-en-el-futuro-inmediato\/\"]}]},{\"@type\":\"BreadcrumbList\",\"@id\":\"https:\/\/www.ull.es\/portal\/noticias\/2024\/los-exrectores-de-la-universidad-de-la-laguna-reflexionan-sobre-los-retos-de-la-institucion-en-el-futuro-inmediato\/#breadcrumb\",\"itemListElement\":[{\"@type\":\"ListItem\",\"position\":1,\"name\":\"Portada\",\"item\":\"https:\/\/www.ull.es\/portal\/noticias\/\"},{\"@type\":\"ListItem\",\"position\":2,\"name\":\"Los exrectores de la Universidad de La Laguna reflexionan sobre los retos de la instituci\u00f3n en el futuro inmediato\"}]},{\"@type\":\"WebSite\",\"@id\":\"https:\/\/www.ull.es\/portal\/noticias\/#website\",\"url\":\"https:\/\/www.ull.es\/portal\/noticias\/\",\"name\":\"ULL - Noticias\",\"description\":\"\",\"potentialAction\":[{\"@type\":\"SearchAction\",\"target\":{\"@type\":\"EntryPoint\",\"urlTemplate\":\"https:\/\/www.ull.es\/portal\/noticias\/?s={search_term_string}\"},\"query-input\":\"required name=search_term_string\"}],\"inLanguage\":\"es\"},{\"@type\":\"Person\",\"@id\":\"https:\/\/www.ull.es\/portal\/noticias\/#\/schema\/person\/b2b1a89d43ffa609e591f7df8ef3e817\",\"name\":\"gaprsa\",\"image\":{\"@type\":\"ImageObject\",\"inLanguage\":\"es\",\"@id\":\"https:\/\/www.ull.es\/portal\/noticias\/#\/schema\/person\/image\/\",\"url\":\"https:\/\/secure.gravatar.com\/avatar\/443820550921091458b4823867723b3d?s=96&d=mm&r=g\",\"contentUrl\":\"https:\/\/secure.gravatar.com\/avatar\/443820550921091458b4823867723b3d?s=96&d=mm&r=g\",\"caption\":\"gaprsa\"},\"url\":\"https:\/\/www.ull.es\/portal\/noticias\/author\/gaprsa\/\"}]}<\/script>\n<!-- \/ Yoast SEO plugin. -->","yoast_head_json":{"title":"Los exrectores de la Universidad de La Laguna reflexionan sobre los retos de la instituci\u00f3n en el futuro inmediato - ULL - Noticias","robots":{"index":"index","follow":"follow","max-snippet":"max-snippet:-1","max-image-preview":"max-image-preview:large","max-video-preview":"max-video-preview:-1"},"canonical":"https:\/\/www.ull.es\/portal\/noticias\/2024\/los-exrectores-de-la-universidad-de-la-laguna-reflexionan-sobre-los-retos-de-la-institucion-en-el-futuro-inmediato\/","og_locale":"es_ES","og_type":"article","og_title":"Los exrectores de la Universidad de La Laguna reflexionan sobre los retos de la instituci\u00f3n en el futuro inmediato - ULL - Noticias","og_description":"En torno a la efem\u00e9ride del D\u00eda Institucional, que celebra hoy 11 de marzo la Universidad de La Laguna con...","og_url":"https:\/\/www.ull.es\/portal\/noticias\/2024\/los-exrectores-de-la-universidad-de-la-laguna-reflexionan-sobre-los-retos-de-la-institucion-en-el-futuro-inmediato\/","og_site_name":"ULL - Noticias","article_publisher":"https:\/\/www.facebook.com\/universidaddelalaguna\/","article_published_time":"2024-03-11T11:31:34+00:00","og_image":[{"width":1200,"height":800,"url":"https:\/\/www.ull.es\/portal\/noticias\/wp-content\/uploads\/sites\/13\/2024\/03\/rectores.jpg","type":"image\/jpeg"}],"author":"gaprsa","twitter_card":"summary_large_image","twitter_creator":"@CanalULL","twitter_site":"@CanalULL","twitter_misc":{"Escrito por":"gaprsa","Tiempo de lectura":"2 minutos"},"schema":{"@context":"https:\/\/schema.org","@graph":[{"@type":"WebPage","@id":"https:\/\/www.ull.es\/portal\/noticias\/2024\/los-exrectores-de-la-universidad-de-la-laguna-reflexionan-sobre-los-retos-de-la-institucion-en-el-futuro-inmediato\/","url":"https:\/\/www.ull.es\/portal\/noticias\/2024\/los-exrectores-de-la-universidad-de-la-laguna-reflexionan-sobre-los-retos-de-la-institucion-en-el-futuro-inmediato\/","name":"Los exrectores de la Universidad de La Laguna reflexionan sobre los retos de la instituci\u00f3n en el futuro inmediato - ULL - Noticias","isPartOf":{"@id":"https:\/\/www.ull.es\/portal\/noticias\/#website"},"datePublished":"2024-03-11T11:31:34+00:00","dateModified":"2024-03-11T11:31:34+00:00","author":{"@id":"https:\/\/www.ull.es\/portal\/noticias\/#\/schema\/person\/b2b1a89d43ffa609e591f7df8ef3e817"},"breadcrumb":{"@id":"https:\/\/www.ull.es\/portal\/noticias\/2024\/los-exrectores-de-la-universidad-de-la-laguna-reflexionan-sobre-los-retos-de-la-institucion-en-el-futuro-inmediato\/#breadcrumb"},"inLanguage":"es","potentialAction":[{"@type":"ReadAction","target":["https:\/\/www.ull.es\/portal\/noticias\/2024\/los-exrectores-de-la-universidad-de-la-laguna-reflexionan-sobre-los-retos-de-la-institucion-en-el-futuro-inmediato\/"]}]},{"@type":"BreadcrumbList","@id":"https:\/\/www.ull.es\/portal\/noticias\/2024\/los-exrectores-de-la-universidad-de-la-laguna-reflexionan-sobre-los-retos-de-la-institucion-en-el-futuro-inmediato\/#breadcrumb","itemListElement":[{"@type":"ListItem","position":1,"name":"Portada","item":"https:\/\/www.ull.es\/portal\/noticias\/"},{"@type":"ListItem","position":2,"name":"Los exrectores de la Universidad de La Laguna reflexionan sobre los retos de la instituci\u00f3n en el futuro inmediato"}]},{"@type":"WebSite","@id":"https:\/\/www.ull.es\/portal\/noticias\/#website","url":"https:\/\/www.ull.es\/portal\/noticias\/","name":"ULL - Noticias","description":"","potentialAction":[{"@type":"SearchAction","target":{"@type":"EntryPoint","urlTemplate":"https:\/\/www.ull.es\/portal\/noticias\/?s={search_term_string}"},"query-input":"required name=search_term_string"}],"inLanguage":"es"},{"@type":"Person","@id":"https:\/\/www.ull.es\/portal\/noticias\/#\/schema\/person\/b2b1a89d43ffa609e591f7df8ef3e817","name":"gaprsa","image":{"@type":"ImageObject","inLanguage":"es","@id":"https:\/\/www.ull.es\/portal\/noticias\/#\/schema\/person\/image\/","url":"https:\/\/secure.gravatar.com\/avatar\/443820550921091458b4823867723b3d?s=96&d=mm&r=g","contentUrl":"https:\/\/secure.gravatar.com\/avatar\/443820550921091458b4823867723b3d?s=96&d=mm&r=g","caption":"gaprsa"},"url":"https:\/\/www.ull.es\/portal\/noticias\/author\/gaprsa\/"}]}},"primary_category":{"id":345,"name":"Destacado","slug":"destacado","link":"https:\/\/www.ull.es\/portal\/noticias\/category\/destacado\/"},"featured_image_thumbnail_url":"https:\/\/www.ull.es\/portal\/noticias\/wp-content\/uploads\/sites\/13\/2024\/03\/rectores-300x200.jpg","_links":{"self":[{"href":"https:\/\/www.ull.es\/portal\/noticias\/wp-json\/wp\/v2\/posts\/74561"}],"collection":[{"href":"https:\/\/www.ull.es\/portal\/noticias\/wp-json\/wp\/v2\/posts"}],"about":[{"href":"https:\/\/www.ull.es\/portal\/noticias\/wp-json\/wp\/v2\/types\/post"}],"author":[{"embeddable":true,"href":"https:\/\/www.ull.es\/portal\/noticias\/wp-json\/wp\/v2\/users\/23"}],"replies":[{"embeddable":true,"href":"https:\/\/www.ull.es\/portal\/noticias\/wp-json\/wp\/v2\/comments?post=74561"}],"version-history":[{"count":1,"href":"https:\/\/www.ull.es\/portal\/noticias\/wp-json\/wp\/v2\/posts\/74561\/revisions"}],"predecessor-version":[{"id":74565,"href":"https:\/\/www.ull.es\/portal\/noticias\/wp-json\/wp\/v2\/posts\/74561\/revisions\/74565"}],"wp:featuredmedia":[{"embeddable":true,"href":"https:\/\/www.ull.es\/portal\/noticias\/wp-json\/wp\/v2\/media\/74564"}],"wp:attachment":[{"href":"https:\/\/www.ull.es\/portal\/noticias\/wp-json\/wp\/v2\/media?parent=74561"}],"wp:term":[{"taxonomy":"category","embeddable":true,"href":"https:\/\/www.ull.es\/portal\/noticias\/wp-json\/wp\/v2\/categories?post=74561"},{"taxonomy":"post_tag","embeddable":true,"href":"https:\/\/www.ull.es\/portal\/noticias\/wp-json\/wp\/v2\/tags?post=74561"}],"curies":[{"name":"wp","href":"https:\/\/api.w.org\/{rel}","templated":true}]}}