{"id":74627,"date":"2024-03-12T12:57:10","date_gmt":"2024-03-12T12:57:10","guid":{"rendered":"https:\/\/www.ull.es\/portal\/noticias\/?p=74627"},"modified":"2024-03-12T13:38:34","modified_gmt":"2024-03-12T13:38:34","slug":"metrotenerife-presenta-a-la-universidad-de-la-laguna-la-app-tenvao-para-el-uso-del-vehiculo-compartido","status":"publish","type":"post","link":"https:\/\/www.ull.es\/portal\/noticias\/2024\/metrotenerife-presenta-a-la-universidad-de-la-laguna-la-app-tenvao-para-el-uso-del-vehiculo-compartido\/","title":{"rendered":"Metrotenerife presenta a la Universidad de La Laguna la app ten+vao para el uso del veh\u00edculo compartido"},"content":{"rendered":"<p>La consejera de Movilidad del Cabildo Insular de Tenerife y presidenta de <a href=\"https:\/\/tranviaonline.metrotenerife.com\/\" target=\"_blank\" rel=\"noopener\">Metrotenerife<\/a>, Eulalia Garc\u00eda, mantuvo recientemente una reuni\u00f3n t\u00e9cnica con responsables de la Universidad de La Laguna para dar a conocer la funcionalidad que ofrece la aplicaci\u00f3n digital creada por esta entidad, <a href=\"https:\/\/blog.titsa.com\/tag\/tenvao\/\" target=\"_blank\" rel=\"noopener\">ten+vao<\/a>. La plataforma, dise\u00f1ada en coordinaci\u00f3n con la empresa Avantic, facilita el uso del veh\u00edculo compartido siendo una alternativa m\u00e1s a tener en cuenta en la movilidad sostenible de la isla.<\/p>\n<p>A esta reuni\u00f3n asisti\u00f3 Pedro Ribeiro, gerente de Metrotenerife, y por parte de la Universidad de La\u00a0 Laguna Candela D\u00edaz Garc\u00eda, vicerrectora de Sostenibilidad e Infraestructuras, as\u00ed como Jorge Herrera Pi\u00f1ero y Juan Carlos Hern\u00e1ndez Perdomo, jefes del \u00e1rea de Servicio y de Infraestructuras del Servicio de Tecnolog\u00edas de la Informaci\u00f3n y la Comunicaci\u00f3n de la instituci\u00f3n acad\u00e9mica. Tambi\u00e9n acudi\u00f3 Niob\u00e9 Jerez, t\u00e9cnica de Sistemas de Informaci\u00f3n del Cabildo de Tenerife.<\/p>\n<p>Los aspectos t\u00e9cnicos, funcionalidades y servicios de la aplicaci\u00f3n fueron expuestos por V\u00edctor Dur\u00e1n, consultor de Avantic, junto a Rub\u00e9n Franco y Javier Mart\u00edn, responsable de Software e ingeniero de Sistemas de Metrotenerife. La app ten+vao fue premiada internacionalmente en 2018 por los Global Light Rail Award en las categor\u00edas de \u2018Mejor iniciativa ambiental y de sostenibilidad\u2019 y \u2018Visi\u00f3n del a\u00f1o\u2019.\u00a0De esta forma, el Cabildo de Tenerife contin\u00faa trabajando con los diferentes agentes sociales, instituciones y entidades en la mejora de la movilidad de la isla.<\/p>\n","protected":false},"excerpt":{"rendered":"<p>La consejera de Movilidad del Cabildo Insular de Tenerife y presidenta de Metrotenerife, Eulalia Garc\u00eda, mantuvo recientemente una reuni\u00f3n t\u00e9cnica&#8230;<\/p>\n","protected":false},"author":23,"featured_media":74629,"comment_status":"closed","ping_status":"closed","sticky":false,"template":"","format":"standard","meta":{"inline_featured_image":false,"footnotes":""},"categories":[345,348,2765],"tags":[],"acf":[],"yoast_head":"<!-- This site is optimized with the Yoast SEO plugin v21.3 - https:\/\/yoast.com\/wordpress\/plugins\/seo\/ -->\n<title>Metrotenerife presenta a la Universidad de La Laguna la app ten+vao para el uso del veh\u00edculo compartido - ULL - Noticias<\/title>\n<meta name=\"robots\" content=\"index, follow, max-snippet:-1, max-image-preview:large, max-video-preview:-1\" \/>\n<link rel=\"canonical\" href=\"https:\/\/www.ull.es\/portal\/noticias\/2024\/metrotenerife-presenta-a-la-universidad-de-la-laguna-la-app-tenvao-para-el-uso-del-vehiculo-compartido\/\" \/>\n<meta property=\"og:locale\" content=\"es_ES\" \/>\n<meta property=\"og:type\" content=\"article\" \/>\n<meta property=\"og:title\" content=\"Metrotenerife presenta a la Universidad de La Laguna la app ten+vao para el uso del veh\u00edculo compartido - ULL - Noticias\" \/>\n<meta property=\"og:description\" content=\"La consejera de Movilidad del Cabildo Insular de Tenerife y presidenta de Metrotenerife, Eulalia Garc\u00eda, mantuvo recientemente una reuni\u00f3n t\u00e9cnica...\" \/>\n<meta property=\"og:url\" content=\"https:\/\/www.ull.es\/portal\/noticias\/2024\/metrotenerife-presenta-a-la-universidad-de-la-laguna-la-app-tenvao-para-el-uso-del-vehiculo-compartido\/\" \/>\n<meta property=\"og:site_name\" content=\"ULL - Noticias\" \/>\n<meta property=\"article:publisher\" content=\"https:\/\/www.facebook.com\/universidaddelalaguna\/\" \/>\n<meta property=\"article:published_time\" content=\"2024-03-12T12:57:10+00:00\" \/>\n<meta property=\"article:modified_time\" content=\"2024-03-12T13:38:34+00:00\" \/>\n<meta property=\"og:image\" content=\"https:\/\/www.ull.es\/portal\/noticias\/wp-content\/uploads\/sites\/13\/2024\/03\/tranvia-def-scaled.jpg\" \/>\n\t<meta property=\"og:image:width\" content=\"2560\" \/>\n\t<meta property=\"og:image:height\" content=\"1920\" \/>\n\t<meta property=\"og:image:type\" content=\"image\/jpeg\" \/>\n<meta name=\"author\" content=\"gaprsa\" \/>\n<meta name=\"twitter:card\" content=\"summary_large_image\" \/>\n<meta name=\"twitter:creator\" content=\"@CanalULL\" \/>\n<meta name=\"twitter:site\" content=\"@CanalULL\" \/>\n<meta name=\"twitter:label1\" content=\"Escrito por\" \/>\n\t<meta name=\"twitter:data1\" content=\"gaprsa\" \/>\n\t<meta name=\"twitter:label2\" content=\"Tiempo de lectura\" \/>\n\t<meta name=\"twitter:data2\" content=\"2 minutos\" \/>\n<script type=\"application\/ld+json\" class=\"yoast-schema-graph\">{\"@context\":\"https:\/\/schema.org\",\"@graph\":[{\"@type\":\"WebPage\",\"@id\":\"https:\/\/www.ull.es\/portal\/noticias\/2024\/metrotenerife-presenta-a-la-universidad-de-la-laguna-la-app-tenvao-para-el-uso-del-vehiculo-compartido\/\",\"url\":\"https:\/\/www.ull.es\/portal\/noticias\/2024\/metrotenerife-presenta-a-la-universidad-de-la-laguna-la-app-tenvao-para-el-uso-del-vehiculo-compartido\/\",\"name\":\"Metrotenerife presenta a la Universidad de La Laguna la app ten+vao para el uso del veh\u00edculo compartido - ULL - Noticias\",\"isPartOf\":{\"@id\":\"https:\/\/www.ull.es\/portal\/noticias\/#website\"},\"datePublished\":\"2024-03-12T12:57:10+00:00\",\"dateModified\":\"2024-03-12T13:38:34+00:00\",\"author\":{\"@id\":\"https:\/\/www.ull.es\/portal\/noticias\/#\/schema\/person\/b2b1a89d43ffa609e591f7df8ef3e817\"},\"breadcrumb\":{\"@id\":\"https:\/\/www.ull.es\/portal\/noticias\/2024\/metrotenerife-presenta-a-la-universidad-de-la-laguna-la-app-tenvao-para-el-uso-del-vehiculo-compartido\/#breadcrumb\"},\"inLanguage\":\"es\",\"potentialAction\":[{\"@type\":\"ReadAction\",\"target\":[\"https:\/\/www.ull.es\/portal\/noticias\/2024\/metrotenerife-presenta-a-la-universidad-de-la-laguna-la-app-tenvao-para-el-uso-del-vehiculo-compartido\/\"]}]},{\"@type\":\"BreadcrumbList\",\"@id\":\"https:\/\/www.ull.es\/portal\/noticias\/2024\/metrotenerife-presenta-a-la-universidad-de-la-laguna-la-app-tenvao-para-el-uso-del-vehiculo-compartido\/#breadcrumb\",\"itemListElement\":[{\"@type\":\"ListItem\",\"position\":1,\"name\":\"Portada\",\"item\":\"https:\/\/www.ull.es\/portal\/noticias\/\"},{\"@type\":\"ListItem\",\"position\":2,\"name\":\"Metrotenerife presenta a la Universidad de La Laguna la app ten+vao para el uso del veh\u00edculo compartido\"}]},{\"@type\":\"WebSite\",\"@id\":\"https:\/\/www.ull.es\/portal\/noticias\/#website\",\"url\":\"https:\/\/www.ull.es\/portal\/noticias\/\",\"name\":\"ULL - Noticias\",\"description\":\"\",\"potentialAction\":[{\"@type\":\"SearchAction\",\"target\":{\"@type\":\"EntryPoint\",\"urlTemplate\":\"https:\/\/www.ull.es\/portal\/noticias\/?s={search_term_string}\"},\"query-input\":\"required name=search_term_string\"}],\"inLanguage\":\"es\"},{\"@type\":\"Person\",\"@id\":\"https:\/\/www.ull.es\/portal\/noticias\/#\/schema\/person\/b2b1a89d43ffa609e591f7df8ef3e817\",\"name\":\"gaprsa\",\"image\":{\"@type\":\"ImageObject\",\"inLanguage\":\"es\",\"@id\":\"https:\/\/www.ull.es\/portal\/noticias\/#\/schema\/person\/image\/\",\"url\":\"https:\/\/secure.gravatar.com\/avatar\/443820550921091458b4823867723b3d?s=96&d=mm&r=g\",\"contentUrl\":\"https:\/\/secure.gravatar.com\/avatar\/443820550921091458b4823867723b3d?s=96&d=mm&r=g\",\"caption\":\"gaprsa\"},\"url\":\"https:\/\/www.ull.es\/portal\/noticias\/author\/gaprsa\/\"}]}<\/script>\n<!-- \/ Yoast SEO plugin. -->","yoast_head_json":{"title":"Metrotenerife presenta a la Universidad de La Laguna la app ten+vao para el uso del veh\u00edculo compartido - ULL - Noticias","robots":{"index":"index","follow":"follow","max-snippet":"max-snippet:-1","max-image-preview":"max-image-preview:large","max-video-preview":"max-video-preview:-1"},"canonical":"https:\/\/www.ull.es\/portal\/noticias\/2024\/metrotenerife-presenta-a-la-universidad-de-la-laguna-la-app-tenvao-para-el-uso-del-vehiculo-compartido\/","og_locale":"es_ES","og_type":"article","og_title":"Metrotenerife presenta a la Universidad de La Laguna la app ten+vao para el uso del veh\u00edculo compartido - ULL - Noticias","og_description":"La consejera de Movilidad del Cabildo Insular de Tenerife y presidenta de Metrotenerife, Eulalia Garc\u00eda, mantuvo recientemente una reuni\u00f3n t\u00e9cnica...","og_url":"https:\/\/www.ull.es\/portal\/noticias\/2024\/metrotenerife-presenta-a-la-universidad-de-la-laguna-la-app-tenvao-para-el-uso-del-vehiculo-compartido\/","og_site_name":"ULL - Noticias","article_publisher":"https:\/\/www.facebook.com\/universidaddelalaguna\/","article_published_time":"2024-03-12T12:57:10+00:00","article_modified_time":"2024-03-12T13:38:34+00:00","og_image":[{"width":2560,"height":1920,"url":"https:\/\/www.ull.es\/portal\/noticias\/wp-content\/uploads\/sites\/13\/2024\/03\/tranvia-def-scaled.jpg","type":"image\/jpeg"}],"author":"gaprsa","twitter_card":"summary_large_image","twitter_creator":"@CanalULL","twitter_site":"@CanalULL","twitter_misc":{"Escrito por":"gaprsa","Tiempo de lectura":"2 minutos"},"schema":{"@context":"https:\/\/schema.org","@graph":[{"@type":"WebPage","@id":"https:\/\/www.ull.es\/portal\/noticias\/2024\/metrotenerife-presenta-a-la-universidad-de-la-laguna-la-app-tenvao-para-el-uso-del-vehiculo-compartido\/","url":"https:\/\/www.ull.es\/portal\/noticias\/2024\/metrotenerife-presenta-a-la-universidad-de-la-laguna-la-app-tenvao-para-el-uso-del-vehiculo-compartido\/","name":"Metrotenerife presenta a la Universidad de La Laguna la app ten+vao para el uso del veh\u00edculo compartido - ULL - Noticias","isPartOf":{"@id":"https:\/\/www.ull.es\/portal\/noticias\/#website"},"datePublished":"2024-03-12T12:57:10+00:00","dateModified":"2024-03-12T13:38:34+00:00","author":{"@id":"https:\/\/www.ull.es\/portal\/noticias\/#\/schema\/person\/b2b1a89d43ffa609e591f7df8ef3e817"},"breadcrumb":{"@id":"https:\/\/www.ull.es\/portal\/noticias\/2024\/metrotenerife-presenta-a-la-universidad-de-la-laguna-la-app-tenvao-para-el-uso-del-vehiculo-compartido\/#breadcrumb"},"inLanguage":"es","potentialAction":[{"@type":"ReadAction","target":["https:\/\/www.ull.es\/portal\/noticias\/2024\/metrotenerife-presenta-a-la-universidad-de-la-laguna-la-app-tenvao-para-el-uso-del-vehiculo-compartido\/"]}]},{"@type":"BreadcrumbList","@id":"https:\/\/www.ull.es\/portal\/noticias\/2024\/metrotenerife-presenta-a-la-universidad-de-la-laguna-la-app-tenvao-para-el-uso-del-vehiculo-compartido\/#breadcrumb","itemListElement":[{"@type":"ListItem","position":1,"name":"Portada","item":"https:\/\/www.ull.es\/portal\/noticias\/"},{"@type":"ListItem","position":2,"name":"Metrotenerife presenta a la Universidad de La Laguna la app ten+vao para el uso del veh\u00edculo compartido"}]},{"@type":"WebSite","@id":"https:\/\/www.ull.es\/portal\/noticias\/#website","url":"https:\/\/www.ull.es\/portal\/noticias\/","name":"ULL - Noticias","description":"","potentialAction":[{"@type":"SearchAction","target":{"@type":"EntryPoint","urlTemplate":"https:\/\/www.ull.es\/portal\/noticias\/?s={search_term_string}"},"query-input":"required name=search_term_string"}],"inLanguage":"es"},{"@type":"Person","@id":"https:\/\/www.ull.es\/portal\/noticias\/#\/schema\/person\/b2b1a89d43ffa609e591f7df8ef3e817","name":"gaprsa","image":{"@type":"ImageObject","inLanguage":"es","@id":"https:\/\/www.ull.es\/portal\/noticias\/#\/schema\/person\/image\/","url":"https:\/\/secure.gravatar.com\/avatar\/443820550921091458b4823867723b3d?s=96&d=mm&r=g","contentUrl":"https:\/\/secure.gravatar.com\/avatar\/443820550921091458b4823867723b3d?s=96&d=mm&r=g","caption":"gaprsa"},"url":"https:\/\/www.ull.es\/portal\/noticias\/author\/gaprsa\/"}]}},"primary_category":{"id":345,"name":"Destacado","slug":"destacado","link":"https:\/\/www.ull.es\/portal\/noticias\/category\/destacado\/"},"featured_image_thumbnail_url":"https:\/\/www.ull.es\/portal\/noticias\/wp-content\/uploads\/sites\/13\/2024\/03\/tranvia-def-300x225.jpg","_links":{"self":[{"href":"https:\/\/www.ull.es\/portal\/noticias\/wp-json\/wp\/v2\/posts\/74627"}],"collection":[{"href":"https:\/\/www.ull.es\/portal\/noticias\/wp-json\/wp\/v2\/posts"}],"about":[{"href":"https:\/\/www.ull.es\/portal\/noticias\/wp-json\/wp\/v2\/types\/post"}],"author":[{"embeddable":true,"href":"https:\/\/www.ull.es\/portal\/noticias\/wp-json\/wp\/v2\/users\/23"}],"replies":[{"embeddable":true,"href":"https:\/\/www.ull.es\/portal\/noticias\/wp-json\/wp\/v2\/comments?post=74627"}],"version-history":[{"count":4,"href":"https:\/\/www.ull.es\/portal\/noticias\/wp-json\/wp\/v2\/posts\/74627\/revisions"}],"predecessor-version":[{"id":74634,"href":"https:\/\/www.ull.es\/portal\/noticias\/wp-json\/wp\/v2\/posts\/74627\/revisions\/74634"}],"wp:featuredmedia":[{"embeddable":true,"href":"https:\/\/www.ull.es\/portal\/noticias\/wp-json\/wp\/v2\/media\/74629"}],"wp:attachment":[{"href":"https:\/\/www.ull.es\/portal\/noticias\/wp-json\/wp\/v2\/media?parent=74627"}],"wp:term":[{"taxonomy":"category","embeddable":true,"href":"https:\/\/www.ull.es\/portal\/noticias\/wp-json\/wp\/v2\/categories?post=74627"},{"taxonomy":"post_tag","embeddable":true,"href":"https:\/\/www.ull.es\/portal\/noticias\/wp-json\/wp\/v2\/tags?post=74627"}],"curies":[{"name":"wp","href":"https:\/\/api.w.org\/{rel}","templated":true}]}}