{"id":74648,"date":"2024-03-13T11:33:29","date_gmt":"2024-03-13T11:33:29","guid":{"rendered":"https:\/\/www.ull.es\/portal\/noticias\/?p=74648"},"modified":"2024-03-13T11:33:29","modified_gmt":"2024-03-13T11:33:29","slug":"la-universidad-de-la-laguna-edita-el-libro-blanco-sobre-la-economia-social-en-canarias","status":"publish","type":"post","link":"https:\/\/www.ull.es\/portal\/noticias\/2024\/la-universidad-de-la-laguna-edita-el-libro-blanco-sobre-la-economia-social-en-canarias\/","title":{"rendered":"La Universidad de La Laguna edita el Libro Blanco sobre la Econom\u00eda Social en Canarias"},"content":{"rendered":"<p>Dos de los principales problemas a los que se enfrenta la econom\u00eda social son la falta de visibilidad de las entidades que la componen y la escasez de estad\u00edsticas fiables, que no solamente deslinden a este tipo de entidades del resto, sino que ofrezcan una informaci\u00f3n fiable de su contribuci\u00f3n a la econom\u00eda.<\/p>\n<p>El <a href=\"https:\/\/www.ull.es\/servicios\/publicaciones\/\" target=\"_blank\" rel=\"noopener\">Servicio de Publicaciones<\/a> de la Universidad de La Laguna acaba de editar un volumen que despeja esta situaci\u00f3n y pone negro sobre blanco la realidad en esta materia, ante la multiplicaci\u00f3n de las tipolog\u00edas de las entidades de econom\u00eda social y la proliferaci\u00f3n de otras muchas que, sin ser valedoras de los principios y valores de ella, quieren confundir a la ciudadan\u00eda y a los gobiernos intentando hacerse hueco en el mercado.<\/p>\n<p>Este trabajo dirigido por <a href=\"https:\/\/portalciencia.ull.es\/investigadores\/81009\/detalle\" target=\"_blank\" rel=\"noopener\">C\u00e1ndido Rom\u00e1n Cervantes<\/a> e Inmaculada Galv\u00e1n S\u00e1nchez constituye el primero centrado en esta comunidad, que analiza detalladamente la econom\u00eda social de mercado y la que no lo es, lo que facilita una fotograf\u00eda de la situaci\u00f3n actual. Adem\u00e1s, permitir\u00e1 la comparaci\u00f3n con otras comunidades puesto que adopta la metodolog\u00eda que, desde el CIRIEC-Espa\u00f1a, se lleva empleando en otros estudios similares.<\/p>\n<p>Ha sido elaborado por investigadores de Canarias con el \u00e1nimo de poner a disposici\u00f3n de los diferentes tipos de gobiernos (locales, provinciales y regionales) una herramienta que les servir\u00e1 para saber diferenciar las verdaderas entidades de econom\u00eda social, conocer sus virtudes y sus debilidades y poder establecer pol\u00edticas p\u00fablicas encaminadas a favorecer su mantenimiento y proliferaci\u00f3n.<\/p>\n<p>Se decidi\u00f3 estructurarlo en 12 cap\u00edtulos distribuidos en dos partes. En una primera, titulada \u201c\u00c1mbito, definici\u00f3n y escenario jur\u00eddico de la Econom\u00eda Social en Canarias\u201d, est\u00e1 compuesta por dos cap\u00edtulos. Los autores, Juan Miguel D\u00edaz y M\u00aa del Pino Dom\u00ednguez, presentan la normativa jur\u00eddica m\u00e1s relevante europea, nacional y auton\u00f3mica. Se hace un recorrido de los aspectos legislativos desde lo general a lo particular, terminando con la legislaci\u00f3n espec\u00edfica Canarias. Se ha conseguido publicar este Libro Blanco con las \u00faltimas actualizaciones jur\u00eddicas por lo que, tambi\u00e9n incluye la informaci\u00f3n espec\u00edfica de las leyes de econom\u00eda social de Canarias. Ambas aprobadas con el m\u00e1ximo consenso parlamentario.<\/p>\n<p><a href=\"https:\/\/www.ull.es\/portal\/noticias\/wp-content\/uploads\/sites\/13\/2024\/03\/libro-blanco-economia-social-de-Canarias-vertical.jpg\" target=\"_blank\" rel=\"noopener\"><img decoding=\"async\" loading=\"lazy\" class=\"alignleft size-medium wp-image-74650\" src=\"https:\/\/www.ull.es\/portal\/noticias\/wp-content\/uploads\/sites\/13\/2024\/03\/libro-blanco-economia-social-de-Canarias-vertical-214x300.jpg\" alt=\"\" width=\"214\" height=\"300\" srcset=\"https:\/\/www.ull.es\/portal\/noticias\/wp-content\/uploads\/sites\/13\/2024\/03\/libro-blanco-economia-social-de-Canarias-vertical-214x300.jpg 214w, https:\/\/www.ull.es\/portal\/noticias\/wp-content\/uploads\/sites\/13\/2024\/03\/libro-blanco-economia-social-de-Canarias-vertical-375x526.jpg 375w, https:\/\/www.ull.es\/portal\/noticias\/wp-content\/uploads\/sites\/13\/2024\/03\/libro-blanco-economia-social-de-Canarias-vertical.jpg 485w\" sizes=\"(max-width: 214px) 100vw, 214px\" \/><\/a>La segunda parte aborda las cifras de esta materia en Canarias y aglutina los ocho cap\u00edtulos restantes. En el tercero, la autora Olga Gonz\u00e1lez muestra las l\u00edneas que desde la administraci\u00f3n se han llevado a cabo para fomentar la econom\u00eda social. As\u00ed, se desarrollan cu\u00e1les son las pol\u00edticas p\u00fablicas propuestas por la Uni\u00f3n Europea y el Gobierno de Espa\u00f1a, para terminar explicando c\u00f3mo se han aplicado en Canarias.<\/p>\n<p>Los siguientes cap\u00edtulos se centran en ir describiendo el perfil de cada una de las familias de empresas. El cuarto, dedicado a las cooperativas, ha sido escrito por Ana M\u00aa Garc\u00eda, Vanessa Yanes y C\u00e1ndido Rom\u00e1n. Esta familia de empresas tiene una larga tradici\u00f3n en las islas, pero a pesar de esta situaci\u00f3n la informaci\u00f3n no llega a estar del todo disponible en tiempo real. Las autoras presentan los datos m\u00e1s actualizados, detallando de forma pormenorizada cu\u00e1l es la situaci\u00f3n real de las cooperativas canarias.<\/p>\n<p>En el quinto se abordan las sociedades laborales, de tal forma que Juan Miguel D\u00edaz especifica cu\u00e1l es la normativa jur\u00eddica aplicable a este tipo de sociedades. A continuaci\u00f3n, el autor completa dicha visi\u00f3n desde el \u00e1mbito jur\u00eddico, con informaci\u00f3n cuantitativa que hace ver cu\u00e1l es la importancia de las sociedades laborales en Canarias. El siguiente se centra en las sociedades agrarias de transformaci\u00f3n, con la aportaci\u00f3n de C\u00e1ndido Rom\u00e1n sobre la importancia hist\u00f3rica de este tipo de empresas como una forma de cooperativismo mixto que transita entre la solidaridad y el beneficio. Finaliza con algunas recomendaciones sobre la idoneidad de implementar acciones que fomenten este tipo de organizaciones.<\/p>\n<p>Javier Mendoza describe en el cap\u00edtulo dedicado a los centros especiales de empleo y las empresas de inserci\u00f3n la situaci\u00f3n actual en Canarias. Con datos de 2021, los autores hacen ver cu\u00e1l es la preocupaci\u00f3n que existe en las islas por el fomento de estas dos formas jur\u00eddicas novedosas dentro de la econom\u00eda social, presentando a su vez datos sobre subvenciones y ayudas p\u00fablicas convocadas para este tipo de familia. El cap\u00edtulo acerca de las cofrad\u00edas de pescadores cobra especial importancia, dada la idiosincrasia de este archipi\u00e9lago. Se quiere destacar el esfuerzo realizado por \u00c1lvaro D\u00edaz por mostrar los datos m\u00e1s actualizados posibles en lo que respecta al n\u00famero de cofrad\u00edas y al volumen de negocio. No obstante, la falta de datos auton\u00f3micos de la cuant\u00eda de las capturas desagregada por armador ha imposibilitado actualizar este cap\u00edtulo m\u00e1s all\u00e1 de 2017.<\/p>\n<p>En el relativo a las asociaciones de acci\u00f3n social, por Beatriz Guzm\u00e1n, Victoria P\u00e9rez y C\u00e1ndido Rom\u00e1n, se puede encontrar la informaci\u00f3n m\u00e1s reciente. Adem\u00e1s, se aporta la descripci\u00f3n de las cuentas sat\u00e9lites ya que son una de las pocas entidades de las que se dispone esta informaci\u00f3n. En el cap\u00edtulo dedicado a las fundaciones de acci\u00f3n social, los autores Alicia Bol\u00edvar y Domingo Verano desgranan los pocos datos que se encuentran disponibles. Se hace especial hincapi\u00e9 en diferenciar las fundaciones de acci\u00f3n social del resto que no est\u00e1n recogidas dentro de la Ley 5\/2011 de Econom\u00eda Social. Las entidades singulares ONCE, C\u00e1ritas y Cruz Roja tienen un papel diferenciado dentro de este Libro Blanco, dado que sus particularidades las hacen posicionarse entre el sector de lo no lucrativo y las empresas de Econom\u00eda Social. Por \u00faltimo, en el cap\u00edtulo de conclusiones y retos para la econom\u00eda social de Canarias se muestran de forma agregada las principales conclusiones del presente libro.<\/p>\n","protected":false},"excerpt":{"rendered":"<p>Dos de los principales problemas a los que se enfrenta la econom\u00eda social son la falta de visibilidad de las&#8230;<\/p>\n","protected":false},"author":23,"featured_media":74651,"comment_status":"closed","ping_status":"closed","sticky":false,"template":"","format":"standard","meta":{"inline_featured_image":false,"footnotes":""},"categories":[345,350,2765],"tags":[],"acf":[],"yoast_head":"<!-- This site is optimized with the Yoast SEO plugin v21.3 - https:\/\/yoast.com\/wordpress\/plugins\/seo\/ -->\n<title>La Universidad de La Laguna edita el Libro Blanco sobre la Econom\u00eda Social en Canarias - ULL - Noticias<\/title>\n<meta name=\"robots\" content=\"index, follow, max-snippet:-1, max-image-preview:large, max-video-preview:-1\" \/>\n<link rel=\"canonical\" href=\"https:\/\/www.ull.es\/portal\/noticias\/2024\/la-universidad-de-la-laguna-edita-el-libro-blanco-sobre-la-economia-social-en-canarias\/\" \/>\n<meta property=\"og:locale\" content=\"es_ES\" \/>\n<meta property=\"og:type\" content=\"article\" \/>\n<meta property=\"og:title\" content=\"La Universidad de La Laguna edita el Libro Blanco sobre la Econom\u00eda Social en Canarias - ULL - Noticias\" \/>\n<meta property=\"og:description\" content=\"Dos de los principales problemas a los que se enfrenta la econom\u00eda social son la falta de visibilidad de las...\" \/>\n<meta property=\"og:url\" content=\"https:\/\/www.ull.es\/portal\/noticias\/2024\/la-universidad-de-la-laguna-edita-el-libro-blanco-sobre-la-economia-social-en-canarias\/\" \/>\n<meta property=\"og:site_name\" content=\"ULL - Noticias\" \/>\n<meta property=\"article:publisher\" content=\"https:\/\/www.facebook.com\/universidaddelalaguna\/\" \/>\n<meta property=\"article:published_time\" content=\"2024-03-13T11:33:29+00:00\" \/>\n<meta property=\"og:image\" content=\"https:\/\/www.ull.es\/portal\/noticias\/wp-content\/uploads\/sites\/13\/2024\/03\/libro-blanco-ecnomia-social-horizontal.jpg\" \/>\n\t<meta property=\"og:image:width\" content=\"1200\" \/>\n\t<meta property=\"og:image:height\" content=\"800\" \/>\n\t<meta property=\"og:image:type\" content=\"image\/jpeg\" \/>\n<meta name=\"author\" content=\"gaprsa\" \/>\n<meta name=\"twitter:card\" content=\"summary_large_image\" \/>\n<meta name=\"twitter:creator\" content=\"@CanalULL\" \/>\n<meta name=\"twitter:site\" content=\"@CanalULL\" \/>\n<meta name=\"twitter:label1\" content=\"Escrito por\" \/>\n\t<meta name=\"twitter:data1\" content=\"gaprsa\" \/>\n\t<meta name=\"twitter:label2\" content=\"Tiempo de lectura\" \/>\n\t<meta name=\"twitter:data2\" content=\"5 minutos\" \/>\n<script type=\"application\/ld+json\" class=\"yoast-schema-graph\">{\"@context\":\"https:\/\/schema.org\",\"@graph\":[{\"@type\":\"WebPage\",\"@id\":\"https:\/\/www.ull.es\/portal\/noticias\/2024\/la-universidad-de-la-laguna-edita-el-libro-blanco-sobre-la-economia-social-en-canarias\/\",\"url\":\"https:\/\/www.ull.es\/portal\/noticias\/2024\/la-universidad-de-la-laguna-edita-el-libro-blanco-sobre-la-economia-social-en-canarias\/\",\"name\":\"La Universidad de La Laguna edita el Libro Blanco sobre la Econom\u00eda Social en Canarias - ULL - Noticias\",\"isPartOf\":{\"@id\":\"https:\/\/www.ull.es\/portal\/noticias\/#website\"},\"datePublished\":\"2024-03-13T11:33:29+00:00\",\"dateModified\":\"2024-03-13T11:33:29+00:00\",\"author\":{\"@id\":\"https:\/\/www.ull.es\/portal\/noticias\/#\/schema\/person\/b2b1a89d43ffa609e591f7df8ef3e817\"},\"breadcrumb\":{\"@id\":\"https:\/\/www.ull.es\/portal\/noticias\/2024\/la-universidad-de-la-laguna-edita-el-libro-blanco-sobre-la-economia-social-en-canarias\/#breadcrumb\"},\"inLanguage\":\"es\",\"potentialAction\":[{\"@type\":\"ReadAction\",\"target\":[\"https:\/\/www.ull.es\/portal\/noticias\/2024\/la-universidad-de-la-laguna-edita-el-libro-blanco-sobre-la-economia-social-en-canarias\/\"]}]},{\"@type\":\"BreadcrumbList\",\"@id\":\"https:\/\/www.ull.es\/portal\/noticias\/2024\/la-universidad-de-la-laguna-edita-el-libro-blanco-sobre-la-economia-social-en-canarias\/#breadcrumb\",\"itemListElement\":[{\"@type\":\"ListItem\",\"position\":1,\"name\":\"Portada\",\"item\":\"https:\/\/www.ull.es\/portal\/noticias\/\"},{\"@type\":\"ListItem\",\"position\":2,\"name\":\"La Universidad de La Laguna edita el Libro Blanco sobre la Econom\u00eda Social en Canarias\"}]},{\"@type\":\"WebSite\",\"@id\":\"https:\/\/www.ull.es\/portal\/noticias\/#website\",\"url\":\"https:\/\/www.ull.es\/portal\/noticias\/\",\"name\":\"ULL - Noticias\",\"description\":\"\",\"potentialAction\":[{\"@type\":\"SearchAction\",\"target\":{\"@type\":\"EntryPoint\",\"urlTemplate\":\"https:\/\/www.ull.es\/portal\/noticias\/?s={search_term_string}\"},\"query-input\":\"required name=search_term_string\"}],\"inLanguage\":\"es\"},{\"@type\":\"Person\",\"@id\":\"https:\/\/www.ull.es\/portal\/noticias\/#\/schema\/person\/b2b1a89d43ffa609e591f7df8ef3e817\",\"name\":\"gaprsa\",\"image\":{\"@type\":\"ImageObject\",\"inLanguage\":\"es\",\"@id\":\"https:\/\/www.ull.es\/portal\/noticias\/#\/schema\/person\/image\/\",\"url\":\"https:\/\/secure.gravatar.com\/avatar\/443820550921091458b4823867723b3d?s=96&d=mm&r=g\",\"contentUrl\":\"https:\/\/secure.gravatar.com\/avatar\/443820550921091458b4823867723b3d?s=96&d=mm&r=g\",\"caption\":\"gaprsa\"},\"url\":\"https:\/\/www.ull.es\/portal\/noticias\/author\/gaprsa\/\"}]}<\/script>\n<!-- \/ Yoast SEO plugin. -->","yoast_head_json":{"title":"La Universidad de La Laguna edita el Libro Blanco sobre la Econom\u00eda Social en Canarias - ULL - Noticias","robots":{"index":"index","follow":"follow","max-snippet":"max-snippet:-1","max-image-preview":"max-image-preview:large","max-video-preview":"max-video-preview:-1"},"canonical":"https:\/\/www.ull.es\/portal\/noticias\/2024\/la-universidad-de-la-laguna-edita-el-libro-blanco-sobre-la-economia-social-en-canarias\/","og_locale":"es_ES","og_type":"article","og_title":"La Universidad de La Laguna edita el Libro Blanco sobre la Econom\u00eda Social en Canarias - ULL - Noticias","og_description":"Dos de los principales problemas a los que se enfrenta la econom\u00eda social son la falta de visibilidad de las...","og_url":"https:\/\/www.ull.es\/portal\/noticias\/2024\/la-universidad-de-la-laguna-edita-el-libro-blanco-sobre-la-economia-social-en-canarias\/","og_site_name":"ULL - Noticias","article_publisher":"https:\/\/www.facebook.com\/universidaddelalaguna\/","article_published_time":"2024-03-13T11:33:29+00:00","og_image":[{"width":1200,"height":800,"url":"https:\/\/www.ull.es\/portal\/noticias\/wp-content\/uploads\/sites\/13\/2024\/03\/libro-blanco-ecnomia-social-horizontal.jpg","type":"image\/jpeg"}],"author":"gaprsa","twitter_card":"summary_large_image","twitter_creator":"@CanalULL","twitter_site":"@CanalULL","twitter_misc":{"Escrito por":"gaprsa","Tiempo de lectura":"5 minutos"},"schema":{"@context":"https:\/\/schema.org","@graph":[{"@type":"WebPage","@id":"https:\/\/www.ull.es\/portal\/noticias\/2024\/la-universidad-de-la-laguna-edita-el-libro-blanco-sobre-la-economia-social-en-canarias\/","url":"https:\/\/www.ull.es\/portal\/noticias\/2024\/la-universidad-de-la-laguna-edita-el-libro-blanco-sobre-la-economia-social-en-canarias\/","name":"La Universidad de La Laguna edita el Libro Blanco sobre la Econom\u00eda Social en Canarias - ULL - Noticias","isPartOf":{"@id":"https:\/\/www.ull.es\/portal\/noticias\/#website"},"datePublished":"2024-03-13T11:33:29+00:00","dateModified":"2024-03-13T11:33:29+00:00","author":{"@id":"https:\/\/www.ull.es\/portal\/noticias\/#\/schema\/person\/b2b1a89d43ffa609e591f7df8ef3e817"},"breadcrumb":{"@id":"https:\/\/www.ull.es\/portal\/noticias\/2024\/la-universidad-de-la-laguna-edita-el-libro-blanco-sobre-la-economia-social-en-canarias\/#breadcrumb"},"inLanguage":"es","potentialAction":[{"@type":"ReadAction","target":["https:\/\/www.ull.es\/portal\/noticias\/2024\/la-universidad-de-la-laguna-edita-el-libro-blanco-sobre-la-economia-social-en-canarias\/"]}]},{"@type":"BreadcrumbList","@id":"https:\/\/www.ull.es\/portal\/noticias\/2024\/la-universidad-de-la-laguna-edita-el-libro-blanco-sobre-la-economia-social-en-canarias\/#breadcrumb","itemListElement":[{"@type":"ListItem","position":1,"name":"Portada","item":"https:\/\/www.ull.es\/portal\/noticias\/"},{"@type":"ListItem","position":2,"name":"La Universidad de La Laguna edita el Libro Blanco sobre la Econom\u00eda Social en Canarias"}]},{"@type":"WebSite","@id":"https:\/\/www.ull.es\/portal\/noticias\/#website","url":"https:\/\/www.ull.es\/portal\/noticias\/","name":"ULL - Noticias","description":"","potentialAction":[{"@type":"SearchAction","target":{"@type":"EntryPoint","urlTemplate":"https:\/\/www.ull.es\/portal\/noticias\/?s={search_term_string}"},"query-input":"required name=search_term_string"}],"inLanguage":"es"},{"@type":"Person","@id":"https:\/\/www.ull.es\/portal\/noticias\/#\/schema\/person\/b2b1a89d43ffa609e591f7df8ef3e817","name":"gaprsa","image":{"@type":"ImageObject","inLanguage":"es","@id":"https:\/\/www.ull.es\/portal\/noticias\/#\/schema\/person\/image\/","url":"https:\/\/secure.gravatar.com\/avatar\/443820550921091458b4823867723b3d?s=96&d=mm&r=g","contentUrl":"https:\/\/secure.gravatar.com\/avatar\/443820550921091458b4823867723b3d?s=96&d=mm&r=g","caption":"gaprsa"},"url":"https:\/\/www.ull.es\/portal\/noticias\/author\/gaprsa\/"}]}},"primary_category":{"id":345,"name":"Destacado","slug":"destacado","link":"https:\/\/www.ull.es\/portal\/noticias\/category\/destacado\/"},"featured_image_thumbnail_url":"https:\/\/www.ull.es\/portal\/noticias\/wp-content\/uploads\/sites\/13\/2024\/03\/libro-blanco-ecnomia-social-horizontal-300x200.jpg","_links":{"self":[{"href":"https:\/\/www.ull.es\/portal\/noticias\/wp-json\/wp\/v2\/posts\/74648"}],"collection":[{"href":"https:\/\/www.ull.es\/portal\/noticias\/wp-json\/wp\/v2\/posts"}],"about":[{"href":"https:\/\/www.ull.es\/portal\/noticias\/wp-json\/wp\/v2\/types\/post"}],"author":[{"embeddable":true,"href":"https:\/\/www.ull.es\/portal\/noticias\/wp-json\/wp\/v2\/users\/23"}],"replies":[{"embeddable":true,"href":"https:\/\/www.ull.es\/portal\/noticias\/wp-json\/wp\/v2\/comments?post=74648"}],"version-history":[{"count":2,"href":"https:\/\/www.ull.es\/portal\/noticias\/wp-json\/wp\/v2\/posts\/74648\/revisions"}],"predecessor-version":[{"id":74652,"href":"https:\/\/www.ull.es\/portal\/noticias\/wp-json\/wp\/v2\/posts\/74648\/revisions\/74652"}],"wp:featuredmedia":[{"embeddable":true,"href":"https:\/\/www.ull.es\/portal\/noticias\/wp-json\/wp\/v2\/media\/74651"}],"wp:attachment":[{"href":"https:\/\/www.ull.es\/portal\/noticias\/wp-json\/wp\/v2\/media?parent=74648"}],"wp:term":[{"taxonomy":"category","embeddable":true,"href":"https:\/\/www.ull.es\/portal\/noticias\/wp-json\/wp\/v2\/categories?post=74648"},{"taxonomy":"post_tag","embeddable":true,"href":"https:\/\/www.ull.es\/portal\/noticias\/wp-json\/wp\/v2\/tags?post=74648"}],"curies":[{"name":"wp","href":"https:\/\/api.w.org\/{rel}","templated":true}]}}