{"id":74653,"date":"2024-03-13T11:54:09","date_gmt":"2024-03-13T11:54:09","guid":{"rendered":"https:\/\/www.ull.es\/portal\/noticias\/?p=74653"},"modified":"2024-03-13T11:54:09","modified_gmt":"2024-03-13T11:54:09","slug":"arranca-la-segunda-edicion-del-proyecto-educativo-hipotesis-de-la-universidad-de-la-laguna","status":"publish","type":"post","link":"https:\/\/www.ull.es\/portal\/noticias\/2024\/arranca-la-segunda-edicion-del-proyecto-educativo-hipotesis-de-la-universidad-de-la-laguna\/","title":{"rendered":"Arranca la segunda edici\u00f3n del proyecto educativo Hip\u00f3tesis de la Universidad de La Laguna"},"content":{"rendered":"<p><span style=\"font-weight: 400\">Por segundo a\u00f1o consecutivo, la revista de la Universidad de La Laguna <a href=\"https:\/\/www.ull.es\/portal\/cienciaull\/revistahipotesis\/\" target=\"_blank\" rel=\"noopener\">Hip\u00f3tesis<\/a> comienza su proyecto educativo con la participaci\u00f3n de siete institutos de Tenerife y Fuerteventura. La iniciativa busca incentivar la investigaci\u00f3n e indagaci\u00f3n cient\u00edfica a trav\u00e9s del periodismo e invita a los escolares de las islas a que redacten un trabajo period\u00edstico o divulgativo sobre alg\u00fan tema relacionado con la investigaci\u00f3n cient\u00edfica que le resulte de inter\u00e9s.\u00a0<\/span><\/p>\n<p><span style=\"font-weight: 400\">Desde el periodismo cient\u00edfico, el proyecto busca\u00a0 fomentar el inter\u00e9s por la ciencia y la investigaci\u00f3n entre el alumnado de niveles no universitarios. Desde los trabajos que deber\u00e1 preparar y redactar el alumnado se podr\u00e1n aproximar al mundo de la investigaci\u00f3n y de la divulgaci\u00f3n cient\u00edfica, fomentando el gusto por la ciencia, estimulando el trabajo aut\u00f3nomo y adquiriendo las habilidades de comunicaci\u00f3n necesarias para la redacci\u00f3n de un trabajo de esta categor\u00eda.\u00a0<\/span><\/p>\n<p><span style=\"font-weight: 400\">Los centros participantes son el IES Corralejo en Fuerteventura, IES Las Galletas en Arona,\u00a0 IES Realejos, IES Marina Cebri\u00e1n en Santa Cruz de Tenerife, IES Santa Ana de Candelaria, IES Geneto en La Laguna y el IES San Andr\u00e9s de Santa Cruz de Tenerife.\u00a0<\/span><\/p>\n<p><span style=\"font-weight: 400\">De manera individual o en grupo, el alumnado participante, con el apoyo de dos jornadas de formaci\u00f3n, tendr\u00e1 que redactar un trabajo period\u00edstico como producto final de un proceso de investigaci\u00f3n e indagaci\u00f3n previo, donde debe consultar fuentes, contrastar informaci\u00f3n y realizar tareas de documentaci\u00f3n. En las sesiones de formaci\u00f3n se les impartir\u00e1 conceptos b\u00e1sicos relacionados con la redacci\u00f3n de trabajos period\u00edsticos como g\u00e9neros, estructura, flujo de informaci\u00f3n, partes del texto, etc. Este bagaje period\u00edstico le facilitar\u00e1 la comprensi\u00f3n del tema abordado desde diferentes puntos de vista, un abordaje que quiz\u00e1s no hubiera realizado desde la educaci\u00f3n reglada.\u00a0<\/span><\/p>\n<p><span style=\"font-weight: 400\">Los mejores trabajos, tanto por redacci\u00f3n como por su memoria, ser\u00e1n publicados en Hip\u00f3tesis, la revista de divulgaci\u00f3n cient\u00edfica de La Universidad de La Laguna. En la primera edici\u00f3n se presentaron 15 art\u00edculos de 8 centros escolares, de los cuales siete fueron seleccionados y publicados en el n\u00ba 16 de la revista. Este n\u00famero, como los anteriores, est\u00e1n disponibles para su descarga gratuita en las plataformas de descarga de apps de\u00a0 Android e iOS, adem\u00e1s de su <\/span><a href=\"https:\/\/www.ull.es\/portal\/cienciaull\/tabletplanet\/?w=4496&amp;s=portada\" target=\"_blank\" rel=\"noopener\"><span style=\"font-weight: 400\">versi\u00f3n web<\/span><\/a><\/p>\n<p><span style=\"font-weight: 400\">La revista Hip\u00f3tesis y su proyecto educativo es una iniciativa de la instituci\u00f3n acad\u00e9mica a trav\u00e9s de su <a href=\"https:\/\/www.ull.es\/portal\/cienciaull\/\" target=\"_blank\" rel=\"noopener\">Unidad de Cultura Cient\u00edfica y de la Innovaci\u00f3n (Cienci@ULL)<\/a> y cuenta con la colaboraci\u00f3n de\u00a0 la Consejer\u00eda de Educaci\u00f3n, Formaci\u00f3n Profesional, Actividad F\u00edsica y Deportes del Gobierno de Canarias.\u00a0 <\/span><\/p>\n","protected":false},"excerpt":{"rendered":"<p>Por segundo a\u00f1o consecutivo, la revista de la Universidad de La Laguna Hip\u00f3tesis comienza su proyecto educativo con la participaci\u00f3n&#8230;<\/p>\n","protected":false},"author":23,"featured_media":74655,"comment_status":"closed","ping_status":"closed","sticky":false,"template":"","format":"standard","meta":{"inline_featured_image":false,"footnotes":""},"categories":[345,350,2765],"tags":[],"acf":[],"yoast_head":"<!-- This site is optimized with the Yoast SEO plugin v21.3 - https:\/\/yoast.com\/wordpress\/plugins\/seo\/ -->\n<title>Arranca la segunda edici\u00f3n del proyecto educativo Hip\u00f3tesis de la Universidad de La Laguna - ULL - Noticias<\/title>\n<meta name=\"robots\" content=\"index, follow, max-snippet:-1, max-image-preview:large, max-video-preview:-1\" \/>\n<link rel=\"canonical\" href=\"https:\/\/www.ull.es\/portal\/noticias\/2024\/arranca-la-segunda-edicion-del-proyecto-educativo-hipotesis-de-la-universidad-de-la-laguna\/\" \/>\n<meta property=\"og:locale\" content=\"es_ES\" \/>\n<meta property=\"og:type\" content=\"article\" \/>\n<meta property=\"og:title\" content=\"Arranca la segunda edici\u00f3n del proyecto educativo Hip\u00f3tesis de la Universidad de La Laguna - ULL - Noticias\" \/>\n<meta property=\"og:description\" content=\"Por segundo a\u00f1o consecutivo, la revista de la Universidad de La Laguna Hip\u00f3tesis comienza su proyecto educativo con la participaci\u00f3n...\" \/>\n<meta property=\"og:url\" content=\"https:\/\/www.ull.es\/portal\/noticias\/2024\/arranca-la-segunda-edicion-del-proyecto-educativo-hipotesis-de-la-universidad-de-la-laguna\/\" \/>\n<meta property=\"og:site_name\" content=\"ULL - Noticias\" \/>\n<meta property=\"article:publisher\" content=\"https:\/\/www.facebook.com\/universidaddelalaguna\/\" \/>\n<meta property=\"article:published_time\" content=\"2024-03-13T11:54:09+00:00\" \/>\n<meta property=\"og:image\" content=\"https:\/\/www.ull.es\/portal\/noticias\/wp-content\/uploads\/sites\/13\/2024\/03\/hp_proyectoeduactivo_750x370.jpg\" \/>\n\t<meta property=\"og:image:width\" content=\"1562\" \/>\n\t<meta property=\"og:image:height\" content=\"771\" \/>\n\t<meta property=\"og:image:type\" content=\"image\/jpeg\" \/>\n<meta name=\"author\" content=\"gaprsa\" \/>\n<meta name=\"twitter:card\" content=\"summary_large_image\" \/>\n<meta name=\"twitter:creator\" content=\"@CanalULL\" \/>\n<meta name=\"twitter:site\" content=\"@CanalULL\" \/>\n<meta name=\"twitter:label1\" content=\"Escrito por\" \/>\n\t<meta name=\"twitter:data1\" content=\"gaprsa\" \/>\n\t<meta name=\"twitter:label2\" content=\"Tiempo de lectura\" \/>\n\t<meta name=\"twitter:data2\" content=\"2 minutos\" \/>\n<script type=\"application\/ld+json\" class=\"yoast-schema-graph\">{\"@context\":\"https:\/\/schema.org\",\"@graph\":[{\"@type\":\"WebPage\",\"@id\":\"https:\/\/www.ull.es\/portal\/noticias\/2024\/arranca-la-segunda-edicion-del-proyecto-educativo-hipotesis-de-la-universidad-de-la-laguna\/\",\"url\":\"https:\/\/www.ull.es\/portal\/noticias\/2024\/arranca-la-segunda-edicion-del-proyecto-educativo-hipotesis-de-la-universidad-de-la-laguna\/\",\"name\":\"Arranca la segunda edici\u00f3n del proyecto educativo Hip\u00f3tesis de la Universidad de La Laguna - ULL - Noticias\",\"isPartOf\":{\"@id\":\"https:\/\/www.ull.es\/portal\/noticias\/#website\"},\"datePublished\":\"2024-03-13T11:54:09+00:00\",\"dateModified\":\"2024-03-13T11:54:09+00:00\",\"author\":{\"@id\":\"https:\/\/www.ull.es\/portal\/noticias\/#\/schema\/person\/b2b1a89d43ffa609e591f7df8ef3e817\"},\"breadcrumb\":{\"@id\":\"https:\/\/www.ull.es\/portal\/noticias\/2024\/arranca-la-segunda-edicion-del-proyecto-educativo-hipotesis-de-la-universidad-de-la-laguna\/#breadcrumb\"},\"inLanguage\":\"es\",\"potentialAction\":[{\"@type\":\"ReadAction\",\"target\":[\"https:\/\/www.ull.es\/portal\/noticias\/2024\/arranca-la-segunda-edicion-del-proyecto-educativo-hipotesis-de-la-universidad-de-la-laguna\/\"]}]},{\"@type\":\"BreadcrumbList\",\"@id\":\"https:\/\/www.ull.es\/portal\/noticias\/2024\/arranca-la-segunda-edicion-del-proyecto-educativo-hipotesis-de-la-universidad-de-la-laguna\/#breadcrumb\",\"itemListElement\":[{\"@type\":\"ListItem\",\"position\":1,\"name\":\"Portada\",\"item\":\"https:\/\/www.ull.es\/portal\/noticias\/\"},{\"@type\":\"ListItem\",\"position\":2,\"name\":\"Arranca la segunda edici\u00f3n del proyecto educativo Hip\u00f3tesis de la Universidad de La Laguna\"}]},{\"@type\":\"WebSite\",\"@id\":\"https:\/\/www.ull.es\/portal\/noticias\/#website\",\"url\":\"https:\/\/www.ull.es\/portal\/noticias\/\",\"name\":\"ULL - Noticias\",\"description\":\"\",\"potentialAction\":[{\"@type\":\"SearchAction\",\"target\":{\"@type\":\"EntryPoint\",\"urlTemplate\":\"https:\/\/www.ull.es\/portal\/noticias\/?s={search_term_string}\"},\"query-input\":\"required name=search_term_string\"}],\"inLanguage\":\"es\"},{\"@type\":\"Person\",\"@id\":\"https:\/\/www.ull.es\/portal\/noticias\/#\/schema\/person\/b2b1a89d43ffa609e591f7df8ef3e817\",\"name\":\"gaprsa\",\"image\":{\"@type\":\"ImageObject\",\"inLanguage\":\"es\",\"@id\":\"https:\/\/www.ull.es\/portal\/noticias\/#\/schema\/person\/image\/\",\"url\":\"https:\/\/secure.gravatar.com\/avatar\/443820550921091458b4823867723b3d?s=96&d=mm&r=g\",\"contentUrl\":\"https:\/\/secure.gravatar.com\/avatar\/443820550921091458b4823867723b3d?s=96&d=mm&r=g\",\"caption\":\"gaprsa\"},\"url\":\"https:\/\/www.ull.es\/portal\/noticias\/author\/gaprsa\/\"}]}<\/script>\n<!-- \/ Yoast SEO plugin. -->","yoast_head_json":{"title":"Arranca la segunda edici\u00f3n del proyecto educativo Hip\u00f3tesis de la Universidad de La Laguna - ULL - Noticias","robots":{"index":"index","follow":"follow","max-snippet":"max-snippet:-1","max-image-preview":"max-image-preview:large","max-video-preview":"max-video-preview:-1"},"canonical":"https:\/\/www.ull.es\/portal\/noticias\/2024\/arranca-la-segunda-edicion-del-proyecto-educativo-hipotesis-de-la-universidad-de-la-laguna\/","og_locale":"es_ES","og_type":"article","og_title":"Arranca la segunda edici\u00f3n del proyecto educativo Hip\u00f3tesis de la Universidad de La Laguna - ULL - Noticias","og_description":"Por segundo a\u00f1o consecutivo, la revista de la Universidad de La Laguna Hip\u00f3tesis comienza su proyecto educativo con la participaci\u00f3n...","og_url":"https:\/\/www.ull.es\/portal\/noticias\/2024\/arranca-la-segunda-edicion-del-proyecto-educativo-hipotesis-de-la-universidad-de-la-laguna\/","og_site_name":"ULL - Noticias","article_publisher":"https:\/\/www.facebook.com\/universidaddelalaguna\/","article_published_time":"2024-03-13T11:54:09+00:00","og_image":[{"width":1562,"height":771,"url":"https:\/\/www.ull.es\/portal\/noticias\/wp-content\/uploads\/sites\/13\/2024\/03\/hp_proyectoeduactivo_750x370.jpg","type":"image\/jpeg"}],"author":"gaprsa","twitter_card":"summary_large_image","twitter_creator":"@CanalULL","twitter_site":"@CanalULL","twitter_misc":{"Escrito por":"gaprsa","Tiempo de lectura":"2 minutos"},"schema":{"@context":"https:\/\/schema.org","@graph":[{"@type":"WebPage","@id":"https:\/\/www.ull.es\/portal\/noticias\/2024\/arranca-la-segunda-edicion-del-proyecto-educativo-hipotesis-de-la-universidad-de-la-laguna\/","url":"https:\/\/www.ull.es\/portal\/noticias\/2024\/arranca-la-segunda-edicion-del-proyecto-educativo-hipotesis-de-la-universidad-de-la-laguna\/","name":"Arranca la segunda edici\u00f3n del proyecto educativo Hip\u00f3tesis de la Universidad de La Laguna - ULL - Noticias","isPartOf":{"@id":"https:\/\/www.ull.es\/portal\/noticias\/#website"},"datePublished":"2024-03-13T11:54:09+00:00","dateModified":"2024-03-13T11:54:09+00:00","author":{"@id":"https:\/\/www.ull.es\/portal\/noticias\/#\/schema\/person\/b2b1a89d43ffa609e591f7df8ef3e817"},"breadcrumb":{"@id":"https:\/\/www.ull.es\/portal\/noticias\/2024\/arranca-la-segunda-edicion-del-proyecto-educativo-hipotesis-de-la-universidad-de-la-laguna\/#breadcrumb"},"inLanguage":"es","potentialAction":[{"@type":"ReadAction","target":["https:\/\/www.ull.es\/portal\/noticias\/2024\/arranca-la-segunda-edicion-del-proyecto-educativo-hipotesis-de-la-universidad-de-la-laguna\/"]}]},{"@type":"BreadcrumbList","@id":"https:\/\/www.ull.es\/portal\/noticias\/2024\/arranca-la-segunda-edicion-del-proyecto-educativo-hipotesis-de-la-universidad-de-la-laguna\/#breadcrumb","itemListElement":[{"@type":"ListItem","position":1,"name":"Portada","item":"https:\/\/www.ull.es\/portal\/noticias\/"},{"@type":"ListItem","position":2,"name":"Arranca la segunda edici\u00f3n del proyecto educativo Hip\u00f3tesis de la Universidad de La Laguna"}]},{"@type":"WebSite","@id":"https:\/\/www.ull.es\/portal\/noticias\/#website","url":"https:\/\/www.ull.es\/portal\/noticias\/","name":"ULL - Noticias","description":"","potentialAction":[{"@type":"SearchAction","target":{"@type":"EntryPoint","urlTemplate":"https:\/\/www.ull.es\/portal\/noticias\/?s={search_term_string}"},"query-input":"required name=search_term_string"}],"inLanguage":"es"},{"@type":"Person","@id":"https:\/\/www.ull.es\/portal\/noticias\/#\/schema\/person\/b2b1a89d43ffa609e591f7df8ef3e817","name":"gaprsa","image":{"@type":"ImageObject","inLanguage":"es","@id":"https:\/\/www.ull.es\/portal\/noticias\/#\/schema\/person\/image\/","url":"https:\/\/secure.gravatar.com\/avatar\/443820550921091458b4823867723b3d?s=96&d=mm&r=g","contentUrl":"https:\/\/secure.gravatar.com\/avatar\/443820550921091458b4823867723b3d?s=96&d=mm&r=g","caption":"gaprsa"},"url":"https:\/\/www.ull.es\/portal\/noticias\/author\/gaprsa\/"}]}},"primary_category":{"id":345,"name":"Destacado","slug":"destacado","link":"https:\/\/www.ull.es\/portal\/noticias\/category\/destacado\/"},"featured_image_thumbnail_url":"https:\/\/www.ull.es\/portal\/noticias\/wp-content\/uploads\/sites\/13\/2024\/03\/hp_proyectoeduactivo_750x370-300x148.jpg","_links":{"self":[{"href":"https:\/\/www.ull.es\/portal\/noticias\/wp-json\/wp\/v2\/posts\/74653"}],"collection":[{"href":"https:\/\/www.ull.es\/portal\/noticias\/wp-json\/wp\/v2\/posts"}],"about":[{"href":"https:\/\/www.ull.es\/portal\/noticias\/wp-json\/wp\/v2\/types\/post"}],"author":[{"embeddable":true,"href":"https:\/\/www.ull.es\/portal\/noticias\/wp-json\/wp\/v2\/users\/23"}],"replies":[{"embeddable":true,"href":"https:\/\/www.ull.es\/portal\/noticias\/wp-json\/wp\/v2\/comments?post=74653"}],"version-history":[{"count":2,"href":"https:\/\/www.ull.es\/portal\/noticias\/wp-json\/wp\/v2\/posts\/74653\/revisions"}],"predecessor-version":[{"id":74656,"href":"https:\/\/www.ull.es\/portal\/noticias\/wp-json\/wp\/v2\/posts\/74653\/revisions\/74656"}],"wp:featuredmedia":[{"embeddable":true,"href":"https:\/\/www.ull.es\/portal\/noticias\/wp-json\/wp\/v2\/media\/74655"}],"wp:attachment":[{"href":"https:\/\/www.ull.es\/portal\/noticias\/wp-json\/wp\/v2\/media?parent=74653"}],"wp:term":[{"taxonomy":"category","embeddable":true,"href":"https:\/\/www.ull.es\/portal\/noticias\/wp-json\/wp\/v2\/categories?post=74653"},{"taxonomy":"post_tag","embeddable":true,"href":"https:\/\/www.ull.es\/portal\/noticias\/wp-json\/wp\/v2\/tags?post=74653"}],"curies":[{"name":"wp","href":"https:\/\/api.w.org\/{rel}","templated":true}]}}