{"id":74676,"date":"2024-03-14T12:21:41","date_gmt":"2024-03-14T12:21:41","guid":{"rendered":"https:\/\/www.ull.es\/portal\/noticias\/?p=74676"},"modified":"2024-03-14T12:23:01","modified_gmt":"2024-03-14T12:23:01","slug":"la-musica-y-la-danza-checas-llegan-al-paraninfo-de-la-universidad-de-la-laguna-de-la-mano-de-la-violinista-suhajka","status":"publish","type":"post","link":"https:\/\/www.ull.es\/portal\/noticias\/2024\/la-musica-y-la-danza-checas-llegan-al-paraninfo-de-la-universidad-de-la-laguna-de-la-mano-de-la-violinista-suhajka\/","title":{"rendered":"La m\u00fasica y la danza checas llegan al Paraninfo de la Universidad de La Laguna de la mano de la violinista Suhajka"},"content":{"rendered":"<p>Soprano y violinista, Suhajka es una artista checa polifac\u00e9tica, gran conocedora adem\u00e1s del folklore de los pa\u00edses eslavos y mediterr\u00e1neo. Graduada en el Music High School de Brno, fue componente y solista de varios grupos de m\u00fasica sacra y folkl\u00f3rica de su pa\u00eds. Desde su llegada a Espa\u00f1a, hace 18 a\u00f1os, se dedica a la creaci\u00f3n de espect\u00e1culos esc\u00e9nicos, especializ\u00e1ndose en danza y en acrobacia con fuego y espada, con actuaciones en T\u00fanez, India, Egipto e Inglaterra. Suhajka actuar\u00e1 ma\u00f1ana viernes 15 de marzo a las 20.30 horas en el Paraninfo de la Universidad de La Laguna en una velada titulada &#8216;Cantando emociones&#8217;. Las entradas pueden adquirirse al precio de diez euros en este <a href=\"https:\/\/www.tomaticket.es\/ca-es\/tiquet-suhajka-en-tenerife\" target=\"_blank\" rel=\"noopener\">enlace<\/a>.<\/p>\n<p>De hecho, es en Tenerife donde ha continuado sus estudios superiores de viol\u00edn bajo la tutela de Branimir Hristov e inici\u00f3 estudios de viola con Macarena Pesutic en el Conservatorio Superior de M\u00fasica de Santa Cruz de Tenerife. Adem\u00e1s, se ha formado en canto l\u00edrico con la soprano Carmen Acosta y ha participado en clases magistrales con Nancy Fabiola Herrera, Martha Matheu (Liceum), Ricardo Estrada y Raquel Lojendio, entre otros.<\/p>\n<p>La artista checa se ha presentado como solista en el Museo Etnogr\u00e1fico de Madrid, Museo Nacional de Praga, el Real Casino de Tenerife, Mapfre Guanarteme Fundaci\u00f3n, Paraninfo de la Universidad de La Laguna, Sala Timanfaya, Casa museo \u00c1baco o el Teatro Infanta Leonor.<\/p>\n<p>Suhajka ha participado como componente de varias agrupaciones en festivales como Xeroxen (Centro Cultural El Tanque), Festival de Zarzuela (Teatro Guimer\u00e1), Festival Fimucit\u00e9 (Teatro Guimer\u00e1), Ensamble Contempor\u00e1neo (Colaboraci\u00f3n con Orquesta Sinf\u00f3nica de Tenerife), y en ciclos de m\u00fasica de c\u00e1mara en lugares como el Museo de Bellas Artes o el Teatro Infanta Leonor.<\/p>\n","protected":false},"excerpt":{"rendered":"<p>Soprano y violinista, Suhajka es una artista checa polifac\u00e9tica, gran conocedora adem\u00e1s del folklore de los pa\u00edses eslavos y mediterr\u00e1neo&#8230;.<\/p>\n","protected":false},"author":23,"featured_media":74677,"comment_status":"closed","ping_status":"closed","sticky":false,"template":"","format":"standard","meta":{"inline_featured_image":false,"footnotes":""},"categories":[344,345,2765],"tags":[],"acf":[],"yoast_head":"<!-- This site is optimized with the Yoast SEO plugin v21.3 - https:\/\/yoast.com\/wordpress\/plugins\/seo\/ -->\n<title>La m\u00fasica y la danza checas llegan al Paraninfo de la Universidad de La Laguna de la mano de la violinista Suhajka - ULL - Noticias<\/title>\n<meta name=\"robots\" content=\"index, follow, max-snippet:-1, max-image-preview:large, max-video-preview:-1\" \/>\n<link rel=\"canonical\" href=\"https:\/\/www.ull.es\/portal\/noticias\/2024\/la-musica-y-la-danza-checas-llegan-al-paraninfo-de-la-universidad-de-la-laguna-de-la-mano-de-la-violinista-suhajka\/\" \/>\n<meta property=\"og:locale\" content=\"es_ES\" \/>\n<meta property=\"og:type\" content=\"article\" \/>\n<meta property=\"og:title\" content=\"La m\u00fasica y la danza checas llegan al Paraninfo de la Universidad de La Laguna de la mano de la violinista Suhajka - ULL - Noticias\" \/>\n<meta property=\"og:description\" content=\"Soprano y violinista, Suhajka es una artista checa polifac\u00e9tica, gran conocedora adem\u00e1s del folklore de los pa\u00edses eslavos y mediterr\u00e1neo....\" \/>\n<meta property=\"og:url\" content=\"https:\/\/www.ull.es\/portal\/noticias\/2024\/la-musica-y-la-danza-checas-llegan-al-paraninfo-de-la-universidad-de-la-laguna-de-la-mano-de-la-violinista-suhajka\/\" \/>\n<meta property=\"og:site_name\" content=\"ULL - Noticias\" \/>\n<meta property=\"article:publisher\" content=\"https:\/\/www.facebook.com\/universidaddelalaguna\/\" \/>\n<meta property=\"article:published_time\" content=\"2024-03-14T12:21:41+00:00\" \/>\n<meta property=\"article:modified_time\" content=\"2024-03-14T12:23:01+00:00\" \/>\n<meta property=\"og:image\" content=\"https:\/\/www.ull.es\/portal\/noticias\/wp-content\/uploads\/sites\/13\/2024\/03\/suhajka-paraninfo.jpg\" \/>\n\t<meta property=\"og:image:width\" content=\"2048\" \/>\n\t<meta property=\"og:image:height\" content=\"1024\" \/>\n\t<meta property=\"og:image:type\" content=\"image\/jpeg\" \/>\n<meta name=\"author\" content=\"gaprsa\" \/>\n<meta name=\"twitter:card\" content=\"summary_large_image\" \/>\n<meta name=\"twitter:creator\" content=\"@CanalULL\" \/>\n<meta name=\"twitter:site\" content=\"@CanalULL\" \/>\n<meta name=\"twitter:label1\" content=\"Escrito por\" \/>\n\t<meta name=\"twitter:data1\" content=\"gaprsa\" \/>\n\t<meta name=\"twitter:label2\" content=\"Tiempo de lectura\" \/>\n\t<meta name=\"twitter:data2\" content=\"2 minutos\" \/>\n<script type=\"application\/ld+json\" class=\"yoast-schema-graph\">{\"@context\":\"https:\/\/schema.org\",\"@graph\":[{\"@type\":\"WebPage\",\"@id\":\"https:\/\/www.ull.es\/portal\/noticias\/2024\/la-musica-y-la-danza-checas-llegan-al-paraninfo-de-la-universidad-de-la-laguna-de-la-mano-de-la-violinista-suhajka\/\",\"url\":\"https:\/\/www.ull.es\/portal\/noticias\/2024\/la-musica-y-la-danza-checas-llegan-al-paraninfo-de-la-universidad-de-la-laguna-de-la-mano-de-la-violinista-suhajka\/\",\"name\":\"La m\u00fasica y la danza checas llegan al Paraninfo de la Universidad de La Laguna de la mano de la violinista Suhajka - ULL - Noticias\",\"isPartOf\":{\"@id\":\"https:\/\/www.ull.es\/portal\/noticias\/#website\"},\"datePublished\":\"2024-03-14T12:21:41+00:00\",\"dateModified\":\"2024-03-14T12:23:01+00:00\",\"author\":{\"@id\":\"https:\/\/www.ull.es\/portal\/noticias\/#\/schema\/person\/b2b1a89d43ffa609e591f7df8ef3e817\"},\"breadcrumb\":{\"@id\":\"https:\/\/www.ull.es\/portal\/noticias\/2024\/la-musica-y-la-danza-checas-llegan-al-paraninfo-de-la-universidad-de-la-laguna-de-la-mano-de-la-violinista-suhajka\/#breadcrumb\"},\"inLanguage\":\"es\",\"potentialAction\":[{\"@type\":\"ReadAction\",\"target\":[\"https:\/\/www.ull.es\/portal\/noticias\/2024\/la-musica-y-la-danza-checas-llegan-al-paraninfo-de-la-universidad-de-la-laguna-de-la-mano-de-la-violinista-suhajka\/\"]}]},{\"@type\":\"BreadcrumbList\",\"@id\":\"https:\/\/www.ull.es\/portal\/noticias\/2024\/la-musica-y-la-danza-checas-llegan-al-paraninfo-de-la-universidad-de-la-laguna-de-la-mano-de-la-violinista-suhajka\/#breadcrumb\",\"itemListElement\":[{\"@type\":\"ListItem\",\"position\":1,\"name\":\"Portada\",\"item\":\"https:\/\/www.ull.es\/portal\/noticias\/\"},{\"@type\":\"ListItem\",\"position\":2,\"name\":\"La m\u00fasica y la danza checas llegan al Paraninfo de la Universidad de La Laguna de la mano de la violinista Suhajka\"}]},{\"@type\":\"WebSite\",\"@id\":\"https:\/\/www.ull.es\/portal\/noticias\/#website\",\"url\":\"https:\/\/www.ull.es\/portal\/noticias\/\",\"name\":\"ULL - Noticias\",\"description\":\"\",\"potentialAction\":[{\"@type\":\"SearchAction\",\"target\":{\"@type\":\"EntryPoint\",\"urlTemplate\":\"https:\/\/www.ull.es\/portal\/noticias\/?s={search_term_string}\"},\"query-input\":\"required name=search_term_string\"}],\"inLanguage\":\"es\"},{\"@type\":\"Person\",\"@id\":\"https:\/\/www.ull.es\/portal\/noticias\/#\/schema\/person\/b2b1a89d43ffa609e591f7df8ef3e817\",\"name\":\"gaprsa\",\"image\":{\"@type\":\"ImageObject\",\"inLanguage\":\"es\",\"@id\":\"https:\/\/www.ull.es\/portal\/noticias\/#\/schema\/person\/image\/\",\"url\":\"https:\/\/secure.gravatar.com\/avatar\/443820550921091458b4823867723b3d?s=96&d=mm&r=g\",\"contentUrl\":\"https:\/\/secure.gravatar.com\/avatar\/443820550921091458b4823867723b3d?s=96&d=mm&r=g\",\"caption\":\"gaprsa\"},\"url\":\"https:\/\/www.ull.es\/portal\/noticias\/author\/gaprsa\/\"}]}<\/script>\n<!-- \/ Yoast SEO plugin. -->","yoast_head_json":{"title":"La m\u00fasica y la danza checas llegan al Paraninfo de la Universidad de La Laguna de la mano de la violinista Suhajka - ULL - Noticias","robots":{"index":"index","follow":"follow","max-snippet":"max-snippet:-1","max-image-preview":"max-image-preview:large","max-video-preview":"max-video-preview:-1"},"canonical":"https:\/\/www.ull.es\/portal\/noticias\/2024\/la-musica-y-la-danza-checas-llegan-al-paraninfo-de-la-universidad-de-la-laguna-de-la-mano-de-la-violinista-suhajka\/","og_locale":"es_ES","og_type":"article","og_title":"La m\u00fasica y la danza checas llegan al Paraninfo de la Universidad de La Laguna de la mano de la violinista Suhajka - ULL - Noticias","og_description":"Soprano y violinista, Suhajka es una artista checa polifac\u00e9tica, gran conocedora adem\u00e1s del folklore de los pa\u00edses eslavos y mediterr\u00e1neo....","og_url":"https:\/\/www.ull.es\/portal\/noticias\/2024\/la-musica-y-la-danza-checas-llegan-al-paraninfo-de-la-universidad-de-la-laguna-de-la-mano-de-la-violinista-suhajka\/","og_site_name":"ULL - Noticias","article_publisher":"https:\/\/www.facebook.com\/universidaddelalaguna\/","article_published_time":"2024-03-14T12:21:41+00:00","article_modified_time":"2024-03-14T12:23:01+00:00","og_image":[{"width":2048,"height":1024,"url":"https:\/\/www.ull.es\/portal\/noticias\/wp-content\/uploads\/sites\/13\/2024\/03\/suhajka-paraninfo.jpg","type":"image\/jpeg"}],"author":"gaprsa","twitter_card":"summary_large_image","twitter_creator":"@CanalULL","twitter_site":"@CanalULL","twitter_misc":{"Escrito por":"gaprsa","Tiempo de lectura":"2 minutos"},"schema":{"@context":"https:\/\/schema.org","@graph":[{"@type":"WebPage","@id":"https:\/\/www.ull.es\/portal\/noticias\/2024\/la-musica-y-la-danza-checas-llegan-al-paraninfo-de-la-universidad-de-la-laguna-de-la-mano-de-la-violinista-suhajka\/","url":"https:\/\/www.ull.es\/portal\/noticias\/2024\/la-musica-y-la-danza-checas-llegan-al-paraninfo-de-la-universidad-de-la-laguna-de-la-mano-de-la-violinista-suhajka\/","name":"La m\u00fasica y la danza checas llegan al Paraninfo de la Universidad de La Laguna de la mano de la violinista Suhajka - ULL - Noticias","isPartOf":{"@id":"https:\/\/www.ull.es\/portal\/noticias\/#website"},"datePublished":"2024-03-14T12:21:41+00:00","dateModified":"2024-03-14T12:23:01+00:00","author":{"@id":"https:\/\/www.ull.es\/portal\/noticias\/#\/schema\/person\/b2b1a89d43ffa609e591f7df8ef3e817"},"breadcrumb":{"@id":"https:\/\/www.ull.es\/portal\/noticias\/2024\/la-musica-y-la-danza-checas-llegan-al-paraninfo-de-la-universidad-de-la-laguna-de-la-mano-de-la-violinista-suhajka\/#breadcrumb"},"inLanguage":"es","potentialAction":[{"@type":"ReadAction","target":["https:\/\/www.ull.es\/portal\/noticias\/2024\/la-musica-y-la-danza-checas-llegan-al-paraninfo-de-la-universidad-de-la-laguna-de-la-mano-de-la-violinista-suhajka\/"]}]},{"@type":"BreadcrumbList","@id":"https:\/\/www.ull.es\/portal\/noticias\/2024\/la-musica-y-la-danza-checas-llegan-al-paraninfo-de-la-universidad-de-la-laguna-de-la-mano-de-la-violinista-suhajka\/#breadcrumb","itemListElement":[{"@type":"ListItem","position":1,"name":"Portada","item":"https:\/\/www.ull.es\/portal\/noticias\/"},{"@type":"ListItem","position":2,"name":"La m\u00fasica y la danza checas llegan al Paraninfo de la Universidad de La Laguna de la mano de la violinista Suhajka"}]},{"@type":"WebSite","@id":"https:\/\/www.ull.es\/portal\/noticias\/#website","url":"https:\/\/www.ull.es\/portal\/noticias\/","name":"ULL - Noticias","description":"","potentialAction":[{"@type":"SearchAction","target":{"@type":"EntryPoint","urlTemplate":"https:\/\/www.ull.es\/portal\/noticias\/?s={search_term_string}"},"query-input":"required name=search_term_string"}],"inLanguage":"es"},{"@type":"Person","@id":"https:\/\/www.ull.es\/portal\/noticias\/#\/schema\/person\/b2b1a89d43ffa609e591f7df8ef3e817","name":"gaprsa","image":{"@type":"ImageObject","inLanguage":"es","@id":"https:\/\/www.ull.es\/portal\/noticias\/#\/schema\/person\/image\/","url":"https:\/\/secure.gravatar.com\/avatar\/443820550921091458b4823867723b3d?s=96&d=mm&r=g","contentUrl":"https:\/\/secure.gravatar.com\/avatar\/443820550921091458b4823867723b3d?s=96&d=mm&r=g","caption":"gaprsa"},"url":"https:\/\/www.ull.es\/portal\/noticias\/author\/gaprsa\/"}]}},"primary_category":{"id":345,"name":"Destacado","slug":"destacado","link":"https:\/\/www.ull.es\/portal\/noticias\/category\/destacado\/"},"featured_image_thumbnail_url":"https:\/\/www.ull.es\/portal\/noticias\/wp-content\/uploads\/sites\/13\/2024\/03\/suhajka-paraninfo-300x150.jpg","_links":{"self":[{"href":"https:\/\/www.ull.es\/portal\/noticias\/wp-json\/wp\/v2\/posts\/74676"}],"collection":[{"href":"https:\/\/www.ull.es\/portal\/noticias\/wp-json\/wp\/v2\/posts"}],"about":[{"href":"https:\/\/www.ull.es\/portal\/noticias\/wp-json\/wp\/v2\/types\/post"}],"author":[{"embeddable":true,"href":"https:\/\/www.ull.es\/portal\/noticias\/wp-json\/wp\/v2\/users\/23"}],"replies":[{"embeddable":true,"href":"https:\/\/www.ull.es\/portal\/noticias\/wp-json\/wp\/v2\/comments?post=74676"}],"version-history":[{"count":1,"href":"https:\/\/www.ull.es\/portal\/noticias\/wp-json\/wp\/v2\/posts\/74676\/revisions"}],"predecessor-version":[{"id":74678,"href":"https:\/\/www.ull.es\/portal\/noticias\/wp-json\/wp\/v2\/posts\/74676\/revisions\/74678"}],"wp:featuredmedia":[{"embeddable":true,"href":"https:\/\/www.ull.es\/portal\/noticias\/wp-json\/wp\/v2\/media\/74677"}],"wp:attachment":[{"href":"https:\/\/www.ull.es\/portal\/noticias\/wp-json\/wp\/v2\/media?parent=74676"}],"wp:term":[{"taxonomy":"category","embeddable":true,"href":"https:\/\/www.ull.es\/portal\/noticias\/wp-json\/wp\/v2\/categories?post=74676"},{"taxonomy":"post_tag","embeddable":true,"href":"https:\/\/www.ull.es\/portal\/noticias\/wp-json\/wp\/v2\/tags?post=74676"}],"curies":[{"name":"wp","href":"https:\/\/api.w.org\/{rel}","templated":true}]}}