{"id":74679,"date":"2024-03-14T14:22:50","date_gmt":"2024-03-14T14:22:50","guid":{"rendered":"https:\/\/www.ull.es\/portal\/noticias\/?p=74679"},"modified":"2024-03-14T14:22:50","modified_gmt":"2024-03-14T14:22:50","slug":"una-jornada-de-la-universidad-de-la-laguna-analiza-la-atencion-sanitaria-y-social-de-las-personas-dependientes","status":"publish","type":"post","link":"https:\/\/www.ull.es\/portal\/noticias\/2024\/una-jornada-de-la-universidad-de-la-laguna-analiza-la-atencion-sanitaria-y-social-de-las-personas-dependientes\/","title":{"rendered":"Una jornada de la Universidad de La Laguna analiza la atenci\u00f3n sanitaria y social de las personas dependientes"},"content":{"rendered":"<p>La Universidad de La Laguna forma parte activa de la Asociaci\u00f3n de Econom\u00eda de la Salud, que celebrar\u00e1 el pr\u00f3ximo mes de junio en este centro acad\u00e9mico sus jornadas anuales. De forma previa a esa gran cita, esta instituci\u00f3n acoger\u00e1 ma\u00f1ana viernes 15 de marzo una jornada t\u00e9cnica centrada en la integraci\u00f3n de la atenci\u00f3n sanitaria y social de las personas dependientes, y contar\u00e1 con la presencia de destacados economistas de la salud, cl\u00ednicos y gestores sanitarios. La sesi\u00f3n se celebrar\u00e1 a partir de las 16 horas en el sal\u00f3n de actos del Hospital Universitario Nuestra Se\u00f1ora de Candelaria.<\/p>\n<p>Al tratarse de un asunto con aristas normativas y legales, tambi\u00e9n habr\u00e1 presencia de juristas de la salud. Por \u00faltimo, el <a href=\"\/Users\/usuario\/Downloads\/Di%CC%81ptico%20AES_Jornada_Tecnica_2024.pdf\" target=\"_blank\" rel=\"noopener\">programa<\/a> contar\u00e1 con la visi\u00f3n gestora en el \u00e1mbito auton\u00f3mico. Las disfuncionalidades que los actuales modelos sanitario y social plantean (fragmentaci\u00f3n y escasa coordinaci\u00f3n), han motivado el contenido de esta jornada t\u00e9cnica, explica su director y economista Ignacio Abasolo, que tendr\u00e1 dos mesas, una de ponencias y otra de debate.<\/p>\n<p>En la primera mesa se tratar\u00e1 de fundamentar la teor\u00eda y evidencias de una integraci\u00f3n de la atenci\u00f3n sanitaria y social de las personas dependientes. Se plantear\u00e1n cuestiones relativas a si tenemos un diagn\u00f3stico claro sobre los actuales problemas derivados de la no integraci\u00f3n de la atenci\u00f3n social y sanitaria de las personas dependientes, c\u00f3mo se est\u00e1 afrontando por parte de los agentes sanitarios y sociales, qu\u00e9 se entiende por la integraci\u00f3n, qu\u00e9 cambios habr\u00eda que introducir en el sistema para hacerla viable y cu\u00e1l es el papel del sector privado.<\/p>\n<p>En la mesa de debate, adem\u00e1s, se abordar\u00e1 principalmente uno de los reflejos m\u00e1s perceptibles de la falta de coordinaci\u00f3n del modelo sanitario y social, como es el bloqueo de camas en hospitales de agudos de pacientes dependientes que ya tienen el alta m\u00e9dica, pero permanecen en el \u00e1mbito hospitalario por no poder ser dirigidos a un recurso adecuado a sus necesidades. En el evento, organizado conjuntamente con el Servicio Canario de la Salud y la Asociaci\u00f3n de Econom\u00eda de la Salud, se abordar\u00e1 igualmente esta problem\u00e1tica desde los enfoques econ\u00f3mico, cl\u00ednico, jur\u00eddico y gestor.<\/p>\n","protected":false},"excerpt":{"rendered":"<p>La Universidad de La Laguna forma parte activa de la Asociaci\u00f3n de Econom\u00eda de la Salud, que celebrar\u00e1 el pr\u00f3ximo&#8230;<\/p>\n","protected":false},"author":23,"featured_media":74680,"comment_status":"closed","ping_status":"closed","sticky":false,"template":"","format":"standard","meta":{"inline_featured_image":false,"footnotes":""},"categories":[345,348,2765],"tags":[],"acf":[],"yoast_head":"<!-- This site is optimized with the Yoast SEO plugin v21.3 - https:\/\/yoast.com\/wordpress\/plugins\/seo\/ -->\n<title>Una jornada de la Universidad de La Laguna analiza la atenci\u00f3n sanitaria y social de las personas dependientes - ULL - Noticias<\/title>\n<meta name=\"robots\" content=\"index, follow, max-snippet:-1, max-image-preview:large, max-video-preview:-1\" \/>\n<link rel=\"canonical\" href=\"https:\/\/www.ull.es\/portal\/noticias\/2024\/una-jornada-de-la-universidad-de-la-laguna-analiza-la-atencion-sanitaria-y-social-de-las-personas-dependientes\/\" \/>\n<meta property=\"og:locale\" content=\"es_ES\" \/>\n<meta property=\"og:type\" content=\"article\" \/>\n<meta property=\"og:title\" content=\"Una jornada de la Universidad de La Laguna analiza la atenci\u00f3n sanitaria y social de las personas dependientes - ULL - Noticias\" \/>\n<meta property=\"og:description\" content=\"La Universidad de La Laguna forma parte activa de la Asociaci\u00f3n de Econom\u00eda de la Salud, que celebrar\u00e1 el pr\u00f3ximo...\" \/>\n<meta property=\"og:url\" content=\"https:\/\/www.ull.es\/portal\/noticias\/2024\/una-jornada-de-la-universidad-de-la-laguna-analiza-la-atencion-sanitaria-y-social-de-las-personas-dependientes\/\" \/>\n<meta property=\"og:site_name\" content=\"ULL - Noticias\" \/>\n<meta property=\"article:publisher\" content=\"https:\/\/www.facebook.com\/universidaddelalaguna\/\" \/>\n<meta property=\"article:published_time\" content=\"2024-03-14T14:22:50+00:00\" \/>\n<meta property=\"og:image\" content=\"https:\/\/www.ull.es\/portal\/noticias\/wp-content\/uploads\/sites\/13\/2024\/03\/Integracion-sanitaria.png\" \/>\n\t<meta property=\"og:image:width\" content=\"750\" \/>\n\t<meta property=\"og:image:height\" content=\"370\" \/>\n\t<meta property=\"og:image:type\" content=\"image\/png\" \/>\n<meta name=\"author\" content=\"gaprsa\" \/>\n<meta name=\"twitter:card\" content=\"summary_large_image\" \/>\n<meta name=\"twitter:creator\" content=\"@CanalULL\" \/>\n<meta name=\"twitter:site\" content=\"@CanalULL\" \/>\n<meta name=\"twitter:label1\" content=\"Escrito por\" \/>\n\t<meta name=\"twitter:data1\" content=\"gaprsa\" \/>\n\t<meta name=\"twitter:label2\" content=\"Tiempo de lectura\" \/>\n\t<meta name=\"twitter:data2\" content=\"2 minutos\" \/>\n<script type=\"application\/ld+json\" class=\"yoast-schema-graph\">{\"@context\":\"https:\/\/schema.org\",\"@graph\":[{\"@type\":\"WebPage\",\"@id\":\"https:\/\/www.ull.es\/portal\/noticias\/2024\/una-jornada-de-la-universidad-de-la-laguna-analiza-la-atencion-sanitaria-y-social-de-las-personas-dependientes\/\",\"url\":\"https:\/\/www.ull.es\/portal\/noticias\/2024\/una-jornada-de-la-universidad-de-la-laguna-analiza-la-atencion-sanitaria-y-social-de-las-personas-dependientes\/\",\"name\":\"Una jornada de la Universidad de La Laguna analiza la atenci\u00f3n sanitaria y social de las personas dependientes - ULL - Noticias\",\"isPartOf\":{\"@id\":\"https:\/\/www.ull.es\/portal\/noticias\/#website\"},\"datePublished\":\"2024-03-14T14:22:50+00:00\",\"dateModified\":\"2024-03-14T14:22:50+00:00\",\"author\":{\"@id\":\"https:\/\/www.ull.es\/portal\/noticias\/#\/schema\/person\/b2b1a89d43ffa609e591f7df8ef3e817\"},\"breadcrumb\":{\"@id\":\"https:\/\/www.ull.es\/portal\/noticias\/2024\/una-jornada-de-la-universidad-de-la-laguna-analiza-la-atencion-sanitaria-y-social-de-las-personas-dependientes\/#breadcrumb\"},\"inLanguage\":\"es\",\"potentialAction\":[{\"@type\":\"ReadAction\",\"target\":[\"https:\/\/www.ull.es\/portal\/noticias\/2024\/una-jornada-de-la-universidad-de-la-laguna-analiza-la-atencion-sanitaria-y-social-de-las-personas-dependientes\/\"]}]},{\"@type\":\"BreadcrumbList\",\"@id\":\"https:\/\/www.ull.es\/portal\/noticias\/2024\/una-jornada-de-la-universidad-de-la-laguna-analiza-la-atencion-sanitaria-y-social-de-las-personas-dependientes\/#breadcrumb\",\"itemListElement\":[{\"@type\":\"ListItem\",\"position\":1,\"name\":\"Portada\",\"item\":\"https:\/\/www.ull.es\/portal\/noticias\/\"},{\"@type\":\"ListItem\",\"position\":2,\"name\":\"Una jornada de la Universidad de La Laguna analiza la atenci\u00f3n sanitaria y social de las personas dependientes\"}]},{\"@type\":\"WebSite\",\"@id\":\"https:\/\/www.ull.es\/portal\/noticias\/#website\",\"url\":\"https:\/\/www.ull.es\/portal\/noticias\/\",\"name\":\"ULL - Noticias\",\"description\":\"\",\"potentialAction\":[{\"@type\":\"SearchAction\",\"target\":{\"@type\":\"EntryPoint\",\"urlTemplate\":\"https:\/\/www.ull.es\/portal\/noticias\/?s={search_term_string}\"},\"query-input\":\"required name=search_term_string\"}],\"inLanguage\":\"es\"},{\"@type\":\"Person\",\"@id\":\"https:\/\/www.ull.es\/portal\/noticias\/#\/schema\/person\/b2b1a89d43ffa609e591f7df8ef3e817\",\"name\":\"gaprsa\",\"image\":{\"@type\":\"ImageObject\",\"inLanguage\":\"es\",\"@id\":\"https:\/\/www.ull.es\/portal\/noticias\/#\/schema\/person\/image\/\",\"url\":\"https:\/\/secure.gravatar.com\/avatar\/443820550921091458b4823867723b3d?s=96&d=mm&r=g\",\"contentUrl\":\"https:\/\/secure.gravatar.com\/avatar\/443820550921091458b4823867723b3d?s=96&d=mm&r=g\",\"caption\":\"gaprsa\"},\"url\":\"https:\/\/www.ull.es\/portal\/noticias\/author\/gaprsa\/\"}]}<\/script>\n<!-- \/ Yoast SEO plugin. -->","yoast_head_json":{"title":"Una jornada de la Universidad de La Laguna analiza la atenci\u00f3n sanitaria y social de las personas dependientes - ULL - Noticias","robots":{"index":"index","follow":"follow","max-snippet":"max-snippet:-1","max-image-preview":"max-image-preview:large","max-video-preview":"max-video-preview:-1"},"canonical":"https:\/\/www.ull.es\/portal\/noticias\/2024\/una-jornada-de-la-universidad-de-la-laguna-analiza-la-atencion-sanitaria-y-social-de-las-personas-dependientes\/","og_locale":"es_ES","og_type":"article","og_title":"Una jornada de la Universidad de La Laguna analiza la atenci\u00f3n sanitaria y social de las personas dependientes - ULL - Noticias","og_description":"La Universidad de La Laguna forma parte activa de la Asociaci\u00f3n de Econom\u00eda de la Salud, que celebrar\u00e1 el pr\u00f3ximo...","og_url":"https:\/\/www.ull.es\/portal\/noticias\/2024\/una-jornada-de-la-universidad-de-la-laguna-analiza-la-atencion-sanitaria-y-social-de-las-personas-dependientes\/","og_site_name":"ULL - Noticias","article_publisher":"https:\/\/www.facebook.com\/universidaddelalaguna\/","article_published_time":"2024-03-14T14:22:50+00:00","og_image":[{"width":750,"height":370,"url":"https:\/\/www.ull.es\/portal\/noticias\/wp-content\/uploads\/sites\/13\/2024\/03\/Integracion-sanitaria.png","type":"image\/png"}],"author":"gaprsa","twitter_card":"summary_large_image","twitter_creator":"@CanalULL","twitter_site":"@CanalULL","twitter_misc":{"Escrito por":"gaprsa","Tiempo de lectura":"2 minutos"},"schema":{"@context":"https:\/\/schema.org","@graph":[{"@type":"WebPage","@id":"https:\/\/www.ull.es\/portal\/noticias\/2024\/una-jornada-de-la-universidad-de-la-laguna-analiza-la-atencion-sanitaria-y-social-de-las-personas-dependientes\/","url":"https:\/\/www.ull.es\/portal\/noticias\/2024\/una-jornada-de-la-universidad-de-la-laguna-analiza-la-atencion-sanitaria-y-social-de-las-personas-dependientes\/","name":"Una jornada de la Universidad de La Laguna analiza la atenci\u00f3n sanitaria y social de las personas dependientes - ULL - Noticias","isPartOf":{"@id":"https:\/\/www.ull.es\/portal\/noticias\/#website"},"datePublished":"2024-03-14T14:22:50+00:00","dateModified":"2024-03-14T14:22:50+00:00","author":{"@id":"https:\/\/www.ull.es\/portal\/noticias\/#\/schema\/person\/b2b1a89d43ffa609e591f7df8ef3e817"},"breadcrumb":{"@id":"https:\/\/www.ull.es\/portal\/noticias\/2024\/una-jornada-de-la-universidad-de-la-laguna-analiza-la-atencion-sanitaria-y-social-de-las-personas-dependientes\/#breadcrumb"},"inLanguage":"es","potentialAction":[{"@type":"ReadAction","target":["https:\/\/www.ull.es\/portal\/noticias\/2024\/una-jornada-de-la-universidad-de-la-laguna-analiza-la-atencion-sanitaria-y-social-de-las-personas-dependientes\/"]}]},{"@type":"BreadcrumbList","@id":"https:\/\/www.ull.es\/portal\/noticias\/2024\/una-jornada-de-la-universidad-de-la-laguna-analiza-la-atencion-sanitaria-y-social-de-las-personas-dependientes\/#breadcrumb","itemListElement":[{"@type":"ListItem","position":1,"name":"Portada","item":"https:\/\/www.ull.es\/portal\/noticias\/"},{"@type":"ListItem","position":2,"name":"Una jornada de la Universidad de La Laguna analiza la atenci\u00f3n sanitaria y social de las personas dependientes"}]},{"@type":"WebSite","@id":"https:\/\/www.ull.es\/portal\/noticias\/#website","url":"https:\/\/www.ull.es\/portal\/noticias\/","name":"ULL - Noticias","description":"","potentialAction":[{"@type":"SearchAction","target":{"@type":"EntryPoint","urlTemplate":"https:\/\/www.ull.es\/portal\/noticias\/?s={search_term_string}"},"query-input":"required name=search_term_string"}],"inLanguage":"es"},{"@type":"Person","@id":"https:\/\/www.ull.es\/portal\/noticias\/#\/schema\/person\/b2b1a89d43ffa609e591f7df8ef3e817","name":"gaprsa","image":{"@type":"ImageObject","inLanguage":"es","@id":"https:\/\/www.ull.es\/portal\/noticias\/#\/schema\/person\/image\/","url":"https:\/\/secure.gravatar.com\/avatar\/443820550921091458b4823867723b3d?s=96&d=mm&r=g","contentUrl":"https:\/\/secure.gravatar.com\/avatar\/443820550921091458b4823867723b3d?s=96&d=mm&r=g","caption":"gaprsa"},"url":"https:\/\/www.ull.es\/portal\/noticias\/author\/gaprsa\/"}]}},"primary_category":{"id":345,"name":"Destacado","slug":"destacado","link":"https:\/\/www.ull.es\/portal\/noticias\/category\/destacado\/"},"featured_image_thumbnail_url":"https:\/\/www.ull.es\/portal\/noticias\/wp-content\/uploads\/sites\/13\/2024\/03\/Integracion-sanitaria-300x148.png","_links":{"self":[{"href":"https:\/\/www.ull.es\/portal\/noticias\/wp-json\/wp\/v2\/posts\/74679"}],"collection":[{"href":"https:\/\/www.ull.es\/portal\/noticias\/wp-json\/wp\/v2\/posts"}],"about":[{"href":"https:\/\/www.ull.es\/portal\/noticias\/wp-json\/wp\/v2\/types\/post"}],"author":[{"embeddable":true,"href":"https:\/\/www.ull.es\/portal\/noticias\/wp-json\/wp\/v2\/users\/23"}],"replies":[{"embeddable":true,"href":"https:\/\/www.ull.es\/portal\/noticias\/wp-json\/wp\/v2\/comments?post=74679"}],"version-history":[{"count":2,"href":"https:\/\/www.ull.es\/portal\/noticias\/wp-json\/wp\/v2\/posts\/74679\/revisions"}],"predecessor-version":[{"id":74682,"href":"https:\/\/www.ull.es\/portal\/noticias\/wp-json\/wp\/v2\/posts\/74679\/revisions\/74682"}],"wp:featuredmedia":[{"embeddable":true,"href":"https:\/\/www.ull.es\/portal\/noticias\/wp-json\/wp\/v2\/media\/74680"}],"wp:attachment":[{"href":"https:\/\/www.ull.es\/portal\/noticias\/wp-json\/wp\/v2\/media?parent=74679"}],"wp:term":[{"taxonomy":"category","embeddable":true,"href":"https:\/\/www.ull.es\/portal\/noticias\/wp-json\/wp\/v2\/categories?post=74679"},{"taxonomy":"post_tag","embeddable":true,"href":"https:\/\/www.ull.es\/portal\/noticias\/wp-json\/wp\/v2\/tags?post=74679"}],"curies":[{"name":"wp","href":"https:\/\/api.w.org\/{rel}","templated":true}]}}