{"id":74804,"date":"2024-03-20T08:33:24","date_gmt":"2024-03-20T08:33:24","guid":{"rendered":"https:\/\/www.ull.es\/portal\/noticias\/?p=74804"},"modified":"2024-03-20T13:24:44","modified_gmt":"2024-03-20T13:24:44","slug":"la-universidad-de-invierno-de-arona-finaliza-su-ix-edicion-con-exito-de-participacion","status":"publish","type":"post","link":"https:\/\/www.ull.es\/portal\/noticias\/2024\/la-universidad-de-invierno-de-arona-finaliza-su-ix-edicion-con-exito-de-participacion\/","title":{"rendered":"La Universidad de Invierno de Arona finaliza su IX edici\u00f3n con \u00e9xito de participaci\u00f3n"},"content":{"rendered":"<p>El Ayuntamiento de Arona, desde la Concejal\u00eda de Educaci\u00f3n y junto con La Universidad de La Laguna, puso en marcha la novena edici\u00f3n de la Universidad de Invierno el pasado mes de enero presentando seis cursos formativos para la ciudadan\u00eda que se impartir\u00edan en el Centro Cultural de Los Cristianos. El principal objetivo de esta edici\u00f3n fue potenciar la actividad cultural y las acciones formativas en el municipio. Los talleres realizados tuvieron una gran acogida, con una ocupaci\u00f3n media cercana al 80% lo que supone un gran \u00e9xito de convocatoria.<\/p>\n<p>H\u00e9ctor Reyes, concejal de Educaci\u00f3n del Ayuntamiento de Arona, destac\u00f3 que con la finalizaci\u00f3n del \u00faltimo curso \u2018Nuestra Vida en las Pantallas\u2019, se dio por concluida y clausurada la Universidad de Invierno de Arona, una iniciativa que cada vez va adquiriendo m\u00e1s protagonismo, afianz\u00e1ndose as\u00ed en el municipio. \u00abLa Universidad de Invierno que trae a la Universidad de La Laguna a Arona para darnos formaci\u00f3n en temas demandados, en temas de actualidad y de inter\u00e9s y que est\u00e1n dirigidos a todas las personas interesadas en la formaci\u00f3n\u00bb, sentenci\u00f3. <a href=\"https:\/\/www.ull.es\/portal\/noticias\/wp-content\/uploads\/sites\/13\/2024\/03\/92016_03556.jpg\" target=\"_blank\" rel=\"noopener\"><img decoding=\"async\" loading=\"lazy\" class=\"alignright size-medium wp-image-74806\" src=\"https:\/\/www.ull.es\/portal\/noticias\/wp-content\/uploads\/sites\/13\/2024\/03\/92016_03556-300x200.jpg\" alt=\"\" width=\"300\" height=\"200\" srcset=\"https:\/\/www.ull.es\/portal\/noticias\/wp-content\/uploads\/sites\/13\/2024\/03\/92016_03556-300x200.jpg 300w, https:\/\/www.ull.es\/portal\/noticias\/wp-content\/uploads\/sites\/13\/2024\/03\/92016_03556-1024x683.jpg 1024w, https:\/\/www.ull.es\/portal\/noticias\/wp-content\/uploads\/sites\/13\/2024\/03\/92016_03556-768x512.jpg 768w, https:\/\/www.ull.es\/portal\/noticias\/wp-content\/uploads\/sites\/13\/2024\/03\/92016_03556-1536x1024.jpg 1536w, https:\/\/www.ull.es\/portal\/noticias\/wp-content\/uploads\/sites\/13\/2024\/03\/92016_03556-375x250.jpg 375w, https:\/\/www.ull.es\/portal\/noticias\/wp-content\/uploads\/sites\/13\/2024\/03\/92016_03556-750x500.jpg 750w, https:\/\/www.ull.es\/portal\/noticias\/wp-content\/uploads\/sites\/13\/2024\/03\/92016_03556-1140x760.jpg 1140w, https:\/\/www.ull.es\/portal\/noticias\/wp-content\/uploads\/sites\/13\/2024\/03\/92016_03556.jpg 2048w\" sizes=\"(max-width: 300px) 100vw, 300px\" \/><\/a><\/p>\n<p>El aprendizaje de la inteligencia artificial, la alimentaci\u00f3n, el conocimiento de drones, la programaci\u00f3n tur\u00edstica, el conocimiento de las emociones y la comunicaci\u00f3n medi\u00e1tica fueron los temas centrales en esta convocatoria, impartidos a trav\u00e9s los cursos \u2018Domina el futuro: Fundamentos de Inteligencia Artificial\u2019; \u2018Alimentaci\u00f3n y Salud. \u00bfComemos mejor que nunca?\u2019; \u2018Planificaci\u00f3n de destinos tur\u00edsticos mediante herramientas digitales\u2019; \u2018Curso b\u00e1sico de piloto de drones\u2019; \u2018Gesti\u00f3n inteligente de las emociones\u2019 y \u2018Nuestra vida en las pantallas. Abordar la alfabetizaci\u00f3n medi\u00e1tica y la credibilidad en tipos de la IA\u2019.<\/p>\n<p>\u201cEste a\u00f1o, la Universidad de Invierno de Arona ha obtenido un \u00e9xito rotundo, con una participaci\u00f3n muy satisfactoria\u201d, revel\u00f3 H\u00e9ctor Reyes, a la vez que se\u00f1al\u00f3 \u201cla valoraci\u00f3n muy positiva llevada a cabo por cada uno de los y las ponentes de los cursos, destacando el inter\u00e9s y la motivaci\u00f3n de los participantes. Tambi\u00e9n hemos recibido unas valoraciones muy positivas de las instalaciones e infraestructuras para la realizaci\u00f3n de los cursos\u201d.<\/p>\n<p>El concejal de Educaci\u00f3n de Arona adelant\u00f3 que seguir\u00e1n fomentando y potenciando la Universidad de Invierno de Arona, colaborando con la Universidad de La Laguna y ampliando lazos, acercando as\u00ed la formaci\u00f3n a los vecinos y vecinas porque la formaci\u00f3n y la educaci\u00f3n son las herramientas m\u00e1s potentes para que el municipio crezca en calidad.<\/p>\n<p>(Nota de prensa y fotograf\u00edas cedidas).<\/p>\n","protected":false},"excerpt":{"rendered":"<p>El Ayuntamiento de Arona, desde la Concejal\u00eda de Educaci\u00f3n y junto con La Universidad de La Laguna, puso en marcha&#8230;<\/p>\n","protected":false},"author":67,"featured_media":74805,"comment_status":"closed","ping_status":"closed","sticky":false,"template":"","format":"standard","meta":{"inline_featured_image":false,"footnotes":""},"categories":[344,345,2765],"tags":[3837],"acf":[],"yoast_head":"<!-- This site is optimized with the Yoast SEO plugin v21.3 - https:\/\/yoast.com\/wordpress\/plugins\/seo\/ -->\n<title>La Universidad de Invierno de Arona finaliza su IX edici\u00f3n con \u00e9xito de participaci\u00f3n - ULL - Noticias<\/title>\n<meta name=\"description\" content=\"El Ayuntamiento de Arona, desde la Concejal\u00eda de Educaci\u00f3n y junto con La Universidad de La Laguna, puso en marcha la novena edici\u00f3n de la Universidad de Invierno el pasado mes de enero presentando seis cursos formativos para la ciudadan\u00eda que se impartir\u00edan en el Centro Cultural de Los Cristianos.\" \/>\n<meta name=\"robots\" content=\"index, follow, max-snippet:-1, max-image-preview:large, max-video-preview:-1\" \/>\n<link rel=\"canonical\" href=\"https:\/\/www.ull.es\/portal\/noticias\/2024\/la-universidad-de-invierno-de-arona-finaliza-su-ix-edicion-con-exito-de-participacion\/\" \/>\n<meta property=\"og:locale\" content=\"es_ES\" \/>\n<meta property=\"og:type\" content=\"article\" \/>\n<meta property=\"og:title\" content=\"La Universidad de Invierno de Arona finaliza su IX edici\u00f3n con \u00e9xito de participaci\u00f3n - ULL - Noticias\" \/>\n<meta property=\"og:description\" content=\"El Ayuntamiento de Arona, desde la Concejal\u00eda de Educaci\u00f3n y junto con La Universidad de La Laguna, puso en marcha la novena edici\u00f3n de la Universidad de Invierno el pasado mes de enero presentando seis cursos formativos para la ciudadan\u00eda que se impartir\u00edan en el Centro Cultural de Los Cristianos.\" \/>\n<meta property=\"og:url\" content=\"https:\/\/www.ull.es\/portal\/noticias\/2024\/la-universidad-de-invierno-de-arona-finaliza-su-ix-edicion-con-exito-de-participacion\/\" \/>\n<meta property=\"og:site_name\" content=\"ULL - Noticias\" \/>\n<meta property=\"article:publisher\" content=\"https:\/\/www.facebook.com\/universidaddelalaguna\/\" \/>\n<meta property=\"article:published_time\" content=\"2024-03-20T08:33:24+00:00\" \/>\n<meta property=\"article:modified_time\" content=\"2024-03-20T13:24:44+00:00\" \/>\n<meta property=\"og:image\" content=\"https:\/\/www.ull.es\/portal\/noticias\/wp-content\/uploads\/sites\/13\/2024\/03\/arona.jpg\" \/>\n\t<meta property=\"og:image:width\" content=\"1200\" \/>\n\t<meta property=\"og:image:height\" content=\"800\" \/>\n\t<meta property=\"og:image:type\" content=\"image\/jpeg\" \/>\n<meta name=\"author\" content=\"gcom5\" \/>\n<meta name=\"twitter:card\" content=\"summary_large_image\" \/>\n<meta name=\"twitter:creator\" content=\"@CanalULL\" \/>\n<meta name=\"twitter:site\" content=\"@CanalULL\" \/>\n<meta name=\"twitter:label1\" content=\"Escrito por\" \/>\n\t<meta name=\"twitter:data1\" content=\"gcom5\" \/>\n\t<meta name=\"twitter:label2\" content=\"Tiempo de lectura\" \/>\n\t<meta name=\"twitter:data2\" content=\"3 minutos\" \/>\n<script type=\"application\/ld+json\" class=\"yoast-schema-graph\">{\"@context\":\"https:\/\/schema.org\",\"@graph\":[{\"@type\":\"WebPage\",\"@id\":\"https:\/\/www.ull.es\/portal\/noticias\/2024\/la-universidad-de-invierno-de-arona-finaliza-su-ix-edicion-con-exito-de-participacion\/\",\"url\":\"https:\/\/www.ull.es\/portal\/noticias\/2024\/la-universidad-de-invierno-de-arona-finaliza-su-ix-edicion-con-exito-de-participacion\/\",\"name\":\"La Universidad de Invierno de Arona finaliza su IX edici\u00f3n con \u00e9xito de participaci\u00f3n - ULL - Noticias\",\"isPartOf\":{\"@id\":\"https:\/\/www.ull.es\/portal\/noticias\/#website\"},\"datePublished\":\"2024-03-20T08:33:24+00:00\",\"dateModified\":\"2024-03-20T13:24:44+00:00\",\"author\":{\"@id\":\"https:\/\/www.ull.es\/portal\/noticias\/#\/schema\/person\/8027c6c4687adc2c90dc1532715d34df\"},\"description\":\"El Ayuntamiento de Arona, desde la Concejal\u00eda de Educaci\u00f3n y junto con La Universidad de La Laguna, puso en marcha la novena edici\u00f3n de la Universidad de Invierno el pasado mes de enero presentando seis cursos formativos para la ciudadan\u00eda que se impartir\u00edan en el Centro Cultural de Los Cristianos.\",\"breadcrumb\":{\"@id\":\"https:\/\/www.ull.es\/portal\/noticias\/2024\/la-universidad-de-invierno-de-arona-finaliza-su-ix-edicion-con-exito-de-participacion\/#breadcrumb\"},\"inLanguage\":\"es\",\"potentialAction\":[{\"@type\":\"ReadAction\",\"target\":[\"https:\/\/www.ull.es\/portal\/noticias\/2024\/la-universidad-de-invierno-de-arona-finaliza-su-ix-edicion-con-exito-de-participacion\/\"]}]},{\"@type\":\"BreadcrumbList\",\"@id\":\"https:\/\/www.ull.es\/portal\/noticias\/2024\/la-universidad-de-invierno-de-arona-finaliza-su-ix-edicion-con-exito-de-participacion\/#breadcrumb\",\"itemListElement\":[{\"@type\":\"ListItem\",\"position\":1,\"name\":\"Portada\",\"item\":\"https:\/\/www.ull.es\/portal\/noticias\/\"},{\"@type\":\"ListItem\",\"position\":2,\"name\":\"La Universidad de Invierno de Arona finaliza su IX edici\u00f3n con \u00e9xito de participaci\u00f3n\"}]},{\"@type\":\"WebSite\",\"@id\":\"https:\/\/www.ull.es\/portal\/noticias\/#website\",\"url\":\"https:\/\/www.ull.es\/portal\/noticias\/\",\"name\":\"ULL - Noticias\",\"description\":\"\",\"potentialAction\":[{\"@type\":\"SearchAction\",\"target\":{\"@type\":\"EntryPoint\",\"urlTemplate\":\"https:\/\/www.ull.es\/portal\/noticias\/?s={search_term_string}\"},\"query-input\":\"required name=search_term_string\"}],\"inLanguage\":\"es\"},{\"@type\":\"Person\",\"@id\":\"https:\/\/www.ull.es\/portal\/noticias\/#\/schema\/person\/8027c6c4687adc2c90dc1532715d34df\",\"name\":\"gcom5\",\"image\":{\"@type\":\"ImageObject\",\"inLanguage\":\"es\",\"@id\":\"https:\/\/www.ull.es\/portal\/noticias\/#\/schema\/person\/image\/\",\"url\":\"https:\/\/secure.gravatar.com\/avatar\/8b3777f8048001fa57b88338ce5605b9?s=96&d=mm&r=g\",\"contentUrl\":\"https:\/\/secure.gravatar.com\/avatar\/8b3777f8048001fa57b88338ce5605b9?s=96&d=mm&r=g\",\"caption\":\"gcom5\"},\"url\":\"https:\/\/www.ull.es\/portal\/noticias\/author\/gcom5\/\"}]}<\/script>\n<!-- \/ Yoast SEO plugin. -->","yoast_head_json":{"title":"La Universidad de Invierno de Arona finaliza su IX edici\u00f3n con \u00e9xito de participaci\u00f3n - ULL - Noticias","description":"El Ayuntamiento de Arona, desde la Concejal\u00eda de Educaci\u00f3n y junto con La Universidad de La Laguna, puso en marcha la novena edici\u00f3n de la Universidad de Invierno el pasado mes de enero presentando seis cursos formativos para la ciudadan\u00eda que se impartir\u00edan en el Centro Cultural de Los Cristianos.","robots":{"index":"index","follow":"follow","max-snippet":"max-snippet:-1","max-image-preview":"max-image-preview:large","max-video-preview":"max-video-preview:-1"},"canonical":"https:\/\/www.ull.es\/portal\/noticias\/2024\/la-universidad-de-invierno-de-arona-finaliza-su-ix-edicion-con-exito-de-participacion\/","og_locale":"es_ES","og_type":"article","og_title":"La Universidad de Invierno de Arona finaliza su IX edici\u00f3n con \u00e9xito de participaci\u00f3n - ULL - Noticias","og_description":"El Ayuntamiento de Arona, desde la Concejal\u00eda de Educaci\u00f3n y junto con La Universidad de La Laguna, puso en marcha la novena edici\u00f3n de la Universidad de Invierno el pasado mes de enero presentando seis cursos formativos para la ciudadan\u00eda que se impartir\u00edan en el Centro Cultural de Los Cristianos.","og_url":"https:\/\/www.ull.es\/portal\/noticias\/2024\/la-universidad-de-invierno-de-arona-finaliza-su-ix-edicion-con-exito-de-participacion\/","og_site_name":"ULL - Noticias","article_publisher":"https:\/\/www.facebook.com\/universidaddelalaguna\/","article_published_time":"2024-03-20T08:33:24+00:00","article_modified_time":"2024-03-20T13:24:44+00:00","og_image":[{"width":1200,"height":800,"url":"https:\/\/www.ull.es\/portal\/noticias\/wp-content\/uploads\/sites\/13\/2024\/03\/arona.jpg","type":"image\/jpeg"}],"author":"gcom5","twitter_card":"summary_large_image","twitter_creator":"@CanalULL","twitter_site":"@CanalULL","twitter_misc":{"Escrito por":"gcom5","Tiempo de lectura":"3 minutos"},"schema":{"@context":"https:\/\/schema.org","@graph":[{"@type":"WebPage","@id":"https:\/\/www.ull.es\/portal\/noticias\/2024\/la-universidad-de-invierno-de-arona-finaliza-su-ix-edicion-con-exito-de-participacion\/","url":"https:\/\/www.ull.es\/portal\/noticias\/2024\/la-universidad-de-invierno-de-arona-finaliza-su-ix-edicion-con-exito-de-participacion\/","name":"La Universidad de Invierno de Arona finaliza su IX edici\u00f3n con \u00e9xito de participaci\u00f3n - ULL - Noticias","isPartOf":{"@id":"https:\/\/www.ull.es\/portal\/noticias\/#website"},"datePublished":"2024-03-20T08:33:24+00:00","dateModified":"2024-03-20T13:24:44+00:00","author":{"@id":"https:\/\/www.ull.es\/portal\/noticias\/#\/schema\/person\/8027c6c4687adc2c90dc1532715d34df"},"description":"El Ayuntamiento de Arona, desde la Concejal\u00eda de Educaci\u00f3n y junto con La Universidad de La Laguna, puso en marcha la novena edici\u00f3n de la Universidad de Invierno el pasado mes de enero presentando seis cursos formativos para la ciudadan\u00eda que se impartir\u00edan en el Centro Cultural de Los Cristianos.","breadcrumb":{"@id":"https:\/\/www.ull.es\/portal\/noticias\/2024\/la-universidad-de-invierno-de-arona-finaliza-su-ix-edicion-con-exito-de-participacion\/#breadcrumb"},"inLanguage":"es","potentialAction":[{"@type":"ReadAction","target":["https:\/\/www.ull.es\/portal\/noticias\/2024\/la-universidad-de-invierno-de-arona-finaliza-su-ix-edicion-con-exito-de-participacion\/"]}]},{"@type":"BreadcrumbList","@id":"https:\/\/www.ull.es\/portal\/noticias\/2024\/la-universidad-de-invierno-de-arona-finaliza-su-ix-edicion-con-exito-de-participacion\/#breadcrumb","itemListElement":[{"@type":"ListItem","position":1,"name":"Portada","item":"https:\/\/www.ull.es\/portal\/noticias\/"},{"@type":"ListItem","position":2,"name":"La Universidad de Invierno de Arona finaliza su IX edici\u00f3n con \u00e9xito de participaci\u00f3n"}]},{"@type":"WebSite","@id":"https:\/\/www.ull.es\/portal\/noticias\/#website","url":"https:\/\/www.ull.es\/portal\/noticias\/","name":"ULL - Noticias","description":"","potentialAction":[{"@type":"SearchAction","target":{"@type":"EntryPoint","urlTemplate":"https:\/\/www.ull.es\/portal\/noticias\/?s={search_term_string}"},"query-input":"required name=search_term_string"}],"inLanguage":"es"},{"@type":"Person","@id":"https:\/\/www.ull.es\/portal\/noticias\/#\/schema\/person\/8027c6c4687adc2c90dc1532715d34df","name":"gcom5","image":{"@type":"ImageObject","inLanguage":"es","@id":"https:\/\/www.ull.es\/portal\/noticias\/#\/schema\/person\/image\/","url":"https:\/\/secure.gravatar.com\/avatar\/8b3777f8048001fa57b88338ce5605b9?s=96&d=mm&r=g","contentUrl":"https:\/\/secure.gravatar.com\/avatar\/8b3777f8048001fa57b88338ce5605b9?s=96&d=mm&r=g","caption":"gcom5"},"url":"https:\/\/www.ull.es\/portal\/noticias\/author\/gcom5\/"}]}},"primary_category":{"id":345,"name":"Destacado","slug":"destacado","link":"https:\/\/www.ull.es\/portal\/noticias\/category\/destacado\/"},"featured_image_thumbnail_url":"https:\/\/www.ull.es\/portal\/noticias\/wp-content\/uploads\/sites\/13\/2024\/03\/arona-300x200.jpg","_links":{"self":[{"href":"https:\/\/www.ull.es\/portal\/noticias\/wp-json\/wp\/v2\/posts\/74804"}],"collection":[{"href":"https:\/\/www.ull.es\/portal\/noticias\/wp-json\/wp\/v2\/posts"}],"about":[{"href":"https:\/\/www.ull.es\/portal\/noticias\/wp-json\/wp\/v2\/types\/post"}],"author":[{"embeddable":true,"href":"https:\/\/www.ull.es\/portal\/noticias\/wp-json\/wp\/v2\/users\/67"}],"replies":[{"embeddable":true,"href":"https:\/\/www.ull.es\/portal\/noticias\/wp-json\/wp\/v2\/comments?post=74804"}],"version-history":[{"count":2,"href":"https:\/\/www.ull.es\/portal\/noticias\/wp-json\/wp\/v2\/posts\/74804\/revisions"}],"predecessor-version":[{"id":74808,"href":"https:\/\/www.ull.es\/portal\/noticias\/wp-json\/wp\/v2\/posts\/74804\/revisions\/74808"}],"wp:featuredmedia":[{"embeddable":true,"href":"https:\/\/www.ull.es\/portal\/noticias\/wp-json\/wp\/v2\/media\/74805"}],"wp:attachment":[{"href":"https:\/\/www.ull.es\/portal\/noticias\/wp-json\/wp\/v2\/media?parent=74804"}],"wp:term":[{"taxonomy":"category","embeddable":true,"href":"https:\/\/www.ull.es\/portal\/noticias\/wp-json\/wp\/v2\/categories?post=74804"},{"taxonomy":"post_tag","embeddable":true,"href":"https:\/\/www.ull.es\/portal\/noticias\/wp-json\/wp\/v2\/tags?post=74804"}],"curies":[{"name":"wp","href":"https:\/\/api.w.org\/{rel}","templated":true}]}}