{"id":74815,"date":"2024-03-21T08:45:32","date_gmt":"2024-03-21T08:45:32","guid":{"rendered":"https:\/\/www.ull.es\/portal\/noticias\/?p=74815"},"modified":"2024-03-21T10:29:40","modified_gmt":"2024-03-21T10:29:40","slug":"la-universidad-de-la-laguna-cierra-sus-instalaciones-durante-semana-santa-2","status":"publish","type":"post","link":"https:\/\/www.ull.es\/portal\/noticias\/2024\/la-universidad-de-la-laguna-cierra-sus-instalaciones-durante-semana-santa-2\/","title":{"rendered":"La Universidad de La Laguna cierra sus instalaciones durante Semana Santa"},"content":{"rendered":"<p>La Universidad de La Laguna cerrar\u00e1 sus instalaciones y cesar\u00e1 su actividad acad\u00e9mica y administrativa durante el periodo de Semana Santa, es decir, desde el viernes 22 de marzo a las 21:00 horas hasta el 1 de abril a las 6:00 horas. Esta pol\u00edtica de cierres en periodos vacacionales lleva aplic\u00e1ndose desde hace varios a\u00f1os como medida de contenci\u00f3n del gasto de la instituci\u00f3n, al disminuir la necesidad de servicios como el de seguridad y limpieza y el de suministros como el de electricidad y agua.<\/p>\n<p>Los colegios mayores de la instituci\u00f3n acad\u00e9mica tambi\u00e9n cerrar\u00e1n durante ese periodo, por lo que el alumnado alojado en dichas instalaciones deber\u00e1 abandonarlas como muy tarde el s\u00e1bado 23 de marzo a las 16:00 horas, hasta su reapertura el domingo 31 de marzo a las 9:00 horas. Con todo, el Colegio Mayor San Agust\u00edn y la Residencia Universitaria Parque las Islas permanecer\u00e1n abiertas durante este periodo como centros de alojamiento, pero solo para las personas que lo hayan solicitado previamente y hayan sido autorizadas por el Vicerrectorado de Estudiantes.<\/p>\n<p>Tambi\u00e9n estar\u00e1n operativas las salas de estudio de los edificios de servicio al alumnado ULL-CajaCanarias de los campus de Anchieta y de Guajara, as\u00ed como las correspondientes a las secciones de Ingenier\u00eda Agraria y de N\u00e1utica, M\u00e1quinas y Radioelectr\u00f3nica Naval, ambas de la Escuela Polit\u00e9cnica Superior de Ingenier\u00eda.<\/p>\n<p>La paralizaci\u00f3n de la actividad ata\u00f1e tambi\u00e9n a la administraci\u00f3n, por lo que la instituci\u00f3n acad\u00e9mica ha declarado inh\u00e1bil este periodo comprendido entre el 25 y el 31 de marzo de 2024, dado que todos los centros, servicios y unidades de la instituci\u00f3n permanecer\u00e1n cerrados, como norma general. La sede electr\u00f3nica de la instituci\u00f3n seguir\u00e1 abierta, pero los tr\u00e1mites que en ella se inicien quedar\u00e1n suspendidos hasta la vuelta del periodo vacacional.<\/p>\n","protected":false},"excerpt":{"rendered":"<p>La Universidad de La Laguna cerrar\u00e1 sus instalaciones y cesar\u00e1 su actividad acad\u00e9mica y administrativa durante el periodo de Semana&#8230;<\/p>\n","protected":false},"author":23,"featured_media":73478,"comment_status":"closed","ping_status":"closed","sticky":false,"template":"","format":"standard","meta":{"inline_featured_image":false,"footnotes":""},"categories":[345,348,2765],"tags":[],"acf":[],"yoast_head":"<!-- This site is optimized with the Yoast SEO plugin v21.3 - https:\/\/yoast.com\/wordpress\/plugins\/seo\/ -->\n<title>La Universidad de La Laguna cierra sus instalaciones durante Semana Santa - ULL - Noticias<\/title>\n<meta name=\"robots\" content=\"index, follow, max-snippet:-1, max-image-preview:large, max-video-preview:-1\" \/>\n<link rel=\"canonical\" href=\"https:\/\/www.ull.es\/portal\/noticias\/2024\/la-universidad-de-la-laguna-cierra-sus-instalaciones-durante-semana-santa-2\/\" \/>\n<meta property=\"og:locale\" content=\"es_ES\" \/>\n<meta property=\"og:type\" content=\"article\" \/>\n<meta property=\"og:title\" content=\"La Universidad de La Laguna cierra sus instalaciones durante Semana Santa - ULL - Noticias\" \/>\n<meta property=\"og:description\" content=\"La Universidad de La Laguna cerrar\u00e1 sus instalaciones y cesar\u00e1 su actividad acad\u00e9mica y administrativa durante el periodo de Semana...\" \/>\n<meta property=\"og:url\" content=\"https:\/\/www.ull.es\/portal\/noticias\/2024\/la-universidad-de-la-laguna-cierra-sus-instalaciones-durante-semana-santa-2\/\" \/>\n<meta property=\"og:site_name\" content=\"ULL - Noticias\" \/>\n<meta property=\"article:publisher\" content=\"https:\/\/www.facebook.com\/universidaddelalaguna\/\" \/>\n<meta property=\"article:published_time\" content=\"2024-03-21T08:45:32+00:00\" \/>\n<meta property=\"article:modified_time\" content=\"2024-03-21T10:29:40+00:00\" \/>\n<meta property=\"og:image\" content=\"https:\/\/www.ull.es\/portal\/noticias\/wp-content\/uploads\/sites\/13\/2023\/12\/Rectorado-06.jpg\" \/>\n\t<meta property=\"og:image:width\" content=\"800\" \/>\n\t<meta property=\"og:image:height\" content=\"533\" \/>\n\t<meta property=\"og:image:type\" content=\"image\/jpeg\" \/>\n<meta name=\"author\" content=\"gaprsa\" \/>\n<meta name=\"twitter:card\" content=\"summary_large_image\" \/>\n<meta name=\"twitter:creator\" content=\"@CanalULL\" \/>\n<meta name=\"twitter:site\" content=\"@CanalULL\" \/>\n<meta name=\"twitter:label1\" content=\"Escrito por\" \/>\n\t<meta name=\"twitter:data1\" content=\"gaprsa\" \/>\n\t<meta name=\"twitter:label2\" content=\"Tiempo de lectura\" \/>\n\t<meta name=\"twitter:data2\" content=\"2 minutos\" \/>\n<script type=\"application\/ld+json\" class=\"yoast-schema-graph\">{\"@context\":\"https:\/\/schema.org\",\"@graph\":[{\"@type\":\"WebPage\",\"@id\":\"https:\/\/www.ull.es\/portal\/noticias\/2024\/la-universidad-de-la-laguna-cierra-sus-instalaciones-durante-semana-santa-2\/\",\"url\":\"https:\/\/www.ull.es\/portal\/noticias\/2024\/la-universidad-de-la-laguna-cierra-sus-instalaciones-durante-semana-santa-2\/\",\"name\":\"La Universidad de La Laguna cierra sus instalaciones durante Semana Santa - ULL - Noticias\",\"isPartOf\":{\"@id\":\"https:\/\/www.ull.es\/portal\/noticias\/#website\"},\"datePublished\":\"2024-03-21T08:45:32+00:00\",\"dateModified\":\"2024-03-21T10:29:40+00:00\",\"author\":{\"@id\":\"https:\/\/www.ull.es\/portal\/noticias\/#\/schema\/person\/b2b1a89d43ffa609e591f7df8ef3e817\"},\"breadcrumb\":{\"@id\":\"https:\/\/www.ull.es\/portal\/noticias\/2024\/la-universidad-de-la-laguna-cierra-sus-instalaciones-durante-semana-santa-2\/#breadcrumb\"},\"inLanguage\":\"es\",\"potentialAction\":[{\"@type\":\"ReadAction\",\"target\":[\"https:\/\/www.ull.es\/portal\/noticias\/2024\/la-universidad-de-la-laguna-cierra-sus-instalaciones-durante-semana-santa-2\/\"]}]},{\"@type\":\"BreadcrumbList\",\"@id\":\"https:\/\/www.ull.es\/portal\/noticias\/2024\/la-universidad-de-la-laguna-cierra-sus-instalaciones-durante-semana-santa-2\/#breadcrumb\",\"itemListElement\":[{\"@type\":\"ListItem\",\"position\":1,\"name\":\"Portada\",\"item\":\"https:\/\/www.ull.es\/portal\/noticias\/\"},{\"@type\":\"ListItem\",\"position\":2,\"name\":\"La Universidad de La Laguna cierra sus instalaciones durante Semana Santa\"}]},{\"@type\":\"WebSite\",\"@id\":\"https:\/\/www.ull.es\/portal\/noticias\/#website\",\"url\":\"https:\/\/www.ull.es\/portal\/noticias\/\",\"name\":\"ULL - Noticias\",\"description\":\"\",\"potentialAction\":[{\"@type\":\"SearchAction\",\"target\":{\"@type\":\"EntryPoint\",\"urlTemplate\":\"https:\/\/www.ull.es\/portal\/noticias\/?s={search_term_string}\"},\"query-input\":\"required name=search_term_string\"}],\"inLanguage\":\"es\"},{\"@type\":\"Person\",\"@id\":\"https:\/\/www.ull.es\/portal\/noticias\/#\/schema\/person\/b2b1a89d43ffa609e591f7df8ef3e817\",\"name\":\"gaprsa\",\"image\":{\"@type\":\"ImageObject\",\"inLanguage\":\"es\",\"@id\":\"https:\/\/www.ull.es\/portal\/noticias\/#\/schema\/person\/image\/\",\"url\":\"https:\/\/secure.gravatar.com\/avatar\/443820550921091458b4823867723b3d?s=96&d=mm&r=g\",\"contentUrl\":\"https:\/\/secure.gravatar.com\/avatar\/443820550921091458b4823867723b3d?s=96&d=mm&r=g\",\"caption\":\"gaprsa\"},\"url\":\"https:\/\/www.ull.es\/portal\/noticias\/author\/gaprsa\/\"}]}<\/script>\n<!-- \/ Yoast SEO plugin. -->","yoast_head_json":{"title":"La Universidad de La Laguna cierra sus instalaciones durante Semana Santa - ULL - Noticias","robots":{"index":"index","follow":"follow","max-snippet":"max-snippet:-1","max-image-preview":"max-image-preview:large","max-video-preview":"max-video-preview:-1"},"canonical":"https:\/\/www.ull.es\/portal\/noticias\/2024\/la-universidad-de-la-laguna-cierra-sus-instalaciones-durante-semana-santa-2\/","og_locale":"es_ES","og_type":"article","og_title":"La Universidad de La Laguna cierra sus instalaciones durante Semana Santa - ULL - Noticias","og_description":"La Universidad de La Laguna cerrar\u00e1 sus instalaciones y cesar\u00e1 su actividad acad\u00e9mica y administrativa durante el periodo de Semana...","og_url":"https:\/\/www.ull.es\/portal\/noticias\/2024\/la-universidad-de-la-laguna-cierra-sus-instalaciones-durante-semana-santa-2\/","og_site_name":"ULL - Noticias","article_publisher":"https:\/\/www.facebook.com\/universidaddelalaguna\/","article_published_time":"2024-03-21T08:45:32+00:00","article_modified_time":"2024-03-21T10:29:40+00:00","og_image":[{"width":800,"height":533,"url":"https:\/\/www.ull.es\/portal\/noticias\/wp-content\/uploads\/sites\/13\/2023\/12\/Rectorado-06.jpg","type":"image\/jpeg"}],"author":"gaprsa","twitter_card":"summary_large_image","twitter_creator":"@CanalULL","twitter_site":"@CanalULL","twitter_misc":{"Escrito por":"gaprsa","Tiempo de lectura":"2 minutos"},"schema":{"@context":"https:\/\/schema.org","@graph":[{"@type":"WebPage","@id":"https:\/\/www.ull.es\/portal\/noticias\/2024\/la-universidad-de-la-laguna-cierra-sus-instalaciones-durante-semana-santa-2\/","url":"https:\/\/www.ull.es\/portal\/noticias\/2024\/la-universidad-de-la-laguna-cierra-sus-instalaciones-durante-semana-santa-2\/","name":"La Universidad de La Laguna cierra sus instalaciones durante Semana Santa - ULL - Noticias","isPartOf":{"@id":"https:\/\/www.ull.es\/portal\/noticias\/#website"},"datePublished":"2024-03-21T08:45:32+00:00","dateModified":"2024-03-21T10:29:40+00:00","author":{"@id":"https:\/\/www.ull.es\/portal\/noticias\/#\/schema\/person\/b2b1a89d43ffa609e591f7df8ef3e817"},"breadcrumb":{"@id":"https:\/\/www.ull.es\/portal\/noticias\/2024\/la-universidad-de-la-laguna-cierra-sus-instalaciones-durante-semana-santa-2\/#breadcrumb"},"inLanguage":"es","potentialAction":[{"@type":"ReadAction","target":["https:\/\/www.ull.es\/portal\/noticias\/2024\/la-universidad-de-la-laguna-cierra-sus-instalaciones-durante-semana-santa-2\/"]}]},{"@type":"BreadcrumbList","@id":"https:\/\/www.ull.es\/portal\/noticias\/2024\/la-universidad-de-la-laguna-cierra-sus-instalaciones-durante-semana-santa-2\/#breadcrumb","itemListElement":[{"@type":"ListItem","position":1,"name":"Portada","item":"https:\/\/www.ull.es\/portal\/noticias\/"},{"@type":"ListItem","position":2,"name":"La Universidad de La Laguna cierra sus instalaciones durante Semana Santa"}]},{"@type":"WebSite","@id":"https:\/\/www.ull.es\/portal\/noticias\/#website","url":"https:\/\/www.ull.es\/portal\/noticias\/","name":"ULL - Noticias","description":"","potentialAction":[{"@type":"SearchAction","target":{"@type":"EntryPoint","urlTemplate":"https:\/\/www.ull.es\/portal\/noticias\/?s={search_term_string}"},"query-input":"required name=search_term_string"}],"inLanguage":"es"},{"@type":"Person","@id":"https:\/\/www.ull.es\/portal\/noticias\/#\/schema\/person\/b2b1a89d43ffa609e591f7df8ef3e817","name":"gaprsa","image":{"@type":"ImageObject","inLanguage":"es","@id":"https:\/\/www.ull.es\/portal\/noticias\/#\/schema\/person\/image\/","url":"https:\/\/secure.gravatar.com\/avatar\/443820550921091458b4823867723b3d?s=96&d=mm&r=g","contentUrl":"https:\/\/secure.gravatar.com\/avatar\/443820550921091458b4823867723b3d?s=96&d=mm&r=g","caption":"gaprsa"},"url":"https:\/\/www.ull.es\/portal\/noticias\/author\/gaprsa\/"}]}},"primary_category":{"id":345,"name":"Destacado","slug":"destacado","link":"https:\/\/www.ull.es\/portal\/noticias\/category\/destacado\/"},"featured_image_thumbnail_url":"https:\/\/www.ull.es\/portal\/noticias\/wp-content\/uploads\/sites\/13\/2023\/12\/Rectorado-06-300x200.jpg","_links":{"self":[{"href":"https:\/\/www.ull.es\/portal\/noticias\/wp-json\/wp\/v2\/posts\/74815"}],"collection":[{"href":"https:\/\/www.ull.es\/portal\/noticias\/wp-json\/wp\/v2\/posts"}],"about":[{"href":"https:\/\/www.ull.es\/portal\/noticias\/wp-json\/wp\/v2\/types\/post"}],"author":[{"embeddable":true,"href":"https:\/\/www.ull.es\/portal\/noticias\/wp-json\/wp\/v2\/users\/23"}],"replies":[{"embeddable":true,"href":"https:\/\/www.ull.es\/portal\/noticias\/wp-json\/wp\/v2\/comments?post=74815"}],"version-history":[{"count":1,"href":"https:\/\/www.ull.es\/portal\/noticias\/wp-json\/wp\/v2\/posts\/74815\/revisions"}],"predecessor-version":[{"id":74816,"href":"https:\/\/www.ull.es\/portal\/noticias\/wp-json\/wp\/v2\/posts\/74815\/revisions\/74816"}],"wp:featuredmedia":[{"embeddable":true,"href":"https:\/\/www.ull.es\/portal\/noticias\/wp-json\/wp\/v2\/media\/73478"}],"wp:attachment":[{"href":"https:\/\/www.ull.es\/portal\/noticias\/wp-json\/wp\/v2\/media?parent=74815"}],"wp:term":[{"taxonomy":"category","embeddable":true,"href":"https:\/\/www.ull.es\/portal\/noticias\/wp-json\/wp\/v2\/categories?post=74815"},{"taxonomy":"post_tag","embeddable":true,"href":"https:\/\/www.ull.es\/portal\/noticias\/wp-json\/wp\/v2\/tags?post=74815"}],"curies":[{"name":"wp","href":"https:\/\/api.w.org\/{rel}","templated":true}]}}