{"id":74870,"date":"2024-03-22T13:44:11","date_gmt":"2024-03-22T13:44:11","guid":{"rendered":"https:\/\/www.ull.es\/portal\/noticias\/?p=74870"},"modified":"2024-03-22T13:44:11","modified_gmt":"2024-03-22T13:44:11","slug":"el-coro-de-voces-blancas-y-la-orquesta-sinfonica-del-conservatorio-de-musica-de-santa-cruz-de-tenerife-en-el-paraninfo","status":"publish","type":"post","link":"https:\/\/www.ull.es\/portal\/noticias\/2024\/el-coro-de-voces-blancas-y-la-orquesta-sinfonica-del-conservatorio-de-musica-de-santa-cruz-de-tenerife-en-el-paraninfo\/","title":{"rendered":"El Coro de Voces Blancas y la Orquesta Sinf\u00f3nica del Conservatorio de M\u00fasica de Santa Cruz de Tenerife, en el Paraninfo"},"content":{"rendered":"<p><span style=\"font-weight: 400;\">El Coro de Voces Blancas y la Orquesta Sinf\u00f3nica del <\/span><a href=\"https:\/\/www3.gobiernodecanarias.org\/medusa\/edublog\/cpmsantacruzdetenerife\/\" target=\"_blank\" rel=\"noopener\"><span style=\"font-weight: 400;\">Conservatorio Profesional de M\u00fasica de Santa Cruz de Tenerife<\/span><\/a><span style=\"font-weight: 400;\"> han organizado un concierto que se celebrar\u00e1 ma\u00f1ana s\u00e1bado 23 de marzo a las 17:00 horas en el Paraninfo de la Universidad de La Laguna. Las entradas pueden adquirirse en la web de <\/span><a href=\"https:\/\/www.tomaticket.es\/es-es\/entradas-concierto-del-coro-de-voces-blancas-y-orquesta-sinfonica-de-cpm-de-sc-de-tenerife\" target=\"_blank\" rel=\"noopener\"><span style=\"font-weight: 400;\">Tomaticket<\/span><\/a><span style=\"font-weight: 400;\"> a un precio general de 5 euros.\u00a0<\/span><\/p>\n<p><span style=\"font-weight: 400;\">Esta velada entra dentro del proyecto educativo de la instituci\u00f3n de formaci\u00f3n musical para fomentar en su alumnado la participaci\u00f3n en actividades motivadoras fuera de su \u00e1mbito habitual y su presentaci\u00f3n p\u00fablica en un entorno profesional.<\/span><\/p>\n<p><span style=\"font-weight: 400;\">El concierto comenzar\u00e1 con el Coro de Voces Blancas, dirigido por Juan Ram\u00f3n Vinagre Delgado y compuesto por 45 mujeres de entre 14 y 24 a\u00f1os. Desde su fundaci\u00f3n, son muchas las alumnas que han formado parte de este colectivo, todas procedentes de las clases de coro del conservatorio. El marcado car\u00e1cter de instrumento pedag\u00f3gico de esta formaci\u00f3n y su casi continua renovaci\u00f3n son dos de los aspectos primordiales de este grupo art\u00edstico.\u00a0<\/span><\/p>\n<p><span style=\"font-weight: 400;\">El programa del coro incluye obras como \u201cA tu puerta\u201d de Antonio Vi\u00f1uales; \u201cNigra sum\u201d de Bernat Vivancos; \u201cHeaven Full of Stars\u201d, de Eric William Barnum; y \u201cFantas\u00eda sobre \u00abA mi qu\u00e9\u00bb\u201d, del arreglista Jorge A. Mart\u00ednez<\/span><\/p>\n<p><span style=\"font-weight: 400;\">A continuaci\u00f3n, actuar\u00e1 la Orquesta Sinf\u00f3nica del Conservatorio Profesional de M\u00fasica de Santa Cruz de Tenerife, que surgi\u00f3 como respuesta a la educaci\u00f3n musical de las diferentes familias instrumentales y que est\u00e1 formada por alumnos y alumnas que cursan cuarto, quinto o sexto grado de las Ense\u00f1anzas Profesionales de M\u00fasica.\u00a0<\/span><\/p>\n<p><span style=\"font-weight: 400;\">El programa del concierto comenzar\u00e1 con la actuaci\u00f3n de la banda del 3\u00ba Ciclo de Ense\u00f1anzas Profesionales que interpretar\u00e1 un variado repertorio compuesto por piezas como \u201cSinfon\u00eda No. 104 en Re mayor\u201d, de J. Haydn, \u201cMillennium\u201d, de R. Meyer, y \u201cResurgences\u201d, de R. Sheldon.<\/span><\/p>\n","protected":false},"excerpt":{"rendered":"<p>El Coro de Voces Blancas y la Orquesta Sinf\u00f3nica del Conservatorio Profesional de M\u00fasica de Santa Cruz de Tenerife han&#8230;<\/p>\n","protected":false},"author":65,"featured_media":74871,"comment_status":"closed","ping_status":"closed","sticky":false,"template":"","format":"standard","meta":{"inline_featured_image":false,"footnotes":""},"categories":[344,345,2765],"tags":[7223,5371],"acf":[],"yoast_head":"<!-- This site is optimized with the Yoast SEO plugin v21.3 - https:\/\/yoast.com\/wordpress\/plugins\/seo\/ -->\n<title>El Coro de Voces Blancas y la Orquesta Sinf\u00f3nica del Conservatorio de M\u00fasica de Santa Cruz de Tenerife, en el Paraninfo<\/title>\n<meta name=\"description\" content=\"El Coro de Voces Blancas y la Orquesta Sinf\u00f3nica del Conservatorio Profesional de M\u00fasica de Santa Cruz de Tenerife han organizado un concierto que se celebrar\u00e1 ma\u00f1ana s\u00e1bado 23 de marzo a las 17:00 horas en el Paraninfo de la Universidad de La Laguna.\" \/>\n<meta name=\"robots\" content=\"index, follow, max-snippet:-1, max-image-preview:large, max-video-preview:-1\" \/>\n<link rel=\"canonical\" href=\"https:\/\/www.ull.es\/portal\/noticias\/2024\/el-coro-de-voces-blancas-y-la-orquesta-sinfonica-del-conservatorio-de-musica-de-santa-cruz-de-tenerife-en-el-paraninfo\/\" \/>\n<meta property=\"og:locale\" content=\"es_ES\" \/>\n<meta property=\"og:type\" content=\"article\" \/>\n<meta property=\"og:title\" content=\"El Coro de Voces Blancas y la Orquesta Sinf\u00f3nica del Conservatorio de M\u00fasica de Santa Cruz de Tenerife, en el Paraninfo\" \/>\n<meta property=\"og:description\" content=\"El Coro de Voces Blancas y la Orquesta Sinf\u00f3nica del Conservatorio Profesional de M\u00fasica de Santa Cruz de Tenerife han organizado un concierto que se celebrar\u00e1 ma\u00f1ana s\u00e1bado 23 de marzo a las 17:00 horas en el Paraninfo de la Universidad de La Laguna.\" \/>\n<meta property=\"og:url\" content=\"https:\/\/www.ull.es\/portal\/noticias\/2024\/el-coro-de-voces-blancas-y-la-orquesta-sinfonica-del-conservatorio-de-musica-de-santa-cruz-de-tenerife-en-el-paraninfo\/\" \/>\n<meta property=\"og:site_name\" content=\"ULL - Noticias\" \/>\n<meta property=\"article:publisher\" content=\"https:\/\/www.facebook.com\/universidaddelalaguna\/\" \/>\n<meta property=\"article:published_time\" content=\"2024-03-22T13:44:11+00:00\" \/>\n<meta property=\"og:image\" content=\"https:\/\/www.ull.es\/portal\/noticias\/wp-content\/uploads\/sites\/13\/2024\/03\/IMG_1323.jpeg\" \/>\n\t<meta property=\"og:image:width\" content=\"1080\" \/>\n\t<meta property=\"og:image:height\" content=\"540\" \/>\n\t<meta property=\"og:image:type\" content=\"image\/jpeg\" \/>\n<meta name=\"author\" content=\"gcom4\" \/>\n<meta name=\"twitter:card\" content=\"summary_large_image\" \/>\n<meta name=\"twitter:creator\" content=\"@CanalULL\" \/>\n<meta name=\"twitter:site\" content=\"@CanalULL\" \/>\n<meta name=\"twitter:label1\" content=\"Escrito por\" \/>\n\t<meta name=\"twitter:data1\" content=\"gcom4\" \/>\n\t<meta name=\"twitter:label2\" content=\"Tiempo de lectura\" \/>\n\t<meta name=\"twitter:data2\" content=\"2 minutos\" \/>\n<script type=\"application\/ld+json\" class=\"yoast-schema-graph\">{\"@context\":\"https:\/\/schema.org\",\"@graph\":[{\"@type\":\"WebPage\",\"@id\":\"https:\/\/www.ull.es\/portal\/noticias\/2024\/el-coro-de-voces-blancas-y-la-orquesta-sinfonica-del-conservatorio-de-musica-de-santa-cruz-de-tenerife-en-el-paraninfo\/\",\"url\":\"https:\/\/www.ull.es\/portal\/noticias\/2024\/el-coro-de-voces-blancas-y-la-orquesta-sinfonica-del-conservatorio-de-musica-de-santa-cruz-de-tenerife-en-el-paraninfo\/\",\"name\":\"El Coro de Voces Blancas y la Orquesta Sinf\u00f3nica del Conservatorio de M\u00fasica de Santa Cruz de Tenerife, en el Paraninfo\",\"isPartOf\":{\"@id\":\"https:\/\/www.ull.es\/portal\/noticias\/#website\"},\"datePublished\":\"2024-03-22T13:44:11+00:00\",\"dateModified\":\"2024-03-22T13:44:11+00:00\",\"author\":{\"@id\":\"https:\/\/www.ull.es\/portal\/noticias\/#\/schema\/person\/9924518fb1ad37d4428e7b5d6f311773\"},\"description\":\"El Coro de Voces Blancas y la Orquesta Sinf\u00f3nica del Conservatorio Profesional de M\u00fasica de Santa Cruz de Tenerife han organizado un concierto que se celebrar\u00e1 ma\u00f1ana s\u00e1bado 23 de marzo a las 17:00 horas en el Paraninfo de la Universidad de La Laguna.\",\"breadcrumb\":{\"@id\":\"https:\/\/www.ull.es\/portal\/noticias\/2024\/el-coro-de-voces-blancas-y-la-orquesta-sinfonica-del-conservatorio-de-musica-de-santa-cruz-de-tenerife-en-el-paraninfo\/#breadcrumb\"},\"inLanguage\":\"es\",\"potentialAction\":[{\"@type\":\"ReadAction\",\"target\":[\"https:\/\/www.ull.es\/portal\/noticias\/2024\/el-coro-de-voces-blancas-y-la-orquesta-sinfonica-del-conservatorio-de-musica-de-santa-cruz-de-tenerife-en-el-paraninfo\/\"]}]},{\"@type\":\"BreadcrumbList\",\"@id\":\"https:\/\/www.ull.es\/portal\/noticias\/2024\/el-coro-de-voces-blancas-y-la-orquesta-sinfonica-del-conservatorio-de-musica-de-santa-cruz-de-tenerife-en-el-paraninfo\/#breadcrumb\",\"itemListElement\":[{\"@type\":\"ListItem\",\"position\":1,\"name\":\"Portada\",\"item\":\"https:\/\/www.ull.es\/portal\/noticias\/\"},{\"@type\":\"ListItem\",\"position\":2,\"name\":\"El Coro de Voces Blancas y la Orquesta Sinf\u00f3nica del Conservatorio de M\u00fasica de Santa Cruz de Tenerife, en el Paraninfo\"}]},{\"@type\":\"WebSite\",\"@id\":\"https:\/\/www.ull.es\/portal\/noticias\/#website\",\"url\":\"https:\/\/www.ull.es\/portal\/noticias\/\",\"name\":\"ULL - Noticias\",\"description\":\"\",\"potentialAction\":[{\"@type\":\"SearchAction\",\"target\":{\"@type\":\"EntryPoint\",\"urlTemplate\":\"https:\/\/www.ull.es\/portal\/noticias\/?s={search_term_string}\"},\"query-input\":\"required name=search_term_string\"}],\"inLanguage\":\"es\"},{\"@type\":\"Person\",\"@id\":\"https:\/\/www.ull.es\/portal\/noticias\/#\/schema\/person\/9924518fb1ad37d4428e7b5d6f311773\",\"name\":\"gcom4\",\"image\":{\"@type\":\"ImageObject\",\"inLanguage\":\"es\",\"@id\":\"https:\/\/www.ull.es\/portal\/noticias\/#\/schema\/person\/image\/\",\"url\":\"https:\/\/secure.gravatar.com\/avatar\/a5d1f5573f10617ccfcc209aaf6aa7fb?s=96&d=mm&r=g\",\"contentUrl\":\"https:\/\/secure.gravatar.com\/avatar\/a5d1f5573f10617ccfcc209aaf6aa7fb?s=96&d=mm&r=g\",\"caption\":\"gcom4\"},\"url\":\"https:\/\/www.ull.es\/portal\/noticias\/author\/gcom4\/\"}]}<\/script>\n<!-- \/ Yoast SEO plugin. -->","yoast_head_json":{"title":"El Coro de Voces Blancas y la Orquesta Sinf\u00f3nica del Conservatorio de M\u00fasica de Santa Cruz de Tenerife, en el Paraninfo","description":"El Coro de Voces Blancas y la Orquesta Sinf\u00f3nica del Conservatorio Profesional de M\u00fasica de Santa Cruz de Tenerife han organizado un concierto que se celebrar\u00e1 ma\u00f1ana s\u00e1bado 23 de marzo a las 17:00 horas en el Paraninfo de la Universidad de La Laguna.","robots":{"index":"index","follow":"follow","max-snippet":"max-snippet:-1","max-image-preview":"max-image-preview:large","max-video-preview":"max-video-preview:-1"},"canonical":"https:\/\/www.ull.es\/portal\/noticias\/2024\/el-coro-de-voces-blancas-y-la-orquesta-sinfonica-del-conservatorio-de-musica-de-santa-cruz-de-tenerife-en-el-paraninfo\/","og_locale":"es_ES","og_type":"article","og_title":"El Coro de Voces Blancas y la Orquesta Sinf\u00f3nica del Conservatorio de M\u00fasica de Santa Cruz de Tenerife, en el Paraninfo","og_description":"El Coro de Voces Blancas y la Orquesta Sinf\u00f3nica del Conservatorio Profesional de M\u00fasica de Santa Cruz de Tenerife han organizado un concierto que se celebrar\u00e1 ma\u00f1ana s\u00e1bado 23 de marzo a las 17:00 horas en el Paraninfo de la Universidad de La Laguna.","og_url":"https:\/\/www.ull.es\/portal\/noticias\/2024\/el-coro-de-voces-blancas-y-la-orquesta-sinfonica-del-conservatorio-de-musica-de-santa-cruz-de-tenerife-en-el-paraninfo\/","og_site_name":"ULL - Noticias","article_publisher":"https:\/\/www.facebook.com\/universidaddelalaguna\/","article_published_time":"2024-03-22T13:44:11+00:00","og_image":[{"width":1080,"height":540,"url":"https:\/\/www.ull.es\/portal\/noticias\/wp-content\/uploads\/sites\/13\/2024\/03\/IMG_1323.jpeg","type":"image\/jpeg"}],"author":"gcom4","twitter_card":"summary_large_image","twitter_creator":"@CanalULL","twitter_site":"@CanalULL","twitter_misc":{"Escrito por":"gcom4","Tiempo de lectura":"2 minutos"},"schema":{"@context":"https:\/\/schema.org","@graph":[{"@type":"WebPage","@id":"https:\/\/www.ull.es\/portal\/noticias\/2024\/el-coro-de-voces-blancas-y-la-orquesta-sinfonica-del-conservatorio-de-musica-de-santa-cruz-de-tenerife-en-el-paraninfo\/","url":"https:\/\/www.ull.es\/portal\/noticias\/2024\/el-coro-de-voces-blancas-y-la-orquesta-sinfonica-del-conservatorio-de-musica-de-santa-cruz-de-tenerife-en-el-paraninfo\/","name":"El Coro de Voces Blancas y la Orquesta Sinf\u00f3nica del Conservatorio de M\u00fasica de Santa Cruz de Tenerife, en el Paraninfo","isPartOf":{"@id":"https:\/\/www.ull.es\/portal\/noticias\/#website"},"datePublished":"2024-03-22T13:44:11+00:00","dateModified":"2024-03-22T13:44:11+00:00","author":{"@id":"https:\/\/www.ull.es\/portal\/noticias\/#\/schema\/person\/9924518fb1ad37d4428e7b5d6f311773"},"description":"El Coro de Voces Blancas y la Orquesta Sinf\u00f3nica del Conservatorio Profesional de M\u00fasica de Santa Cruz de Tenerife han organizado un concierto que se celebrar\u00e1 ma\u00f1ana s\u00e1bado 23 de marzo a las 17:00 horas en el Paraninfo de la Universidad de La Laguna.","breadcrumb":{"@id":"https:\/\/www.ull.es\/portal\/noticias\/2024\/el-coro-de-voces-blancas-y-la-orquesta-sinfonica-del-conservatorio-de-musica-de-santa-cruz-de-tenerife-en-el-paraninfo\/#breadcrumb"},"inLanguage":"es","potentialAction":[{"@type":"ReadAction","target":["https:\/\/www.ull.es\/portal\/noticias\/2024\/el-coro-de-voces-blancas-y-la-orquesta-sinfonica-del-conservatorio-de-musica-de-santa-cruz-de-tenerife-en-el-paraninfo\/"]}]},{"@type":"BreadcrumbList","@id":"https:\/\/www.ull.es\/portal\/noticias\/2024\/el-coro-de-voces-blancas-y-la-orquesta-sinfonica-del-conservatorio-de-musica-de-santa-cruz-de-tenerife-en-el-paraninfo\/#breadcrumb","itemListElement":[{"@type":"ListItem","position":1,"name":"Portada","item":"https:\/\/www.ull.es\/portal\/noticias\/"},{"@type":"ListItem","position":2,"name":"El Coro de Voces Blancas y la Orquesta Sinf\u00f3nica del Conservatorio de M\u00fasica de Santa Cruz de Tenerife, en el Paraninfo"}]},{"@type":"WebSite","@id":"https:\/\/www.ull.es\/portal\/noticias\/#website","url":"https:\/\/www.ull.es\/portal\/noticias\/","name":"ULL - Noticias","description":"","potentialAction":[{"@type":"SearchAction","target":{"@type":"EntryPoint","urlTemplate":"https:\/\/www.ull.es\/portal\/noticias\/?s={search_term_string}"},"query-input":"required name=search_term_string"}],"inLanguage":"es"},{"@type":"Person","@id":"https:\/\/www.ull.es\/portal\/noticias\/#\/schema\/person\/9924518fb1ad37d4428e7b5d6f311773","name":"gcom4","image":{"@type":"ImageObject","inLanguage":"es","@id":"https:\/\/www.ull.es\/portal\/noticias\/#\/schema\/person\/image\/","url":"https:\/\/secure.gravatar.com\/avatar\/a5d1f5573f10617ccfcc209aaf6aa7fb?s=96&d=mm&r=g","contentUrl":"https:\/\/secure.gravatar.com\/avatar\/a5d1f5573f10617ccfcc209aaf6aa7fb?s=96&d=mm&r=g","caption":"gcom4"},"url":"https:\/\/www.ull.es\/portal\/noticias\/author\/gcom4\/"}]}},"primary_category":{"id":345,"name":"Destacado","slug":"destacado","link":"https:\/\/www.ull.es\/portal\/noticias\/category\/destacado\/"},"featured_image_thumbnail_url":"https:\/\/www.ull.es\/portal\/noticias\/wp-content\/uploads\/sites\/13\/2024\/03\/IMG_1323-300x150.jpeg","_links":{"self":[{"href":"https:\/\/www.ull.es\/portal\/noticias\/wp-json\/wp\/v2\/posts\/74870"}],"collection":[{"href":"https:\/\/www.ull.es\/portal\/noticias\/wp-json\/wp\/v2\/posts"}],"about":[{"href":"https:\/\/www.ull.es\/portal\/noticias\/wp-json\/wp\/v2\/types\/post"}],"author":[{"embeddable":true,"href":"https:\/\/www.ull.es\/portal\/noticias\/wp-json\/wp\/v2\/users\/65"}],"replies":[{"embeddable":true,"href":"https:\/\/www.ull.es\/portal\/noticias\/wp-json\/wp\/v2\/comments?post=74870"}],"version-history":[{"count":1,"href":"https:\/\/www.ull.es\/portal\/noticias\/wp-json\/wp\/v2\/posts\/74870\/revisions"}],"predecessor-version":[{"id":74872,"href":"https:\/\/www.ull.es\/portal\/noticias\/wp-json\/wp\/v2\/posts\/74870\/revisions\/74872"}],"wp:featuredmedia":[{"embeddable":true,"href":"https:\/\/www.ull.es\/portal\/noticias\/wp-json\/wp\/v2\/media\/74871"}],"wp:attachment":[{"href":"https:\/\/www.ull.es\/portal\/noticias\/wp-json\/wp\/v2\/media?parent=74870"}],"wp:term":[{"taxonomy":"category","embeddable":true,"href":"https:\/\/www.ull.es\/portal\/noticias\/wp-json\/wp\/v2\/categories?post=74870"},{"taxonomy":"post_tag","embeddable":true,"href":"https:\/\/www.ull.es\/portal\/noticias\/wp-json\/wp\/v2\/tags?post=74870"}],"curies":[{"name":"wp","href":"https:\/\/api.w.org\/{rel}","templated":true}]}}