{"id":74911,"date":"2024-04-01T13:20:41","date_gmt":"2024-04-01T13:20:41","guid":{"rendered":"https:\/\/www.ull.es\/portal\/noticias\/?p=74911"},"modified":"2024-04-01T13:20:41","modified_gmt":"2024-04-01T13:20:41","slug":"la-ull-y-el-colegio-oficial-de-enfermeros-refuerzan-su-colaboracion-con-la-continuidad-de-la-catedra","status":"publish","type":"post","link":"https:\/\/www.ull.es\/portal\/noticias\/2024\/la-ull-y-el-colegio-oficial-de-enfermeros-refuerzan-su-colaboracion-con-la-continuidad-de-la-catedra\/","title":{"rendered":"La ULL y el Colegio Oficial de Enfermeros refuerzan su colaboraci\u00f3n con la continuidad de la c\u00e1tedra\u00a0"},"content":{"rendered":"<p>La C\u00e1tedra de Enfermer\u00eda de la Universidad de La Laguna lleva funcionando desde 2017 y puede decirse que fue de las primeras suscritas por un colegio profesional y una universidad p\u00fablica en este \u00e1mbito asistencial. Su modelo pionero fue de hecho exportado a otras comunidades aut\u00f3nomas, donde se han creado al albur de los centros de educaci\u00f3n superior estructuras similares que acercan la profesi\u00f3n a los estudiantes y que sirven a su vez de plataforma de formaci\u00f3n continua para profesionales.<\/p>\n<p>Hoy 1 de abril el rector de la Universidad de La Laguna, Francisco Garc\u00eda, y la presidenta del \u00f3rgano colegial, Natalia Rodr\u00edguez, han suscrito el convenio de colaboraci\u00f3n por el cual se renueva la sinergia entre las dos entidades para llevar a cabo su plan de trabajo en 2024. Con sede en la Secci\u00f3n de Enfermer\u00eda del centro acad\u00e9mico, la c\u00e1tedra desarrolla buena parte de su actividad en la sede universitaria de La Palma, isla en la que desde hace 24 ediciones se celebra el Congreso de Enfermer\u00eda. Tambi\u00e9n al amparo de la \u00e7\u00e1tedra universitaria se llevan a cabo sesiones de lectura de tesis doctorales, con apoyo de la Escuela de Doctorado y Estudios de Posgrado, y se apoya la publicaci\u00f3n de las tesis.<\/p>\n<p>La propia directora se\u00f1al\u00f3 que la c\u00e1tedra constituye una oportunidad para que los estudiantes se acerquen a la realidad de la profesi\u00f3n, y de hecho se est\u00e1n llevando a cabo cursos sobre el paciente migrante o sobre la atenci\u00f3n en caso de accidentes, a los que puede acceder el alumnado, dijeron. Igualmente, tambi\u00e9n se apoyan actividades de investigaci\u00f3n como las antes rese\u00f1adas. Se indic\u00f3 que Tenerife cuenta con 8.000 profesionales de la enfermer\u00eda, del que m\u00e1s del 85% son mujeres, una profesi\u00f3n sin paro estructural alguno.<\/p>\n<p>Es habitual el trabajo de la C\u00e1tedra de Enfermer\u00eda en lo relacionado con la cooperaci\u00f3n al desarrollo, por lo que su contacto con organizaciones no gubernamentales de esta \u00edndole es siempre estrecho e intenso. El pasado curso acad\u00e9mico, por ejemplo, llevaron a cabo una formaci\u00f3n destinado a matronas de Ghana.<\/p>\n<p>El plan de actividades para este ejercicio seguir\u00e1 la l\u00ednea de los anteriores, centr\u00e1ndose en la formaci\u00f3n tanto a estudiantes como a profesionales del sector. Con todo, ser\u00e1 la comisi\u00f3n mixta creada entre las dos instituciones la que le d\u00e9 el visto bueno final al documento que regir\u00e1 el calendario de acciones de 2024.<\/p>\n","protected":false},"excerpt":{"rendered":"<p>La C\u00e1tedra de Enfermer\u00eda de la Universidad de La Laguna lleva funcionando desde 2017 y puede decirse que fue de&#8230;<\/p>\n","protected":false},"author":23,"featured_media":74913,"comment_status":"closed","ping_status":"closed","sticky":false,"template":"","format":"standard","meta":{"inline_featured_image":false,"footnotes":""},"categories":[345,348,2765],"tags":[],"acf":[],"yoast_head":"<!-- This site is optimized with the Yoast SEO plugin v21.3 - https:\/\/yoast.com\/wordpress\/plugins\/seo\/ -->\n<title>La ULL y el Colegio Oficial de Enfermeros refuerzan su colaboraci\u00f3n con la continuidad de la c\u00e1tedra\u00a0 - ULL - Noticias<\/title>\n<meta name=\"robots\" content=\"index, follow, max-snippet:-1, max-image-preview:large, max-video-preview:-1\" \/>\n<link rel=\"canonical\" href=\"https:\/\/www.ull.es\/portal\/noticias\/2024\/la-ull-y-el-colegio-oficial-de-enfermeros-refuerzan-su-colaboracion-con-la-continuidad-de-la-catedra\/\" \/>\n<meta property=\"og:locale\" content=\"es_ES\" \/>\n<meta property=\"og:type\" content=\"article\" \/>\n<meta property=\"og:title\" content=\"La ULL y el Colegio Oficial de Enfermeros refuerzan su colaboraci\u00f3n con la continuidad de la c\u00e1tedra\u00a0 - ULL - Noticias\" \/>\n<meta property=\"og:description\" content=\"La C\u00e1tedra de Enfermer\u00eda de la Universidad de La Laguna lleva funcionando desde 2017 y puede decirse que fue de...\" \/>\n<meta property=\"og:url\" content=\"https:\/\/www.ull.es\/portal\/noticias\/2024\/la-ull-y-el-colegio-oficial-de-enfermeros-refuerzan-su-colaboracion-con-la-continuidad-de-la-catedra\/\" \/>\n<meta property=\"og:site_name\" content=\"ULL - Noticias\" \/>\n<meta property=\"article:publisher\" content=\"https:\/\/www.facebook.com\/universidaddelalaguna\/\" \/>\n<meta property=\"article:published_time\" content=\"2024-04-01T13:20:41+00:00\" \/>\n<meta property=\"og:image\" content=\"https:\/\/www.ull.es\/portal\/noticias\/wp-content\/uploads\/sites\/13\/2024\/04\/Catedra-Enfermeria.jpg\" \/>\n\t<meta property=\"og:image:width\" content=\"1200\" \/>\n\t<meta property=\"og:image:height\" content=\"800\" \/>\n\t<meta property=\"og:image:type\" content=\"image\/jpeg\" \/>\n<meta name=\"author\" content=\"gaprsa\" \/>\n<meta name=\"twitter:card\" content=\"summary_large_image\" \/>\n<meta name=\"twitter:creator\" content=\"@CanalULL\" \/>\n<meta name=\"twitter:site\" content=\"@CanalULL\" \/>\n<meta name=\"twitter:label1\" content=\"Escrito por\" \/>\n\t<meta name=\"twitter:data1\" content=\"gaprsa\" \/>\n\t<meta name=\"twitter:label2\" content=\"Tiempo de lectura\" \/>\n\t<meta name=\"twitter:data2\" content=\"2 minutos\" \/>\n<script type=\"application\/ld+json\" class=\"yoast-schema-graph\">{\"@context\":\"https:\/\/schema.org\",\"@graph\":[{\"@type\":\"WebPage\",\"@id\":\"https:\/\/www.ull.es\/portal\/noticias\/2024\/la-ull-y-el-colegio-oficial-de-enfermeros-refuerzan-su-colaboracion-con-la-continuidad-de-la-catedra\/\",\"url\":\"https:\/\/www.ull.es\/portal\/noticias\/2024\/la-ull-y-el-colegio-oficial-de-enfermeros-refuerzan-su-colaboracion-con-la-continuidad-de-la-catedra\/\",\"name\":\"La ULL y el Colegio Oficial de Enfermeros refuerzan su colaboraci\u00f3n con la continuidad de la c\u00e1tedra\u00a0 - ULL - Noticias\",\"isPartOf\":{\"@id\":\"https:\/\/www.ull.es\/portal\/noticias\/#website\"},\"datePublished\":\"2024-04-01T13:20:41+00:00\",\"dateModified\":\"2024-04-01T13:20:41+00:00\",\"author\":{\"@id\":\"https:\/\/www.ull.es\/portal\/noticias\/#\/schema\/person\/b2b1a89d43ffa609e591f7df8ef3e817\"},\"breadcrumb\":{\"@id\":\"https:\/\/www.ull.es\/portal\/noticias\/2024\/la-ull-y-el-colegio-oficial-de-enfermeros-refuerzan-su-colaboracion-con-la-continuidad-de-la-catedra\/#breadcrumb\"},\"inLanguage\":\"es\",\"potentialAction\":[{\"@type\":\"ReadAction\",\"target\":[\"https:\/\/www.ull.es\/portal\/noticias\/2024\/la-ull-y-el-colegio-oficial-de-enfermeros-refuerzan-su-colaboracion-con-la-continuidad-de-la-catedra\/\"]}]},{\"@type\":\"BreadcrumbList\",\"@id\":\"https:\/\/www.ull.es\/portal\/noticias\/2024\/la-ull-y-el-colegio-oficial-de-enfermeros-refuerzan-su-colaboracion-con-la-continuidad-de-la-catedra\/#breadcrumb\",\"itemListElement\":[{\"@type\":\"ListItem\",\"position\":1,\"name\":\"Portada\",\"item\":\"https:\/\/www.ull.es\/portal\/noticias\/\"},{\"@type\":\"ListItem\",\"position\":2,\"name\":\"La ULL y el Colegio Oficial de Enfermeros refuerzan su colaboraci\u00f3n con la continuidad de la c\u00e1tedra\u00a0\"}]},{\"@type\":\"WebSite\",\"@id\":\"https:\/\/www.ull.es\/portal\/noticias\/#website\",\"url\":\"https:\/\/www.ull.es\/portal\/noticias\/\",\"name\":\"ULL - Noticias\",\"description\":\"\",\"potentialAction\":[{\"@type\":\"SearchAction\",\"target\":{\"@type\":\"EntryPoint\",\"urlTemplate\":\"https:\/\/www.ull.es\/portal\/noticias\/?s={search_term_string}\"},\"query-input\":\"required name=search_term_string\"}],\"inLanguage\":\"es\"},{\"@type\":\"Person\",\"@id\":\"https:\/\/www.ull.es\/portal\/noticias\/#\/schema\/person\/b2b1a89d43ffa609e591f7df8ef3e817\",\"name\":\"gaprsa\",\"image\":{\"@type\":\"ImageObject\",\"inLanguage\":\"es\",\"@id\":\"https:\/\/www.ull.es\/portal\/noticias\/#\/schema\/person\/image\/\",\"url\":\"https:\/\/secure.gravatar.com\/avatar\/443820550921091458b4823867723b3d?s=96&d=mm&r=g\",\"contentUrl\":\"https:\/\/secure.gravatar.com\/avatar\/443820550921091458b4823867723b3d?s=96&d=mm&r=g\",\"caption\":\"gaprsa\"},\"url\":\"https:\/\/www.ull.es\/portal\/noticias\/author\/gaprsa\/\"}]}<\/script>\n<!-- \/ Yoast SEO plugin. -->","yoast_head_json":{"title":"La ULL y el Colegio Oficial de Enfermeros refuerzan su colaboraci\u00f3n con la continuidad de la c\u00e1tedra\u00a0 - ULL - Noticias","robots":{"index":"index","follow":"follow","max-snippet":"max-snippet:-1","max-image-preview":"max-image-preview:large","max-video-preview":"max-video-preview:-1"},"canonical":"https:\/\/www.ull.es\/portal\/noticias\/2024\/la-ull-y-el-colegio-oficial-de-enfermeros-refuerzan-su-colaboracion-con-la-continuidad-de-la-catedra\/","og_locale":"es_ES","og_type":"article","og_title":"La ULL y el Colegio Oficial de Enfermeros refuerzan su colaboraci\u00f3n con la continuidad de la c\u00e1tedra\u00a0 - ULL - Noticias","og_description":"La C\u00e1tedra de Enfermer\u00eda de la Universidad de La Laguna lleva funcionando desde 2017 y puede decirse que fue de...","og_url":"https:\/\/www.ull.es\/portal\/noticias\/2024\/la-ull-y-el-colegio-oficial-de-enfermeros-refuerzan-su-colaboracion-con-la-continuidad-de-la-catedra\/","og_site_name":"ULL - Noticias","article_publisher":"https:\/\/www.facebook.com\/universidaddelalaguna\/","article_published_time":"2024-04-01T13:20:41+00:00","og_image":[{"width":1200,"height":800,"url":"https:\/\/www.ull.es\/portal\/noticias\/wp-content\/uploads\/sites\/13\/2024\/04\/Catedra-Enfermeria.jpg","type":"image\/jpeg"}],"author":"gaprsa","twitter_card":"summary_large_image","twitter_creator":"@CanalULL","twitter_site":"@CanalULL","twitter_misc":{"Escrito por":"gaprsa","Tiempo de lectura":"2 minutos"},"schema":{"@context":"https:\/\/schema.org","@graph":[{"@type":"WebPage","@id":"https:\/\/www.ull.es\/portal\/noticias\/2024\/la-ull-y-el-colegio-oficial-de-enfermeros-refuerzan-su-colaboracion-con-la-continuidad-de-la-catedra\/","url":"https:\/\/www.ull.es\/portal\/noticias\/2024\/la-ull-y-el-colegio-oficial-de-enfermeros-refuerzan-su-colaboracion-con-la-continuidad-de-la-catedra\/","name":"La ULL y el Colegio Oficial de Enfermeros refuerzan su colaboraci\u00f3n con la continuidad de la c\u00e1tedra\u00a0 - ULL - Noticias","isPartOf":{"@id":"https:\/\/www.ull.es\/portal\/noticias\/#website"},"datePublished":"2024-04-01T13:20:41+00:00","dateModified":"2024-04-01T13:20:41+00:00","author":{"@id":"https:\/\/www.ull.es\/portal\/noticias\/#\/schema\/person\/b2b1a89d43ffa609e591f7df8ef3e817"},"breadcrumb":{"@id":"https:\/\/www.ull.es\/portal\/noticias\/2024\/la-ull-y-el-colegio-oficial-de-enfermeros-refuerzan-su-colaboracion-con-la-continuidad-de-la-catedra\/#breadcrumb"},"inLanguage":"es","potentialAction":[{"@type":"ReadAction","target":["https:\/\/www.ull.es\/portal\/noticias\/2024\/la-ull-y-el-colegio-oficial-de-enfermeros-refuerzan-su-colaboracion-con-la-continuidad-de-la-catedra\/"]}]},{"@type":"BreadcrumbList","@id":"https:\/\/www.ull.es\/portal\/noticias\/2024\/la-ull-y-el-colegio-oficial-de-enfermeros-refuerzan-su-colaboracion-con-la-continuidad-de-la-catedra\/#breadcrumb","itemListElement":[{"@type":"ListItem","position":1,"name":"Portada","item":"https:\/\/www.ull.es\/portal\/noticias\/"},{"@type":"ListItem","position":2,"name":"La ULL y el Colegio Oficial de Enfermeros refuerzan su colaboraci\u00f3n con la continuidad de la c\u00e1tedra\u00a0"}]},{"@type":"WebSite","@id":"https:\/\/www.ull.es\/portal\/noticias\/#website","url":"https:\/\/www.ull.es\/portal\/noticias\/","name":"ULL - Noticias","description":"","potentialAction":[{"@type":"SearchAction","target":{"@type":"EntryPoint","urlTemplate":"https:\/\/www.ull.es\/portal\/noticias\/?s={search_term_string}"},"query-input":"required name=search_term_string"}],"inLanguage":"es"},{"@type":"Person","@id":"https:\/\/www.ull.es\/portal\/noticias\/#\/schema\/person\/b2b1a89d43ffa609e591f7df8ef3e817","name":"gaprsa","image":{"@type":"ImageObject","inLanguage":"es","@id":"https:\/\/www.ull.es\/portal\/noticias\/#\/schema\/person\/image\/","url":"https:\/\/secure.gravatar.com\/avatar\/443820550921091458b4823867723b3d?s=96&d=mm&r=g","contentUrl":"https:\/\/secure.gravatar.com\/avatar\/443820550921091458b4823867723b3d?s=96&d=mm&r=g","caption":"gaprsa"},"url":"https:\/\/www.ull.es\/portal\/noticias\/author\/gaprsa\/"}]}},"primary_category":{"id":345,"name":"Destacado","slug":"destacado","link":"https:\/\/www.ull.es\/portal\/noticias\/category\/destacado\/"},"featured_image_thumbnail_url":"https:\/\/www.ull.es\/portal\/noticias\/wp-content\/uploads\/sites\/13\/2024\/04\/Catedra-Enfermeria-300x200.jpg","_links":{"self":[{"href":"https:\/\/www.ull.es\/portal\/noticias\/wp-json\/wp\/v2\/posts\/74911"}],"collection":[{"href":"https:\/\/www.ull.es\/portal\/noticias\/wp-json\/wp\/v2\/posts"}],"about":[{"href":"https:\/\/www.ull.es\/portal\/noticias\/wp-json\/wp\/v2\/types\/post"}],"author":[{"embeddable":true,"href":"https:\/\/www.ull.es\/portal\/noticias\/wp-json\/wp\/v2\/users\/23"}],"replies":[{"embeddable":true,"href":"https:\/\/www.ull.es\/portal\/noticias\/wp-json\/wp\/v2\/comments?post=74911"}],"version-history":[{"count":1,"href":"https:\/\/www.ull.es\/portal\/noticias\/wp-json\/wp\/v2\/posts\/74911\/revisions"}],"predecessor-version":[{"id":74912,"href":"https:\/\/www.ull.es\/portal\/noticias\/wp-json\/wp\/v2\/posts\/74911\/revisions\/74912"}],"wp:featuredmedia":[{"embeddable":true,"href":"https:\/\/www.ull.es\/portal\/noticias\/wp-json\/wp\/v2\/media\/74913"}],"wp:attachment":[{"href":"https:\/\/www.ull.es\/portal\/noticias\/wp-json\/wp\/v2\/media?parent=74911"}],"wp:term":[{"taxonomy":"category","embeddable":true,"href":"https:\/\/www.ull.es\/portal\/noticias\/wp-json\/wp\/v2\/categories?post=74911"},{"taxonomy":"post_tag","embeddable":true,"href":"https:\/\/www.ull.es\/portal\/noticias\/wp-json\/wp\/v2\/tags?post=74911"}],"curies":[{"name":"wp","href":"https:\/\/api.w.org\/{rel}","templated":true}]}}