{"id":74978,"date":"2024-04-04T12:30:33","date_gmt":"2024-04-04T12:30:33","guid":{"rendered":"https:\/\/www.ull.es\/portal\/noticias\/?p=74978"},"modified":"2024-04-04T12:55:57","modified_gmt":"2024-04-04T12:55:57","slug":"universidades-canarias-compromiso-biodiversidad-macaronesia","status":"publish","type":"post","link":"https:\/\/www.ull.es\/portal\/noticias\/2024\/universidades-canarias-compromiso-biodiversidad-macaronesia\/","title":{"rendered":"Las dos universidades p\u00fablicas canarias firman su compromiso con la biodiversidad de la Macaronesia"},"content":{"rendered":"<p>El proyecto <a href=\"https:\/\/canbiocanarias.com\/\" target=\"_blank\" rel=\"noopener\" target=\"_blank\" rel=\"noopener\">CanBio<\/a>, centrado en diferentes indicadores del cambio clim\u00e1tico en los ecosistemas canarios, financiado a partes iguales por el Gobierno de Canarias y Loro Parque Fundaci\u00f3n, celebr\u00f3 hoy, jueves 4 de abril una jornada para presentar los resultados obtenidos hasta ahora por los diferentes equipos de investigaci\u00f3n asociados al proyecto. Durante su apertura, los rectores de las dos universidades p\u00fablicas canarias firmaron el \u201c<a href=\"https:\/\/drive.google.com\/file\/d\/1aagwFhEjADSfdst7-qgdaxQH-B2paK56\/view?usp=sharing\" target=\"_blank\" rel=\"noopener\" target=\"_blank\" rel=\"noopener\">Manifiesto por la protecci\u00f3n de la biodiversidad marina en la Macaronesia<\/a>\u201d, de tal modo que la Universidad de La Laguna y la Universidad de Las Palmas de Gran Canaria han sido las primeras en rubricar este acuerdo al que se sumar\u00e1n m\u00e1s centros del \u00e1rea geogr\u00e1fica concernida por el texto.<\/p>\n<p>Durante el acto de apertura de las jornadas, celebradas en la Facultad de Ciencias Sociales y de la Comunicaci\u00f3n, el rector de la Universidad de La Laguna, Francisco Garc\u00eda, destac\u00f3 que CanBio es un proyecto ejemplar por muchas razones entre las que se cuenta el hecho de ser una f\u00f3rmula de colaboraci\u00f3n p\u00fablico-privada beneficiosa para la ciencia y para obtener resultados tangibles sobre los procesos derivados del cambio clim\u00e1ticos y la influencia humana, como la acidificaci\u00f3n y la contaminaci\u00f3n ac\u00fastica en los oc\u00e9anos.<\/p>\n<p>Garc\u00eda critic\u00f3 las tendencias negacionistas de este grave problema medioambiental y se\u00f1al\u00f3 que, frente a esas posturas, las universidades p\u00fablicas deben trabajar para difundir las evidencias de que se trata de un problema real que amenaza el futuro com\u00fan. Calific\u00f3 el proyecto como un gran ejemplo de transferencia de resultados cient\u00edficos a la sociedad y, por ello, consider\u00f3 que es una \u201cmagn\u00edfica notica\u201d que este proyecto tenga perspectiva de continuidad, pues refleja que las instituciones p\u00fablicas de educaci\u00f3n superior trabajan en com\u00fan por el bienestar de la sociedad.<\/p>\n<p><a href=\"https:\/\/www.ull.es\/portal\/noticias\/wp-content\/uploads\/sites\/13\/2024\/04\/Viaje-futuro-sostenible-20.jpg\" target=\"_blank\" rel=\"noopener\" target=\"_blank\" rel=\"noopener\"><img decoding=\"async\" loading=\"lazy\" class=\"alignleft wp-image-74980 size-medium\" src=\"https:\/\/www.ull.es\/portal\/noticias\/wp-content\/uploads\/sites\/13\/2024\/04\/Viaje-futuro-sostenible-20-300x200.jpg\" alt=\"\" width=\"300\" height=\"200\" srcset=\"https:\/\/www.ull.es\/portal\/noticias\/wp-content\/uploads\/sites\/13\/2024\/04\/Viaje-futuro-sostenible-20-300x200.jpg 300w, https:\/\/www.ull.es\/portal\/noticias\/wp-content\/uploads\/sites\/13\/2024\/04\/Viaje-futuro-sostenible-20-768x512.jpg 768w, https:\/\/www.ull.es\/portal\/noticias\/wp-content\/uploads\/sites\/13\/2024\/04\/Viaje-futuro-sostenible-20-375x250.jpg 375w, https:\/\/www.ull.es\/portal\/noticias\/wp-content\/uploads\/sites\/13\/2024\/04\/Viaje-futuro-sostenible-20-750x500.jpg 750w, https:\/\/www.ull.es\/portal\/noticias\/wp-content\/uploads\/sites\/13\/2024\/04\/Viaje-futuro-sostenible-20.jpg 1024w\" sizes=\"(max-width: 300px) 100vw, 300px\" \/><\/a><\/p>\n<p>El rector de la Universidad de Las Palmas de Gran Canaria, Llu\u00eds Serra, agradeci\u00f3 al personal investigador vinculado al proyecto presente en el acto su esfuerzo constante por poner en marcha proyectos en torno a la biodiversidad regional y los aspectos de cabio clim\u00e1tico que la afectan.<\/p>\n<p>Serra record\u00f3 que cuando las universidades p\u00fablicas canarias van de la mano, como en este caso, son m\u00e1s fuertes y llegan m\u00e1s lejos, por lo que alab\u00f3 esta colaboraci\u00f3n y las sinergias que ha creado y que a trav\u00e9s de actividades como las de hoy se divulgue a la sociedad el impacto de la labor realizada desde la academia. Tambi\u00e9n tuvo palabras de agradecimiento a la Loro Parque Fundaci\u00f3n, y manifest\u00f3 su deseo por que surjan en los pr\u00f3ximos a\u00f1os todav\u00eda surjan m\u00e1s proyectos de este tipo para seguir luchando por la preservaci\u00f3n de la naturaleza y sus usos sostenibles.<\/p>\n<p>Abri\u00f3 el acto Javier Almunia, coordinador de CanBio y director de Loro Parque Fundaci\u00f3n, que tambi\u00e9n destac\u00f3 el modelo de trabajo del proyecto como un buen ejemplo de colaboraci\u00f3n entre lo p\u00fablico y lo privado in\u00e9dito en otras comunidades aut\u00f3nomas el cual, tras seis a\u00f1os de trayectoria, ha dedicado tres millones de euros a investigaci\u00f3n de primer nivel.<\/p>\n<p>Explic\u00f3 que la iniciativa ha crecido y evolucionado durante este periodo de tiempo, pues inicialmente estaba enfocada exclusivamente en el medio marino pero, desde su cuarto a\u00f1o, se ha abierto tambi\u00e9n al \u00e1mbito terrestre. Almunia enfatiz\u00f3 la idea de que el trabajo realizado por las universidades p\u00fablicas es relevante para generar conocimiento que servir\u00e1 a las administraciones e instancias pol\u00edticas para tomar decisiones basadas en evidencias cient\u00edficas.<\/p>\n<p><strong>Manifiesto y presentaciones<\/strong><\/p>\n<p>El manifiesto fue le\u00eddo por la periodista cient\u00edfica Sof\u00eda Ramos, y en \u00e9l se hace un llamamiento a las universidades firmantes a promover la investigaci\u00f3n cient\u00edfica interdisciplinaria sobre los ecosistemas marinos; a integrar la conservaci\u00f3n de la biodiversidad como contenido en sus planes de estudio; a fomentar la colaboraci\u00f3n entre las instituciones acad\u00e9micas y otras organizaciones p\u00fablicas y privadas para desarrollar proyectos conjuntos; a sensibilizar a la comunidad universitaria y la sociedad en general sobre la importancia de defender la biodiversidad marina; y a apoyar la creaci\u00f3n de \u00c1reas Marinas Protegidas de la Macaronesia.<\/p>\n<p>El resto de la jornada discurri\u00f3 con presentaciones de veinte minutos en los que los responsables de los diferentes proyectos explicaron sus resultas. As\u00ed, en la jornada de ma\u00f1ana se abordaron las iniciativas \u201cAcidificaci\u00f3n oce\u00e1nica en Canarias: la importancia de las series temporales\u201d, \u201cMonitorizaci\u00f3n ac\u00fastica pasiva, ruido y paisajes submarinos\u201d; \u201cLa ciencia accesible, una puerta hacia la libertad\u201d; \u201cCalentamiento oce\u00e1nico y sus efectos sobre la biodiversidad costera\u201d; \u201cCanBio Web 3.0: narrativas transmedia para la divulgaci\u00f3n cient\u00edfica\u201d; \u201cCaracterizaci\u00f3n biol\u00f3gica y paleontol\u00f3gica de las especies cr\u00edticamente amenazadas de gaster\u00f3podos terrestres de Canarias\u201d; y \u201cCampa\u00f1as ac\u00fasticas con glider en 2023 BioACU\u201d.<\/p>\n<p>La sesi\u00f3n de tarde se centrar\u00e1 en los proyectos \u201cArtr\u00f3podos terrestres de Canarias: los grandes olvidados de la conservaci\u00f3n\u201d; \u201cRedes ciudadanas para la conservaci\u00f3n frente al cambio clim\u00e1tico, el ejemplo de Fuerteventura\u201d; \u201cEstudio de elasmobranquios en Canarias (Angelotes, Mantelinas y Cazones)\u201d; \u201cResultados preliminares de los ambientes sonoros submarinos de Canarias\u201d; y concluir\u00e1 con una mesa redonda sobre comunicaci\u00f3n y ciencia.<\/p>\n<p><a href=\"https:\/\/www.ull.es\/portal\/noticias\/wp-content\/uploads\/sites\/13\/2024\/04\/Viaje-futuro-sostenible-29.jpg\" target=\"_blank\" rel=\"noopener\" target=\"_blank\" rel=\"noopener\"><img decoding=\"async\" loading=\"lazy\" class=\"alignright wp-image-74981 size-medium\" src=\"https:\/\/www.ull.es\/portal\/noticias\/wp-content\/uploads\/sites\/13\/2024\/04\/Viaje-futuro-sostenible-29-300x200.jpg\" alt=\"\" width=\"300\" height=\"200\" srcset=\"https:\/\/www.ull.es\/portal\/noticias\/wp-content\/uploads\/sites\/13\/2024\/04\/Viaje-futuro-sostenible-29-300x200.jpg 300w, https:\/\/www.ull.es\/portal\/noticias\/wp-content\/uploads\/sites\/13\/2024\/04\/Viaje-futuro-sostenible-29-768x512.jpg 768w, https:\/\/www.ull.es\/portal\/noticias\/wp-content\/uploads\/sites\/13\/2024\/04\/Viaje-futuro-sostenible-29-375x250.jpg 375w, https:\/\/www.ull.es\/portal\/noticias\/wp-content\/uploads\/sites\/13\/2024\/04\/Viaje-futuro-sostenible-29-750x500.jpg 750w, https:\/\/www.ull.es\/portal\/noticias\/wp-content\/uploads\/sites\/13\/2024\/04\/Viaje-futuro-sostenible-29.jpg 1024w\" sizes=\"(max-width: 300px) 100vw, 300px\" \/><\/a><\/p>\n<p>Adem\u00e1s, como parte del evento de hoy, se han abierto tres exposiciones centradas en diferentes materias del proyecto: una sobre vi\u00f1etas alusivas a cuestiones relacionadas con la sostenibilidad y otra sobre bulos acerca del cambio clim\u00e1tico, ambas instaladas en la entrada de la biblioteca de la facultad anfitriona; y una tercera muestra con modelos de cet\u00e1ceos hinchables que se ha colocado en los jardines del Campus de Guajara aleda\u00f1os a la Biblioteca General y de Humanidades, y que ha contado con la visita de centros escolares.<\/p>\n","protected":false},"excerpt":{"rendered":"<p>El proyecto CanBio, centrado en diferentes indicadores del cambio clim\u00e1tico en los ecosistemas canarios, financiado a partes iguales por el&#8230;<\/p>\n","protected":false},"author":21,"featured_media":74979,"comment_status":"closed","ping_status":"closed","sticky":false,"template":"","format":"standard","meta":{"inline_featured_image":false,"footnotes":""},"categories":[345,348,2765],"tags":[9824,680,5297,801,9915,1376,8390,4769,1788,1799,3672,2538,8389],"acf":[],"yoast_head":"<!-- This site is optimized with the Yoast SEO plugin v21.3 - https:\/\/yoast.com\/wordpress\/plugins\/seo\/ -->\n<title>Ull y ULPGC firman su compromiso con la biodiversidad<\/title>\n<meta name=\"description\" content=\"Los rectores han firmado el \u201cManifiesto por la protecci\u00f3n de la biodiversidad\u201d dentro de las jornadas divulgativas del proyecto CanBio\" \/>\n<meta name=\"robots\" content=\"index, follow, max-snippet:-1, max-image-preview:large, max-video-preview:-1\" \/>\n<link rel=\"canonical\" href=\"https:\/\/www.ull.es\/portal\/noticias\/2024\/universidades-canarias-compromiso-biodiversidad-macaronesia\/\" \/>\n<meta property=\"og:locale\" content=\"es_ES\" \/>\n<meta property=\"og:type\" content=\"article\" \/>\n<meta property=\"og:title\" content=\"Ull y ULPGC firman su compromiso con la biodiversidad\" \/>\n<meta property=\"og:description\" content=\"Los rectores han firmado el \u201cManifiesto por la protecci\u00f3n de la biodiversidad\u201d dentro de las jornadas divulgativas del proyecto CanBio\" \/>\n<meta property=\"og:url\" content=\"https:\/\/www.ull.es\/portal\/noticias\/2024\/universidades-canarias-compromiso-biodiversidad-macaronesia\/\" \/>\n<meta property=\"og:site_name\" content=\"ULL - Noticias\" \/>\n<meta property=\"article:publisher\" content=\"https:\/\/www.facebook.com\/universidaddelalaguna\/\" \/>\n<meta property=\"article:published_time\" content=\"2024-04-04T12:30:33+00:00\" \/>\n<meta property=\"article:modified_time\" content=\"2024-04-04T12:55:57+00:00\" \/>\n<meta property=\"og:image\" content=\"https:\/\/www.ull.es\/portal\/noticias\/wp-content\/uploads\/sites\/13\/2024\/04\/Viaje-futuro-sostenible-19.jpg\" \/>\n\t<meta property=\"og:image:width\" content=\"1024\" \/>\n\t<meta property=\"og:image:height\" content=\"683\" \/>\n\t<meta property=\"og:image:type\" content=\"image\/jpeg\" \/>\n<meta name=\"author\" content=\"prensa2\" \/>\n<meta name=\"twitter:card\" content=\"summary_large_image\" \/>\n<meta name=\"twitter:creator\" content=\"@CanalULL\" \/>\n<meta name=\"twitter:site\" content=\"@CanalULL\" \/>\n<meta name=\"twitter:label1\" content=\"Escrito por\" \/>\n\t<meta name=\"twitter:data1\" content=\"prensa2\" \/>\n\t<meta name=\"twitter:label2\" content=\"Tiempo de lectura\" \/>\n\t<meta name=\"twitter:data2\" content=\"5 minutos\" \/>\n<script type=\"application\/ld+json\" class=\"yoast-schema-graph\">{\"@context\":\"https:\/\/schema.org\",\"@graph\":[{\"@type\":\"WebPage\",\"@id\":\"https:\/\/www.ull.es\/portal\/noticias\/2024\/universidades-canarias-compromiso-biodiversidad-macaronesia\/\",\"url\":\"https:\/\/www.ull.es\/portal\/noticias\/2024\/universidades-canarias-compromiso-biodiversidad-macaronesia\/\",\"name\":\"Ull y ULPGC firman su compromiso con la biodiversidad\",\"isPartOf\":{\"@id\":\"https:\/\/www.ull.es\/portal\/noticias\/#website\"},\"datePublished\":\"2024-04-04T12:30:33+00:00\",\"dateModified\":\"2024-04-04T12:55:57+00:00\",\"author\":{\"@id\":\"https:\/\/www.ull.es\/portal\/noticias\/#\/schema\/person\/c3b2aa857797592927a03740d6664376\"},\"description\":\"Los rectores han firmado el \u201cManifiesto por la protecci\u00f3n de la biodiversidad\u201d dentro de las jornadas divulgativas del proyecto CanBio\",\"breadcrumb\":{\"@id\":\"https:\/\/www.ull.es\/portal\/noticias\/2024\/universidades-canarias-compromiso-biodiversidad-macaronesia\/#breadcrumb\"},\"inLanguage\":\"es\",\"potentialAction\":[{\"@type\":\"ReadAction\",\"target\":[\"https:\/\/www.ull.es\/portal\/noticias\/2024\/universidades-canarias-compromiso-biodiversidad-macaronesia\/\"]}]},{\"@type\":\"BreadcrumbList\",\"@id\":\"https:\/\/www.ull.es\/portal\/noticias\/2024\/universidades-canarias-compromiso-biodiversidad-macaronesia\/#breadcrumb\",\"itemListElement\":[{\"@type\":\"ListItem\",\"position\":1,\"name\":\"Portada\",\"item\":\"https:\/\/www.ull.es\/portal\/noticias\/\"},{\"@type\":\"ListItem\",\"position\":2,\"name\":\"Las dos universidades p\u00fablicas canarias firman su compromiso con la biodiversidad de la Macaronesia\"}]},{\"@type\":\"WebSite\",\"@id\":\"https:\/\/www.ull.es\/portal\/noticias\/#website\",\"url\":\"https:\/\/www.ull.es\/portal\/noticias\/\",\"name\":\"ULL - Noticias\",\"description\":\"\",\"potentialAction\":[{\"@type\":\"SearchAction\",\"target\":{\"@type\":\"EntryPoint\",\"urlTemplate\":\"https:\/\/www.ull.es\/portal\/noticias\/?s={search_term_string}\"},\"query-input\":\"required name=search_term_string\"}],\"inLanguage\":\"es\"},{\"@type\":\"Person\",\"@id\":\"https:\/\/www.ull.es\/portal\/noticias\/#\/schema\/person\/c3b2aa857797592927a03740d6664376\",\"name\":\"prensa2\",\"image\":{\"@type\":\"ImageObject\",\"inLanguage\":\"es\",\"@id\":\"https:\/\/www.ull.es\/portal\/noticias\/#\/schema\/person\/image\/\",\"url\":\"https:\/\/secure.gravatar.com\/avatar\/b58f310a5de5feb33d1e026d2493f23c?s=96&d=mm&r=g\",\"contentUrl\":\"https:\/\/secure.gravatar.com\/avatar\/b58f310a5de5feb33d1e026d2493f23c?s=96&d=mm&r=g\",\"caption\":\"prensa2\"},\"url\":\"https:\/\/www.ull.es\/portal\/noticias\/author\/prensa2\/\"}]}<\/script>\n<!-- \/ Yoast SEO plugin. -->","yoast_head_json":{"title":"Ull y ULPGC firman su compromiso con la biodiversidad","description":"Los rectores han firmado el \u201cManifiesto por la protecci\u00f3n de la biodiversidad\u201d dentro de las jornadas divulgativas del proyecto CanBio","robots":{"index":"index","follow":"follow","max-snippet":"max-snippet:-1","max-image-preview":"max-image-preview:large","max-video-preview":"max-video-preview:-1"},"canonical":"https:\/\/www.ull.es\/portal\/noticias\/2024\/universidades-canarias-compromiso-biodiversidad-macaronesia\/","og_locale":"es_ES","og_type":"article","og_title":"Ull y ULPGC firman su compromiso con la biodiversidad","og_description":"Los rectores han firmado el \u201cManifiesto por la protecci\u00f3n de la biodiversidad\u201d dentro de las jornadas divulgativas del proyecto CanBio","og_url":"https:\/\/www.ull.es\/portal\/noticias\/2024\/universidades-canarias-compromiso-biodiversidad-macaronesia\/","og_site_name":"ULL - Noticias","article_publisher":"https:\/\/www.facebook.com\/universidaddelalaguna\/","article_published_time":"2024-04-04T12:30:33+00:00","article_modified_time":"2024-04-04T12:55:57+00:00","og_image":[{"width":1024,"height":683,"url":"https:\/\/www.ull.es\/portal\/noticias\/wp-content\/uploads\/sites\/13\/2024\/04\/Viaje-futuro-sostenible-19.jpg","type":"image\/jpeg"}],"author":"prensa2","twitter_card":"summary_large_image","twitter_creator":"@CanalULL","twitter_site":"@CanalULL","twitter_misc":{"Escrito por":"prensa2","Tiempo de lectura":"5 minutos"},"schema":{"@context":"https:\/\/schema.org","@graph":[{"@type":"WebPage","@id":"https:\/\/www.ull.es\/portal\/noticias\/2024\/universidades-canarias-compromiso-biodiversidad-macaronesia\/","url":"https:\/\/www.ull.es\/portal\/noticias\/2024\/universidades-canarias-compromiso-biodiversidad-macaronesia\/","name":"Ull y ULPGC firman su compromiso con la biodiversidad","isPartOf":{"@id":"https:\/\/www.ull.es\/portal\/noticias\/#website"},"datePublished":"2024-04-04T12:30:33+00:00","dateModified":"2024-04-04T12:55:57+00:00","author":{"@id":"https:\/\/www.ull.es\/portal\/noticias\/#\/schema\/person\/c3b2aa857797592927a03740d6664376"},"description":"Los rectores han firmado el \u201cManifiesto por la protecci\u00f3n de la biodiversidad\u201d dentro de las jornadas divulgativas del proyecto CanBio","breadcrumb":{"@id":"https:\/\/www.ull.es\/portal\/noticias\/2024\/universidades-canarias-compromiso-biodiversidad-macaronesia\/#breadcrumb"},"inLanguage":"es","potentialAction":[{"@type":"ReadAction","target":["https:\/\/www.ull.es\/portal\/noticias\/2024\/universidades-canarias-compromiso-biodiversidad-macaronesia\/"]}]},{"@type":"BreadcrumbList","@id":"https:\/\/www.ull.es\/portal\/noticias\/2024\/universidades-canarias-compromiso-biodiversidad-macaronesia\/#breadcrumb","itemListElement":[{"@type":"ListItem","position":1,"name":"Portada","item":"https:\/\/www.ull.es\/portal\/noticias\/"},{"@type":"ListItem","position":2,"name":"Las dos universidades p\u00fablicas canarias firman su compromiso con la biodiversidad de la Macaronesia"}]},{"@type":"WebSite","@id":"https:\/\/www.ull.es\/portal\/noticias\/#website","url":"https:\/\/www.ull.es\/portal\/noticias\/","name":"ULL - Noticias","description":"","potentialAction":[{"@type":"SearchAction","target":{"@type":"EntryPoint","urlTemplate":"https:\/\/www.ull.es\/portal\/noticias\/?s={search_term_string}"},"query-input":"required name=search_term_string"}],"inLanguage":"es"},{"@type":"Person","@id":"https:\/\/www.ull.es\/portal\/noticias\/#\/schema\/person\/c3b2aa857797592927a03740d6664376","name":"prensa2","image":{"@type":"ImageObject","inLanguage":"es","@id":"https:\/\/www.ull.es\/portal\/noticias\/#\/schema\/person\/image\/","url":"https:\/\/secure.gravatar.com\/avatar\/b58f310a5de5feb33d1e026d2493f23c?s=96&d=mm&r=g","contentUrl":"https:\/\/secure.gravatar.com\/avatar\/b58f310a5de5feb33d1e026d2493f23c?s=96&d=mm&r=g","caption":"prensa2"},"url":"https:\/\/www.ull.es\/portal\/noticias\/author\/prensa2\/"}]}},"primary_category":{"id":345,"name":"Destacado","slug":"destacado","link":"https:\/\/www.ull.es\/portal\/noticias\/category\/destacado\/"},"featured_image_thumbnail_url":"https:\/\/www.ull.es\/portal\/noticias\/wp-content\/uploads\/sites\/13\/2024\/04\/Viaje-futuro-sostenible-19-300x200.jpg","_links":{"self":[{"href":"https:\/\/www.ull.es\/portal\/noticias\/wp-json\/wp\/v2\/posts\/74978"}],"collection":[{"href":"https:\/\/www.ull.es\/portal\/noticias\/wp-json\/wp\/v2\/posts"}],"about":[{"href":"https:\/\/www.ull.es\/portal\/noticias\/wp-json\/wp\/v2\/types\/post"}],"author":[{"embeddable":true,"href":"https:\/\/www.ull.es\/portal\/noticias\/wp-json\/wp\/v2\/users\/21"}],"replies":[{"embeddable":true,"href":"https:\/\/www.ull.es\/portal\/noticias\/wp-json\/wp\/v2\/comments?post=74978"}],"version-history":[{"count":2,"href":"https:\/\/www.ull.es\/portal\/noticias\/wp-json\/wp\/v2\/posts\/74978\/revisions"}],"predecessor-version":[{"id":74983,"href":"https:\/\/www.ull.es\/portal\/noticias\/wp-json\/wp\/v2\/posts\/74978\/revisions\/74983"}],"wp:featuredmedia":[{"embeddable":true,"href":"https:\/\/www.ull.es\/portal\/noticias\/wp-json\/wp\/v2\/media\/74979"}],"wp:attachment":[{"href":"https:\/\/www.ull.es\/portal\/noticias\/wp-json\/wp\/v2\/media?parent=74978"}],"wp:term":[{"taxonomy":"category","embeddable":true,"href":"https:\/\/www.ull.es\/portal\/noticias\/wp-json\/wp\/v2\/categories?post=74978"},{"taxonomy":"post_tag","embeddable":true,"href":"https:\/\/www.ull.es\/portal\/noticias\/wp-json\/wp\/v2\/tags?post=74978"}],"curies":[{"name":"wp","href":"https:\/\/api.w.org\/{rel}","templated":true}]}}