{"id":75029,"date":"2024-04-08T12:12:59","date_gmt":"2024-04-08T12:12:59","guid":{"rendered":"https:\/\/www.ull.es\/portal\/noticias\/?p=75029"},"modified":"2024-04-08T12:12:59","modified_gmt":"2024-04-08T12:12:59","slug":"la-fundacion-mapfre-renueva-su-compromiso-con-la-catedra-de-tecnologia-y-educacion-de-la-universidad-de-la-laguna","status":"publish","type":"post","link":"https:\/\/www.ull.es\/portal\/noticias\/2024\/la-fundacion-mapfre-renueva-su-compromiso-con-la-catedra-de-tecnologia-y-educacion-de-la-universidad-de-la-laguna\/","title":{"rendered":"La Fundaci\u00f3n Mapfre renueva su compromiso con la C\u00e1tedra de Tecnolog\u00eda y Educaci\u00f3n de la Universidad de La Laguna"},"content":{"rendered":"<p>El rector de la Universidad de La Laguna, Francisco Garc\u00eda, y la directora de la <a href=\"https:\/\/www.fundacionmapfrecanarias.org\/\" target=\"_blank\" rel=\"noopener\">Fundaci\u00f3n Mapfre Canaria<\/a>s, Esther Martel, han suscrito recientemente un convenio de colaboraci\u00f3n en virtud del cual la entidad sin \u00e1nimo de lucro seguir\u00e1 apoyando la actividad de la <a href=\"https:\/\/tecnoedu.webs.ull.es\/\" target=\"_blank\" rel=\"noopener\">C\u00e1tedra de Tecnolog\u00eda y Educaci\u00f3n<\/a> del centro acad\u00e9mico, dirigida por el catedr\u00e1tico Manuel Area.<\/p>\n<p>Se trata de la s\u00e9ptima edici\u00f3n del convenio, lo que demuestra la solidez de la colaboraci\u00f3n y lo vigoroso de los resultados. As\u00ed, por ejemplo, en 2024 volver\u00e1 a convocarse la IV edici\u00f3n de los premios de innovaci\u00f3n y tecnolog\u00eda educativa, que alberga dos modalidades, una centrada en las buenas pr\u00e1cticas en la ense\u00f1anza no universitaria y otra, de perfil m\u00e1s investigador, tanto para alumnado como profesorado de las dos universidades p\u00fablicas canarias.<\/p>\n<p>Gracias a esta cooperaci\u00f3n, la c\u00e1tedra seguir\u00e1 avanzando en la colecci\u00f3n audiovisual de testimonios de protagonistas de la educaci\u00f3n en Canarias, personajes relevantes que ofrecen su visi\u00f3n sobre esta tem\u00e1tica. Igualmente se continuar\u00e1 con los cursos de formaci\u00f3n en educaci\u00f3n y TIC, tanto para profesorado como para estudiantes.<\/p>\n<p><a href=\"https:\/\/www.ull.es\/portal\/noticias\/wp-content\/uploads\/sites\/13\/2024\/04\/firma-de-convenio-Mapfre.jpg\" target=\"_blank\" rel=\"noopener\"><img decoding=\"async\" loading=\"lazy\" class=\"alignleft size-medium wp-image-75033\" src=\"https:\/\/www.ull.es\/portal\/noticias\/wp-content\/uploads\/sites\/13\/2024\/04\/firma-de-convenio-Mapfre-300x200.jpg\" alt=\"\" width=\"300\" height=\"200\" srcset=\"https:\/\/www.ull.es\/portal\/noticias\/wp-content\/uploads\/sites\/13\/2024\/04\/firma-de-convenio-Mapfre-300x200.jpg 300w, https:\/\/www.ull.es\/portal\/noticias\/wp-content\/uploads\/sites\/13\/2024\/04\/firma-de-convenio-Mapfre-1024x683.jpg 1024w, https:\/\/www.ull.es\/portal\/noticias\/wp-content\/uploads\/sites\/13\/2024\/04\/firma-de-convenio-Mapfre-768x512.jpg 768w, https:\/\/www.ull.es\/portal\/noticias\/wp-content\/uploads\/sites\/13\/2024\/04\/firma-de-convenio-Mapfre-375x250.jpg 375w, https:\/\/www.ull.es\/portal\/noticias\/wp-content\/uploads\/sites\/13\/2024\/04\/firma-de-convenio-Mapfre-750x500.jpg 750w, https:\/\/www.ull.es\/portal\/noticias\/wp-content\/uploads\/sites\/13\/2024\/04\/firma-de-convenio-Mapfre-1140x760.jpg 1140w, https:\/\/www.ull.es\/portal\/noticias\/wp-content\/uploads\/sites\/13\/2024\/04\/firma-de-convenio-Mapfre.jpg 1200w\" sizes=\"(max-width: 300px) 100vw, 300px\" \/><\/a>Este a\u00f1o se va a proponer el desarrollo de seminarios sobre inteligencia artificial y educaci\u00f3n, as\u00ed como del dise\u00f1o universal de aprendizaje, es decir, de tecnolog\u00edas y educaci\u00f3n inclusiva. Sobre este mismo asunto, el propio Area advierte que la irrupci\u00f3n de la IA en el sistema educativo abre un viejo debate que se actualiza con nuevos par\u00e1metros. Recuerda que, con la llegada de Internet al aula, hace ya veinte a\u00f1os, tambi\u00e9n saltaron todas las alarmas y parec\u00eda que iba a ser el fin de la creatividad de los estudiantes y se cuestionaba el propio aprendizaje. Ahora, se\u00f1ala, se trata de conocer las nuevas herramientas y ver opciones para poder trabajar con ellas, explica.<\/p>\n<p>El rector, por su parte, se\u00f1al\u00f3 en la firma de este acuerdo que la colaboraci\u00f3n con la Fundaci\u00f3n Mapfre es muy fecunda y se ha dado en distintos \u00e1mbitos de la universidad. Indic\u00f3 igualmente que las c\u00e1tedras son un modelo de \u00e9xito, pero que permiten la colaboraci\u00f3n p\u00fablico-privada y la especializaci\u00f3n de temas del m\u00e1ximo inter\u00e9s.<\/p>\n<p>Francisco Garc\u00eda sostuvo que hoy los retos de la tecnolog\u00eda educativa nos sobrepasan y necesitan ser abordados desde una visi\u00f3n interdisciplinar, dado que son de tal caldo que pueden transformar todo el marco educativo actual, por lo que la existencia de una c\u00e1tedra dedicada precisamente a investigar en esta materia es sumamente pertinente<\/p>\n","protected":false},"excerpt":{"rendered":"<p>El rector de la Universidad de La Laguna, Francisco Garc\u00eda, y la directora de la Fundaci\u00f3n Mapfre Canarias, Esther Martel,&#8230;<\/p>\n","protected":false},"author":23,"featured_media":75032,"comment_status":"closed","ping_status":"closed","sticky":false,"template":"","format":"standard","meta":{"inline_featured_image":false,"footnotes":""},"categories":[345,348,2765],"tags":[],"acf":[],"yoast_head":"<!-- This site is optimized with the Yoast SEO plugin v21.3 - https:\/\/yoast.com\/wordpress\/plugins\/seo\/ -->\n<title>La Fundaci\u00f3n Mapfre renueva su compromiso con la C\u00e1tedra de Tecnolog\u00eda y Educaci\u00f3n de la Universidad de La Laguna - ULL - Noticias<\/title>\n<meta name=\"robots\" content=\"index, follow, max-snippet:-1, max-image-preview:large, max-video-preview:-1\" \/>\n<link rel=\"canonical\" href=\"https:\/\/www.ull.es\/portal\/noticias\/2024\/la-fundacion-mapfre-renueva-su-compromiso-con-la-catedra-de-tecnologia-y-educacion-de-la-universidad-de-la-laguna\/\" \/>\n<meta property=\"og:locale\" content=\"es_ES\" \/>\n<meta property=\"og:type\" content=\"article\" \/>\n<meta property=\"og:title\" content=\"La Fundaci\u00f3n Mapfre renueva su compromiso con la C\u00e1tedra de Tecnolog\u00eda y Educaci\u00f3n de la Universidad de La Laguna - ULL - Noticias\" \/>\n<meta property=\"og:description\" content=\"El rector de la Universidad de La Laguna, Francisco Garc\u00eda, y la directora de la Fundaci\u00f3n Mapfre Canarias, Esther Martel,...\" \/>\n<meta property=\"og:url\" content=\"https:\/\/www.ull.es\/portal\/noticias\/2024\/la-fundacion-mapfre-renueva-su-compromiso-con-la-catedra-de-tecnologia-y-educacion-de-la-universidad-de-la-laguna\/\" \/>\n<meta property=\"og:site_name\" content=\"ULL - Noticias\" \/>\n<meta property=\"article:publisher\" content=\"https:\/\/www.facebook.com\/universidaddelalaguna\/\" \/>\n<meta property=\"article:published_time\" content=\"2024-04-08T12:12:59+00:00\" \/>\n<meta property=\"og:image\" content=\"https:\/\/www.ull.es\/portal\/noticias\/wp-content\/uploads\/sites\/13\/2024\/04\/firma-de-convenio-Mapfre-1.jpg\" \/>\n\t<meta property=\"og:image:width\" content=\"1200\" \/>\n\t<meta property=\"og:image:height\" content=\"800\" \/>\n\t<meta property=\"og:image:type\" content=\"image\/jpeg\" \/>\n<meta name=\"author\" content=\"gaprsa\" \/>\n<meta name=\"twitter:card\" content=\"summary_large_image\" \/>\n<meta name=\"twitter:creator\" content=\"@CanalULL\" \/>\n<meta name=\"twitter:site\" content=\"@CanalULL\" \/>\n<meta name=\"twitter:label1\" content=\"Escrito por\" \/>\n\t<meta name=\"twitter:data1\" content=\"gaprsa\" \/>\n\t<meta name=\"twitter:label2\" content=\"Tiempo de lectura\" \/>\n\t<meta name=\"twitter:data2\" content=\"3 minutos\" \/>\n<script type=\"application\/ld+json\" class=\"yoast-schema-graph\">{\"@context\":\"https:\/\/schema.org\",\"@graph\":[{\"@type\":\"WebPage\",\"@id\":\"https:\/\/www.ull.es\/portal\/noticias\/2024\/la-fundacion-mapfre-renueva-su-compromiso-con-la-catedra-de-tecnologia-y-educacion-de-la-universidad-de-la-laguna\/\",\"url\":\"https:\/\/www.ull.es\/portal\/noticias\/2024\/la-fundacion-mapfre-renueva-su-compromiso-con-la-catedra-de-tecnologia-y-educacion-de-la-universidad-de-la-laguna\/\",\"name\":\"La Fundaci\u00f3n Mapfre renueva su compromiso con la C\u00e1tedra de Tecnolog\u00eda y Educaci\u00f3n de la Universidad de La Laguna - ULL - Noticias\",\"isPartOf\":{\"@id\":\"https:\/\/www.ull.es\/portal\/noticias\/#website\"},\"datePublished\":\"2024-04-08T12:12:59+00:00\",\"dateModified\":\"2024-04-08T12:12:59+00:00\",\"author\":{\"@id\":\"https:\/\/www.ull.es\/portal\/noticias\/#\/schema\/person\/b2b1a89d43ffa609e591f7df8ef3e817\"},\"breadcrumb\":{\"@id\":\"https:\/\/www.ull.es\/portal\/noticias\/2024\/la-fundacion-mapfre-renueva-su-compromiso-con-la-catedra-de-tecnologia-y-educacion-de-la-universidad-de-la-laguna\/#breadcrumb\"},\"inLanguage\":\"es\",\"potentialAction\":[{\"@type\":\"ReadAction\",\"target\":[\"https:\/\/www.ull.es\/portal\/noticias\/2024\/la-fundacion-mapfre-renueva-su-compromiso-con-la-catedra-de-tecnologia-y-educacion-de-la-universidad-de-la-laguna\/\"]}]},{\"@type\":\"BreadcrumbList\",\"@id\":\"https:\/\/www.ull.es\/portal\/noticias\/2024\/la-fundacion-mapfre-renueva-su-compromiso-con-la-catedra-de-tecnologia-y-educacion-de-la-universidad-de-la-laguna\/#breadcrumb\",\"itemListElement\":[{\"@type\":\"ListItem\",\"position\":1,\"name\":\"Portada\",\"item\":\"https:\/\/www.ull.es\/portal\/noticias\/\"},{\"@type\":\"ListItem\",\"position\":2,\"name\":\"La Fundaci\u00f3n Mapfre renueva su compromiso con la C\u00e1tedra de Tecnolog\u00eda y Educaci\u00f3n de la Universidad de La Laguna\"}]},{\"@type\":\"WebSite\",\"@id\":\"https:\/\/www.ull.es\/portal\/noticias\/#website\",\"url\":\"https:\/\/www.ull.es\/portal\/noticias\/\",\"name\":\"ULL - Noticias\",\"description\":\"\",\"potentialAction\":[{\"@type\":\"SearchAction\",\"target\":{\"@type\":\"EntryPoint\",\"urlTemplate\":\"https:\/\/www.ull.es\/portal\/noticias\/?s={search_term_string}\"},\"query-input\":\"required name=search_term_string\"}],\"inLanguage\":\"es\"},{\"@type\":\"Person\",\"@id\":\"https:\/\/www.ull.es\/portal\/noticias\/#\/schema\/person\/b2b1a89d43ffa609e591f7df8ef3e817\",\"name\":\"gaprsa\",\"image\":{\"@type\":\"ImageObject\",\"inLanguage\":\"es\",\"@id\":\"https:\/\/www.ull.es\/portal\/noticias\/#\/schema\/person\/image\/\",\"url\":\"https:\/\/secure.gravatar.com\/avatar\/443820550921091458b4823867723b3d?s=96&d=mm&r=g\",\"contentUrl\":\"https:\/\/secure.gravatar.com\/avatar\/443820550921091458b4823867723b3d?s=96&d=mm&r=g\",\"caption\":\"gaprsa\"},\"url\":\"https:\/\/www.ull.es\/portal\/noticias\/author\/gaprsa\/\"}]}<\/script>\n<!-- \/ Yoast SEO plugin. -->","yoast_head_json":{"title":"La Fundaci\u00f3n Mapfre renueva su compromiso con la C\u00e1tedra de Tecnolog\u00eda y Educaci\u00f3n de la Universidad de La Laguna - ULL - Noticias","robots":{"index":"index","follow":"follow","max-snippet":"max-snippet:-1","max-image-preview":"max-image-preview:large","max-video-preview":"max-video-preview:-1"},"canonical":"https:\/\/www.ull.es\/portal\/noticias\/2024\/la-fundacion-mapfre-renueva-su-compromiso-con-la-catedra-de-tecnologia-y-educacion-de-la-universidad-de-la-laguna\/","og_locale":"es_ES","og_type":"article","og_title":"La Fundaci\u00f3n Mapfre renueva su compromiso con la C\u00e1tedra de Tecnolog\u00eda y Educaci\u00f3n de la Universidad de La Laguna - ULL - Noticias","og_description":"El rector de la Universidad de La Laguna, Francisco Garc\u00eda, y la directora de la Fundaci\u00f3n Mapfre Canarias, Esther Martel,...","og_url":"https:\/\/www.ull.es\/portal\/noticias\/2024\/la-fundacion-mapfre-renueva-su-compromiso-con-la-catedra-de-tecnologia-y-educacion-de-la-universidad-de-la-laguna\/","og_site_name":"ULL - Noticias","article_publisher":"https:\/\/www.facebook.com\/universidaddelalaguna\/","article_published_time":"2024-04-08T12:12:59+00:00","og_image":[{"width":1200,"height":800,"url":"https:\/\/www.ull.es\/portal\/noticias\/wp-content\/uploads\/sites\/13\/2024\/04\/firma-de-convenio-Mapfre-1.jpg","type":"image\/jpeg"}],"author":"gaprsa","twitter_card":"summary_large_image","twitter_creator":"@CanalULL","twitter_site":"@CanalULL","twitter_misc":{"Escrito por":"gaprsa","Tiempo de lectura":"3 minutos"},"schema":{"@context":"https:\/\/schema.org","@graph":[{"@type":"WebPage","@id":"https:\/\/www.ull.es\/portal\/noticias\/2024\/la-fundacion-mapfre-renueva-su-compromiso-con-la-catedra-de-tecnologia-y-educacion-de-la-universidad-de-la-laguna\/","url":"https:\/\/www.ull.es\/portal\/noticias\/2024\/la-fundacion-mapfre-renueva-su-compromiso-con-la-catedra-de-tecnologia-y-educacion-de-la-universidad-de-la-laguna\/","name":"La Fundaci\u00f3n Mapfre renueva su compromiso con la C\u00e1tedra de Tecnolog\u00eda y Educaci\u00f3n de la Universidad de La Laguna - ULL - Noticias","isPartOf":{"@id":"https:\/\/www.ull.es\/portal\/noticias\/#website"},"datePublished":"2024-04-08T12:12:59+00:00","dateModified":"2024-04-08T12:12:59+00:00","author":{"@id":"https:\/\/www.ull.es\/portal\/noticias\/#\/schema\/person\/b2b1a89d43ffa609e591f7df8ef3e817"},"breadcrumb":{"@id":"https:\/\/www.ull.es\/portal\/noticias\/2024\/la-fundacion-mapfre-renueva-su-compromiso-con-la-catedra-de-tecnologia-y-educacion-de-la-universidad-de-la-laguna\/#breadcrumb"},"inLanguage":"es","potentialAction":[{"@type":"ReadAction","target":["https:\/\/www.ull.es\/portal\/noticias\/2024\/la-fundacion-mapfre-renueva-su-compromiso-con-la-catedra-de-tecnologia-y-educacion-de-la-universidad-de-la-laguna\/"]}]},{"@type":"BreadcrumbList","@id":"https:\/\/www.ull.es\/portal\/noticias\/2024\/la-fundacion-mapfre-renueva-su-compromiso-con-la-catedra-de-tecnologia-y-educacion-de-la-universidad-de-la-laguna\/#breadcrumb","itemListElement":[{"@type":"ListItem","position":1,"name":"Portada","item":"https:\/\/www.ull.es\/portal\/noticias\/"},{"@type":"ListItem","position":2,"name":"La Fundaci\u00f3n Mapfre renueva su compromiso con la C\u00e1tedra de Tecnolog\u00eda y Educaci\u00f3n de la Universidad de La Laguna"}]},{"@type":"WebSite","@id":"https:\/\/www.ull.es\/portal\/noticias\/#website","url":"https:\/\/www.ull.es\/portal\/noticias\/","name":"ULL - Noticias","description":"","potentialAction":[{"@type":"SearchAction","target":{"@type":"EntryPoint","urlTemplate":"https:\/\/www.ull.es\/portal\/noticias\/?s={search_term_string}"},"query-input":"required name=search_term_string"}],"inLanguage":"es"},{"@type":"Person","@id":"https:\/\/www.ull.es\/portal\/noticias\/#\/schema\/person\/b2b1a89d43ffa609e591f7df8ef3e817","name":"gaprsa","image":{"@type":"ImageObject","inLanguage":"es","@id":"https:\/\/www.ull.es\/portal\/noticias\/#\/schema\/person\/image\/","url":"https:\/\/secure.gravatar.com\/avatar\/443820550921091458b4823867723b3d?s=96&d=mm&r=g","contentUrl":"https:\/\/secure.gravatar.com\/avatar\/443820550921091458b4823867723b3d?s=96&d=mm&r=g","caption":"gaprsa"},"url":"https:\/\/www.ull.es\/portal\/noticias\/author\/gaprsa\/"}]}},"primary_category":{"id":345,"name":"Destacado","slug":"destacado","link":"https:\/\/www.ull.es\/portal\/noticias\/category\/destacado\/"},"featured_image_thumbnail_url":"https:\/\/www.ull.es\/portal\/noticias\/wp-content\/uploads\/sites\/13\/2024\/04\/firma-de-convenio-Mapfre-1-300x200.jpg","_links":{"self":[{"href":"https:\/\/www.ull.es\/portal\/noticias\/wp-json\/wp\/v2\/posts\/75029"}],"collection":[{"href":"https:\/\/www.ull.es\/portal\/noticias\/wp-json\/wp\/v2\/posts"}],"about":[{"href":"https:\/\/www.ull.es\/portal\/noticias\/wp-json\/wp\/v2\/types\/post"}],"author":[{"embeddable":true,"href":"https:\/\/www.ull.es\/portal\/noticias\/wp-json\/wp\/v2\/users\/23"}],"replies":[{"embeddable":true,"href":"https:\/\/www.ull.es\/portal\/noticias\/wp-json\/wp\/v2\/comments?post=75029"}],"version-history":[{"count":2,"href":"https:\/\/www.ull.es\/portal\/noticias\/wp-json\/wp\/v2\/posts\/75029\/revisions"}],"predecessor-version":[{"id":75035,"href":"https:\/\/www.ull.es\/portal\/noticias\/wp-json\/wp\/v2\/posts\/75029\/revisions\/75035"}],"wp:featuredmedia":[{"embeddable":true,"href":"https:\/\/www.ull.es\/portal\/noticias\/wp-json\/wp\/v2\/media\/75032"}],"wp:attachment":[{"href":"https:\/\/www.ull.es\/portal\/noticias\/wp-json\/wp\/v2\/media?parent=75029"}],"wp:term":[{"taxonomy":"category","embeddable":true,"href":"https:\/\/www.ull.es\/portal\/noticias\/wp-json\/wp\/v2\/categories?post=75029"},{"taxonomy":"post_tag","embeddable":true,"href":"https:\/\/www.ull.es\/portal\/noticias\/wp-json\/wp\/v2\/tags?post=75029"}],"curies":[{"name":"wp","href":"https:\/\/api.w.org\/{rel}","templated":true}]}}