{"id":75036,"date":"2024-04-08T12:58:47","date_gmt":"2024-04-08T12:58:47","guid":{"rendered":"https:\/\/www.ull.es\/portal\/noticias\/?p=75036"},"modified":"2024-04-08T12:58:47","modified_gmt":"2024-04-08T12:58:47","slug":"investigadores-de-la-ull-y-el-csic-evaluan-el-papel-de-la-vegetacion-en-la-mitigacion-de-gases-de-efecto-invernadero-en-el-hierro","status":"publish","type":"post","link":"https:\/\/www.ull.es\/portal\/noticias\/2024\/investigadores-de-la-ull-y-el-csic-evaluan-el-papel-de-la-vegetacion-en-la-mitigacion-de-gases-de-efecto-invernadero-en-el-hierro\/","title":{"rendered":"Investigadores de la ULL y el CSIC eval\u00faan el papel de la vegetaci\u00f3n en la mitigaci\u00f3n de gases de efecto invernadero en El Hierro"},"content":{"rendered":"<p>El Hierro es una isla con un tama\u00f1o y singularidades que la hacen ser un laboratorio natural para diferentes estudios llevados a cabo por la comunidad cient\u00edfica, con el fin de poder transferir ese conocimiento a otras islas o regiones. En la dimensi\u00f3n ambiental, la isla tambi\u00e9n destaca por ostentar desde el a\u00f1o 2000 el estatus de Reserva de la Biosfera de la UNESCO.<\/p>\n<p>Un estudio llevado a cabo por un equipo de investigadores e investigadoras de la Universidad de La Laguna y del CSIC propuso evaluar el papel crucial de la vegetaci\u00f3n de El Hierro en la mitigaci\u00f3n de las emisiones de gases de efecto invernadero, con unos resultados prometedores.<\/p>\n<p>En particular, el trabajo se centr\u00f3 en cuantificar la cantidad de emisiones de CO<sub>2<\/sub> absorbidas por las masas forestales de la isla y compararlas con las emisiones generadas por la poblaci\u00f3n, la producci\u00f3n de energ\u00eda y actividades econ\u00f3micas de la isla.<\/p>\n<p>El art\u00edculo est\u00e1 publicado y se puede consultar en la revista cient\u00edfica <a href=\"https:\/\/bsssjournals.onlinelibrary.wiley.com\/doi\/full\/10.1111\/sum.13042\" target=\"_blank\" rel=\"noopener\">Soil Use and Management<\/a><em>.<\/em> Como indica su t\u00edtulo, el estudio tambi\u00e9n pretende que esta investigaci\u00f3n sea un piloto y ejemplo para otras islas, dado que, en estas regiones, es donde la comunidad cient\u00edfica ha estimado que el efecto del cambio clim\u00e1tico ser\u00e1 m\u00e1s intenso.<\/p>\n<p>El \u00a0profesor de la Universidad de La Laguna <a href=\"https:\/\/portalciencia.ull.es\/investigadores\/81246\/detalle\" target=\"_blank\" rel=\"noopener\">Juan Carlos Santamarta<\/a>, que ha coordinado el estudio y es el responsable del proyecto europeo <a href=\"https:\/\/arsinoe-project.eu\/\" target=\"_blank\" rel=\"noopener\">ARSINOE<\/a>, donde se enmarca el trabajo, destaca el papel de las masas forestales en las islas oce\u00e1nicas como un elemento amortiguador de esos efectos, sobre todo los vinculados a los recursos h\u00eddricos. \u201cLos bosques en las islas son nuestra salvaguarda ante los efectos del cambio clim\u00e1tico, adem\u00e1s de captar y almacenar el CO<sub>2<\/sub> atmosf\u00e9rico, reducen la temperatura en su entorno y regulan el ciclo hidrol\u00f3gico en las islas, con un papel destacado en la conservaci\u00f3n de los suelos\u201d, indica.<\/p>\n<div id=\"attachment_75038\" style=\"width: 310px\" class=\"wp-caption alignleft\"><a href=\"https:\/\/www.ull.es\/portal\/noticias\/wp-content\/uploads\/sites\/13\/2024\/04\/Noelia-Cruz-y-JC-Santamarta-def.jpg\" target=\"_blank\" rel=\"noopener\"><img aria-describedby=\"caption-attachment-75038\" decoding=\"async\" loading=\"lazy\" class=\"size-medium wp-image-75038\" src=\"https:\/\/www.ull.es\/portal\/noticias\/wp-content\/uploads\/sites\/13\/2024\/04\/Noelia-Cruz-y-JC-Santamarta-def-300x279.jpg\" alt=\"\" width=\"300\" height=\"279\" srcset=\"https:\/\/www.ull.es\/portal\/noticias\/wp-content\/uploads\/sites\/13\/2024\/04\/Noelia-Cruz-y-JC-Santamarta-def-300x279.jpg 300w, https:\/\/www.ull.es\/portal\/noticias\/wp-content\/uploads\/sites\/13\/2024\/04\/Noelia-Cruz-y-JC-Santamarta-def-1024x952.jpg 1024w, https:\/\/www.ull.es\/portal\/noticias\/wp-content\/uploads\/sites\/13\/2024\/04\/Noelia-Cruz-y-JC-Santamarta-def-768x714.jpg 768w, https:\/\/www.ull.es\/portal\/noticias\/wp-content\/uploads\/sites\/13\/2024\/04\/Noelia-Cruz-y-JC-Santamarta-def-1536x1428.jpg 1536w, https:\/\/www.ull.es\/portal\/noticias\/wp-content\/uploads\/sites\/13\/2024\/04\/Noelia-Cruz-y-JC-Santamarta-def-375x349.jpg 375w, https:\/\/www.ull.es\/portal\/noticias\/wp-content\/uploads\/sites\/13\/2024\/04\/Noelia-Cruz-y-JC-Santamarta-def-750x698.jpg 750w, https:\/\/www.ull.es\/portal\/noticias\/wp-content\/uploads\/sites\/13\/2024\/04\/Noelia-Cruz-y-JC-Santamarta-def-1140x1060.jpg 1140w, https:\/\/www.ull.es\/portal\/noticias\/wp-content\/uploads\/sites\/13\/2024\/04\/Noelia-Cruz-y-JC-Santamarta-def.jpg 1800w\" sizes=\"(max-width: 300px) 100vw, 300px\" \/><\/a><p id=\"caption-attachment-75038\" class=\"wp-caption-text\">Noelia Cruz y Juan Carlos Santamarta. Imagen cedida.<\/p><\/div>\n<p>Es importante destacar tambi\u00e9n que la isla alberga el innovador proyecto de producci\u00f3n de energ\u00eda hidro-e\u00f3lica Gorona del Viento, que ha logrado reducir significativamente las emisiones asociadas a la producci\u00f3n de energ\u00eda. Tambi\u00e9n la mejora del conocimiento de los recursos h\u00eddricos, fundamentalmente los subterr\u00e1neos, mediante el desarrollo de modelos de funcionamiento del acu\u00edfero insular con la aplicaci\u00f3n de futuros escenarios de cambio clim\u00e1tico por el proyecto ARSINOE ha mejorado sensiblemente la gesti\u00f3n del agua en la isla, como indica el hidroge\u00f3logo y cient\u00edfico Titular del IGME-CSIC, Alejandro Garc\u00eda-Gil.<\/p>\n<p>Los resultados clave del estudio revelaron que los bosques de El Hierro tienen la capacidad de capturar una cantidad de 46.785 toneladas de CO<sub>2<\/sub> anualmente. \u201cEsta capacidad de secuestro de carbono supera con creces las emisiones vinculadas a la producci\u00f3n de electricidad y la movilidad vial en la isla, especialmente desde la implementaci\u00f3n de Gorona del Viento\u201d, indica la investigadora de la Universidad de La Laguna y autora principal del art\u00edculo, <a href=\"https:\/\/portalciencia.ull.es\/investigadores\/82630\/detalle\" target=\"_blank\" rel=\"noopener\">Noelia Cruz<\/a>, en el que tambi\u00e9n particip\u00f3 Gunta Gr\u016bbe.<\/p>\n<p>El estudio, que utiliza datos del Inventario Forestal Espa\u00f1ol y modelos de biomasa, subraya el papel cr\u00edtico de los bosques en la mitigaci\u00f3n del cambio clim\u00e1tico y la regulaci\u00f3n del ciclo del carbono. Los bosques, que cubren aproximadamente el 25% del territorio total de El Hierro, sirven como sumideros de carbono vitales, contribuyendo al esfuerzo global para combatir los niveles crecientes de CO<sub>2<\/sub>.<\/p>\n<p>Por lo tanto, se vuelve fundamental establecer medidas de prevenci\u00f3n para proteger dichas masas forestales de posibles incendios, que pueden ser cada vez m\u00e1s frecuentes y duros en las Islas Canarias, debido al cambio clim\u00e1tico, como afirma el investigador del CSIC, Ricardo Ruiz-Peinado, el cual ha liderado diferentes estudios para la estimaci\u00f3n del carbono en los comportamientos de los ecosistemas forestales, y en conocer el efecto de la gesti\u00f3n forestal en las reservas de carbono.<\/p>\n<p>Al aprovechar las inversiones en energ\u00edas renovables y realizar la transici\u00f3n hacia veh\u00edculos el\u00e9ctricos, El Hierro tiene como objetivo lograr la transici\u00f3n ecol\u00f3gica para el a\u00f1o 2040, aline\u00e1ndose con los objetivos del gobierno de reducir las emisiones en todo el archipi\u00e9lago canario.<\/p>\n<p>El viaje de El Hierro hacia la neutralidad de carbono es un testimonio del poder de las iniciativas sostenibles y la acci\u00f3n colectiva en la lucha contra el cambio clim\u00e1tico. A trav\u00e9s de inversiones continuas en infraestructura de energ\u00eda renovable y soluciones de transporte ecol\u00f3gicas, la isla establece un ejemplo convincente de liderazgo ambiental y resiliencia frente a los desaf\u00edos clim\u00e1ticos.<\/p>\n<p>El proyecto europeo ARSINOE tiene como objetivo aprovechar la innovaci\u00f3n para la adaptaci\u00f3n clim\u00e1tica en una serie de sistemas clave, que van desde la biodiversidad a las inundaciones y el aumento del nivel del mar, y desde la sequ\u00eda y la escasez de agua a las olas de calor y la deforestaci\u00f3n. ARSINOE pretende crear un ecosistema para tecnolog\u00edas relativas a la adaptaci\u00f3n al cambio clim\u00e1tico.<\/p>\n<p>&nbsp;<\/p>\n","protected":false},"excerpt":{"rendered":"<p>El Hierro es una isla con un tama\u00f1o y singularidades que la hacen ser un laboratorio natural para diferentes estudios&#8230;<\/p>\n","protected":false},"author":23,"featured_media":75037,"comment_status":"closed","ping_status":"closed","sticky":false,"template":"","format":"standard","meta":{"inline_featured_image":false,"footnotes":""},"categories":[345,350,2765],"tags":[],"acf":[],"yoast_head":"<!-- This site is optimized with the Yoast SEO plugin v21.3 - https:\/\/yoast.com\/wordpress\/plugins\/seo\/ -->\n<title>Investigadores de la ULL y el CSIC eval\u00faan el papel de la vegetaci\u00f3n en la mitigaci\u00f3n de gases de efecto invernadero en El Hierro - ULL - Noticias<\/title>\n<meta name=\"robots\" content=\"index, follow, max-snippet:-1, max-image-preview:large, max-video-preview:-1\" \/>\n<link rel=\"canonical\" href=\"https:\/\/www.ull.es\/portal\/noticias\/2024\/investigadores-de-la-ull-y-el-csic-evaluan-el-papel-de-la-vegetacion-en-la-mitigacion-de-gases-de-efecto-invernadero-en-el-hierro\/\" \/>\n<meta property=\"og:locale\" content=\"es_ES\" \/>\n<meta property=\"og:type\" content=\"article\" \/>\n<meta property=\"og:title\" content=\"Investigadores de la ULL y el CSIC eval\u00faan el papel de la vegetaci\u00f3n en la mitigaci\u00f3n de gases de efecto invernadero en El Hierro - ULL - Noticias\" \/>\n<meta property=\"og:description\" content=\"El Hierro es una isla con un tama\u00f1o y singularidades que la hacen ser un laboratorio natural para diferentes estudios...\" \/>\n<meta property=\"og:url\" content=\"https:\/\/www.ull.es\/portal\/noticias\/2024\/investigadores-de-la-ull-y-el-csic-evaluan-el-papel-de-la-vegetacion-en-la-mitigacion-de-gases-de-efecto-invernadero-en-el-hierro\/\" \/>\n<meta property=\"og:site_name\" content=\"ULL - Noticias\" \/>\n<meta property=\"article:publisher\" content=\"https:\/\/www.facebook.com\/universidaddelalaguna\/\" \/>\n<meta property=\"article:published_time\" content=\"2024-04-08T12:58:47+00:00\" \/>\n<meta property=\"og:image\" content=\"https:\/\/www.ull.es\/portal\/noticias\/wp-content\/uploads\/sites\/13\/2024\/04\/mapa-de-vegetacion-dle-Hierro-y-puntos-de-estudio-scaled.jpg\" \/>\n\t<meta property=\"og:image:width\" content=\"2560\" \/>\n\t<meta property=\"og:image:height\" content=\"1788\" \/>\n\t<meta property=\"og:image:type\" content=\"image\/jpeg\" \/>\n<meta name=\"author\" content=\"gaprsa\" \/>\n<meta name=\"twitter:card\" content=\"summary_large_image\" \/>\n<meta name=\"twitter:creator\" content=\"@CanalULL\" \/>\n<meta name=\"twitter:site\" content=\"@CanalULL\" \/>\n<meta name=\"twitter:label1\" content=\"Escrito por\" \/>\n\t<meta name=\"twitter:data1\" content=\"gaprsa\" \/>\n\t<meta name=\"twitter:label2\" content=\"Tiempo de lectura\" \/>\n\t<meta name=\"twitter:data2\" content=\"4 minutos\" \/>\n<script type=\"application\/ld+json\" class=\"yoast-schema-graph\">{\"@context\":\"https:\/\/schema.org\",\"@graph\":[{\"@type\":\"WebPage\",\"@id\":\"https:\/\/www.ull.es\/portal\/noticias\/2024\/investigadores-de-la-ull-y-el-csic-evaluan-el-papel-de-la-vegetacion-en-la-mitigacion-de-gases-de-efecto-invernadero-en-el-hierro\/\",\"url\":\"https:\/\/www.ull.es\/portal\/noticias\/2024\/investigadores-de-la-ull-y-el-csic-evaluan-el-papel-de-la-vegetacion-en-la-mitigacion-de-gases-de-efecto-invernadero-en-el-hierro\/\",\"name\":\"Investigadores de la ULL y el CSIC eval\u00faan el papel de la vegetaci\u00f3n en la mitigaci\u00f3n de gases de efecto invernadero en El Hierro - ULL - Noticias\",\"isPartOf\":{\"@id\":\"https:\/\/www.ull.es\/portal\/noticias\/#website\"},\"datePublished\":\"2024-04-08T12:58:47+00:00\",\"dateModified\":\"2024-04-08T12:58:47+00:00\",\"author\":{\"@id\":\"https:\/\/www.ull.es\/portal\/noticias\/#\/schema\/person\/b2b1a89d43ffa609e591f7df8ef3e817\"},\"breadcrumb\":{\"@id\":\"https:\/\/www.ull.es\/portal\/noticias\/2024\/investigadores-de-la-ull-y-el-csic-evaluan-el-papel-de-la-vegetacion-en-la-mitigacion-de-gases-de-efecto-invernadero-en-el-hierro\/#breadcrumb\"},\"inLanguage\":\"es\",\"potentialAction\":[{\"@type\":\"ReadAction\",\"target\":[\"https:\/\/www.ull.es\/portal\/noticias\/2024\/investigadores-de-la-ull-y-el-csic-evaluan-el-papel-de-la-vegetacion-en-la-mitigacion-de-gases-de-efecto-invernadero-en-el-hierro\/\"]}]},{\"@type\":\"BreadcrumbList\",\"@id\":\"https:\/\/www.ull.es\/portal\/noticias\/2024\/investigadores-de-la-ull-y-el-csic-evaluan-el-papel-de-la-vegetacion-en-la-mitigacion-de-gases-de-efecto-invernadero-en-el-hierro\/#breadcrumb\",\"itemListElement\":[{\"@type\":\"ListItem\",\"position\":1,\"name\":\"Portada\",\"item\":\"https:\/\/www.ull.es\/portal\/noticias\/\"},{\"@type\":\"ListItem\",\"position\":2,\"name\":\"Investigadores de la ULL y el CSIC eval\u00faan el papel de la vegetaci\u00f3n en la mitigaci\u00f3n de gases de efecto invernadero en El Hierro\"}]},{\"@type\":\"WebSite\",\"@id\":\"https:\/\/www.ull.es\/portal\/noticias\/#website\",\"url\":\"https:\/\/www.ull.es\/portal\/noticias\/\",\"name\":\"ULL - Noticias\",\"description\":\"\",\"potentialAction\":[{\"@type\":\"SearchAction\",\"target\":{\"@type\":\"EntryPoint\",\"urlTemplate\":\"https:\/\/www.ull.es\/portal\/noticias\/?s={search_term_string}\"},\"query-input\":\"required name=search_term_string\"}],\"inLanguage\":\"es\"},{\"@type\":\"Person\",\"@id\":\"https:\/\/www.ull.es\/portal\/noticias\/#\/schema\/person\/b2b1a89d43ffa609e591f7df8ef3e817\",\"name\":\"gaprsa\",\"image\":{\"@type\":\"ImageObject\",\"inLanguage\":\"es\",\"@id\":\"https:\/\/www.ull.es\/portal\/noticias\/#\/schema\/person\/image\/\",\"url\":\"https:\/\/secure.gravatar.com\/avatar\/443820550921091458b4823867723b3d?s=96&d=mm&r=g\",\"contentUrl\":\"https:\/\/secure.gravatar.com\/avatar\/443820550921091458b4823867723b3d?s=96&d=mm&r=g\",\"caption\":\"gaprsa\"},\"url\":\"https:\/\/www.ull.es\/portal\/noticias\/author\/gaprsa\/\"}]}<\/script>\n<!-- \/ Yoast SEO plugin. -->","yoast_head_json":{"title":"Investigadores de la ULL y el CSIC eval\u00faan el papel de la vegetaci\u00f3n en la mitigaci\u00f3n de gases de efecto invernadero en El Hierro - ULL - Noticias","robots":{"index":"index","follow":"follow","max-snippet":"max-snippet:-1","max-image-preview":"max-image-preview:large","max-video-preview":"max-video-preview:-1"},"canonical":"https:\/\/www.ull.es\/portal\/noticias\/2024\/investigadores-de-la-ull-y-el-csic-evaluan-el-papel-de-la-vegetacion-en-la-mitigacion-de-gases-de-efecto-invernadero-en-el-hierro\/","og_locale":"es_ES","og_type":"article","og_title":"Investigadores de la ULL y el CSIC eval\u00faan el papel de la vegetaci\u00f3n en la mitigaci\u00f3n de gases de efecto invernadero en El Hierro - ULL - Noticias","og_description":"El Hierro es una isla con un tama\u00f1o y singularidades que la hacen ser un laboratorio natural para diferentes estudios...","og_url":"https:\/\/www.ull.es\/portal\/noticias\/2024\/investigadores-de-la-ull-y-el-csic-evaluan-el-papel-de-la-vegetacion-en-la-mitigacion-de-gases-de-efecto-invernadero-en-el-hierro\/","og_site_name":"ULL - Noticias","article_publisher":"https:\/\/www.facebook.com\/universidaddelalaguna\/","article_published_time":"2024-04-08T12:58:47+00:00","og_image":[{"width":2560,"height":1788,"url":"https:\/\/www.ull.es\/portal\/noticias\/wp-content\/uploads\/sites\/13\/2024\/04\/mapa-de-vegetacion-dle-Hierro-y-puntos-de-estudio-scaled.jpg","type":"image\/jpeg"}],"author":"gaprsa","twitter_card":"summary_large_image","twitter_creator":"@CanalULL","twitter_site":"@CanalULL","twitter_misc":{"Escrito por":"gaprsa","Tiempo de lectura":"4 minutos"},"schema":{"@context":"https:\/\/schema.org","@graph":[{"@type":"WebPage","@id":"https:\/\/www.ull.es\/portal\/noticias\/2024\/investigadores-de-la-ull-y-el-csic-evaluan-el-papel-de-la-vegetacion-en-la-mitigacion-de-gases-de-efecto-invernadero-en-el-hierro\/","url":"https:\/\/www.ull.es\/portal\/noticias\/2024\/investigadores-de-la-ull-y-el-csic-evaluan-el-papel-de-la-vegetacion-en-la-mitigacion-de-gases-de-efecto-invernadero-en-el-hierro\/","name":"Investigadores de la ULL y el CSIC eval\u00faan el papel de la vegetaci\u00f3n en la mitigaci\u00f3n de gases de efecto invernadero en El Hierro - ULL - Noticias","isPartOf":{"@id":"https:\/\/www.ull.es\/portal\/noticias\/#website"},"datePublished":"2024-04-08T12:58:47+00:00","dateModified":"2024-04-08T12:58:47+00:00","author":{"@id":"https:\/\/www.ull.es\/portal\/noticias\/#\/schema\/person\/b2b1a89d43ffa609e591f7df8ef3e817"},"breadcrumb":{"@id":"https:\/\/www.ull.es\/portal\/noticias\/2024\/investigadores-de-la-ull-y-el-csic-evaluan-el-papel-de-la-vegetacion-en-la-mitigacion-de-gases-de-efecto-invernadero-en-el-hierro\/#breadcrumb"},"inLanguage":"es","potentialAction":[{"@type":"ReadAction","target":["https:\/\/www.ull.es\/portal\/noticias\/2024\/investigadores-de-la-ull-y-el-csic-evaluan-el-papel-de-la-vegetacion-en-la-mitigacion-de-gases-de-efecto-invernadero-en-el-hierro\/"]}]},{"@type":"BreadcrumbList","@id":"https:\/\/www.ull.es\/portal\/noticias\/2024\/investigadores-de-la-ull-y-el-csic-evaluan-el-papel-de-la-vegetacion-en-la-mitigacion-de-gases-de-efecto-invernadero-en-el-hierro\/#breadcrumb","itemListElement":[{"@type":"ListItem","position":1,"name":"Portada","item":"https:\/\/www.ull.es\/portal\/noticias\/"},{"@type":"ListItem","position":2,"name":"Investigadores de la ULL y el CSIC eval\u00faan el papel de la vegetaci\u00f3n en la mitigaci\u00f3n de gases de efecto invernadero en El Hierro"}]},{"@type":"WebSite","@id":"https:\/\/www.ull.es\/portal\/noticias\/#website","url":"https:\/\/www.ull.es\/portal\/noticias\/","name":"ULL - Noticias","description":"","potentialAction":[{"@type":"SearchAction","target":{"@type":"EntryPoint","urlTemplate":"https:\/\/www.ull.es\/portal\/noticias\/?s={search_term_string}"},"query-input":"required name=search_term_string"}],"inLanguage":"es"},{"@type":"Person","@id":"https:\/\/www.ull.es\/portal\/noticias\/#\/schema\/person\/b2b1a89d43ffa609e591f7df8ef3e817","name":"gaprsa","image":{"@type":"ImageObject","inLanguage":"es","@id":"https:\/\/www.ull.es\/portal\/noticias\/#\/schema\/person\/image\/","url":"https:\/\/secure.gravatar.com\/avatar\/443820550921091458b4823867723b3d?s=96&d=mm&r=g","contentUrl":"https:\/\/secure.gravatar.com\/avatar\/443820550921091458b4823867723b3d?s=96&d=mm&r=g","caption":"gaprsa"},"url":"https:\/\/www.ull.es\/portal\/noticias\/author\/gaprsa\/"}]}},"primary_category":{"id":345,"name":"Destacado","slug":"destacado","link":"https:\/\/www.ull.es\/portal\/noticias\/category\/destacado\/"},"featured_image_thumbnail_url":"https:\/\/www.ull.es\/portal\/noticias\/wp-content\/uploads\/sites\/13\/2024\/04\/mapa-de-vegetacion-dle-Hierro-y-puntos-de-estudio-300x210.jpg","_links":{"self":[{"href":"https:\/\/www.ull.es\/portal\/noticias\/wp-json\/wp\/v2\/posts\/75036"}],"collection":[{"href":"https:\/\/www.ull.es\/portal\/noticias\/wp-json\/wp\/v2\/posts"}],"about":[{"href":"https:\/\/www.ull.es\/portal\/noticias\/wp-json\/wp\/v2\/types\/post"}],"author":[{"embeddable":true,"href":"https:\/\/www.ull.es\/portal\/noticias\/wp-json\/wp\/v2\/users\/23"}],"replies":[{"embeddable":true,"href":"https:\/\/www.ull.es\/portal\/noticias\/wp-json\/wp\/v2\/comments?post=75036"}],"version-history":[{"count":1,"href":"https:\/\/www.ull.es\/portal\/noticias\/wp-json\/wp\/v2\/posts\/75036\/revisions"}],"predecessor-version":[{"id":75039,"href":"https:\/\/www.ull.es\/portal\/noticias\/wp-json\/wp\/v2\/posts\/75036\/revisions\/75039"}],"wp:featuredmedia":[{"embeddable":true,"href":"https:\/\/www.ull.es\/portal\/noticias\/wp-json\/wp\/v2\/media\/75037"}],"wp:attachment":[{"href":"https:\/\/www.ull.es\/portal\/noticias\/wp-json\/wp\/v2\/media?parent=75036"}],"wp:term":[{"taxonomy":"category","embeddable":true,"href":"https:\/\/www.ull.es\/portal\/noticias\/wp-json\/wp\/v2\/categories?post=75036"},{"taxonomy":"post_tag","embeddable":true,"href":"https:\/\/www.ull.es\/portal\/noticias\/wp-json\/wp\/v2\/tags?post=75036"}],"curies":[{"name":"wp","href":"https:\/\/api.w.org\/{rel}","templated":true}]}}