{"id":75043,"date":"2024-04-09T07:54:27","date_gmt":"2024-04-09T07:54:27","guid":{"rendered":"https:\/\/www.ull.es\/portal\/noticias\/?p=75043"},"modified":"2024-04-09T07:56:31","modified_gmt":"2024-04-09T07:56:31","slug":"una-obra-sobre-propiedad-intelectual-en-la-que-participa-la-ull-indaga-en-las-tradiciones-juridicas-en-materia-de-innovacion","status":"publish","type":"post","link":"https:\/\/www.ull.es\/portal\/noticias\/2024\/una-obra-sobre-propiedad-intelectual-en-la-que-participa-la-ull-indaga-en-las-tradiciones-juridicas-en-materia-de-innovacion\/","title":{"rendered":"Una obra sobre propiedad intelectual en la que participa la ULL indaga en las tradiciones jur\u00eddicas en materia de innovaci\u00f3n"},"content":{"rendered":"<p>El libro <em><a href=\"https:\/\/brill.com\/display\/title\/63178\" target=\"_blank\" rel=\"noopener\">Harmonizing Intellectual Property Law for a Trans-Atlantic Knowledge Economy<\/a> <\/em>constituye, en palabras de sus editores, un primer intento de una historia jur\u00eddica completa de la desigual armonizaci\u00f3n transatl\u00e1ntica de la legislaci\u00f3n sobre propiedad intelectual. Los autores exploran la armonizaci\u00f3n como un mandato legal y un ideal progresivo, e imaginan \u00e1reas en las que las redes regulatorias coherentes podr\u00edan construir una econom\u00eda del conocimiento transatl\u00e1ntica m\u00e1s vibrante.<\/p>\n<p>En las \u00faltimas d\u00e9cadas, la armonizaci\u00f3n de los derechos de autor ha sido uno de los temas candentes, especialmente en el contexto de la legislaci\u00f3n de la Uni\u00f3n Europea. Sin embargo, el Derecho de la UE ha adoptado principalmente directivas que carecen de un enfoque sistem\u00e1tico y regulan solo algunos aspectos de los derechos de autor\u00eda. Esto ha llevado a una armonizaci\u00f3n desigual, que no es capaz de responder al auge de las nuevas tecnolog\u00edas de comunicaci\u00f3n digital o a las demandas de la econom\u00eda globalizada.<\/p>\n<p>Al mismo tiempo, los tribunales nacionales no europeos hacen cada vez m\u00e1s referencia en sus decisiones a la jurisprudencia del Tribunal de Justicia de la Uni\u00f3n Europea, mientras que los tribunales nacionales europeos se refieren a menudo a casos de derechos de autor estadounidenses. No obstante, la labor europea sobre las normas de derecho de autor se ha concentrado principalmente en la armonizaci\u00f3n a nivel de la UE, con un inter\u00e9s limitado en el di\u00e1logo con otros sistemas jur\u00eddicos.<\/p>\n<p><a href=\"https:\/\/www.ull.es\/portal\/noticias\/wp-content\/uploads\/sites\/13\/2024\/04\/libro2.jpg\" target=\"_blank\" rel=\"noopener\"><img decoding=\"async\" loading=\"lazy\" class=\"alignleft size-medium wp-image-75051\" src=\"https:\/\/www.ull.es\/portal\/noticias\/wp-content\/uploads\/sites\/13\/2024\/04\/libro2-197x300.jpg\" alt=\"\" width=\"197\" height=\"300\" srcset=\"https:\/\/www.ull.es\/portal\/noticias\/wp-content\/uploads\/sites\/13\/2024\/04\/libro2-197x300.jpg 197w, https:\/\/www.ull.es\/portal\/noticias\/wp-content\/uploads\/sites\/13\/2024\/04\/libro2-671x1024.jpg 671w, https:\/\/www.ull.es\/portal\/noticias\/wp-content\/uploads\/sites\/13\/2024\/04\/libro2-768x1172.jpg 768w, https:\/\/www.ull.es\/portal\/noticias\/wp-content\/uploads\/sites\/13\/2024\/04\/libro2-375x572.jpg 375w, https:\/\/www.ull.es\/portal\/noticias\/wp-content\/uploads\/sites\/13\/2024\/04\/libro2-750x1144.jpg 750w, https:\/\/www.ull.es\/portal\/noticias\/wp-content\/uploads\/sites\/13\/2024\/04\/libro2.jpg 983w\" sizes=\"(max-width: 197px) 100vw, 197px\" \/><\/a>Durante m\u00e1s de un siglo, la comunidad internacional ha compartido el objetivo de armonizar las leyes de propiedad intelectual entre las naciones. Desafortunadamente, estas naciones han estado apuntando a un objetivo en movimiento. Debido a los cambios en las tecnolog\u00edas subyacentes <em>-internet, streaming<\/em> de contenido y redes sociales, por nombrar solo algunos ejemplos obvios-, las consideraciones relevantes para la armonizaci\u00f3n siguen cambiando.<\/p>\n<p>Diferentes ordenamientos jur\u00eddicos han adoptado distintos enfoques en estas nuevas consideraciones. El resultado no ha sido s\u00f3lo una armonizaci\u00f3n incompleta, sino una falta de uniformidad en la forma en que se lleva a cabo. Dicho de otra manera, incluso cuando las naciones tienen el mismo resultado final, pueden alcanzarlo siguiendo caminos muy diferentes.<\/p>\n<p>La obra, editada por P\u00e9ter Mezei (Universidad de Szeged), Hannibal Travis (Universidad Internacional de Florida) y Anett Pog\u00e1cs\u00e1s (Universidad Cat\u00f3lica P\u00e9ter P\u00e1zm\u00e1ny) ser\u00e1 publicada por la editorial Brill y pretende aportar propuestas de soluci\u00f3n para alcanzar el objetivo de una regulaci\u00f3n armonizada a nivel global de la propiedad intelectual.<\/p>\n<p>El libro cuenta con diecisiete autores, entre los que se cuenta <a href=\"https:\/\/portalciencia.ull.es\/investigadores\/81352\/detalle\" target=\"_blank\" rel=\"noopener\">Luis Javier Capote P\u00e9rez<\/a>, profesor de Derecho Civil de la Universidad de La Laguna, el cual ha centrado su aportaci\u00f3n en la variable regulaci\u00f3n de las fotograf\u00edas, desde el punto de vista de la protecci\u00f3n de sus derechos de autor\u00eda.<\/p>\n","protected":false},"excerpt":{"rendered":"<p>El libro Harmonizing Intellectual Property Law for a Trans-Atlantic Knowledge Economy constituye, en palabras de sus editores, un primer intento&#8230;<\/p>\n","protected":false},"author":23,"featured_media":75052,"comment_status":"closed","ping_status":"closed","sticky":false,"template":"","format":"standard","meta":{"inline_featured_image":false,"footnotes":""},"categories":[345,350,2765],"tags":[],"acf":[],"yoast_head":"<!-- This site is optimized with the Yoast SEO plugin v21.3 - https:\/\/yoast.com\/wordpress\/plugins\/seo\/ -->\n<title>Una obra sobre propiedad intelectual en la que participa la ULL indaga en las tradiciones jur\u00eddicas en materia de innovaci\u00f3n - ULL - Noticias<\/title>\n<meta name=\"robots\" content=\"index, follow, max-snippet:-1, max-image-preview:large, max-video-preview:-1\" \/>\n<link rel=\"canonical\" href=\"https:\/\/www.ull.es\/portal\/noticias\/2024\/una-obra-sobre-propiedad-intelectual-en-la-que-participa-la-ull-indaga-en-las-tradiciones-juridicas-en-materia-de-innovacion\/\" \/>\n<meta property=\"og:locale\" content=\"es_ES\" \/>\n<meta property=\"og:type\" content=\"article\" \/>\n<meta property=\"og:title\" content=\"Una obra sobre propiedad intelectual en la que participa la ULL indaga en las tradiciones jur\u00eddicas en materia de innovaci\u00f3n - ULL - Noticias\" \/>\n<meta property=\"og:description\" content=\"El libro Harmonizing Intellectual Property Law for a Trans-Atlantic Knowledge Economy constituye, en palabras de sus editores, un primer intento...\" \/>\n<meta property=\"og:url\" content=\"https:\/\/www.ull.es\/portal\/noticias\/2024\/una-obra-sobre-propiedad-intelectual-en-la-que-participa-la-ull-indaga-en-las-tradiciones-juridicas-en-materia-de-innovacion\/\" \/>\n<meta property=\"og:site_name\" content=\"ULL - Noticias\" \/>\n<meta property=\"article:publisher\" content=\"https:\/\/www.facebook.com\/universidaddelalaguna\/\" \/>\n<meta property=\"article:published_time\" content=\"2024-04-09T07:54:27+00:00\" \/>\n<meta property=\"article:modified_time\" content=\"2024-04-09T07:56:31+00:00\" \/>\n<meta property=\"og:image\" content=\"https:\/\/www.ull.es\/portal\/noticias\/wp-content\/uploads\/sites\/13\/2024\/04\/libro-1-1.jpg\" \/>\n\t<meta property=\"og:image:width\" content=\"1200\" \/>\n\t<meta property=\"og:image:height\" content=\"800\" \/>\n\t<meta property=\"og:image:type\" content=\"image\/jpeg\" \/>\n<meta name=\"author\" content=\"gaprsa\" \/>\n<meta name=\"twitter:card\" content=\"summary_large_image\" \/>\n<meta name=\"twitter:creator\" content=\"@CanalULL\" \/>\n<meta name=\"twitter:site\" content=\"@CanalULL\" \/>\n<meta name=\"twitter:label1\" content=\"Escrito por\" \/>\n\t<meta name=\"twitter:data1\" content=\"gaprsa\" \/>\n\t<meta name=\"twitter:label2\" content=\"Tiempo de lectura\" \/>\n\t<meta name=\"twitter:data2\" content=\"3 minutos\" \/>\n<script type=\"application\/ld+json\" class=\"yoast-schema-graph\">{\"@context\":\"https:\/\/schema.org\",\"@graph\":[{\"@type\":\"WebPage\",\"@id\":\"https:\/\/www.ull.es\/portal\/noticias\/2024\/una-obra-sobre-propiedad-intelectual-en-la-que-participa-la-ull-indaga-en-las-tradiciones-juridicas-en-materia-de-innovacion\/\",\"url\":\"https:\/\/www.ull.es\/portal\/noticias\/2024\/una-obra-sobre-propiedad-intelectual-en-la-que-participa-la-ull-indaga-en-las-tradiciones-juridicas-en-materia-de-innovacion\/\",\"name\":\"Una obra sobre propiedad intelectual en la que participa la ULL indaga en las tradiciones jur\u00eddicas en materia de innovaci\u00f3n - ULL - Noticias\",\"isPartOf\":{\"@id\":\"https:\/\/www.ull.es\/portal\/noticias\/#website\"},\"datePublished\":\"2024-04-09T07:54:27+00:00\",\"dateModified\":\"2024-04-09T07:56:31+00:00\",\"author\":{\"@id\":\"https:\/\/www.ull.es\/portal\/noticias\/#\/schema\/person\/b2b1a89d43ffa609e591f7df8ef3e817\"},\"breadcrumb\":{\"@id\":\"https:\/\/www.ull.es\/portal\/noticias\/2024\/una-obra-sobre-propiedad-intelectual-en-la-que-participa-la-ull-indaga-en-las-tradiciones-juridicas-en-materia-de-innovacion\/#breadcrumb\"},\"inLanguage\":\"es\",\"potentialAction\":[{\"@type\":\"ReadAction\",\"target\":[\"https:\/\/www.ull.es\/portal\/noticias\/2024\/una-obra-sobre-propiedad-intelectual-en-la-que-participa-la-ull-indaga-en-las-tradiciones-juridicas-en-materia-de-innovacion\/\"]}]},{\"@type\":\"BreadcrumbList\",\"@id\":\"https:\/\/www.ull.es\/portal\/noticias\/2024\/una-obra-sobre-propiedad-intelectual-en-la-que-participa-la-ull-indaga-en-las-tradiciones-juridicas-en-materia-de-innovacion\/#breadcrumb\",\"itemListElement\":[{\"@type\":\"ListItem\",\"position\":1,\"name\":\"Portada\",\"item\":\"https:\/\/www.ull.es\/portal\/noticias\/\"},{\"@type\":\"ListItem\",\"position\":2,\"name\":\"Una obra sobre propiedad intelectual en la que participa la ULL indaga en las tradiciones jur\u00eddicas en materia de innovaci\u00f3n\"}]},{\"@type\":\"WebSite\",\"@id\":\"https:\/\/www.ull.es\/portal\/noticias\/#website\",\"url\":\"https:\/\/www.ull.es\/portal\/noticias\/\",\"name\":\"ULL - Noticias\",\"description\":\"\",\"potentialAction\":[{\"@type\":\"SearchAction\",\"target\":{\"@type\":\"EntryPoint\",\"urlTemplate\":\"https:\/\/www.ull.es\/portal\/noticias\/?s={search_term_string}\"},\"query-input\":\"required name=search_term_string\"}],\"inLanguage\":\"es\"},{\"@type\":\"Person\",\"@id\":\"https:\/\/www.ull.es\/portal\/noticias\/#\/schema\/person\/b2b1a89d43ffa609e591f7df8ef3e817\",\"name\":\"gaprsa\",\"image\":{\"@type\":\"ImageObject\",\"inLanguage\":\"es\",\"@id\":\"https:\/\/www.ull.es\/portal\/noticias\/#\/schema\/person\/image\/\",\"url\":\"https:\/\/secure.gravatar.com\/avatar\/443820550921091458b4823867723b3d?s=96&d=mm&r=g\",\"contentUrl\":\"https:\/\/secure.gravatar.com\/avatar\/443820550921091458b4823867723b3d?s=96&d=mm&r=g\",\"caption\":\"gaprsa\"},\"url\":\"https:\/\/www.ull.es\/portal\/noticias\/author\/gaprsa\/\"}]}<\/script>\n<!-- \/ Yoast SEO plugin. -->","yoast_head_json":{"title":"Una obra sobre propiedad intelectual en la que participa la ULL indaga en las tradiciones jur\u00eddicas en materia de innovaci\u00f3n - ULL - Noticias","robots":{"index":"index","follow":"follow","max-snippet":"max-snippet:-1","max-image-preview":"max-image-preview:large","max-video-preview":"max-video-preview:-1"},"canonical":"https:\/\/www.ull.es\/portal\/noticias\/2024\/una-obra-sobre-propiedad-intelectual-en-la-que-participa-la-ull-indaga-en-las-tradiciones-juridicas-en-materia-de-innovacion\/","og_locale":"es_ES","og_type":"article","og_title":"Una obra sobre propiedad intelectual en la que participa la ULL indaga en las tradiciones jur\u00eddicas en materia de innovaci\u00f3n - ULL - Noticias","og_description":"El libro Harmonizing Intellectual Property Law for a Trans-Atlantic Knowledge Economy constituye, en palabras de sus editores, un primer intento...","og_url":"https:\/\/www.ull.es\/portal\/noticias\/2024\/una-obra-sobre-propiedad-intelectual-en-la-que-participa-la-ull-indaga-en-las-tradiciones-juridicas-en-materia-de-innovacion\/","og_site_name":"ULL - Noticias","article_publisher":"https:\/\/www.facebook.com\/universidaddelalaguna\/","article_published_time":"2024-04-09T07:54:27+00:00","article_modified_time":"2024-04-09T07:56:31+00:00","og_image":[{"width":1200,"height":800,"url":"https:\/\/www.ull.es\/portal\/noticias\/wp-content\/uploads\/sites\/13\/2024\/04\/libro-1-1.jpg","type":"image\/jpeg"}],"author":"gaprsa","twitter_card":"summary_large_image","twitter_creator":"@CanalULL","twitter_site":"@CanalULL","twitter_misc":{"Escrito por":"gaprsa","Tiempo de lectura":"3 minutos"},"schema":{"@context":"https:\/\/schema.org","@graph":[{"@type":"WebPage","@id":"https:\/\/www.ull.es\/portal\/noticias\/2024\/una-obra-sobre-propiedad-intelectual-en-la-que-participa-la-ull-indaga-en-las-tradiciones-juridicas-en-materia-de-innovacion\/","url":"https:\/\/www.ull.es\/portal\/noticias\/2024\/una-obra-sobre-propiedad-intelectual-en-la-que-participa-la-ull-indaga-en-las-tradiciones-juridicas-en-materia-de-innovacion\/","name":"Una obra sobre propiedad intelectual en la que participa la ULL indaga en las tradiciones jur\u00eddicas en materia de innovaci\u00f3n - ULL - Noticias","isPartOf":{"@id":"https:\/\/www.ull.es\/portal\/noticias\/#website"},"datePublished":"2024-04-09T07:54:27+00:00","dateModified":"2024-04-09T07:56:31+00:00","author":{"@id":"https:\/\/www.ull.es\/portal\/noticias\/#\/schema\/person\/b2b1a89d43ffa609e591f7df8ef3e817"},"breadcrumb":{"@id":"https:\/\/www.ull.es\/portal\/noticias\/2024\/una-obra-sobre-propiedad-intelectual-en-la-que-participa-la-ull-indaga-en-las-tradiciones-juridicas-en-materia-de-innovacion\/#breadcrumb"},"inLanguage":"es","potentialAction":[{"@type":"ReadAction","target":["https:\/\/www.ull.es\/portal\/noticias\/2024\/una-obra-sobre-propiedad-intelectual-en-la-que-participa-la-ull-indaga-en-las-tradiciones-juridicas-en-materia-de-innovacion\/"]}]},{"@type":"BreadcrumbList","@id":"https:\/\/www.ull.es\/portal\/noticias\/2024\/una-obra-sobre-propiedad-intelectual-en-la-que-participa-la-ull-indaga-en-las-tradiciones-juridicas-en-materia-de-innovacion\/#breadcrumb","itemListElement":[{"@type":"ListItem","position":1,"name":"Portada","item":"https:\/\/www.ull.es\/portal\/noticias\/"},{"@type":"ListItem","position":2,"name":"Una obra sobre propiedad intelectual en la que participa la ULL indaga en las tradiciones jur\u00eddicas en materia de innovaci\u00f3n"}]},{"@type":"WebSite","@id":"https:\/\/www.ull.es\/portal\/noticias\/#website","url":"https:\/\/www.ull.es\/portal\/noticias\/","name":"ULL - Noticias","description":"","potentialAction":[{"@type":"SearchAction","target":{"@type":"EntryPoint","urlTemplate":"https:\/\/www.ull.es\/portal\/noticias\/?s={search_term_string}"},"query-input":"required name=search_term_string"}],"inLanguage":"es"},{"@type":"Person","@id":"https:\/\/www.ull.es\/portal\/noticias\/#\/schema\/person\/b2b1a89d43ffa609e591f7df8ef3e817","name":"gaprsa","image":{"@type":"ImageObject","inLanguage":"es","@id":"https:\/\/www.ull.es\/portal\/noticias\/#\/schema\/person\/image\/","url":"https:\/\/secure.gravatar.com\/avatar\/443820550921091458b4823867723b3d?s=96&d=mm&r=g","contentUrl":"https:\/\/secure.gravatar.com\/avatar\/443820550921091458b4823867723b3d?s=96&d=mm&r=g","caption":"gaprsa"},"url":"https:\/\/www.ull.es\/portal\/noticias\/author\/gaprsa\/"}]}},"primary_category":{"id":345,"name":"Destacado","slug":"destacado","link":"https:\/\/www.ull.es\/portal\/noticias\/category\/destacado\/"},"featured_image_thumbnail_url":"https:\/\/www.ull.es\/portal\/noticias\/wp-content\/uploads\/sites\/13\/2024\/04\/libro-1-1-300x200.jpg","_links":{"self":[{"href":"https:\/\/www.ull.es\/portal\/noticias\/wp-json\/wp\/v2\/posts\/75043"}],"collection":[{"href":"https:\/\/www.ull.es\/portal\/noticias\/wp-json\/wp\/v2\/posts"}],"about":[{"href":"https:\/\/www.ull.es\/portal\/noticias\/wp-json\/wp\/v2\/types\/post"}],"author":[{"embeddable":true,"href":"https:\/\/www.ull.es\/portal\/noticias\/wp-json\/wp\/v2\/users\/23"}],"replies":[{"embeddable":true,"href":"https:\/\/www.ull.es\/portal\/noticias\/wp-json\/wp\/v2\/comments?post=75043"}],"version-history":[{"count":3,"href":"https:\/\/www.ull.es\/portal\/noticias\/wp-json\/wp\/v2\/posts\/75043\/revisions"}],"predecessor-version":[{"id":75054,"href":"https:\/\/www.ull.es\/portal\/noticias\/wp-json\/wp\/v2\/posts\/75043\/revisions\/75054"}],"wp:featuredmedia":[{"embeddable":true,"href":"https:\/\/www.ull.es\/portal\/noticias\/wp-json\/wp\/v2\/media\/75052"}],"wp:attachment":[{"href":"https:\/\/www.ull.es\/portal\/noticias\/wp-json\/wp\/v2\/media?parent=75043"}],"wp:term":[{"taxonomy":"category","embeddable":true,"href":"https:\/\/www.ull.es\/portal\/noticias\/wp-json\/wp\/v2\/categories?post=75043"},{"taxonomy":"post_tag","embeddable":true,"href":"https:\/\/www.ull.es\/portal\/noticias\/wp-json\/wp\/v2\/tags?post=75043"}],"curies":[{"name":"wp","href":"https:\/\/api.w.org\/{rel}","templated":true}]}}