{"id":75075,"date":"2024-04-10T12:05:40","date_gmt":"2024-04-10T12:05:40","guid":{"rendered":"https:\/\/www.ull.es\/portal\/noticias\/?p=75075"},"modified":"2024-04-10T12:53:40","modified_gmt":"2024-04-10T12:53:40","slug":"el-colegio-de-psicologia-colaborara-en-la-fase-de-peritaje-del-protocolo-contra-el-acoso-de-la-ull","status":"publish","type":"post","link":"https:\/\/www.ull.es\/portal\/noticias\/2024\/el-colegio-de-psicologia-colaborara-en-la-fase-de-peritaje-del-protocolo-contra-el-acoso-de-la-ull\/","title":{"rendered":"El Colegio de Psicolog\u00eda colaborar\u00e1 en la fase de peritaje del protocolo contra el acoso en la ULL"},"content":{"rendered":"<p>La Universidad de La Laguna y el Colegio Oficial de la Psicolog\u00eda de Santa Cruz de Tenerife han firmado hoy mi\u00e9rcoles, 10 de abril, un convenio de colaboraci\u00f3n gracias al cual la organizaci\u00f3n profesional crear\u00e1, mediante convocatoria p\u00fablica entre su personal colegiado, un directorio de profesionales que puedan colaborar en las diversas actividades de peritaje contempladas en el protocolo para la detecci\u00f3n, prevenci\u00f3n y actuaci\u00f3n del acoso tanto psicol\u00f3gico como sexual de la instituci\u00f3n acad\u00e9mica.<\/p>\n<p>Por parte de la Universidad de La Laguna ha suscrito el acuerdo su rector, Francisco Garc\u00eda, mientras que por el colegio profesional lo hizo su decana, Carmen Linares. En el acto tambi\u00e9n estuvo presente el secretario general de la instituci\u00f3n acad\u00e9mica, Juan Antonio Garc\u00eda.<br \/>\nEl rector indic\u00f3 en el transcurso de esta firma que se trata de un asunto prioritario para la instituci\u00f3n, interesada en velar por la igualdad y el buen trato de su personal acad\u00e9mico, actuando con rapidez y solvencia cuando se produce alguna alteraci\u00f3n en este tipo de conductas. La decana del colegio asegur\u00f3 adem\u00e1s que se trata de ofrecer un servicio a medida para cada caso, al tiempo que a\u00f1adi\u00f3 que su intenci\u00f3n es colaborar de forma m\u00e1s estrecha con la instituci\u00f3n docente.<\/p>\n<p>As\u00ed, las personas incluidas en ese listado deber\u00e1n contar con experiencia y formaci\u00f3n acreditada sobre atenci\u00f3n en casos de violencia o de acoso psicol\u00f3gico o sexual, y se valorar\u00e1 haber realizado anteriormente actividades periciales de oficio o de parte sobre esta materia. El hecho de que el listado de profesionales sea rotatorio y no se acuda siempre a la misma persona facilita la transparencia y garantiza la neutralidad de los procesos, al mismo tiempo que otorga mayor fiabilidad a las personas implicadas.<\/p>\n<p>Esta lista de especialistas ser\u00e1 facilitada al Servicio de Prevenci\u00f3n de Riesgos Laborales de la universidad, y ser\u00e1 actualizada anualmente mediante nuevas convocatorias p\u00fablicas por el colegio profesional. Una vez se active el protocolo de acoso, el servicio universitario asignar\u00e1 el caso al perito o perita correspondiente, siguiendo el orden del listado, y el profesional tendr\u00e1 un plazo de cuatro d\u00edas para aceptar el encargo.<\/p>\n<p>El convenio, que tendr\u00e1 una duraci\u00f3n de un a\u00f1o prorrogable por acuerdo de ambas partes en per\u00edodos de similar duraci\u00f3n hasta en cuatro ocasiones m\u00e1s, contempla las retribuciones que la universidad deber\u00e1 abonar por cada actividad relacionada con el peritaje, y estipula las condiciones para la protecci\u00f3n de datos en los casos abordados.<\/p>\n","protected":false},"excerpt":{"rendered":"<p>La Universidad de La Laguna y el Colegio Oficial de la Psicolog\u00eda de Santa Cruz de Tenerife han firmado hoy&#8230;<\/p>\n","protected":false},"author":65,"featured_media":75076,"comment_status":"closed","ping_status":"closed","sticky":false,"template":"","format":"standard","meta":{"inline_featured_image":false,"footnotes":""},"categories":[345,348,4929,2765],"tags":[10100,1470,10840],"acf":[],"yoast_head":"<!-- This site is optimized with the Yoast SEO plugin v21.3 - https:\/\/yoast.com\/wordpress\/plugins\/seo\/ -->\n<title>El Colegio de Psicolog\u00eda colaborar\u00e1 en la fase de peritaje del protocolo contra el acoso de la ULL<\/title>\n<meta name=\"description\" content=\"La Universidad de La Laguna y el Colegio Oficial de la Psicolog\u00eda de Santa Cruz de Tenerife han firmado hoy, mi\u00e9rcoles 10 de abril un convenio de colaboraci\u00f3n gracias al cual la organizaci\u00f3n profesional elaborar\u00e1, mediante convocatoria p\u00fablica entre su personal colegiado, un listado de profesionales que puedan colaborar en las diversas actividades de peritajes contempladas en el protocolo para la detecci\u00f3n, prevenci\u00f3n y actuaci\u00f3n del acoso tanto psicol\u00f3gico como sexual de la instituci\u00f3n acad\u00e9mica.\" \/>\n<meta name=\"robots\" content=\"index, follow, max-snippet:-1, max-image-preview:large, max-video-preview:-1\" \/>\n<link rel=\"canonical\" href=\"https:\/\/www.ull.es\/portal\/noticias\/2024\/el-colegio-de-psicologia-colaborara-en-la-fase-de-peritaje-del-protocolo-contra-el-acoso-de-la-ull\/\" \/>\n<meta property=\"og:locale\" content=\"es_ES\" \/>\n<meta property=\"og:type\" content=\"article\" \/>\n<meta property=\"og:title\" content=\"El Colegio de Psicolog\u00eda colaborar\u00e1 en la fase de peritaje del protocolo contra el acoso de la ULL\" \/>\n<meta property=\"og:description\" content=\"La Universidad de La Laguna y el Colegio Oficial de la Psicolog\u00eda de Santa Cruz de Tenerife han firmado hoy, mi\u00e9rcoles 10 de abril un convenio de colaboraci\u00f3n gracias al cual la organizaci\u00f3n profesional elaborar\u00e1, mediante convocatoria p\u00fablica entre su personal colegiado, un listado de profesionales que puedan colaborar en las diversas actividades de peritajes contempladas en el protocolo para la detecci\u00f3n, prevenci\u00f3n y actuaci\u00f3n del acoso tanto psicol\u00f3gico como sexual de la instituci\u00f3n acad\u00e9mica.\" \/>\n<meta property=\"og:url\" content=\"https:\/\/www.ull.es\/portal\/noticias\/2024\/el-colegio-de-psicologia-colaborara-en-la-fase-de-peritaje-del-protocolo-contra-el-acoso-de-la-ull\/\" \/>\n<meta property=\"og:site_name\" content=\"ULL - Noticias\" \/>\n<meta property=\"article:publisher\" content=\"https:\/\/www.facebook.com\/universidaddelalaguna\/\" \/>\n<meta property=\"article:published_time\" content=\"2024-04-10T12:05:40+00:00\" \/>\n<meta property=\"article:modified_time\" content=\"2024-04-10T12:53:40+00:00\" \/>\n<meta property=\"og:image\" content=\"https:\/\/www.ull.es\/portal\/noticias\/wp-content\/uploads\/sites\/13\/2024\/04\/IMG_7084-scaled.jpg\" \/>\n\t<meta property=\"og:image:width\" content=\"2560\" \/>\n\t<meta property=\"og:image:height\" content=\"1707\" \/>\n\t<meta property=\"og:image:type\" content=\"image\/jpeg\" \/>\n<meta name=\"author\" content=\"gcom4\" \/>\n<meta name=\"twitter:card\" content=\"summary_large_image\" \/>\n<meta name=\"twitter:creator\" content=\"@CanalULL\" \/>\n<meta name=\"twitter:site\" content=\"@CanalULL\" \/>\n<meta name=\"twitter:label1\" content=\"Escrito por\" \/>\n\t<meta name=\"twitter:data1\" content=\"gcom4\" \/>\n\t<meta name=\"twitter:label2\" content=\"Tiempo de lectura\" \/>\n\t<meta name=\"twitter:data2\" content=\"2 minutos\" \/>\n<script type=\"application\/ld+json\" class=\"yoast-schema-graph\">{\"@context\":\"https:\/\/schema.org\",\"@graph\":[{\"@type\":\"WebPage\",\"@id\":\"https:\/\/www.ull.es\/portal\/noticias\/2024\/el-colegio-de-psicologia-colaborara-en-la-fase-de-peritaje-del-protocolo-contra-el-acoso-de-la-ull\/\",\"url\":\"https:\/\/www.ull.es\/portal\/noticias\/2024\/el-colegio-de-psicologia-colaborara-en-la-fase-de-peritaje-del-protocolo-contra-el-acoso-de-la-ull\/\",\"name\":\"El Colegio de Psicolog\u00eda colaborar\u00e1 en la fase de peritaje del protocolo contra el acoso de la ULL\",\"isPartOf\":{\"@id\":\"https:\/\/www.ull.es\/portal\/noticias\/#website\"},\"datePublished\":\"2024-04-10T12:05:40+00:00\",\"dateModified\":\"2024-04-10T12:53:40+00:00\",\"author\":{\"@id\":\"https:\/\/www.ull.es\/portal\/noticias\/#\/schema\/person\/9924518fb1ad37d4428e7b5d6f311773\"},\"description\":\"La Universidad de La Laguna y el Colegio Oficial de la Psicolog\u00eda de Santa Cruz de Tenerife han firmado hoy, mi\u00e9rcoles 10 de abril un convenio de colaboraci\u00f3n gracias al cual la organizaci\u00f3n profesional elaborar\u00e1, mediante convocatoria p\u00fablica entre su personal colegiado, un listado de profesionales que puedan colaborar en las diversas actividades de peritajes contempladas en el protocolo para la detecci\u00f3n, prevenci\u00f3n y actuaci\u00f3n del acoso tanto psicol\u00f3gico como sexual de la instituci\u00f3n acad\u00e9mica.\",\"breadcrumb\":{\"@id\":\"https:\/\/www.ull.es\/portal\/noticias\/2024\/el-colegio-de-psicologia-colaborara-en-la-fase-de-peritaje-del-protocolo-contra-el-acoso-de-la-ull\/#breadcrumb\"},\"inLanguage\":\"es\",\"potentialAction\":[{\"@type\":\"ReadAction\",\"target\":[\"https:\/\/www.ull.es\/portal\/noticias\/2024\/el-colegio-de-psicologia-colaborara-en-la-fase-de-peritaje-del-protocolo-contra-el-acoso-de-la-ull\/\"]}]},{\"@type\":\"BreadcrumbList\",\"@id\":\"https:\/\/www.ull.es\/portal\/noticias\/2024\/el-colegio-de-psicologia-colaborara-en-la-fase-de-peritaje-del-protocolo-contra-el-acoso-de-la-ull\/#breadcrumb\",\"itemListElement\":[{\"@type\":\"ListItem\",\"position\":1,\"name\":\"Portada\",\"item\":\"https:\/\/www.ull.es\/portal\/noticias\/\"},{\"@type\":\"ListItem\",\"position\":2,\"name\":\"El Colegio de Psicolog\u00eda colaborar\u00e1 en la fase de peritaje del protocolo contra el acoso en la ULL\"}]},{\"@type\":\"WebSite\",\"@id\":\"https:\/\/www.ull.es\/portal\/noticias\/#website\",\"url\":\"https:\/\/www.ull.es\/portal\/noticias\/\",\"name\":\"ULL - Noticias\",\"description\":\"\",\"potentialAction\":[{\"@type\":\"SearchAction\",\"target\":{\"@type\":\"EntryPoint\",\"urlTemplate\":\"https:\/\/www.ull.es\/portal\/noticias\/?s={search_term_string}\"},\"query-input\":\"required name=search_term_string\"}],\"inLanguage\":\"es\"},{\"@type\":\"Person\",\"@id\":\"https:\/\/www.ull.es\/portal\/noticias\/#\/schema\/person\/9924518fb1ad37d4428e7b5d6f311773\",\"name\":\"gcom4\",\"image\":{\"@type\":\"ImageObject\",\"inLanguage\":\"es\",\"@id\":\"https:\/\/www.ull.es\/portal\/noticias\/#\/schema\/person\/image\/\",\"url\":\"https:\/\/secure.gravatar.com\/avatar\/a5d1f5573f10617ccfcc209aaf6aa7fb?s=96&d=mm&r=g\",\"contentUrl\":\"https:\/\/secure.gravatar.com\/avatar\/a5d1f5573f10617ccfcc209aaf6aa7fb?s=96&d=mm&r=g\",\"caption\":\"gcom4\"},\"url\":\"https:\/\/www.ull.es\/portal\/noticias\/author\/gcom4\/\"}]}<\/script>\n<!-- \/ Yoast SEO plugin. -->","yoast_head_json":{"title":"El Colegio de Psicolog\u00eda colaborar\u00e1 en la fase de peritaje del protocolo contra el acoso de la ULL","description":"La Universidad de La Laguna y el Colegio Oficial de la Psicolog\u00eda de Santa Cruz de Tenerife han firmado hoy, mi\u00e9rcoles 10 de abril un convenio de colaboraci\u00f3n gracias al cual la organizaci\u00f3n profesional elaborar\u00e1, mediante convocatoria p\u00fablica entre su personal colegiado, un listado de profesionales que puedan colaborar en las diversas actividades de peritajes contempladas en el protocolo para la detecci\u00f3n, prevenci\u00f3n y actuaci\u00f3n del acoso tanto psicol\u00f3gico como sexual de la instituci\u00f3n acad\u00e9mica.","robots":{"index":"index","follow":"follow","max-snippet":"max-snippet:-1","max-image-preview":"max-image-preview:large","max-video-preview":"max-video-preview:-1"},"canonical":"https:\/\/www.ull.es\/portal\/noticias\/2024\/el-colegio-de-psicologia-colaborara-en-la-fase-de-peritaje-del-protocolo-contra-el-acoso-de-la-ull\/","og_locale":"es_ES","og_type":"article","og_title":"El Colegio de Psicolog\u00eda colaborar\u00e1 en la fase de peritaje del protocolo contra el acoso de la ULL","og_description":"La Universidad de La Laguna y el Colegio Oficial de la Psicolog\u00eda de Santa Cruz de Tenerife han firmado hoy, mi\u00e9rcoles 10 de abril un convenio de colaboraci\u00f3n gracias al cual la organizaci\u00f3n profesional elaborar\u00e1, mediante convocatoria p\u00fablica entre su personal colegiado, un listado de profesionales que puedan colaborar en las diversas actividades de peritajes contempladas en el protocolo para la detecci\u00f3n, prevenci\u00f3n y actuaci\u00f3n del acoso tanto psicol\u00f3gico como sexual de la instituci\u00f3n acad\u00e9mica.","og_url":"https:\/\/www.ull.es\/portal\/noticias\/2024\/el-colegio-de-psicologia-colaborara-en-la-fase-de-peritaje-del-protocolo-contra-el-acoso-de-la-ull\/","og_site_name":"ULL - Noticias","article_publisher":"https:\/\/www.facebook.com\/universidaddelalaguna\/","article_published_time":"2024-04-10T12:05:40+00:00","article_modified_time":"2024-04-10T12:53:40+00:00","og_image":[{"width":2560,"height":1707,"url":"https:\/\/www.ull.es\/portal\/noticias\/wp-content\/uploads\/sites\/13\/2024\/04\/IMG_7084-scaled.jpg","type":"image\/jpeg"}],"author":"gcom4","twitter_card":"summary_large_image","twitter_creator":"@CanalULL","twitter_site":"@CanalULL","twitter_misc":{"Escrito por":"gcom4","Tiempo de lectura":"2 minutos"},"schema":{"@context":"https:\/\/schema.org","@graph":[{"@type":"WebPage","@id":"https:\/\/www.ull.es\/portal\/noticias\/2024\/el-colegio-de-psicologia-colaborara-en-la-fase-de-peritaje-del-protocolo-contra-el-acoso-de-la-ull\/","url":"https:\/\/www.ull.es\/portal\/noticias\/2024\/el-colegio-de-psicologia-colaborara-en-la-fase-de-peritaje-del-protocolo-contra-el-acoso-de-la-ull\/","name":"El Colegio de Psicolog\u00eda colaborar\u00e1 en la fase de peritaje del protocolo contra el acoso de la ULL","isPartOf":{"@id":"https:\/\/www.ull.es\/portal\/noticias\/#website"},"datePublished":"2024-04-10T12:05:40+00:00","dateModified":"2024-04-10T12:53:40+00:00","author":{"@id":"https:\/\/www.ull.es\/portal\/noticias\/#\/schema\/person\/9924518fb1ad37d4428e7b5d6f311773"},"description":"La Universidad de La Laguna y el Colegio Oficial de la Psicolog\u00eda de Santa Cruz de Tenerife han firmado hoy, mi\u00e9rcoles 10 de abril un convenio de colaboraci\u00f3n gracias al cual la organizaci\u00f3n profesional elaborar\u00e1, mediante convocatoria p\u00fablica entre su personal colegiado, un listado de profesionales que puedan colaborar en las diversas actividades de peritajes contempladas en el protocolo para la detecci\u00f3n, prevenci\u00f3n y actuaci\u00f3n del acoso tanto psicol\u00f3gico como sexual de la instituci\u00f3n acad\u00e9mica.","breadcrumb":{"@id":"https:\/\/www.ull.es\/portal\/noticias\/2024\/el-colegio-de-psicologia-colaborara-en-la-fase-de-peritaje-del-protocolo-contra-el-acoso-de-la-ull\/#breadcrumb"},"inLanguage":"es","potentialAction":[{"@type":"ReadAction","target":["https:\/\/www.ull.es\/portal\/noticias\/2024\/el-colegio-de-psicologia-colaborara-en-la-fase-de-peritaje-del-protocolo-contra-el-acoso-de-la-ull\/"]}]},{"@type":"BreadcrumbList","@id":"https:\/\/www.ull.es\/portal\/noticias\/2024\/el-colegio-de-psicologia-colaborara-en-la-fase-de-peritaje-del-protocolo-contra-el-acoso-de-la-ull\/#breadcrumb","itemListElement":[{"@type":"ListItem","position":1,"name":"Portada","item":"https:\/\/www.ull.es\/portal\/noticias\/"},{"@type":"ListItem","position":2,"name":"El Colegio de Psicolog\u00eda colaborar\u00e1 en la fase de peritaje del protocolo contra el acoso en la ULL"}]},{"@type":"WebSite","@id":"https:\/\/www.ull.es\/portal\/noticias\/#website","url":"https:\/\/www.ull.es\/portal\/noticias\/","name":"ULL - Noticias","description":"","potentialAction":[{"@type":"SearchAction","target":{"@type":"EntryPoint","urlTemplate":"https:\/\/www.ull.es\/portal\/noticias\/?s={search_term_string}"},"query-input":"required name=search_term_string"}],"inLanguage":"es"},{"@type":"Person","@id":"https:\/\/www.ull.es\/portal\/noticias\/#\/schema\/person\/9924518fb1ad37d4428e7b5d6f311773","name":"gcom4","image":{"@type":"ImageObject","inLanguage":"es","@id":"https:\/\/www.ull.es\/portal\/noticias\/#\/schema\/person\/image\/","url":"https:\/\/secure.gravatar.com\/avatar\/a5d1f5573f10617ccfcc209aaf6aa7fb?s=96&d=mm&r=g","contentUrl":"https:\/\/secure.gravatar.com\/avatar\/a5d1f5573f10617ccfcc209aaf6aa7fb?s=96&d=mm&r=g","caption":"gcom4"},"url":"https:\/\/www.ull.es\/portal\/noticias\/author\/gcom4\/"}]}},"primary_category":{"id":345,"name":"Destacado","slug":"destacado","link":"https:\/\/www.ull.es\/portal\/noticias\/category\/destacado\/"},"featured_image_thumbnail_url":"https:\/\/www.ull.es\/portal\/noticias\/wp-content\/uploads\/sites\/13\/2024\/04\/IMG_7084-300x200.jpg","_links":{"self":[{"href":"https:\/\/www.ull.es\/portal\/noticias\/wp-json\/wp\/v2\/posts\/75075"}],"collection":[{"href":"https:\/\/www.ull.es\/portal\/noticias\/wp-json\/wp\/v2\/posts"}],"about":[{"href":"https:\/\/www.ull.es\/portal\/noticias\/wp-json\/wp\/v2\/types\/post"}],"author":[{"embeddable":true,"href":"https:\/\/www.ull.es\/portal\/noticias\/wp-json\/wp\/v2\/users\/65"}],"replies":[{"embeddable":true,"href":"https:\/\/www.ull.es\/portal\/noticias\/wp-json\/wp\/v2\/comments?post=75075"}],"version-history":[{"count":3,"href":"https:\/\/www.ull.es\/portal\/noticias\/wp-json\/wp\/v2\/posts\/75075\/revisions"}],"predecessor-version":[{"id":75081,"href":"https:\/\/www.ull.es\/portal\/noticias\/wp-json\/wp\/v2\/posts\/75075\/revisions\/75081"}],"wp:featuredmedia":[{"embeddable":true,"href":"https:\/\/www.ull.es\/portal\/noticias\/wp-json\/wp\/v2\/media\/75076"}],"wp:attachment":[{"href":"https:\/\/www.ull.es\/portal\/noticias\/wp-json\/wp\/v2\/media?parent=75075"}],"wp:term":[{"taxonomy":"category","embeddable":true,"href":"https:\/\/www.ull.es\/portal\/noticias\/wp-json\/wp\/v2\/categories?post=75075"},{"taxonomy":"post_tag","embeddable":true,"href":"https:\/\/www.ull.es\/portal\/noticias\/wp-json\/wp\/v2\/tags?post=75075"}],"curies":[{"name":"wp","href":"https:\/\/api.w.org\/{rel}","templated":true}]}}