{"id":75082,"date":"2024-04-10T13:12:07","date_gmt":"2024-04-10T13:12:07","guid":{"rendered":"https:\/\/www.ull.es\/portal\/noticias\/?p=75082"},"modified":"2024-04-12T11:03:40","modified_gmt":"2024-04-12T11:03:40","slug":"la-universidad-de-la-laguna-se-acerca-a-los-municipios-con-su-programa-formativo-de-32-cursos-en-14-localidades","status":"publish","type":"post","link":"https:\/\/www.ull.es\/portal\/noticias\/2024\/la-universidad-de-la-laguna-se-acerca-a-los-municipios-con-su-programa-formativo-de-32-cursos-en-14-localidades\/","title":{"rendered":"La Universidad de La Laguna se acerca a los municipios con su programa formativo de 32 cursos en 14 localidades"},"content":{"rendered":"<p>Una de las actividades m\u00e1s consolidadas de la Universidad de La Laguna es su amplio programa de extensi\u00f3n universitaria, en la idea de acercar el conocimiento emanado de la instituci\u00f3n docente a los municipios y territorios alejados del centro acad\u00e9mico. Hoy 10 de abril se han presentado los cursos que se desarrollar\u00e1n en 14 municipios de Tenerife durante 2024 y para los que ya hay un centenar de personas inscritas apenas unos d\u00edas despu\u00e9s de la apertura del plazo de matr\u00edcula.<\/p>\n<p>Los cursos abordan todo tipo de tem\u00e1ticas y responden en su mayor\u00eda a las necesidades formativas detectadas en los propios territorios. No se necesitan requisitos previos y est\u00e1n dirigidos a toda la ciudadan\u00eda. As\u00ed, se adentran en la gesti\u00f3n de las comunidades virtuales, las herramientas colaborativas en l\u00ednea, la gesti\u00f3n de las emociones, los micropl\u00e1sticos, la inteligencia artificial o la ciberseguridad, entre otros muchos asuntos. Adem\u00e1s, este cat\u00e1logo de propuestas, basadas sobre todo en metodolog\u00eda interactiva y participativa, ha ido aumentando con los a\u00f1os, sumando nuevos municipios y m\u00e1s cursos por localidades.<\/p>\n<p><a href=\"https:\/\/www.ull.es\/portal\/noticias\/wp-content\/uploads\/sites\/13\/2024\/04\/Cursos-ayuntamientos-09.jpg\" target=\"_blank\" rel=\"noopener\"><img decoding=\"async\" loading=\"lazy\" class=\"alignleft size-medium wp-image-75086\" src=\"https:\/\/www.ull.es\/portal\/noticias\/wp-content\/uploads\/sites\/13\/2024\/04\/Cursos-ayuntamientos-09-300x200.jpg\" alt=\"\" width=\"300\" height=\"200\" srcset=\"https:\/\/www.ull.es\/portal\/noticias\/wp-content\/uploads\/sites\/13\/2024\/04\/Cursos-ayuntamientos-09-300x200.jpg 300w, https:\/\/www.ull.es\/portal\/noticias\/wp-content\/uploads\/sites\/13\/2024\/04\/Cursos-ayuntamientos-09-768x512.jpg 768w, https:\/\/www.ull.es\/portal\/noticias\/wp-content\/uploads\/sites\/13\/2024\/04\/Cursos-ayuntamientos-09-375x250.jpg 375w, https:\/\/www.ull.es\/portal\/noticias\/wp-content\/uploads\/sites\/13\/2024\/04\/Cursos-ayuntamientos-09-750x500.jpg 750w, https:\/\/www.ull.es\/portal\/noticias\/wp-content\/uploads\/sites\/13\/2024\/04\/Cursos-ayuntamientos-09.jpg 1024w\" sizes=\"(max-width: 300px) 100vw, 300px\" \/><\/a>La vicerrectora de Cultura y Extensi\u00f3n Universitaria, Isabel Le\u00f3n, dio las gracias al colectivo de alcaldes, concejales y t\u00e9cnicos reunidos hoy en la sede del vicerrectorado, por esta complicidad con la Universidad de La Laguna y por su apuesta por la formaci\u00f3n de sus ciudadanos y ciudadanas. Se\u00f1al\u00f3 que la preparaci\u00f3n procura un cambio en las personas y ayuda a mejorar nuestro presente y nuestro futuro. Le\u00f3n sostuvo que el intercambio de ideas con los t\u00e9cnicos municipales resulta siempre muy inspirador, porque acerca a la realidad de los municipios y a conocer mejor sus necesidades.<\/p>\n<p>El alcalde del Puerto de la Cruz, Marcos Gonz\u00e1lez, intervino en representaci\u00f3n de los municiopios para valorar el papel de la universidad en la construcci\u00f3n de la municipalidad. Tambi\u00e9n se\u00f1al\u00f3 la oportunidad de algunos temas que se van a tratar, como la gesti\u00f3n de los residuos o los modelos de gesti\u00f3n de agua de abastecimiento, en plena crisis por la crisis h\u00eddrica. \u201cLa universidad tiene que estar presente en los debates y aportar su conocimiento cient\u00edfico\u201d, asever\u00f3. El edil a\u00f1adi\u00f3 que estos cursos suponen adem\u00e1s un espacio de reflexi\u00f3n y encuentro para una ciudadan\u00eda necesitada de espacios comunes y de m\u00e1s convivencia, dijo.<\/p>\n<p>El rector de la instituci\u00f3n acad\u00e9mica, Francisco Garc\u00eda, insisti\u00f3 en la convicci\u00f3n del propio centro docente de acercarse a la sociedad y aportarle soluciones. \u201cLo venimos haciendo desde hace<a href=\"https:\/\/www.ull.es\/portal\/noticias\/wp-content\/uploads\/sites\/13\/2024\/04\/Cursos-ayuntamientos-17.jpg\" target=\"_blank\" rel=\"noopener\"><img decoding=\"async\" loading=\"lazy\" class=\"alignright size-medium wp-image-75085\" src=\"https:\/\/www.ull.es\/portal\/noticias\/wp-content\/uploads\/sites\/13\/2024\/04\/Cursos-ayuntamientos-17-300x200.jpg\" alt=\"\" width=\"300\" height=\"200\" srcset=\"https:\/\/www.ull.es\/portal\/noticias\/wp-content\/uploads\/sites\/13\/2024\/04\/Cursos-ayuntamientos-17-300x200.jpg 300w, https:\/\/www.ull.es\/portal\/noticias\/wp-content\/uploads\/sites\/13\/2024\/04\/Cursos-ayuntamientos-17-768x512.jpg 768w, https:\/\/www.ull.es\/portal\/noticias\/wp-content\/uploads\/sites\/13\/2024\/04\/Cursos-ayuntamientos-17-375x250.jpg 375w, https:\/\/www.ull.es\/portal\/noticias\/wp-content\/uploads\/sites\/13\/2024\/04\/Cursos-ayuntamientos-17-750x500.jpg 750w, https:\/\/www.ull.es\/portal\/noticias\/wp-content\/uploads\/sites\/13\/2024\/04\/Cursos-ayuntamientos-17.jpg 1024w\" sizes=\"(max-width: 300px) 100vw, 300px\" \/><\/a> muchos a\u00f1os y continuaremos con el mismo ah\u00ednco\u201d, agreg\u00f3. En esta misma l\u00ednea record\u00f3 que el vicerrectorado cuenta adem\u00e1s con programas de cursos en universidades insulares, cursos de verano y otros formatos para ahondar en este tipo de colaboraciones. Tambi\u00e9n resalt\u00f3 la actualidad de las tem\u00e1ticas y la consolidaci\u00f3n de algunas propuestas, como los cursos de narraci\u00f3n oral en Los Silos o los de verseadores en Fasnia, que ya constituyen una tradici\u00f3n en cada localidad.<\/p>\n<p>Francisco Garc\u00eda afirm\u00f3 que la formaci\u00f3n a lo largo de la vida es hoy una cuesti\u00f3n ineludible que cada vez exige m\u00e1s compromiso de las instituciones, como es el caso de la Universidad de La Laguna, al tiempo que agradeci\u00f3 el apoyo a la universidad p\u00fablica.<\/p>\n<p>Toda la informaci\u00f3n sobre los <a href=\"https:\/\/www.ull.es\/cultura\/cursos-extension-universitaria\/cursos-de-ayuntamientos\/\" target=\"_blank\" rel=\"noopener\" target=\"_blank\" rel=\"noopener\">programas de cada curso y la matr\u00edcula<\/a> est\u00e1n disponibles en la web de la Universidad de La Laguna.<\/p>\n","protected":false},"excerpt":{"rendered":"<p>Una de las actividades m\u00e1s consolidadas de la Universidad de La Laguna es su amplio programa de extensi\u00f3n universitaria, en&#8230;<\/p>\n","protected":false},"author":23,"featured_media":75084,"comment_status":"closed","ping_status":"closed","sticky":false,"template":"","format":"standard","meta":{"inline_featured_image":false,"footnotes":""},"categories":[344,345,348,2765],"tags":[],"acf":[],"yoast_head":"<!-- This site is optimized with the Yoast SEO plugin v21.3 - https:\/\/yoast.com\/wordpress\/plugins\/seo\/ -->\n<title>La Universidad de La Laguna se acerca a los municipios con su programa formativo de 32 cursos en 14 localidades - ULL - Noticias<\/title>\n<meta name=\"robots\" content=\"index, follow, max-snippet:-1, max-image-preview:large, max-video-preview:-1\" \/>\n<link rel=\"canonical\" href=\"https:\/\/www.ull.es\/portal\/noticias\/2024\/la-universidad-de-la-laguna-se-acerca-a-los-municipios-con-su-programa-formativo-de-32-cursos-en-14-localidades\/\" \/>\n<meta property=\"og:locale\" content=\"es_ES\" \/>\n<meta property=\"og:type\" content=\"article\" \/>\n<meta property=\"og:title\" content=\"La Universidad de La Laguna se acerca a los municipios con su programa formativo de 32 cursos en 14 localidades - ULL - Noticias\" \/>\n<meta property=\"og:description\" content=\"Una de las actividades m\u00e1s consolidadas de la Universidad de La Laguna es su amplio programa de extensi\u00f3n universitaria, en...\" \/>\n<meta property=\"og:url\" content=\"https:\/\/www.ull.es\/portal\/noticias\/2024\/la-universidad-de-la-laguna-se-acerca-a-los-municipios-con-su-programa-formativo-de-32-cursos-en-14-localidades\/\" \/>\n<meta property=\"og:site_name\" content=\"ULL - Noticias\" \/>\n<meta property=\"article:publisher\" content=\"https:\/\/www.facebook.com\/universidaddelalaguna\/\" \/>\n<meta property=\"article:published_time\" content=\"2024-04-10T13:12:07+00:00\" \/>\n<meta property=\"article:modified_time\" content=\"2024-04-12T11:03:40+00:00\" \/>\n<meta property=\"og:image\" content=\"https:\/\/www.ull.es\/portal\/noticias\/wp-content\/uploads\/sites\/13\/2024\/04\/Cursos-ayuntamientos-19.jpg\" \/>\n\t<meta property=\"og:image:width\" content=\"1024\" \/>\n\t<meta property=\"og:image:height\" content=\"683\" \/>\n\t<meta property=\"og:image:type\" content=\"image\/jpeg\" \/>\n<meta name=\"author\" content=\"gaprsa\" \/>\n<meta name=\"twitter:card\" content=\"summary_large_image\" \/>\n<meta name=\"twitter:creator\" content=\"@CanalULL\" \/>\n<meta name=\"twitter:site\" content=\"@CanalULL\" \/>\n<meta name=\"twitter:label1\" content=\"Escrito por\" \/>\n\t<meta name=\"twitter:data1\" content=\"gaprsa\" \/>\n\t<meta name=\"twitter:label2\" content=\"Tiempo de lectura\" \/>\n\t<meta name=\"twitter:data2\" content=\"3 minutos\" \/>\n<script type=\"application\/ld+json\" class=\"yoast-schema-graph\">{\"@context\":\"https:\/\/schema.org\",\"@graph\":[{\"@type\":\"WebPage\",\"@id\":\"https:\/\/www.ull.es\/portal\/noticias\/2024\/la-universidad-de-la-laguna-se-acerca-a-los-municipios-con-su-programa-formativo-de-32-cursos-en-14-localidades\/\",\"url\":\"https:\/\/www.ull.es\/portal\/noticias\/2024\/la-universidad-de-la-laguna-se-acerca-a-los-municipios-con-su-programa-formativo-de-32-cursos-en-14-localidades\/\",\"name\":\"La Universidad de La Laguna se acerca a los municipios con su programa formativo de 32 cursos en 14 localidades - ULL - Noticias\",\"isPartOf\":{\"@id\":\"https:\/\/www.ull.es\/portal\/noticias\/#website\"},\"datePublished\":\"2024-04-10T13:12:07+00:00\",\"dateModified\":\"2024-04-12T11:03:40+00:00\",\"author\":{\"@id\":\"https:\/\/www.ull.es\/portal\/noticias\/#\/schema\/person\/b2b1a89d43ffa609e591f7df8ef3e817\"},\"breadcrumb\":{\"@id\":\"https:\/\/www.ull.es\/portal\/noticias\/2024\/la-universidad-de-la-laguna-se-acerca-a-los-municipios-con-su-programa-formativo-de-32-cursos-en-14-localidades\/#breadcrumb\"},\"inLanguage\":\"es\",\"potentialAction\":[{\"@type\":\"ReadAction\",\"target\":[\"https:\/\/www.ull.es\/portal\/noticias\/2024\/la-universidad-de-la-laguna-se-acerca-a-los-municipios-con-su-programa-formativo-de-32-cursos-en-14-localidades\/\"]}]},{\"@type\":\"BreadcrumbList\",\"@id\":\"https:\/\/www.ull.es\/portal\/noticias\/2024\/la-universidad-de-la-laguna-se-acerca-a-los-municipios-con-su-programa-formativo-de-32-cursos-en-14-localidades\/#breadcrumb\",\"itemListElement\":[{\"@type\":\"ListItem\",\"position\":1,\"name\":\"Portada\",\"item\":\"https:\/\/www.ull.es\/portal\/noticias\/\"},{\"@type\":\"ListItem\",\"position\":2,\"name\":\"La Universidad de La Laguna se acerca a los municipios con su programa formativo de 32 cursos en 14 localidades\"}]},{\"@type\":\"WebSite\",\"@id\":\"https:\/\/www.ull.es\/portal\/noticias\/#website\",\"url\":\"https:\/\/www.ull.es\/portal\/noticias\/\",\"name\":\"ULL - Noticias\",\"description\":\"\",\"potentialAction\":[{\"@type\":\"SearchAction\",\"target\":{\"@type\":\"EntryPoint\",\"urlTemplate\":\"https:\/\/www.ull.es\/portal\/noticias\/?s={search_term_string}\"},\"query-input\":\"required name=search_term_string\"}],\"inLanguage\":\"es\"},{\"@type\":\"Person\",\"@id\":\"https:\/\/www.ull.es\/portal\/noticias\/#\/schema\/person\/b2b1a89d43ffa609e591f7df8ef3e817\",\"name\":\"gaprsa\",\"image\":{\"@type\":\"ImageObject\",\"inLanguage\":\"es\",\"@id\":\"https:\/\/www.ull.es\/portal\/noticias\/#\/schema\/person\/image\/\",\"url\":\"https:\/\/secure.gravatar.com\/avatar\/443820550921091458b4823867723b3d?s=96&d=mm&r=g\",\"contentUrl\":\"https:\/\/secure.gravatar.com\/avatar\/443820550921091458b4823867723b3d?s=96&d=mm&r=g\",\"caption\":\"gaprsa\"},\"url\":\"https:\/\/www.ull.es\/portal\/noticias\/author\/gaprsa\/\"}]}<\/script>\n<!-- \/ Yoast SEO plugin. -->","yoast_head_json":{"title":"La Universidad de La Laguna se acerca a los municipios con su programa formativo de 32 cursos en 14 localidades - ULL - Noticias","robots":{"index":"index","follow":"follow","max-snippet":"max-snippet:-1","max-image-preview":"max-image-preview:large","max-video-preview":"max-video-preview:-1"},"canonical":"https:\/\/www.ull.es\/portal\/noticias\/2024\/la-universidad-de-la-laguna-se-acerca-a-los-municipios-con-su-programa-formativo-de-32-cursos-en-14-localidades\/","og_locale":"es_ES","og_type":"article","og_title":"La Universidad de La Laguna se acerca a los municipios con su programa formativo de 32 cursos en 14 localidades - ULL - Noticias","og_description":"Una de las actividades m\u00e1s consolidadas de la Universidad de La Laguna es su amplio programa de extensi\u00f3n universitaria, en...","og_url":"https:\/\/www.ull.es\/portal\/noticias\/2024\/la-universidad-de-la-laguna-se-acerca-a-los-municipios-con-su-programa-formativo-de-32-cursos-en-14-localidades\/","og_site_name":"ULL - Noticias","article_publisher":"https:\/\/www.facebook.com\/universidaddelalaguna\/","article_published_time":"2024-04-10T13:12:07+00:00","article_modified_time":"2024-04-12T11:03:40+00:00","og_image":[{"width":1024,"height":683,"url":"https:\/\/www.ull.es\/portal\/noticias\/wp-content\/uploads\/sites\/13\/2024\/04\/Cursos-ayuntamientos-19.jpg","type":"image\/jpeg"}],"author":"gaprsa","twitter_card":"summary_large_image","twitter_creator":"@CanalULL","twitter_site":"@CanalULL","twitter_misc":{"Escrito por":"gaprsa","Tiempo de lectura":"3 minutos"},"schema":{"@context":"https:\/\/schema.org","@graph":[{"@type":"WebPage","@id":"https:\/\/www.ull.es\/portal\/noticias\/2024\/la-universidad-de-la-laguna-se-acerca-a-los-municipios-con-su-programa-formativo-de-32-cursos-en-14-localidades\/","url":"https:\/\/www.ull.es\/portal\/noticias\/2024\/la-universidad-de-la-laguna-se-acerca-a-los-municipios-con-su-programa-formativo-de-32-cursos-en-14-localidades\/","name":"La Universidad de La Laguna se acerca a los municipios con su programa formativo de 32 cursos en 14 localidades - ULL - Noticias","isPartOf":{"@id":"https:\/\/www.ull.es\/portal\/noticias\/#website"},"datePublished":"2024-04-10T13:12:07+00:00","dateModified":"2024-04-12T11:03:40+00:00","author":{"@id":"https:\/\/www.ull.es\/portal\/noticias\/#\/schema\/person\/b2b1a89d43ffa609e591f7df8ef3e817"},"breadcrumb":{"@id":"https:\/\/www.ull.es\/portal\/noticias\/2024\/la-universidad-de-la-laguna-se-acerca-a-los-municipios-con-su-programa-formativo-de-32-cursos-en-14-localidades\/#breadcrumb"},"inLanguage":"es","potentialAction":[{"@type":"ReadAction","target":["https:\/\/www.ull.es\/portal\/noticias\/2024\/la-universidad-de-la-laguna-se-acerca-a-los-municipios-con-su-programa-formativo-de-32-cursos-en-14-localidades\/"]}]},{"@type":"BreadcrumbList","@id":"https:\/\/www.ull.es\/portal\/noticias\/2024\/la-universidad-de-la-laguna-se-acerca-a-los-municipios-con-su-programa-formativo-de-32-cursos-en-14-localidades\/#breadcrumb","itemListElement":[{"@type":"ListItem","position":1,"name":"Portada","item":"https:\/\/www.ull.es\/portal\/noticias\/"},{"@type":"ListItem","position":2,"name":"La Universidad de La Laguna se acerca a los municipios con su programa formativo de 32 cursos en 14 localidades"}]},{"@type":"WebSite","@id":"https:\/\/www.ull.es\/portal\/noticias\/#website","url":"https:\/\/www.ull.es\/portal\/noticias\/","name":"ULL - Noticias","description":"","potentialAction":[{"@type":"SearchAction","target":{"@type":"EntryPoint","urlTemplate":"https:\/\/www.ull.es\/portal\/noticias\/?s={search_term_string}"},"query-input":"required name=search_term_string"}],"inLanguage":"es"},{"@type":"Person","@id":"https:\/\/www.ull.es\/portal\/noticias\/#\/schema\/person\/b2b1a89d43ffa609e591f7df8ef3e817","name":"gaprsa","image":{"@type":"ImageObject","inLanguage":"es","@id":"https:\/\/www.ull.es\/portal\/noticias\/#\/schema\/person\/image\/","url":"https:\/\/secure.gravatar.com\/avatar\/443820550921091458b4823867723b3d?s=96&d=mm&r=g","contentUrl":"https:\/\/secure.gravatar.com\/avatar\/443820550921091458b4823867723b3d?s=96&d=mm&r=g","caption":"gaprsa"},"url":"https:\/\/www.ull.es\/portal\/noticias\/author\/gaprsa\/"}]}},"primary_category":{"id":345,"name":"Destacado","slug":"destacado","link":"https:\/\/www.ull.es\/portal\/noticias\/category\/destacado\/"},"featured_image_thumbnail_url":"https:\/\/www.ull.es\/portal\/noticias\/wp-content\/uploads\/sites\/13\/2024\/04\/Cursos-ayuntamientos-19-300x200.jpg","_links":{"self":[{"href":"https:\/\/www.ull.es\/portal\/noticias\/wp-json\/wp\/v2\/posts\/75082"}],"collection":[{"href":"https:\/\/www.ull.es\/portal\/noticias\/wp-json\/wp\/v2\/posts"}],"about":[{"href":"https:\/\/www.ull.es\/portal\/noticias\/wp-json\/wp\/v2\/types\/post"}],"author":[{"embeddable":true,"href":"https:\/\/www.ull.es\/portal\/noticias\/wp-json\/wp\/v2\/users\/23"}],"replies":[{"embeddable":true,"href":"https:\/\/www.ull.es\/portal\/noticias\/wp-json\/wp\/v2\/comments?post=75082"}],"version-history":[{"count":5,"href":"https:\/\/www.ull.es\/portal\/noticias\/wp-json\/wp\/v2\/posts\/75082\/revisions"}],"predecessor-version":[{"id":75126,"href":"https:\/\/www.ull.es\/portal\/noticias\/wp-json\/wp\/v2\/posts\/75082\/revisions\/75126"}],"wp:featuredmedia":[{"embeddable":true,"href":"https:\/\/www.ull.es\/portal\/noticias\/wp-json\/wp\/v2\/media\/75084"}],"wp:attachment":[{"href":"https:\/\/www.ull.es\/portal\/noticias\/wp-json\/wp\/v2\/media?parent=75082"}],"wp:term":[{"taxonomy":"category","embeddable":true,"href":"https:\/\/www.ull.es\/portal\/noticias\/wp-json\/wp\/v2\/categories?post=75082"},{"taxonomy":"post_tag","embeddable":true,"href":"https:\/\/www.ull.es\/portal\/noticias\/wp-json\/wp\/v2\/tags?post=75082"}],"curies":[{"name":"wp","href":"https:\/\/api.w.org\/{rel}","templated":true}]}}