{"id":75116,"date":"2024-04-11T14:20:05","date_gmt":"2024-04-11T14:20:05","guid":{"rendered":"https:\/\/www.ull.es\/portal\/noticias\/?p=75116"},"modified":"2024-04-11T14:20:05","modified_gmt":"2024-04-11T14:20:05","slug":"xix-congreso-estudiantes-quimica","status":"publish","type":"post","link":"https:\/\/www.ull.es\/portal\/noticias\/2024\/xix-congreso-estudiantes-quimica\/","title":{"rendered":"M\u00e1s de un centenar de personas ha participado en el XIX Congreso de Estudiantes de la Secci\u00f3n de Qu\u00edmica"},"content":{"rendered":"<p>La Secci\u00f3n de Qu\u00edmica de la Facultad de Ciencias de la Universidad de La Laguna ha celebrado entre el 9 y hoy, 11 de abril, la d\u00e9cimo novena edici\u00f3n de su congreso anual de estudiantes, que este a\u00f1o ha estado dedicado a la \u201cQu\u00edmica del Universo\u201d. En esta nueva cita ha habido 103 personas inscritas y se presentaron 49 comunicaciones en formato poster, otras 15 de car\u00e1cter oral y dos videos divulgativos, con el fin de fomentar las vocaciones cient\u00edficas ya durante los primeros a\u00f1os de formaci\u00f3n superior.<\/p>\n<div id=\"attachment_75118\" style=\"width: 310px\" class=\"wp-caption alignleft\"><a href=\"https:\/\/www.ull.es\/portal\/noticias\/wp-content\/uploads\/sites\/13\/2024\/04\/Congr-Estud-Quimica-02.jpg\" target=\"_blank\" rel=\"noopener\"><img aria-describedby=\"caption-attachment-75118\" decoding=\"async\" loading=\"lazy\" class=\"size-medium wp-image-75118\" src=\"https:\/\/www.ull.es\/portal\/noticias\/wp-content\/uploads\/sites\/13\/2024\/04\/Congr-Estud-Quimica-02-300x200.jpg\" alt=\"Exposici\u00f3n de p\u00f3steres.\" width=\"300\" height=\"200\" srcset=\"https:\/\/www.ull.es\/portal\/noticias\/wp-content\/uploads\/sites\/13\/2024\/04\/Congr-Estud-Quimica-02-300x200.jpg 300w, https:\/\/www.ull.es\/portal\/noticias\/wp-content\/uploads\/sites\/13\/2024\/04\/Congr-Estud-Quimica-02-768x512.jpg 768w, https:\/\/www.ull.es\/portal\/noticias\/wp-content\/uploads\/sites\/13\/2024\/04\/Congr-Estud-Quimica-02-375x250.jpg 375w, https:\/\/www.ull.es\/portal\/noticias\/wp-content\/uploads\/sites\/13\/2024\/04\/Congr-Estud-Quimica-02-750x500.jpg 750w, https:\/\/www.ull.es\/portal\/noticias\/wp-content\/uploads\/sites\/13\/2024\/04\/Congr-Estud-Quimica-02.jpg 1024w\" sizes=\"(max-width: 300px) 100vw, 300px\" \/><\/a><p id=\"caption-attachment-75118\" class=\"wp-caption-text\">Exposici\u00f3n de p\u00f3steres.<\/p><\/div>\n<p>La conferencia inaugural, \u201cQu\u00edmica m\u00e1s all\u00e1 de la capa de valencia\u201d, corri\u00f3 a cargo de Javier Garc\u00eda Mart\u00ednez, catedr\u00e1tico de qu\u00edmica inorg\u00e1nica y director del Laboratorio de Nanotecnolog\u00eda Molecular de la Universidad de Alicante (UA), donde ha desarrollado una extensa labor docente e investigadora en nanomateriales y en su aplicaci\u00f3n en el sector energ\u00e9tico. Y ganador el a\u00f1o pasado del Premio Nacional de Investigaci\u00f3n \u00abJuan de la Cierva\u00bb en el \u00e1rea de Transferencia del Conocimiento que concede el Ministerio de Ciencia e Innovaci\u00f3n.<\/p>\n<p>Adem\u00e1s, tambi\u00e9n ha habido varias conferencias plenarias durante los tres d\u00edas de duraci\u00f3n del evento, a cargo de Arianna Di Cintio, directora acad\u00e9mica del Master en Astrof\u00edsica de la Universidad de La Laguna; Jorge Garc\u00eda Rojas, investigador avanzado Severo Ochoa en el Instituto de Astrof\u00edsica de Canarias; Ana Raquel D\u00edaz Marrero, cient\u00edfica titular en el Instituto de Productos Naturales y Agrobiolog\u00eda del CSIC; y M\u00f3nica Gonz\u00e1lez Delgado, del Departamento de Did\u00e1ctica e Investigaci\u00f3n Educativa en la Universidad de La Laguna.<\/p>\n<div id=\"attachment_75119\" style=\"width: 310px\" class=\"wp-caption alignright\"><a href=\"https:\/\/www.ull.es\/portal\/noticias\/wp-content\/uploads\/sites\/13\/2024\/04\/Congr-Estud-Quimica-22.jpg\" target=\"_blank\" rel=\"noopener\" target=\"_blank\" rel=\"noopener\"><img aria-describedby=\"caption-attachment-75119\" decoding=\"async\" loading=\"lazy\" class=\"wp-image-75119 size-medium\" src=\"https:\/\/www.ull.es\/portal\/noticias\/wp-content\/uploads\/sites\/13\/2024\/04\/Congr-Estud-Quimica-22-300x200.jpg\" alt=\"Javier Garc\u00eda Mart\u00ednez, ponente inaugural.\" width=\"300\" height=\"200\" srcset=\"https:\/\/www.ull.es\/portal\/noticias\/wp-content\/uploads\/sites\/13\/2024\/04\/Congr-Estud-Quimica-22-300x200.jpg 300w, https:\/\/www.ull.es\/portal\/noticias\/wp-content\/uploads\/sites\/13\/2024\/04\/Congr-Estud-Quimica-22-768x512.jpg 768w, https:\/\/www.ull.es\/portal\/noticias\/wp-content\/uploads\/sites\/13\/2024\/04\/Congr-Estud-Quimica-22-375x250.jpg 375w, https:\/\/www.ull.es\/portal\/noticias\/wp-content\/uploads\/sites\/13\/2024\/04\/Congr-Estud-Quimica-22-750x500.jpg 750w, https:\/\/www.ull.es\/portal\/noticias\/wp-content\/uploads\/sites\/13\/2024\/04\/Congr-Estud-Quimica-22.jpg 1024w\" sizes=\"(max-width: 300px) 100vw, 300px\" \/><\/a><p id=\"caption-attachment-75119\" class=\"wp-caption-text\">Javier Garc\u00eda Mart\u00ednez, ponente inaugural.<\/p><\/div>\n<p>Otra de las actividades programadas fue la mesa redonda sobre inteligencia artificia que tambi\u00e9n cont\u00f3 con la participaci\u00f3n de los docentes de la Universidad de La Laguna Bel\u00e9n Meli\u00e1n Batista, Juan Albino M\u00e9ndez y Eduardo Manuel Segredo.<\/p>\n","protected":false},"excerpt":{"rendered":"<p>La Secci\u00f3n de Qu\u00edmica de la Facultad de Ciencias de la Universidad de La Laguna ha celebrado entre el 9&#8230;<\/p>\n","protected":false},"author":21,"featured_media":75117,"comment_status":"closed","ping_status":"closed","sticky":false,"template":"","format":"standard","meta":{"inline_featured_image":false,"footnotes":""},"categories":[345,3924,348,2765],"tags":[481,10802,3569,8513,8362,10851,10850,6549,10852,2347],"acf":[],"yoast_head":"<!-- This site is optimized with the Yoast SEO plugin v21.3 - https:\/\/yoast.com\/wordpress\/plugins\/seo\/ -->\n<title>Finaliza el XIX Congreso de Estudiantes de Qu\u00edmica<\/title>\n<meta name=\"description\" content=\"Celebrado entre el 9 y el 11 de abril, ha congregado 103 inscritos y ha contado con un prestigioso plantel de ponentes invitados.\" \/>\n<meta name=\"robots\" content=\"index, follow, max-snippet:-1, max-image-preview:large, max-video-preview:-1\" \/>\n<link rel=\"canonical\" href=\"https:\/\/www.ull.es\/portal\/noticias\/2024\/xix-congreso-estudiantes-quimica\/\" \/>\n<meta property=\"og:locale\" content=\"es_ES\" \/>\n<meta property=\"og:type\" content=\"article\" \/>\n<meta property=\"og:title\" content=\"Finaliza el XIX Congreso de Estudiantes de Qu\u00edmica\" \/>\n<meta property=\"og:description\" content=\"Celebrado entre el 9 y el 11 de abril, ha congregado 103 inscritos y ha contado con un prestigioso plantel de ponentes invitados.\" \/>\n<meta property=\"og:url\" content=\"https:\/\/www.ull.es\/portal\/noticias\/2024\/xix-congreso-estudiantes-quimica\/\" \/>\n<meta property=\"og:site_name\" content=\"ULL - Noticias\" \/>\n<meta property=\"article:publisher\" content=\"https:\/\/www.facebook.com\/universidaddelalaguna\/\" \/>\n<meta property=\"article:published_time\" content=\"2024-04-11T14:20:05+00:00\" \/>\n<meta property=\"og:image\" content=\"https:\/\/www.ull.es\/portal\/noticias\/wp-content\/uploads\/sites\/13\/2024\/04\/Congr-Estud-Quimica-03.jpg\" \/>\n\t<meta property=\"og:image:width\" content=\"1024\" \/>\n\t<meta property=\"og:image:height\" content=\"683\" \/>\n\t<meta property=\"og:image:type\" content=\"image\/jpeg\" \/>\n<meta name=\"author\" content=\"prensa2\" \/>\n<meta name=\"twitter:card\" content=\"summary_large_image\" \/>\n<meta name=\"twitter:creator\" content=\"@CanalULL\" \/>\n<meta name=\"twitter:site\" content=\"@CanalULL\" \/>\n<meta name=\"twitter:label1\" content=\"Escrito por\" \/>\n\t<meta name=\"twitter:data1\" content=\"prensa2\" \/>\n\t<meta name=\"twitter:label2\" content=\"Tiempo de lectura\" \/>\n\t<meta name=\"twitter:data2\" content=\"2 minutos\" \/>\n<script type=\"application\/ld+json\" class=\"yoast-schema-graph\">{\"@context\":\"https:\/\/schema.org\",\"@graph\":[{\"@type\":\"WebPage\",\"@id\":\"https:\/\/www.ull.es\/portal\/noticias\/2024\/xix-congreso-estudiantes-quimica\/\",\"url\":\"https:\/\/www.ull.es\/portal\/noticias\/2024\/xix-congreso-estudiantes-quimica\/\",\"name\":\"Finaliza el XIX Congreso de Estudiantes de Qu\u00edmica\",\"isPartOf\":{\"@id\":\"https:\/\/www.ull.es\/portal\/noticias\/#website\"},\"datePublished\":\"2024-04-11T14:20:05+00:00\",\"dateModified\":\"2024-04-11T14:20:05+00:00\",\"author\":{\"@id\":\"https:\/\/www.ull.es\/portal\/noticias\/#\/schema\/person\/c3b2aa857797592927a03740d6664376\"},\"description\":\"Celebrado entre el 9 y el 11 de abril, ha congregado 103 inscritos y ha contado con un prestigioso plantel de ponentes invitados.\",\"breadcrumb\":{\"@id\":\"https:\/\/www.ull.es\/portal\/noticias\/2024\/xix-congreso-estudiantes-quimica\/#breadcrumb\"},\"inLanguage\":\"es\",\"potentialAction\":[{\"@type\":\"ReadAction\",\"target\":[\"https:\/\/www.ull.es\/portal\/noticias\/2024\/xix-congreso-estudiantes-quimica\/\"]}]},{\"@type\":\"BreadcrumbList\",\"@id\":\"https:\/\/www.ull.es\/portal\/noticias\/2024\/xix-congreso-estudiantes-quimica\/#breadcrumb\",\"itemListElement\":[{\"@type\":\"ListItem\",\"position\":1,\"name\":\"Portada\",\"item\":\"https:\/\/www.ull.es\/portal\/noticias\/\"},{\"@type\":\"ListItem\",\"position\":2,\"name\":\"M\u00e1s de un centenar de personas ha participado en el XIX Congreso de Estudiantes de la Secci\u00f3n de Qu\u00edmica\"}]},{\"@type\":\"WebSite\",\"@id\":\"https:\/\/www.ull.es\/portal\/noticias\/#website\",\"url\":\"https:\/\/www.ull.es\/portal\/noticias\/\",\"name\":\"ULL - Noticias\",\"description\":\"\",\"potentialAction\":[{\"@type\":\"SearchAction\",\"target\":{\"@type\":\"EntryPoint\",\"urlTemplate\":\"https:\/\/www.ull.es\/portal\/noticias\/?s={search_term_string}\"},\"query-input\":\"required name=search_term_string\"}],\"inLanguage\":\"es\"},{\"@type\":\"Person\",\"@id\":\"https:\/\/www.ull.es\/portal\/noticias\/#\/schema\/person\/c3b2aa857797592927a03740d6664376\",\"name\":\"prensa2\",\"image\":{\"@type\":\"ImageObject\",\"inLanguage\":\"es\",\"@id\":\"https:\/\/www.ull.es\/portal\/noticias\/#\/schema\/person\/image\/\",\"url\":\"https:\/\/secure.gravatar.com\/avatar\/b58f310a5de5feb33d1e026d2493f23c?s=96&d=mm&r=g\",\"contentUrl\":\"https:\/\/secure.gravatar.com\/avatar\/b58f310a5de5feb33d1e026d2493f23c?s=96&d=mm&r=g\",\"caption\":\"prensa2\"},\"url\":\"https:\/\/www.ull.es\/portal\/noticias\/author\/prensa2\/\"}]}<\/script>\n<!-- \/ Yoast SEO plugin. -->","yoast_head_json":{"title":"Finaliza el XIX Congreso de Estudiantes de Qu\u00edmica","description":"Celebrado entre el 9 y el 11 de abril, ha congregado 103 inscritos y ha contado con un prestigioso plantel de ponentes invitados.","robots":{"index":"index","follow":"follow","max-snippet":"max-snippet:-1","max-image-preview":"max-image-preview:large","max-video-preview":"max-video-preview:-1"},"canonical":"https:\/\/www.ull.es\/portal\/noticias\/2024\/xix-congreso-estudiantes-quimica\/","og_locale":"es_ES","og_type":"article","og_title":"Finaliza el XIX Congreso de Estudiantes de Qu\u00edmica","og_description":"Celebrado entre el 9 y el 11 de abril, ha congregado 103 inscritos y ha contado con un prestigioso plantel de ponentes invitados.","og_url":"https:\/\/www.ull.es\/portal\/noticias\/2024\/xix-congreso-estudiantes-quimica\/","og_site_name":"ULL - Noticias","article_publisher":"https:\/\/www.facebook.com\/universidaddelalaguna\/","article_published_time":"2024-04-11T14:20:05+00:00","og_image":[{"width":1024,"height":683,"url":"https:\/\/www.ull.es\/portal\/noticias\/wp-content\/uploads\/sites\/13\/2024\/04\/Congr-Estud-Quimica-03.jpg","type":"image\/jpeg"}],"author":"prensa2","twitter_card":"summary_large_image","twitter_creator":"@CanalULL","twitter_site":"@CanalULL","twitter_misc":{"Escrito por":"prensa2","Tiempo de lectura":"2 minutos"},"schema":{"@context":"https:\/\/schema.org","@graph":[{"@type":"WebPage","@id":"https:\/\/www.ull.es\/portal\/noticias\/2024\/xix-congreso-estudiantes-quimica\/","url":"https:\/\/www.ull.es\/portal\/noticias\/2024\/xix-congreso-estudiantes-quimica\/","name":"Finaliza el XIX Congreso de Estudiantes de Qu\u00edmica","isPartOf":{"@id":"https:\/\/www.ull.es\/portal\/noticias\/#website"},"datePublished":"2024-04-11T14:20:05+00:00","dateModified":"2024-04-11T14:20:05+00:00","author":{"@id":"https:\/\/www.ull.es\/portal\/noticias\/#\/schema\/person\/c3b2aa857797592927a03740d6664376"},"description":"Celebrado entre el 9 y el 11 de abril, ha congregado 103 inscritos y ha contado con un prestigioso plantel de ponentes invitados.","breadcrumb":{"@id":"https:\/\/www.ull.es\/portal\/noticias\/2024\/xix-congreso-estudiantes-quimica\/#breadcrumb"},"inLanguage":"es","potentialAction":[{"@type":"ReadAction","target":["https:\/\/www.ull.es\/portal\/noticias\/2024\/xix-congreso-estudiantes-quimica\/"]}]},{"@type":"BreadcrumbList","@id":"https:\/\/www.ull.es\/portal\/noticias\/2024\/xix-congreso-estudiantes-quimica\/#breadcrumb","itemListElement":[{"@type":"ListItem","position":1,"name":"Portada","item":"https:\/\/www.ull.es\/portal\/noticias\/"},{"@type":"ListItem","position":2,"name":"M\u00e1s de un centenar de personas ha participado en el XIX Congreso de Estudiantes de la Secci\u00f3n de Qu\u00edmica"}]},{"@type":"WebSite","@id":"https:\/\/www.ull.es\/portal\/noticias\/#website","url":"https:\/\/www.ull.es\/portal\/noticias\/","name":"ULL - Noticias","description":"","potentialAction":[{"@type":"SearchAction","target":{"@type":"EntryPoint","urlTemplate":"https:\/\/www.ull.es\/portal\/noticias\/?s={search_term_string}"},"query-input":"required name=search_term_string"}],"inLanguage":"es"},{"@type":"Person","@id":"https:\/\/www.ull.es\/portal\/noticias\/#\/schema\/person\/c3b2aa857797592927a03740d6664376","name":"prensa2","image":{"@type":"ImageObject","inLanguage":"es","@id":"https:\/\/www.ull.es\/portal\/noticias\/#\/schema\/person\/image\/","url":"https:\/\/secure.gravatar.com\/avatar\/b58f310a5de5feb33d1e026d2493f23c?s=96&d=mm&r=g","contentUrl":"https:\/\/secure.gravatar.com\/avatar\/b58f310a5de5feb33d1e026d2493f23c?s=96&d=mm&r=g","caption":"prensa2"},"url":"https:\/\/www.ull.es\/portal\/noticias\/author\/prensa2\/"}]}},"primary_category":{"id":345,"name":"Destacado","slug":"destacado","link":"https:\/\/www.ull.es\/portal\/noticias\/category\/destacado\/"},"featured_image_thumbnail_url":"https:\/\/www.ull.es\/portal\/noticias\/wp-content\/uploads\/sites\/13\/2024\/04\/Congr-Estud-Quimica-03-300x200.jpg","_links":{"self":[{"href":"https:\/\/www.ull.es\/portal\/noticias\/wp-json\/wp\/v2\/posts\/75116"}],"collection":[{"href":"https:\/\/www.ull.es\/portal\/noticias\/wp-json\/wp\/v2\/posts"}],"about":[{"href":"https:\/\/www.ull.es\/portal\/noticias\/wp-json\/wp\/v2\/types\/post"}],"author":[{"embeddable":true,"href":"https:\/\/www.ull.es\/portal\/noticias\/wp-json\/wp\/v2\/users\/21"}],"replies":[{"embeddable":true,"href":"https:\/\/www.ull.es\/portal\/noticias\/wp-json\/wp\/v2\/comments?post=75116"}],"version-history":[{"count":1,"href":"https:\/\/www.ull.es\/portal\/noticias\/wp-json\/wp\/v2\/posts\/75116\/revisions"}],"predecessor-version":[{"id":75120,"href":"https:\/\/www.ull.es\/portal\/noticias\/wp-json\/wp\/v2\/posts\/75116\/revisions\/75120"}],"wp:featuredmedia":[{"embeddable":true,"href":"https:\/\/www.ull.es\/portal\/noticias\/wp-json\/wp\/v2\/media\/75117"}],"wp:attachment":[{"href":"https:\/\/www.ull.es\/portal\/noticias\/wp-json\/wp\/v2\/media?parent=75116"}],"wp:term":[{"taxonomy":"category","embeddable":true,"href":"https:\/\/www.ull.es\/portal\/noticias\/wp-json\/wp\/v2\/categories?post=75116"},{"taxonomy":"post_tag","embeddable":true,"href":"https:\/\/www.ull.es\/portal\/noticias\/wp-json\/wp\/v2\/tags?post=75116"}],"curies":[{"name":"wp","href":"https:\/\/api.w.org\/{rel}","templated":true}]}}