{"id":75132,"date":"2024-04-15T09:11:31","date_gmt":"2024-04-15T09:11:31","guid":{"rendered":"https:\/\/www.ull.es\/portal\/noticias\/?p=75132"},"modified":"2024-04-15T09:11:31","modified_gmt":"2024-04-15T09:11:31","slug":"ull-ulpgc-adeje-y-san-bartolome-de-tirajana-trabajan-conjuntamente-para-coordinar-sus-universidades-de-verano","status":"publish","type":"post","link":"https:\/\/www.ull.es\/portal\/noticias\/2024\/ull-ulpgc-adeje-y-san-bartolome-de-tirajana-trabajan-conjuntamente-para-coordinar-sus-universidades-de-verano\/","title":{"rendered":"ULL, ULPGC, Adeje y San Bartolom\u00e9 de Tirajana trabajan conjuntamente para coordinar sus universidades de verano"},"content":{"rendered":"<p>Las dos instituciones de educaci\u00f3n superior p\u00fablicas de Canarias mantienen desde hace m\u00e1s de tres d\u00e9cadas sendos programas de cursos y seminarios veraniegos organizados en colaboraci\u00f3n con los ayuntamientos de Adeje, en el caso de la Universidad de La Laguna, y San Bartolom\u00e9 de Tirajana, en el de la Universidad de Las Palmas de Gran Canaria. Hasta el momento, ambas convocatorias han sido organizadas de manera independiente, pero ahora ambos centros acad\u00e9micos, con el acuerdo de las corporaciones municipales implicadas, buscan f\u00f3rmulas para coordinar ambos programas de modo que puedan compartir algunas actividades y recursos.<\/p>\n<p>Por ese motivo, el Ayuntamiento de San Bartolom\u00e9 de Tirajana acogi\u00f3 ayer, jueves 11 de abril en el Centro Cultural de Maspalomas, una primera reuni\u00f3n de trabajo liderada por el Vicerrectorado de Cultura y Extensi\u00f3n Universitaria de la Universidad de La Laguna y el Vicerrectorado de Cultura, Deporte y Activaci\u00f3n Social de los Campus de la Universidad de Las Palmas de Gran Canaria, a la que tambi\u00e9n asisti\u00f3 el equipo del Ayuntamiento de Adeje, para concretar esa coordinaci\u00f3n entre universidades de verano, con vistas a que ya desde las ediciones de este mismo a\u00f1os se pueda concretar esta colaboraci\u00f3n.<\/p>\n<p>Esta primera reuni\u00f3n ha servido para establecer un contacto inicial, intercambiar informaci\u00f3n entre ambas ofertas y establecer las posibles l\u00edneas de colaboraci\u00f3n conjunta. Uno de los objetivos perseguidos es propiciar un modelo de sostenibilidad organizativa y racionalizar algunas de las inversiones necesarias que puedan optimizar una oferta com\u00fan de ponentes o participantes de reconocido prestigio y enriquecer as\u00ed ambos programas, con especial \u00e9nfasis en los actos inaugurales o de clausura.<\/p>\n<p>La reuni\u00f3n evidenci\u00f3 la voluntad de las dos universidades y los dos ayuntamientos de encontrar v\u00edas para consolidar una colaboraci\u00f3n que, incluso, pueda llegar m\u00e1s all\u00e1 de las Universidades de Verano de Maspalomas y de Adeje, siempre con el objetivo de incrementar las posibilidades de formaci\u00f3n integral y abordar los problemas y necesidades de la ciudadan\u00eda.<\/p>\n<p>Por lo pronto, esta colaboraci\u00f3n que deber\u00e1 concretarse en pr\u00f3ximas reuniones busca establecer una alianza estable que permita a ambos programas de cursos estivales llegar a muchas m\u00e1s personas, en favor de su formaci\u00f3n continua y su crecimiento cultural, sin requisitos de acceso ni condici\u00f3n alguna.<\/p>\n<p>A la reuni\u00f3n de ayer actuaron como anfitriones Marco Aurelio P\u00e9rez S\u00e1nchez, alcalde-presidente del Ayuntamiento de San Bartolom\u00e9 de Tirajana; la segunda teniente alcalde y concejala de Cultura, Presidencia, Recursos Humanos y Juventud del ayuntamiento grancanario, Elena \u00c1lamo; el director de la Universidad de Verano de Maspalomas, Guillermo Morales Matos; y el vicerrector de Cultura, Deporte y Activaci\u00f3n Social de los Campus de la Universidad de Las Palmas de Gran Canaria, Jos\u00e9 Miguel \u00c1lamo.<\/p>\n<p>La delegaci\u00f3n tinerfe\u00f1a estuvo integrada por el teniente-alcalde y concejal del \u00c1rea de Cultura, Deportes y Educaci\u00f3n del Ayuntamiento de Adeje, Adolfo Alonso Ferrera, que actu\u00f3 en representaci\u00f3n de su alcalde, Jos\u00e9 Miguel Rodr\u00edguez Fraga; la concejala de Educaci\u00f3n y Escuela Infantil, Coraima Afonso Navarro, y la responsable de la Coordinaci\u00f3n T\u00e9cnica del \u00e1rea Educaci\u00f3n, Alicia Rodr\u00edguez Alonso, ambas del ayuntamiento de Adeje; y la vicerrectora de Cultura y Extensi\u00f3n Universitaria de la Universidad de La Laguna, a Isabel K. Le\u00f3n P\u00e9rez.<\/p>\n<p><strong>Colaboraci\u00f3n institucional<\/strong><\/p>\n<p>Esta reuni\u00f3n de trabajo es fruto del clima de colaboraci\u00f3n y buen entendimiento que, desde hace ya varios cursos, se ha establecido entre la Universidad de La Laguna y la Universidad de Las Palmas de Gran Canaria. En una reuni\u00f3n celebrada el 23 de junio de 2023 en el centro tinerfe\u00f1o, presidida por los rectores Francisco Garc\u00eda y Llu\u00eds Serra, ya ambos equipos de gobierno expresaron su voluntad de fortalecer la acci\u00f3n conjunta en diversas l\u00edneas y \u00e1mbitos y, en particular, de establecer una l\u00ednea de colaboraci\u00f3n estable entre las Universidades de Verano de sendas instituciones, que se propuso desde entonces de forma incipiente.<\/p>\n<p>Ese punto fue desarrollado gracias al asesoramiento de la directora de Secretariado de Extensi\u00f3n Universitaria de la Universidad de La Laguna, Janet Hern\u00e1ndez, quien coordin\u00f3 el intercambio del grupo sectorial con diversas \u00e1reas de trabajo afines al Vicerrectorado de Cultura y Extensi\u00f3n Universitaria del centro tinerfe\u00f1o, que sirvi\u00f3 para apuntar posibles l\u00edneas de trabajo y culmin\u00f3 en la reuni\u00f3n de ayer, celebrada en Gran Canaria a propuesta de la Universidad de La Laguna e iniciativa del Ayuntamiento de Adeje, contando con la excelente disposici\u00f3n de la Universidad de Las Palmas de Gran Canaria y del Ayuntamiento de San Bartolom\u00e9 de Tirajana, que actuaron como anfitriones.<\/p>\n","protected":false},"excerpt":{"rendered":"<p>Las dos instituciones de educaci\u00f3n superior p\u00fablicas de Canarias mantienen desde hace m\u00e1s de tres d\u00e9cadas sendos programas de cursos&#8230;<\/p>\n","protected":false},"author":23,"featured_media":75133,"comment_status":"closed","ping_status":"closed","sticky":false,"template":"","format":"standard","meta":{"inline_featured_image":false,"footnotes":""},"categories":[344,345,348,2765],"tags":[],"acf":[],"yoast_head":"<!-- This site is optimized with the Yoast SEO plugin v21.3 - https:\/\/yoast.com\/wordpress\/plugins\/seo\/ -->\n<title>ULL, ULPGC, Adeje y San Bartolom\u00e9 de Tirajana trabajan conjuntamente para coordinar sus universidades de verano - ULL - Noticias<\/title>\n<meta name=\"robots\" content=\"index, follow, max-snippet:-1, max-image-preview:large, max-video-preview:-1\" \/>\n<link rel=\"canonical\" href=\"https:\/\/www.ull.es\/portal\/noticias\/2024\/ull-ulpgc-adeje-y-san-bartolome-de-tirajana-trabajan-conjuntamente-para-coordinar-sus-universidades-de-verano\/\" \/>\n<meta property=\"og:locale\" content=\"es_ES\" \/>\n<meta property=\"og:type\" content=\"article\" \/>\n<meta property=\"og:title\" content=\"ULL, ULPGC, Adeje y San Bartolom\u00e9 de Tirajana trabajan conjuntamente para coordinar sus universidades de verano - ULL - Noticias\" \/>\n<meta property=\"og:description\" content=\"Las dos instituciones de educaci\u00f3n superior p\u00fablicas de Canarias mantienen desde hace m\u00e1s de tres d\u00e9cadas sendos programas de cursos...\" \/>\n<meta property=\"og:url\" content=\"https:\/\/www.ull.es\/portal\/noticias\/2024\/ull-ulpgc-adeje-y-san-bartolome-de-tirajana-trabajan-conjuntamente-para-coordinar-sus-universidades-de-verano\/\" \/>\n<meta property=\"og:site_name\" content=\"ULL - Noticias\" \/>\n<meta property=\"article:publisher\" content=\"https:\/\/www.facebook.com\/universidaddelalaguna\/\" \/>\n<meta property=\"article:published_time\" content=\"2024-04-15T09:11:31+00:00\" \/>\n<meta property=\"og:image\" content=\"https:\/\/www.ull.es\/portal\/noticias\/wp-content\/uploads\/sites\/13\/2024\/04\/reunion-universidades-verano.jpg\" \/>\n\t<meta property=\"og:image:width\" content=\"1280\" \/>\n\t<meta property=\"og:image:height\" content=\"852\" \/>\n\t<meta property=\"og:image:type\" content=\"image\/jpeg\" \/>\n<meta name=\"author\" content=\"gaprsa\" \/>\n<meta name=\"twitter:card\" content=\"summary_large_image\" \/>\n<meta name=\"twitter:creator\" content=\"@CanalULL\" \/>\n<meta name=\"twitter:site\" content=\"@CanalULL\" \/>\n<meta name=\"twitter:label1\" content=\"Escrito por\" \/>\n\t<meta name=\"twitter:data1\" content=\"gaprsa\" \/>\n\t<meta name=\"twitter:label2\" content=\"Tiempo de lectura\" \/>\n\t<meta name=\"twitter:data2\" content=\"4 minutos\" \/>\n<script type=\"application\/ld+json\" class=\"yoast-schema-graph\">{\"@context\":\"https:\/\/schema.org\",\"@graph\":[{\"@type\":\"WebPage\",\"@id\":\"https:\/\/www.ull.es\/portal\/noticias\/2024\/ull-ulpgc-adeje-y-san-bartolome-de-tirajana-trabajan-conjuntamente-para-coordinar-sus-universidades-de-verano\/\",\"url\":\"https:\/\/www.ull.es\/portal\/noticias\/2024\/ull-ulpgc-adeje-y-san-bartolome-de-tirajana-trabajan-conjuntamente-para-coordinar-sus-universidades-de-verano\/\",\"name\":\"ULL, ULPGC, Adeje y San Bartolom\u00e9 de Tirajana trabajan conjuntamente para coordinar sus universidades de verano - ULL - Noticias\",\"isPartOf\":{\"@id\":\"https:\/\/www.ull.es\/portal\/noticias\/#website\"},\"datePublished\":\"2024-04-15T09:11:31+00:00\",\"dateModified\":\"2024-04-15T09:11:31+00:00\",\"author\":{\"@id\":\"https:\/\/www.ull.es\/portal\/noticias\/#\/schema\/person\/b2b1a89d43ffa609e591f7df8ef3e817\"},\"breadcrumb\":{\"@id\":\"https:\/\/www.ull.es\/portal\/noticias\/2024\/ull-ulpgc-adeje-y-san-bartolome-de-tirajana-trabajan-conjuntamente-para-coordinar-sus-universidades-de-verano\/#breadcrumb\"},\"inLanguage\":\"es\",\"potentialAction\":[{\"@type\":\"ReadAction\",\"target\":[\"https:\/\/www.ull.es\/portal\/noticias\/2024\/ull-ulpgc-adeje-y-san-bartolome-de-tirajana-trabajan-conjuntamente-para-coordinar-sus-universidades-de-verano\/\"]}]},{\"@type\":\"BreadcrumbList\",\"@id\":\"https:\/\/www.ull.es\/portal\/noticias\/2024\/ull-ulpgc-adeje-y-san-bartolome-de-tirajana-trabajan-conjuntamente-para-coordinar-sus-universidades-de-verano\/#breadcrumb\",\"itemListElement\":[{\"@type\":\"ListItem\",\"position\":1,\"name\":\"Portada\",\"item\":\"https:\/\/www.ull.es\/portal\/noticias\/\"},{\"@type\":\"ListItem\",\"position\":2,\"name\":\"ULL, ULPGC, Adeje y San Bartolom\u00e9 de Tirajana trabajan conjuntamente para coordinar sus universidades de verano\"}]},{\"@type\":\"WebSite\",\"@id\":\"https:\/\/www.ull.es\/portal\/noticias\/#website\",\"url\":\"https:\/\/www.ull.es\/portal\/noticias\/\",\"name\":\"ULL - Noticias\",\"description\":\"\",\"potentialAction\":[{\"@type\":\"SearchAction\",\"target\":{\"@type\":\"EntryPoint\",\"urlTemplate\":\"https:\/\/www.ull.es\/portal\/noticias\/?s={search_term_string}\"},\"query-input\":\"required name=search_term_string\"}],\"inLanguage\":\"es\"},{\"@type\":\"Person\",\"@id\":\"https:\/\/www.ull.es\/portal\/noticias\/#\/schema\/person\/b2b1a89d43ffa609e591f7df8ef3e817\",\"name\":\"gaprsa\",\"image\":{\"@type\":\"ImageObject\",\"inLanguage\":\"es\",\"@id\":\"https:\/\/www.ull.es\/portal\/noticias\/#\/schema\/person\/image\/\",\"url\":\"https:\/\/secure.gravatar.com\/avatar\/443820550921091458b4823867723b3d?s=96&d=mm&r=g\",\"contentUrl\":\"https:\/\/secure.gravatar.com\/avatar\/443820550921091458b4823867723b3d?s=96&d=mm&r=g\",\"caption\":\"gaprsa\"},\"url\":\"https:\/\/www.ull.es\/portal\/noticias\/author\/gaprsa\/\"}]}<\/script>\n<!-- \/ Yoast SEO plugin. -->","yoast_head_json":{"title":"ULL, ULPGC, Adeje y San Bartolom\u00e9 de Tirajana trabajan conjuntamente para coordinar sus universidades de verano - ULL - Noticias","robots":{"index":"index","follow":"follow","max-snippet":"max-snippet:-1","max-image-preview":"max-image-preview:large","max-video-preview":"max-video-preview:-1"},"canonical":"https:\/\/www.ull.es\/portal\/noticias\/2024\/ull-ulpgc-adeje-y-san-bartolome-de-tirajana-trabajan-conjuntamente-para-coordinar-sus-universidades-de-verano\/","og_locale":"es_ES","og_type":"article","og_title":"ULL, ULPGC, Adeje y San Bartolom\u00e9 de Tirajana trabajan conjuntamente para coordinar sus universidades de verano - ULL - Noticias","og_description":"Las dos instituciones de educaci\u00f3n superior p\u00fablicas de Canarias mantienen desde hace m\u00e1s de tres d\u00e9cadas sendos programas de cursos...","og_url":"https:\/\/www.ull.es\/portal\/noticias\/2024\/ull-ulpgc-adeje-y-san-bartolome-de-tirajana-trabajan-conjuntamente-para-coordinar-sus-universidades-de-verano\/","og_site_name":"ULL - Noticias","article_publisher":"https:\/\/www.facebook.com\/universidaddelalaguna\/","article_published_time":"2024-04-15T09:11:31+00:00","og_image":[{"width":1280,"height":852,"url":"https:\/\/www.ull.es\/portal\/noticias\/wp-content\/uploads\/sites\/13\/2024\/04\/reunion-universidades-verano.jpg","type":"image\/jpeg"}],"author":"gaprsa","twitter_card":"summary_large_image","twitter_creator":"@CanalULL","twitter_site":"@CanalULL","twitter_misc":{"Escrito por":"gaprsa","Tiempo de lectura":"4 minutos"},"schema":{"@context":"https:\/\/schema.org","@graph":[{"@type":"WebPage","@id":"https:\/\/www.ull.es\/portal\/noticias\/2024\/ull-ulpgc-adeje-y-san-bartolome-de-tirajana-trabajan-conjuntamente-para-coordinar-sus-universidades-de-verano\/","url":"https:\/\/www.ull.es\/portal\/noticias\/2024\/ull-ulpgc-adeje-y-san-bartolome-de-tirajana-trabajan-conjuntamente-para-coordinar-sus-universidades-de-verano\/","name":"ULL, ULPGC, Adeje y San Bartolom\u00e9 de Tirajana trabajan conjuntamente para coordinar sus universidades de verano - ULL - Noticias","isPartOf":{"@id":"https:\/\/www.ull.es\/portal\/noticias\/#website"},"datePublished":"2024-04-15T09:11:31+00:00","dateModified":"2024-04-15T09:11:31+00:00","author":{"@id":"https:\/\/www.ull.es\/portal\/noticias\/#\/schema\/person\/b2b1a89d43ffa609e591f7df8ef3e817"},"breadcrumb":{"@id":"https:\/\/www.ull.es\/portal\/noticias\/2024\/ull-ulpgc-adeje-y-san-bartolome-de-tirajana-trabajan-conjuntamente-para-coordinar-sus-universidades-de-verano\/#breadcrumb"},"inLanguage":"es","potentialAction":[{"@type":"ReadAction","target":["https:\/\/www.ull.es\/portal\/noticias\/2024\/ull-ulpgc-adeje-y-san-bartolome-de-tirajana-trabajan-conjuntamente-para-coordinar-sus-universidades-de-verano\/"]}]},{"@type":"BreadcrumbList","@id":"https:\/\/www.ull.es\/portal\/noticias\/2024\/ull-ulpgc-adeje-y-san-bartolome-de-tirajana-trabajan-conjuntamente-para-coordinar-sus-universidades-de-verano\/#breadcrumb","itemListElement":[{"@type":"ListItem","position":1,"name":"Portada","item":"https:\/\/www.ull.es\/portal\/noticias\/"},{"@type":"ListItem","position":2,"name":"ULL, ULPGC, Adeje y San Bartolom\u00e9 de Tirajana trabajan conjuntamente para coordinar sus universidades de verano"}]},{"@type":"WebSite","@id":"https:\/\/www.ull.es\/portal\/noticias\/#website","url":"https:\/\/www.ull.es\/portal\/noticias\/","name":"ULL - Noticias","description":"","potentialAction":[{"@type":"SearchAction","target":{"@type":"EntryPoint","urlTemplate":"https:\/\/www.ull.es\/portal\/noticias\/?s={search_term_string}"},"query-input":"required name=search_term_string"}],"inLanguage":"es"},{"@type":"Person","@id":"https:\/\/www.ull.es\/portal\/noticias\/#\/schema\/person\/b2b1a89d43ffa609e591f7df8ef3e817","name":"gaprsa","image":{"@type":"ImageObject","inLanguage":"es","@id":"https:\/\/www.ull.es\/portal\/noticias\/#\/schema\/person\/image\/","url":"https:\/\/secure.gravatar.com\/avatar\/443820550921091458b4823867723b3d?s=96&d=mm&r=g","contentUrl":"https:\/\/secure.gravatar.com\/avatar\/443820550921091458b4823867723b3d?s=96&d=mm&r=g","caption":"gaprsa"},"url":"https:\/\/www.ull.es\/portal\/noticias\/author\/gaprsa\/"}]}},"primary_category":{"id":345,"name":"Destacado","slug":"destacado","link":"https:\/\/www.ull.es\/portal\/noticias\/category\/destacado\/"},"featured_image_thumbnail_url":"https:\/\/www.ull.es\/portal\/noticias\/wp-content\/uploads\/sites\/13\/2024\/04\/reunion-universidades-verano-300x200.jpg","_links":{"self":[{"href":"https:\/\/www.ull.es\/portal\/noticias\/wp-json\/wp\/v2\/posts\/75132"}],"collection":[{"href":"https:\/\/www.ull.es\/portal\/noticias\/wp-json\/wp\/v2\/posts"}],"about":[{"href":"https:\/\/www.ull.es\/portal\/noticias\/wp-json\/wp\/v2\/types\/post"}],"author":[{"embeddable":true,"href":"https:\/\/www.ull.es\/portal\/noticias\/wp-json\/wp\/v2\/users\/23"}],"replies":[{"embeddable":true,"href":"https:\/\/www.ull.es\/portal\/noticias\/wp-json\/wp\/v2\/comments?post=75132"}],"version-history":[{"count":1,"href":"https:\/\/www.ull.es\/portal\/noticias\/wp-json\/wp\/v2\/posts\/75132\/revisions"}],"predecessor-version":[{"id":75134,"href":"https:\/\/www.ull.es\/portal\/noticias\/wp-json\/wp\/v2\/posts\/75132\/revisions\/75134"}],"wp:featuredmedia":[{"embeddable":true,"href":"https:\/\/www.ull.es\/portal\/noticias\/wp-json\/wp\/v2\/media\/75133"}],"wp:attachment":[{"href":"https:\/\/www.ull.es\/portal\/noticias\/wp-json\/wp\/v2\/media?parent=75132"}],"wp:term":[{"taxonomy":"category","embeddable":true,"href":"https:\/\/www.ull.es\/portal\/noticias\/wp-json\/wp\/v2\/categories?post=75132"},{"taxonomy":"post_tag","embeddable":true,"href":"https:\/\/www.ull.es\/portal\/noticias\/wp-json\/wp\/v2\/tags?post=75132"}],"curies":[{"name":"wp","href":"https:\/\/api.w.org\/{rel}","templated":true}]}}